{"id":27700,"date":"2022-08-03T09:17:56","date_gmt":"2022-08-03T09:17:56","guid":{"rendered":"https:\/\/www.cudeca.org\/en\/?p=27700"},"modified":"2022-08-03T09:18:46","modified_gmt":"2022-08-03T09:18:46","slug":"primera-edicion-de-una-noche-bajo-las-estrellas-en-competa-por-cudeca","status":"publish","type":"post","link":"https:\/\/www.cudeca.org\/en\/actualidad\/first-edition-of-a-night-under-the-stars-in-competa-for-cudeca\/","title":{"rendered":"First edition of A Night Under the Stars in C\u00f3mpeta for Cudeca"},"content":{"rendered":"<div class=\"wpb-content-wrapper\"><p>[vc_row][vc_column][vc_column_text]<\/p>\n<ul>\n<li><strong>A special summer first edition of the C\u00f3mpeta Cudeca fundraising event to celebrate 30 years of Cudeca is on Friday, 02 September, 2022 at 1900 hours set around the pool\/outside bar area of The Balc\u00f3n Hotel, C\u00f3mpeta.<\/strong><\/li>\n<li><strong>The C\u00f3mpeta division of fundraisers volunteers for Cudeca Foundation get together one more time to organize the first edition of the night under the stars to helping Cudeca continue caring for so many at the end of life and promote palliative care to the Malaga community.<\/strong><\/li>\n<\/ul>\n<p><strong>\u00a0<\/strong><\/p>\n<p><strong>\u00a0<\/strong><\/p>\n<p>A special summer first edition of the C\u00f3mpeta Cudeca fundraising event to celebrate 30 years of Cudeca is on Friday, 02 September, 2022 at 19.00 hours set around the pool\/outside bar area of The Balcon Hotel, C\u00f3mpeta.<\/p>\n<p>&nbsp;<\/p>\n<p>Entry is by pre-purchased ticket only and are available from 01 August from:<\/p>\n<ul>\n<li>Alternative Properties<\/li>\n<li>Todo Express, Avenida de la Constitucion, C\u00f3mpeta<\/li>\n<li>Balc\u00f3n Hotel Competa<\/li>\n<li>In Canillas de Albaida: Jill Thompson<\/li>\n<\/ul>\n<p>&nbsp;<\/p>\n<p><strong><u>Pre \u2013 purchased tickets!<\/u><\/strong><\/p>\n<p>Every pre purchased ticket has automatic entry into a prize draw for the opportunity to win a gift kindly donated by Teteria Hierbabuena: breakfast for 2. So, buy your tickets soon with a chance to win a beautiful breakfast.<\/p>\n<p>&nbsp;<\/p>\n<p><strong><u>Ticket Price donation<\/u><\/strong><\/p>\n<p>Tickets are only \u20ac12.50 each to include a welcome drink of Tinto de Verano, choice of meat, fish or vegetarian paella and dance the night away to our local band, The Dawgs who so generously donate their time to Cudeca.<\/p>\n<p>&nbsp;<\/p>\n<p><strong><u>\u201cAuction of Promises\u201d<\/u><\/strong><\/p>\n<p>During the evening, there will be a fun \u201cAuction of Promises\u201d\u00a0 where you\u00b4ll have the opportunity to bid for some great prizes.\u00a0 These have been kindly donated by local businesses continuing their support to Cudeca.\u00a0 So if you\u00b4d like to enjoy a:<\/p>\n<ul>\n<li>\u201cCouples Pamper Experience\u201d of an aroma massage and private yoga class in the privacy of your own home from Liz Scattergood<\/li>\n<li>or a set of Microblade Brows from FAB Beauty please, come along!<\/li>\n<\/ul>\n<p>&nbsp;<\/p>\n<p>&nbsp;<\/p>\n<p><img loading=\"lazy\" class=\" wp-image-27701 aligncenter\" src=\"https:\/\/www.cudeca.org\/wp-content\/uploads\/2022\/08\/under-stars-212x300.jpg\" alt=\"\" width=\"417\" height=\"590\" srcset=\"https:\/\/www.cudeca.org\/wp-content\/uploads\/2022\/08\/under-stars-212x300.jpg 212w, https:\/\/www.cudeca.org\/wp-content\/uploads\/2022\/08\/under-stars-724x1024.jpg 724w, https:\/\/www.cudeca.org\/wp-content\/uploads\/2022\/08\/under-stars-768x1086.jpg 768w, https:\/\/www.cudeca.org\/wp-content\/uploads\/2022\/08\/under-stars-1086x1536.jpg 1086w, https:\/\/www.cudeca.org\/wp-content\/uploads\/2022\/08\/under-stars-1448x2048.jpg 1448w, https:\/\/www.cudeca.org\/wp-content\/uploads\/2022\/08\/under-stars-scaled.jpg 1810w\" sizes=\"(max-width: 417px) 85vw, 417px\" \/><\/p>\n<p>&nbsp;<\/p>\n<p>&nbsp;<\/p>\n<p>&nbsp;<\/p>\n<p>&nbsp;<\/p>\n<p>&nbsp;<\/p>\n<p>Maybe you\u00b4d like to benefit from a:<\/p>\n<ul>\n<li>Garden Make over and design from the local expert landscape gardener, Lorraine Cavanagh<\/li>\n<li>or an Interior Room design from experienced Interior Designer, Linda French.<\/li>\n<\/ul>\n<p>&nbsp;<\/p>\n<p>These are just 4 of the prizes that will be auctioned, so come along on the night and make a bid to help raise funds for Cudeca Hospice Foundation who continue adding life to days.<\/p>\n<p>&nbsp;<\/p>\n<p><strong><u>For more info: <\/u><\/strong><\/p>\n<ul>\n<li>Cindy Jones (Cudeca Volunteer based in Competa) &#8211; 665 15 64 67<\/li>\n<li>Esther R\u00e1ez (Cudeca Communication and Fundraising) \u2013 697 146 987 | pr@cudeca.org<\/li>\n<\/ul>\n<p>[\/vc_column_text][\/vc_column][\/vc_row]<\/p>\n<\/div>","protected":false},"excerpt":{"rendered":"<p>[vc_row][vc_column][vc_column_text] A special summer first edition of the C\u00f3mpeta Cudeca fundraising event to celebrate 30 years of Cudeca is on Friday, 02 September, 2022 at 1900 hours set around the pool\/outside bar area of The Balc\u00f3n Hotel, C\u00f3mpeta. The C\u00f3mpeta division of fundraisers volunteers for Cudeca Foundation get together one more time to organize the [&hellip;]<\/p>\n","protected":false},"author":6,"featured_media":27701,"comment_status":"open","ping_status":"open","sticky":false,"template":"","format":"standard","meta":[],"categories":[12,1],"tags":[],"yoast_head":"<!-- This site is optimized with the Yoast SEO plugin v19.4 - https:\/\/yoast.com\/wordpress\/plugins\/seo\/ -->\n<title>First edition of A Night Under the Stars in C\u00f3mpeta for Cudeca - Cudeca Cancer Care Hospice<\/title>\n<meta name=\"robots\" content=\"index, follow, max-snippet:-1, max-image-preview:large, max-video-preview:-1\" \/>\n<link rel=\"canonical\" href=\"https:\/\/www.cudeca.org\/en\/?p=27700\" \/>\n<meta property=\"og:locale\" content=\"en_US\" \/>\n<meta property=\"og:type\" content=\"article\" \/>\n<meta property=\"og:title\" content=\"First edition of A Night Under the Stars in C\u00f3mpeta for Cudeca - Cudeca Cancer Care Hospice\" \/>\n<meta property=\"og:description\" content=\"[vc_row][vc_column][vc_column_text] A special summer first edition of the C\u00f3mpeta Cudeca fundraising event to celebrate 30 years of Cudeca is on Friday, 02 September, 2022 at 1900 hours set around the pool\/outside bar area of The Balc\u00f3n Hotel, C\u00f3mpeta. The C\u00f3mpeta division of fundraisers volunteers for Cudeca Foundation get together one more time to organize the [&hellip;]\" \/>\n<meta property=\"og:url\" content=\"https:\/\/www.cudeca.org\/en\/?p=27700\" \/>\n<meta property=\"og:site_name\" content=\"Cudeca Cancer Care Hospice\" \/>\n<meta property=\"article:publisher\" content=\"https:\/\/www.facebook.com\/AmigosDeCudeca\" \/>\n<meta property=\"article:published_time\" content=\"2022-08-03T09:17:56+00:00\" \/>\n<meta property=\"article:modified_time\" content=\"2022-08-03T09:18:46+00:00\" \/>\n<meta property=\"og:image\" content=\"https:\/\/www.cudeca.org\/wp-content\/uploads\/2022\/08\/under-stars-scaled.jpg\" \/>\n\t<meta property=\"og:image:width\" content=\"1810\" \/>\n\t<meta property=\"og:image:height\" content=\"2560\" \/>\n\t<meta property=\"og:image:type\" content=\"image\/jpeg\" \/>\n<meta name=\"author\" content=\"Esther\" \/>\n<meta name=\"twitter:card\" content=\"summary_large_image\" \/>\n<meta name=\"twitter:creator\" content=\"@cudeca\" \/>\n<meta name=\"twitter:site\" content=\"@cudeca\" \/>\n<meta name=\"twitter:label1\" content=\"Written by\" \/>\n\t<meta name=\"twitter:data1\" content=\"Esther\" \/>\n\t<meta name=\"twitter:label2\" content=\"Est. reading time\" \/>\n\t<meta name=\"twitter:data2\" content=\"2 minutes\" \/>\n<script type=\"application\/ld+json\" class=\"yoast-schema-graph\">{\"@context\":\"https:\/\/schema.org\",\"@graph\":[{\"@type\":\"Organization\",\"@id\":\"https:\/\/www.cudeca.org\/#organization\",\"name\":\"Fundaci\u00f3n Cudeca\",\"url\":\"https:\/\/www.cudeca.org\/\",\"sameAs\":[\"https:\/\/www.youtube.com\/c\/cudecamalaga\",\"https:\/\/www.facebook.com\/AmigosDeCudeca\",\"https:\/\/twitter.com\/cudeca\"],\"logo\":{\"@type\":\"ImageObject\",\"inLanguage\":\"en-US\",\"@id\":\"https:\/\/www.cudeca.org\/#\/schema\/logo\/image\/\",\"url\":\"https:\/\/www.cudeca.org\/wp-content\/uploads\/2018\/02\/cudeca-logo.png\",\"contentUrl\":\"https:\/\/www.cudeca.org\/wp-content\/uploads\/2018\/02\/cudeca-logo.png\",\"width\":2121,\"height\":984,\"caption\":\"Fundaci\u00f3n Cudeca\"},\"image\":{\"@id\":\"https:\/\/www.cudeca.org\/#\/schema\/logo\/image\/\"}},{\"@type\":\"WebSite\",\"@id\":\"https:\/\/www.cudeca.org\/#website\",\"url\":\"https:\/\/www.cudeca.org\/\",\"name\":\"Fundaci\u00f3n Cudeca\",\"description\":\"Cudeca Hospice\",\"publisher\":{\"@id\":\"https:\/\/www.cudeca.org\/#organization\"},\"potentialAction\":[{\"@type\":\"SearchAction\",\"target\":{\"@type\":\"EntryPoint\",\"urlTemplate\":\"https:\/\/www.cudeca.org\/?s={search_term_string}\"},\"query-input\":\"required name=search_term_string\"}],\"inLanguage\":\"en-US\"},{\"@type\":\"WebPage\",\"@id\":\"https:\/\/www.cudeca.org\/en\/?p=27700\",\"url\":\"https:\/\/www.cudeca.org\/en\/?p=27700\",\"name\":\"First edition of A Night Under the Stars in C\u00f3mpeta for Cudeca - Cudeca Cancer Care Hospice\",\"isPartOf\":{\"@id\":\"https:\/\/www.cudeca.org\/#website\"},\"datePublished\":\"2022-08-03T09:17:56+00:00\",\"dateModified\":\"2022-08-03T09:18:46+00:00\",\"breadcrumb\":{\"@id\":\"https:\/\/www.cudeca.org\/en\/?p=27700#breadcrumb\"},\"inLanguage\":\"en-US\",\"potentialAction\":[{\"@type\":\"ReadAction\",\"target\":[\"https:\/\/www.cudeca.org\/en\/?p=27700\"]}]},{\"@type\":\"BreadcrumbList\",\"@id\":\"https:\/\/www.cudeca.org\/en\/?p=27700#breadcrumb\",\"itemListElement\":[{\"@type\":\"ListItem\",\"position\":1,\"name\":\"Portada\",\"item\":\"https:\/\/www.cudeca.org\/\"},{\"@type\":\"ListItem\",\"position\":2,\"name\":\"First edition of A Night Under the Stars in C\u00f3mpeta for Cudeca\"}]},{\"@type\":\"Article\",\"@id\":\"https:\/\/www.cudeca.org\/en\/?p=27700#article\",\"isPartOf\":{\"@id\":\"https:\/\/www.cudeca.org\/en\/?p=27700\"},\"author\":{\"name\":\"Esther\",\"@id\":\"https:\/\/www.cudeca.org\/#\/schema\/person\/0a250b4dd0c3a661b9e843eec8eb190f\"},\"headline\":\"First edition of A Night Under the Stars in C\u00f3mpeta for Cudeca\",\"datePublished\":\"2022-08-03T09:17:56+00:00\",\"dateModified\":\"2022-08-03T09:18:46+00:00\",\"mainEntityOfPage\":{\"@id\":\"https:\/\/www.cudeca.org\/en\/?p=27700\"},\"wordCount\":989,\"commentCount\":0,\"publisher\":{\"@id\":\"https:\/\/www.cudeca.org\/#organization\"},\"articleSection\":[\"\",\"Sin categor\u00eda\"],\"inLanguage\":\"en-US\",\"potentialAction\":[{\"@type\":\"CommentAction\",\"name\":\"Comment\",\"target\":[\"https:\/\/www.cudeca.org\/en\/?p=27700#respond\"]}]},{\"@type\":\"Person\",\"@id\":\"https:\/\/www.cudeca.org\/#\/schema\/person\/0a250b4dd0c3a661b9e843eec8eb190f\",\"name\":\"Esther\",\"image\":{\"@type\":\"ImageObject\",\"inLanguage\":\"en-US\",\"@id\":\"https:\/\/www.cudeca.org\/#\/schema\/person\/image\/\",\"url\":\"https:\/\/secure.gravatar.com\/avatar\/b4d1f8d9c1e0ea63e4c07e4fcefb9157?s=96&d=mm&r=g\",\"contentUrl\":\"https:\/\/secure.gravatar.com\/avatar\/b4d1f8d9c1e0ea63e4c07e4fcefb9157?s=96&d=mm&r=g\",\"caption\":\"Esther\"}}]}<\/script>\n<!-- \/ Yoast SEO plugin. -->","yoast_head_json":{"title":"First edition of A Night Under the Stars in C\u00f3mpeta for Cudeca - Cudeca Cancer Care Hospice","robots":{"index":"index","follow":"follow","max-snippet":"max-snippet:-1","max-image-preview":"max-image-preview:large","max-video-preview":"max-video-preview:-1"},"canonical":"https:\/\/www.cudeca.org\/en\/?p=27700","og_locale":"en_US","og_type":"article","og_title":"First edition of A Night Under the Stars in C\u00f3mpeta for Cudeca - Cudeca Cancer Care Hospice","og_description":"[vc_row][vc_column][vc_column_text] A special summer first edition of the C\u00f3mpeta Cudeca fundraising event to celebrate 30 years of Cudeca is on Friday, 02 September, 2022 at 1900 hours set around the pool\/outside bar area of The Balc\u00f3n Hotel, C\u00f3mpeta. The C\u00f3mpeta division of fundraisers volunteers for Cudeca Foundation get together one more time to organize the [&hellip;]","og_url":"https:\/\/www.cudeca.org\/en\/?p=27700","og_site_name":"Cudeca Cancer Care Hospice","article_publisher":"https:\/\/www.facebook.com\/AmigosDeCudeca","article_published_time":"2022-08-03T09:17:56+00:00","article_modified_time":"2022-08-03T09:18:46+00:00","og_image":[{"width":1810,"height":2560,"url":"https:\/\/www.cudeca.org\/wp-content\/uploads\/2022\/08\/under-stars-scaled.jpg","type":"image\/jpeg"}],"author":"Esther","twitter_card":"summary_large_image","twitter_creator":"@cudeca","twitter_site":"@cudeca","twitter_misc":{"Written by":"Esther","Est. reading time":"2 minutes"},"schema":{"@context":"https:\/\/schema.org","@graph":[{"@type":"Organization","@id":"https:\/\/www.cudeca.org\/#organization","name":"Fundaci\u00f3n Cudeca","url":"https:\/\/www.cudeca.org\/","sameAs":["https:\/\/www.youtube.com\/c\/cudecamalaga","https:\/\/www.facebook.com\/AmigosDeCudeca","https:\/\/twitter.com\/cudeca"],"logo":{"@type":"ImageObject","inLanguage":"en-US","@id":"https:\/\/www.cudeca.org\/#\/schema\/logo\/image\/","url":"https:\/\/www.cudeca.org\/wp-content\/uploads\/2018\/02\/cudeca-logo.png","contentUrl":"https:\/\/www.cudeca.org\/wp-content\/uploads\/2018\/02\/cudeca-logo.png","width":2121,"height":984,"caption":"Fundaci\u00f3n Cudeca"},"image":{"@id":"https:\/\/www.cudeca.org\/#\/schema\/logo\/image\/"}},{"@type":"WebSite","@id":"https:\/\/www.cudeca.org\/#website","url":"https:\/\/www.cudeca.org\/","name":"Fundaci\u00f3n Cudeca","description":"Cudeca Hospice","publisher":{"@id":"https:\/\/www.cudeca.org\/#organization"},"potentialAction":[{"@type":"SearchAction","target":{"@type":"EntryPoint","urlTemplate":"https:\/\/www.cudeca.org\/?s={search_term_string}"},"query-input":"required name=search_term_string"}],"inLanguage":"en-US"},{"@type":"WebPage","@id":"https:\/\/www.cudeca.org\/en\/?p=27700","url":"https:\/\/www.cudeca.org\/en\/?p=27700","name":"First edition of A Night Under the Stars in C\u00f3mpeta for Cudeca - Cudeca Cancer Care Hospice","isPartOf":{"@id":"https:\/\/www.cudeca.org\/#website"},"datePublished":"2022-08-03T09:17:56+00:00","dateModified":"2022-08-03T09:18:46+00:00","breadcrumb":{"@id":"https:\/\/www.cudeca.org\/en\/?p=27700#breadcrumb"},"inLanguage":"en-US","potentialAction":[{"@type":"ReadAction","target":["https:\/\/www.cudeca.org\/en\/?p=27700"]}]},{"@type":"BreadcrumbList","@id":"https:\/\/www.cudeca.org\/en\/?p=27700#breadcrumb","itemListElement":[{"@type":"ListItem","position":1,"name":"Portada","item":"https:\/\/www.cudeca.org\/"},{"@type":"ListItem","position":2,"name":"First edition of A Night Under the Stars in C\u00f3mpeta for Cudeca"}]},{"@type":"Article","@id":"https:\/\/www.cudeca.org\/en\/?p=27700#article","isPartOf":{"@id":"https:\/\/www.cudeca.org\/en\/?p=27700"},"author":{"name":"Esther","@id":"https:\/\/www.cudeca.org\/#\/schema\/person\/0a250b4dd0c3a661b9e843eec8eb190f"},"headline":"First edition of A Night Under the Stars in C\u00f3mpeta for Cudeca","datePublished":"2022-08-03T09:17:56+00:00","dateModified":"2022-08-03T09:18:46+00:00","mainEntityOfPage":{"@id":"https:\/\/www.cudeca.org\/en\/?p=27700"},"wordCount":989,"commentCount":0,"publisher":{"@id":"https:\/\/www.cudeca.org\/#organization"},"articleSection":["","Sin categor\u00eda"],"inLanguage":"en-US","potentialAction":[{"@type":"CommentAction","name":"Comment","target":["https:\/\/www.cudeca.org\/en\/?p=27700#respond"]}]},{"@type":"Person","@id":"https:\/\/www.cudeca.org\/#\/schema\/person\/0a250b4dd0c3a661b9e843eec8eb190f","name":"Esther","image":{"@type":"ImageObject","inLanguage":"en-US","@id":"https:\/\/www.cudeca.org\/#\/schema\/person\/image\/","url":"https:\/\/secure.gravatar.com\/avatar\/b4d1f8d9c1e0ea63e4c07e4fcefb9157?s=96&d=mm&r=g","contentUrl":"https:\/\/secure.gravatar.com\/avatar\/b4d1f8d9c1e0ea63e4c07e4fcefb9157?s=96&d=mm&r=g","caption":"Esther"}}]}},"_links":{"self":[{"href":"https:\/\/www.cudeca.org\/en\/wp-json\/wp\/v2\/posts\/27700"}],"collection":[{"href":"https:\/\/www.cudeca.org\/en\/wp-json\/wp\/v2\/posts"}],"about":[{"href":"https:\/\/www.cudeca.org\/en\/wp-json\/wp\/v2\/types\/post"}],"author":[{"embeddable":true,"href":"https:\/\/www.cudeca.org\/en\/wp-json\/wp\/v2\/users\/6"}],"replies":[{"embeddable":true,"href":"https:\/\/www.cudeca.org\/en\/wp-json\/wp\/v2\/comments?post=27700"}],"version-history":[{"count":1,"href":"https:\/\/www.cudeca.org\/en\/wp-json\/wp\/v2\/posts\/27700\/revisions"}],"predecessor-version":[{"id":27702,"href":"https:\/\/www.cudeca.org\/en\/wp-json\/wp\/v2\/posts\/27700\/revisions\/27702"}],"wp:featuredmedia":[{"embeddable":true,"href":"https:\/\/www.cudeca.org\/en\/wp-json\/wp\/v2\/media\/27701"}],"wp:attachment":[{"href":"https:\/\/www.cudeca.org\/en\/wp-json\/wp\/v2\/media?parent=27700"}],"wp:term":[{"taxonomy":"category","embeddable":true,"href":"https:\/\/www.cudeca.org\/en\/wp-json\/wp\/v2\/categories?post=27700"},{"taxonomy":"post_tag","embeddable":true,"href":"https:\/\/www.cudeca.org\/en\/wp-json\/wp\/v2\/tags?post=27700"}],"curies":[{"name":"wp","href":"https:\/\/api.w.org\/{rel}","templated":true}]}}