{"id":27678,"date":"2022-08-03T08:43:21","date_gmt":"2022-08-03T08:43:21","guid":{"rendered":"https:\/\/www.cudeca.org\/?p=27678"},"modified":"2022-08-05T08:20:24","modified_gmt":"2022-08-05T08:20:24","slug":"inauguracion-del-centro-yusuf-hamied-sede-del-instituto-cudeca-de-estudios-e-investigacion-en-cuidados-paliativos","status":"publish","type":"post","link":"https:\/\/www.cudeca.org\/en\/actualidad\/inauguracion-del-centro-yusuf-hamied-sede-del-instituto-cudeca-de-estudios-e-investigacion-en-cuidados-paliativos\/","title":{"rendered":"Opening of the Yusuf Hamied Centre,  headquarters of the Cudeca Institute of Studies and Research in Palliative Care"},"content":{"rendered":"<div class=\"wpb-content-wrapper\"><p>[vc_row][vc_column][vc_column_text]<strong>This centre is located next to the Cudeca Foundation&#8217;s Palliative Care Centre and will train social and healthcare professionals to improve the quality of palliative care. <\/strong><strong>The centre has 3 floors of facilities dedicated to training and research in palliative care.<\/strong><\/p>\n<p>Today, Wednesday 20 April, Cudeca Foundation inaugurated the Yusuf Hamied Centre, the headquarters of the Cudeca Institute for Studies and Research in Palliative Care.<\/p>\n<p>The main objective of this centre is to train social and healthcare professionals at all professional levels to improve the quality of care in palliative care, as well as to develop innovative models of intervention and research.<\/p>\n<p>The Centre will thus fulfil two objectives: to train future specialists in Palliative Care through teaching, research and awareness-raising, and to finance part of Cudeca&#8217;s healthcare work. In addition, this Centre will be a complementary source of income, which will help to cope with the increase in the number of patients treated.<\/p>\n<p>The event was attended by Dr. Yusuf Hamied; Dr. Miguel Angel Guzm\u00e1n, Manager of the Andalusian Health Service, Dr. Jose Angel Narv\u00e1ez, Rector of the University of Malaga, Dr. Juan Pablo Leiva, President of SECPAL (Spanish Society of Palliative Care), Dr. Katherine Pettus, IA Director of Cudeca, and Dr. Juan Pablo Leiva, President of SECPAL (Spanish Society of Palliative Care). Katherine Pettus, Director at IAHPC (International Association for Hospice and Palliative Care), Mr. V\u00edctor Navas, Mayor of Benalm\u00e1dena; and on behalf of the Cudeca Foundation, Ricardo Urdiales, President; Dr. Marisa Mart\u00edn, Manager and Medical Director; Mr. Rafael Olalla, Deputy Manager and Financial Director and Mr. \u00c1ngel Bataller, Head of Cudeca Institute.<\/p>\n<p><strong><img loading=\"lazy\" class=\"alignnone wp-image-27686 size-large\" src=\"https:\/\/www.cudeca.org\/wp-content\/uploads\/2022\/08\/Inauguracion-Centro-Yusuf-Hamied-Instituto-CUDECA-01-1024x682.jpg\" alt=\"\" width=\"840\" height=\"559\" srcset=\"https:\/\/www.cudeca.org\/wp-content\/uploads\/2022\/08\/Inauguracion-Centro-Yusuf-Hamied-Instituto-CUDECA-01-1024x682.jpg 1024w, https:\/\/www.cudeca.org\/wp-content\/uploads\/2022\/08\/Inauguracion-Centro-Yusuf-Hamied-Instituto-CUDECA-01-300x200.jpg 300w, https:\/\/www.cudeca.org\/wp-content\/uploads\/2022\/08\/Inauguracion-Centro-Yusuf-Hamied-Instituto-CUDECA-01-768x512.jpg 768w, https:\/\/www.cudeca.org\/wp-content\/uploads\/2022\/08\/Inauguracion-Centro-Yusuf-Hamied-Instituto-CUDECA-01-1536x1024.jpg 1536w, https:\/\/www.cudeca.org\/wp-content\/uploads\/2022\/08\/Inauguracion-Centro-Yusuf-Hamied-Instituto-CUDECA-01.jpg 1772w\" sizes=\"(max-width: 709px) 85vw, (max-width: 909px) 67vw, (max-width: 1362px) 62vw, 840px\" \/><\/strong><\/p>\n<h3><strong>Dr. Yusuf Hamied<\/strong><\/h3>\n<p>Dr. Yusuf Hamied, born in 1936, enrolled in 1954 at Christ&#8217;s College, Cambridge, and studied Natural Sciences. He completed his PhD in Organic Chemistry and then joined the Indian pharmaceutical company CIPLA, which had been founded by his father, Khwaja Abdul Hamied in 1935, taking over its management from 1972 and growing it to become one of the largest pharmaceutical companies in the world. Since its inception, Cipla has aimed to make India self-sufficient in pharmaceuticals and make its products available to the less fortunate at affordable prices.<\/p>\n<p>On 31 March 2010, Dr. Yusuf Hamied and his wife Farida visited Cudeca&#8217;s Palliative Care Centre for the first time, and from that very moment there was a sense of identification and connection with Joan Hunt and her work.<\/p>\n<p>Since 2018, Dr. Yusuf Hamied, as a commitment to the Cudeca Foundation, has been promoting and supporting the construction and equipping of the Study and Research Centre that bears his name and is the headquarters of the Cudeca Institute. Dr. Yusuf Hamied&#8217;s collaboration is not limited to the Cudeca Institute, but he has also been collaborating with large annual donations to the Foundation for more than 10 years and providing much of what is needed for the upcoming construction of Cudeca&#8217;s Paediatric Palliative Care Unit, which will provide a suitable environment for the specialised comprehensive care and compassionate accompaniment of children and adolescents, as well as their families.<\/p>\n<p>His extraordinary generosity and commitment to Cudeca Foundation, which is none other than his own commitment to human suffering at the end of life, has been a constant that culminates today with this wonderful transformational gift, the Yusuf Hamied Centre. Those who study, teach and research at this centre will be inspired by the life and actions of Dr. Yusuf Hamied, to work hard, to share their ideas, to seek solutions and to make a difference, as he did, the one capable of changing the world, of changing lives.<\/p>\n<p><strong><img loading=\"lazy\" class=\"alignnone wp-image-27691 size-large\" src=\"https:\/\/www.cudeca.org\/wp-content\/uploads\/2022\/08\/Instituto-CUDECA-Centro-Yusuf-Hamied-placa-1-1024x682.jpg\" alt=\"\" width=\"840\" height=\"559\" srcset=\"https:\/\/www.cudeca.org\/wp-content\/uploads\/2022\/08\/Instituto-CUDECA-Centro-Yusuf-Hamied-placa-1-1024x682.jpg 1024w, https:\/\/www.cudeca.org\/wp-content\/uploads\/2022\/08\/Instituto-CUDECA-Centro-Yusuf-Hamied-placa-1-300x200.jpg 300w, https:\/\/www.cudeca.org\/wp-content\/uploads\/2022\/08\/Instituto-CUDECA-Centro-Yusuf-Hamied-placa-1-768x512.jpg 768w, https:\/\/www.cudeca.org\/wp-content\/uploads\/2022\/08\/Instituto-CUDECA-Centro-Yusuf-Hamied-placa-1-1536x1024.jpg 1536w, https:\/\/www.cudeca.org\/wp-content\/uploads\/2022\/08\/Instituto-CUDECA-Centro-Yusuf-Hamied-placa-1.jpg 1772w\" sizes=\"(max-width: 709px) 85vw, (max-width: 909px) 67vw, (max-width: 1362px) 62vw, 840px\" \/><\/strong><\/p>\n<h3><strong>Yusuf Hamied Centre, home of the Cudeca Institute for Studies and Research in Palliative Care<\/strong><\/h3>\n<p>Since its inception, the Cudeca Foundation has trained professionals in the social and health care sector at all levels and in all branches, in order to contribute to the improvement of the quality of care at the end of life. The Cudeca Institute for Studies and Research in Palliative Care is able to give specific form to this objective, offering training activities of different formats and durations, both online and on-site, postgraduate courses in Palliative Care or specific courses, including on-site internships at Cudeca&#8217;s own centre with its professionals, for all professionals who wish to share CUDECA&#8217;s &#8220;special way of caring&#8221;.<\/p>\n<p>In addition to training activities, with a strong focus on both national and Latin American target groups, Cudeca Institute promotes and participates in innovative research projects as part of international networks that contribute to the spread of palliative care and ensure its continuous improvement.<\/p>\n<p>The affiliation of the Cudeca Foundation as the first associated group of the Institute of Biomedical Research of Malaga (IBIMA) is Cudeca&#8217;s recognition of its capacity to generate knowledge derived from the collaboration between clinical research programmes and patient care.<\/p>\n<p>The Centre, which is located on land annexed to Cudeca&#8217;s Palliative Care Centre on loan from Benalm\u00e1dena Town Council, has three floors to cover all the services required for its training and research work, making it a world leader in its field. There is no other space in Spain that covers these needs in a space that also integrates healthcare work.<\/p>\n<p>The building is divided into three floors, all with large windows that generate a very bright space with natural light.<\/p>\n<p>Floor 0, with a surface area of 285 m2, fully equipped with offices, workcenter, library, study and concentration area, large terraces&#8230;<\/p>\n<p>A floor -1, of 450 m2, equipped with a meeting room, 5 classrooms of different sizes, vending area and kitchen. These 5 classrooms are separated by movable partitions that soundproof the space and can be converted into a single large classroom with capacity for 100 people or up to five classrooms of different sizes with capacity for between 60 and 15 people. It also has a specific clinical simulation area and a space designed for simultaneous translation equipment.<\/p>\n<p>The second floor, with a surface area of 469 m2, with gardens for student recreation and its own car park, will also house an auditorium for up to 150 people, which will be built in the coming months.<\/p>\n<p><strong>For more information about the Cudeca Institute for Studies and Research in Palliative Care visit <a href=\"https:\/\/cudecaformacion.org\/\">https:\/\/cudecaformacion.org\/<\/a><\/strong>[\/vc_column_text][vc_empty_space][vc_row_inner][vc_column_inner width=&#8221;1\/3&#8243;][vc_single_image image=&#8221;27693&#8243; img_size=&#8221;full&#8221;][vc_column_text]Dr. Yusuf Hamied and Farida Hamied with Ricardo Urdiales and Dr. Marisa Mart\u00edn[\/vc_column_text][\/vc_column_inner][vc_column_inner width=&#8221;1\/3&#8243;][vc_single_image image=&#8221;27683&#8243; img_size=&#8221;full&#8221;][vc_column_text]Dr. Miguel Angel Guzm\u00e1n, Manager of the Andalusian Health Service[\/vc_column_text][\/vc_column_inner][vc_column_inner width=&#8221;1\/3&#8243;][vc_single_image image=&#8221;27689&#8243; img_size=&#8221;full&#8221;][vc_column_text]Mr. V\u00edctor Navas, Mayor of Benalm\u00e1dena[\/vc_column_text][\/vc_column_inner][\/vc_row_inner][vc_row_inner][vc_column_inner width=&#8221;1\/3&#8243;][vc_single_image image=&#8221;27685&#8243; img_size=&#8221;full&#8221;][vc_column_text]Dr. Jose Angel Narv\u00e1ez, Rector of the University of Malaga[\/vc_column_text][\/vc_column_inner][vc_column_inner width=&#8221;1\/3&#8243;][vc_single_image image=&#8221;27688&#8243; img_size=&#8221;full&#8221;][vc_column_text]Dr. Juan Pablo Leiva, President of SECPAL (Spanish Society of Palliative Care)[\/vc_column_text][\/vc_column_inner][vc_column_inner width=&#8221;1\/3&#8243;][vc_single_image image=&#8221;27682&#8243; img_size=&#8221;full&#8221;][vc_column_text]Dr. Katherine Pettus, IA Director of Cudeca[\/vc_column_text][\/vc_column_inner][\/vc_row_inner][vc_row_inner][vc_column_inner width=&#8221;1\/3&#8243;][\/vc_column_inner][vc_column_inner width=&#8221;1\/3&#8243;][vc_single_image image=&#8221;27684&#8243; img_size=&#8221;full&#8221;][vc_column_text]Graciela Waen, architect of Cudeca Institute[\/vc_column_text][\/vc_column_inner][vc_column_inner width=&#8221;1\/3&#8243;][\/vc_column_inner][\/vc_row_inner][\/vc_column][\/vc_row]<\/p>\n<\/div>","protected":false},"excerpt":{"rendered":"<p>[vc_row][vc_column][vc_column_text]This centre is located next to the Cudeca Foundation&#8217;s Palliative Care Centre and will train social and healthcare professionals to improve the quality of palliative care. The centre has 3 floors of facilities dedicated to training and research in palliative care. Today, Wednesday 20 April, Cudeca Foundation inaugurated the Yusuf Hamied Centre, the headquarters of [&hellip;]<\/p>\n","protected":false},"author":2,"featured_media":27679,"comment_status":"open","ping_status":"open","sticky":false,"template":"","format":"standard","meta":[],"categories":[26,15],"tags":[38,32],"yoast_head":"<!-- This site is optimized with the Yoast SEO plugin v19.4 - https:\/\/yoast.com\/wordpress\/plugins\/seo\/ -->\n<title>Opening of the Yusuf Hamied Centre, headquarters of the Cudeca Institute of Studies and Research in Palliative Care - Cudeca Cancer Care Hospice<\/title>\n<meta name=\"robots\" content=\"index, follow, max-snippet:-1, max-image-preview:large, max-video-preview:-1\" \/>\n<link rel=\"canonical\" href=\"https:\/\/www.cudeca.org\/?p=27678\" \/>\n<meta property=\"og:locale\" content=\"en_US\" \/>\n<meta property=\"og:type\" content=\"article\" \/>\n<meta property=\"og:title\" content=\"Opening of the Yusuf Hamied Centre, headquarters of the Cudeca Institute of Studies and Research in Palliative Care - Cudeca Cancer Care Hospice\" \/>\n<meta property=\"og:description\" content=\"[vc_row][vc_column][vc_column_text]This centre is located next to the Cudeca Foundation&#8217;s Palliative Care Centre and will train social and healthcare professionals to improve the quality of palliative care. The centre has 3 floors of facilities dedicated to training and research in palliative care. Today, Wednesday 20 April, Cudeca Foundation inaugurated the Yusuf Hamied Centre, the headquarters of [&hellip;]\" \/>\n<meta property=\"og:url\" content=\"https:\/\/www.cudeca.org\/?p=27678\" \/>\n<meta property=\"og:site_name\" content=\"Cudeca Cancer Care Hospice\" \/>\n<meta property=\"article:publisher\" content=\"https:\/\/www.facebook.com\/AmigosDeCudeca\" \/>\n<meta property=\"article:published_time\" content=\"2022-08-03T08:43:21+00:00\" \/>\n<meta property=\"article:modified_time\" content=\"2022-08-05T08:20:24+00:00\" \/>\n<meta property=\"og:image\" content=\"https:\/\/www.cudeca.org\/wp-content\/uploads\/2022\/08\/00-Instituto-CUDECA.jpg\" \/>\n\t<meta property=\"og:image:width\" content=\"1417\" \/>\n\t<meta property=\"og:image:height\" content=\"943\" \/>\n\t<meta property=\"og:image:type\" content=\"image\/jpeg\" \/>\n<meta name=\"author\" content=\"angel\" \/>\n<meta name=\"twitter:card\" content=\"summary_large_image\" \/>\n<meta name=\"twitter:creator\" content=\"@cudeca\" \/>\n<meta name=\"twitter:site\" content=\"@cudeca\" \/>\n<meta name=\"twitter:label1\" content=\"Written by\" \/>\n\t<meta name=\"twitter:data1\" content=\"angel\" \/>\n\t<meta name=\"twitter:label2\" content=\"Est. reading time\" \/>\n\t<meta name=\"twitter:data2\" content=\"6 minutes\" \/>\n<script type=\"application\/ld+json\" class=\"yoast-schema-graph\">{\"@context\":\"https:\/\/schema.org\",\"@graph\":[{\"@type\":\"Organization\",\"@id\":\"https:\/\/www.cudeca.org\/#organization\",\"name\":\"Fundaci\u00f3n Cudeca\",\"url\":\"https:\/\/www.cudeca.org\/\",\"sameAs\":[\"https:\/\/www.youtube.com\/c\/cudecamalaga\",\"https:\/\/www.facebook.com\/AmigosDeCudeca\",\"https:\/\/twitter.com\/cudeca\"],\"logo\":{\"@type\":\"ImageObject\",\"inLanguage\":\"en-US\",\"@id\":\"https:\/\/www.cudeca.org\/#\/schema\/logo\/image\/\",\"url\":\"https:\/\/www.cudeca.org\/wp-content\/uploads\/2018\/02\/cudeca-logo.png\",\"contentUrl\":\"https:\/\/www.cudeca.org\/wp-content\/uploads\/2018\/02\/cudeca-logo.png\",\"width\":2121,\"height\":984,\"caption\":\"Fundaci\u00f3n Cudeca\"},\"image\":{\"@id\":\"https:\/\/www.cudeca.org\/#\/schema\/logo\/image\/\"}},{\"@type\":\"WebSite\",\"@id\":\"https:\/\/www.cudeca.org\/#website\",\"url\":\"https:\/\/www.cudeca.org\/\",\"name\":\"Fundaci\u00f3n Cudeca\",\"description\":\"Cudeca Hospice\",\"publisher\":{\"@id\":\"https:\/\/www.cudeca.org\/#organization\"},\"potentialAction\":[{\"@type\":\"SearchAction\",\"target\":{\"@type\":\"EntryPoint\",\"urlTemplate\":\"https:\/\/www.cudeca.org\/?s={search_term_string}\"},\"query-input\":\"required name=search_term_string\"}],\"inLanguage\":\"en-US\"},{\"@type\":\"WebPage\",\"@id\":\"https:\/\/www.cudeca.org\/?p=27678\",\"url\":\"https:\/\/www.cudeca.org\/?p=27678\",\"name\":\"Opening of the Yusuf Hamied Centre, headquarters of the Cudeca Institute of Studies and Research in Palliative Care - Cudeca Cancer Care Hospice\",\"isPartOf\":{\"@id\":\"https:\/\/www.cudeca.org\/#website\"},\"datePublished\":\"2022-08-03T08:43:21+00:00\",\"dateModified\":\"2022-08-05T08:20:24+00:00\",\"breadcrumb\":{\"@id\":\"https:\/\/www.cudeca.org\/?p=27678#breadcrumb\"},\"inLanguage\":\"en-US\",\"potentialAction\":[{\"@type\":\"ReadAction\",\"target\":[\"https:\/\/www.cudeca.org\/?p=27678\"]}]},{\"@type\":\"BreadcrumbList\",\"@id\":\"https:\/\/www.cudeca.org\/?p=27678#breadcrumb\",\"itemListElement\":[{\"@type\":\"ListItem\",\"position\":1,\"name\":\"Portada\",\"item\":\"https:\/\/www.cudeca.org\/\"},{\"@type\":\"ListItem\",\"position\":2,\"name\":\"Inauguraci\u00f3n del Centro Yusuf Hamied, sede del Instituto Cudeca de Estudios e Investigaci\u00f3n en Cuidados Paliativos\"}]},{\"@type\":\"Article\",\"@id\":\"https:\/\/www.cudeca.org\/?p=27678#article\",\"isPartOf\":{\"@id\":\"https:\/\/www.cudeca.org\/?p=27678\"},\"author\":{\"name\":\"angel\",\"@id\":\"https:\/\/www.cudeca.org\/#\/schema\/person\/320934aa099c37e69d4148721ba3e4be\"},\"headline\":\"Opening of the Yusuf Hamied Centre, headquarters of the Cudeca Institute of Studies and Research in Palliative Care\",\"datePublished\":\"2022-08-03T08:43:21+00:00\",\"dateModified\":\"2022-08-05T08:20:24+00:00\",\"mainEntityOfPage\":{\"@id\":\"https:\/\/www.cudeca.org\/?p=27678\"},\"wordCount\":2695,\"commentCount\":0,\"publisher\":{\"@id\":\"https:\/\/www.cudeca.org\/#organization\"},\"keywords\":[\"formaci\u00f3n\",\"Cudeca Institute\"],\"articleSection\":[\"\",\"\"],\"inLanguage\":\"en-US\",\"potentialAction\":[{\"@type\":\"CommentAction\",\"name\":\"Comment\",\"target\":[\"https:\/\/www.cudeca.org\/?p=27678#respond\"]}]},{\"@type\":\"Person\",\"@id\":\"https:\/\/www.cudeca.org\/#\/schema\/person\/320934aa099c37e69d4148721ba3e4be\",\"name\":\"angel\",\"image\":{\"@type\":\"ImageObject\",\"inLanguage\":\"en-US\",\"@id\":\"https:\/\/www.cudeca.org\/#\/schema\/person\/image\/\",\"url\":\"https:\/\/secure.gravatar.com\/avatar\/91b6f0e62d069005f36feb58e1ffda2c?s=96&d=mm&r=g\",\"contentUrl\":\"https:\/\/secure.gravatar.com\/avatar\/91b6f0e62d069005f36feb58e1ffda2c?s=96&d=mm&r=g\",\"caption\":\"angel\"}}]}<\/script>\n<!-- \/ Yoast SEO plugin. -->","yoast_head_json":{"title":"Opening of the Yusuf Hamied Centre, headquarters of the Cudeca Institute of Studies and Research in Palliative Care - Cudeca Cancer Care Hospice","robots":{"index":"index","follow":"follow","max-snippet":"max-snippet:-1","max-image-preview":"max-image-preview:large","max-video-preview":"max-video-preview:-1"},"canonical":"https:\/\/www.cudeca.org\/?p=27678","og_locale":"en_US","og_type":"article","og_title":"Opening of the Yusuf Hamied Centre, headquarters of the Cudeca Institute of Studies and Research in Palliative Care - Cudeca Cancer Care Hospice","og_description":"[vc_row][vc_column][vc_column_text]This centre is located next to the Cudeca Foundation&#8217;s Palliative Care Centre and will train social and healthcare professionals to improve the quality of palliative care. The centre has 3 floors of facilities dedicated to training and research in palliative care. Today, Wednesday 20 April, Cudeca Foundation inaugurated the Yusuf Hamied Centre, the headquarters of [&hellip;]","og_url":"https:\/\/www.cudeca.org\/?p=27678","og_site_name":"Cudeca Cancer Care Hospice","article_publisher":"https:\/\/www.facebook.com\/AmigosDeCudeca","article_published_time":"2022-08-03T08:43:21+00:00","article_modified_time":"2022-08-05T08:20:24+00:00","og_image":[{"width":1417,"height":943,"url":"https:\/\/www.cudeca.org\/wp-content\/uploads\/2022\/08\/00-Instituto-CUDECA.jpg","type":"image\/jpeg"}],"author":"angel","twitter_card":"summary_large_image","twitter_creator":"@cudeca","twitter_site":"@cudeca","twitter_misc":{"Written by":"angel","Est. reading time":"6 minutes"},"schema":{"@context":"https:\/\/schema.org","@graph":[{"@type":"Organization","@id":"https:\/\/www.cudeca.org\/#organization","name":"Fundaci\u00f3n Cudeca","url":"https:\/\/www.cudeca.org\/","sameAs":["https:\/\/www.youtube.com\/c\/cudecamalaga","https:\/\/www.facebook.com\/AmigosDeCudeca","https:\/\/twitter.com\/cudeca"],"logo":{"@type":"ImageObject","inLanguage":"en-US","@id":"https:\/\/www.cudeca.org\/#\/schema\/logo\/image\/","url":"https:\/\/www.cudeca.org\/wp-content\/uploads\/2018\/02\/cudeca-logo.png","contentUrl":"https:\/\/www.cudeca.org\/wp-content\/uploads\/2018\/02\/cudeca-logo.png","width":2121,"height":984,"caption":"Fundaci\u00f3n Cudeca"},"image":{"@id":"https:\/\/www.cudeca.org\/#\/schema\/logo\/image\/"}},{"@type":"WebSite","@id":"https:\/\/www.cudeca.org\/#website","url":"https:\/\/www.cudeca.org\/","name":"Fundaci\u00f3n Cudeca","description":"Cudeca Hospice","publisher":{"@id":"https:\/\/www.cudeca.org\/#organization"},"potentialAction":[{"@type":"SearchAction","target":{"@type":"EntryPoint","urlTemplate":"https:\/\/www.cudeca.org\/?s={search_term_string}"},"query-input":"required name=search_term_string"}],"inLanguage":"en-US"},{"@type":"WebPage","@id":"https:\/\/www.cudeca.org\/?p=27678","url":"https:\/\/www.cudeca.org\/?p=27678","name":"Opening of the Yusuf Hamied Centre, headquarters of the Cudeca Institute of Studies and Research in Palliative Care - Cudeca Cancer Care Hospice","isPartOf":{"@id":"https:\/\/www.cudeca.org\/#website"},"datePublished":"2022-08-03T08:43:21+00:00","dateModified":"2022-08-05T08:20:24+00:00","breadcrumb":{"@id":"https:\/\/www.cudeca.org\/?p=27678#breadcrumb"},"inLanguage":"en-US","potentialAction":[{"@type":"ReadAction","target":["https:\/\/www.cudeca.org\/?p=27678"]}]},{"@type":"BreadcrumbList","@id":"https:\/\/www.cudeca.org\/?p=27678#breadcrumb","itemListElement":[{"@type":"ListItem","position":1,"name":"Portada","item":"https:\/\/www.cudeca.org\/"},{"@type":"ListItem","position":2,"name":"Inauguraci\u00f3n del Centro Yusuf Hamied, sede del Instituto Cudeca de Estudios e Investigaci\u00f3n en Cuidados Paliativos"}]},{"@type":"Article","@id":"https:\/\/www.cudeca.org\/?p=27678#article","isPartOf":{"@id":"https:\/\/www.cudeca.org\/?p=27678"},"author":{"name":"angel","@id":"https:\/\/www.cudeca.org\/#\/schema\/person\/320934aa099c37e69d4148721ba3e4be"},"headline":"Opening of the Yusuf Hamied Centre, headquarters of the Cudeca Institute of Studies and Research in Palliative Care","datePublished":"2022-08-03T08:43:21+00:00","dateModified":"2022-08-05T08:20:24+00:00","mainEntityOfPage":{"@id":"https:\/\/www.cudeca.org\/?p=27678"},"wordCount":2695,"commentCount":0,"publisher":{"@id":"https:\/\/www.cudeca.org\/#organization"},"keywords":["formaci\u00f3n","Cudeca Institute"],"articleSection":["",""],"inLanguage":"en-US","potentialAction":[{"@type":"CommentAction","name":"Comment","target":["https:\/\/www.cudeca.org\/?p=27678#respond"]}]},{"@type":"Person","@id":"https:\/\/www.cudeca.org\/#\/schema\/person\/320934aa099c37e69d4148721ba3e4be","name":"angel","image":{"@type":"ImageObject","inLanguage":"en-US","@id":"https:\/\/www.cudeca.org\/#\/schema\/person\/image\/","url":"https:\/\/secure.gravatar.com\/avatar\/91b6f0e62d069005f36feb58e1ffda2c?s=96&d=mm&r=g","contentUrl":"https:\/\/secure.gravatar.com\/avatar\/91b6f0e62d069005f36feb58e1ffda2c?s=96&d=mm&r=g","caption":"angel"}}]}},"_links":{"self":[{"href":"https:\/\/www.cudeca.org\/en\/wp-json\/wp\/v2\/posts\/27678"}],"collection":[{"href":"https:\/\/www.cudeca.org\/en\/wp-json\/wp\/v2\/posts"}],"about":[{"href":"https:\/\/www.cudeca.org\/en\/wp-json\/wp\/v2\/types\/post"}],"author":[{"embeddable":true,"href":"https:\/\/www.cudeca.org\/en\/wp-json\/wp\/v2\/users\/2"}],"replies":[{"embeddable":true,"href":"https:\/\/www.cudeca.org\/en\/wp-json\/wp\/v2\/comments?post=27678"}],"version-history":[{"count":3,"href":"https:\/\/www.cudeca.org\/en\/wp-json\/wp\/v2\/posts\/27678\/revisions"}],"predecessor-version":[{"id":27698,"href":"https:\/\/www.cudeca.org\/en\/wp-json\/wp\/v2\/posts\/27678\/revisions\/27698"}],"wp:featuredmedia":[{"embeddable":true,"href":"https:\/\/www.cudeca.org\/en\/wp-json\/wp\/v2\/media\/27679"}],"wp:attachment":[{"href":"https:\/\/www.cudeca.org\/en\/wp-json\/wp\/v2\/media?parent=27678"}],"wp:term":[{"taxonomy":"category","embeddable":true,"href":"https:\/\/www.cudeca.org\/en\/wp-json\/wp\/v2\/categories?post=27678"},{"taxonomy":"post_tag","embeddable":true,"href":"https:\/\/www.cudeca.org\/en\/wp-json\/wp\/v2\/tags?post=27678"}],"curies":[{"name":"wp","href":"https:\/\/api.w.org\/{rel}","templated":true}]}}