{"id":27646,"date":"2022-07-28T11:03:20","date_gmt":"2022-07-28T11:03:20","guid":{"rendered":"https:\/\/www.cudeca.org\/?p=27646"},"modified":"2022-08-05T09:03:51","modified_gmt":"2022-08-05T09:03:51","slug":"30-anos-anadiendo-vida-a-los-dias-el-comienzo","status":"publish","type":"post","link":"https:\/\/www.cudeca.org\/en\/actualidad\/30-years-adding-life-to-the-days-the-beginning\/","title":{"rendered":"30 years adding Life to the Days | The beginning"},"content":{"rendered":"<div class=\"wpb-content-wrapper\"><p>[vc_row][vc_column width=&#8221;1\/2&#8243;][vc_column_text]<\/p>\n<div class=\"kvgmc6g5 cxmmr5t8 oygrvhab hcukyx3x c1et5uql ii04i59q\">\n<div dir=\"auto\">\n<div class=\"kvgmc6g5 cxmmr5t8 oygrvhab hcukyx3x c1et5uql ii04i59q\">\n<div dir=\"auto\">\n<p><strong>The Cudeca Hospice was born in 1992 out of the personal commitment of Joan Hunt, an English resident of the Costa del Sol, after the experience of losing her husband to cancer.<\/strong><\/p>\n<p>When Joan Hunt&#8217;s husband was admitted to hospital in Malaga, they found themselves in a complicated environment and faced with a language they did not understand.<\/p>\n<p>Everything changed when her husband was transferred to the newly opened Palliative Care Unit at the Red Cross Hospital. There he found a team of doctors and nurses specialised in palliative care; and where the current manager and medical director of Cudeca, Dr. Marisa Mart\u00edn, was located.<\/p>\n<p>From that moment on, the Cudeca Hospice became a reality and each year it cares for and accompanies more than 1,700 people with cancer and other advanced illnesses.<\/p>\n<\/div>\n<\/div>\n<\/div>\n<\/div>\n<p>[\/vc_column_text][\/vc_column][vc_column width=&#8221;1\/2&#8243;][vc_empty_space height=&#8221;12px&#8221;][vc_single_image image=&#8221;25713&#8243; img_size=&#8221;full&#8221;][vc_empty_space height=&#8221;12px&#8221;][vc_single_image image=&#8221;25711&#8243; img_size=&#8221;full&#8221;][vc_empty_space height=&#8221;12px&#8221;][vc_single_image image=&#8221;25708&#8243; img_size=&#8221;full&#8221;][vc_empty_space height=&#8221;12px&#8221;][vc_single_image image=&#8221;25709&#8243; img_size=&#8221;full&#8221;][\/vc_column][\/vc_row]<\/p>\n<\/div>","protected":false},"excerpt":{"rendered":"<p>[vc_row][vc_column width=&#8221;1\/2&#8243;][vc_column_text] The Cudeca Hospice was born in 1992 out of the personal commitment of Joan Hunt, an English resident of the Costa del Sol, after the experience of losing her husband to cancer. When Joan Hunt&#8217;s husband was admitted to hospital in Malaga, they found themselves in a complicated environment and faced with a [&hellip;]<\/p>\n","protected":false},"author":2,"featured_media":27647,"comment_status":"open","ping_status":"open","sticky":false,"template":"","format":"standard","meta":[],"categories":[15],"tags":[],"yoast_head":"<!-- This site is optimized with the Yoast SEO plugin v19.4 - https:\/\/yoast.com\/wordpress\/plugins\/seo\/ -->\n<title>30 years adding Life to the Days | The beginning - Cudeca Cancer Care Hospice<\/title>\n<meta name=\"robots\" content=\"index, follow, max-snippet:-1, max-image-preview:large, max-video-preview:-1\" \/>\n<link rel=\"canonical\" href=\"https:\/\/www.cudeca.org\/?p=27646\" \/>\n<meta property=\"og:locale\" content=\"en_US\" \/>\n<meta property=\"og:type\" content=\"article\" \/>\n<meta property=\"og:title\" content=\"30 years adding Life to the Days | The beginning - Cudeca Cancer Care Hospice\" \/>\n<meta property=\"og:description\" content=\"[vc_row][vc_column width=&#8221;1\/2&#8243;][vc_column_text] The Cudeca Hospice was born in 1992 out of the personal commitment of Joan Hunt, an English resident of the Costa del Sol, after the experience of losing her husband to cancer. When Joan Hunt&#8217;s husband was admitted to hospital in Malaga, they found themselves in a complicated environment and faced with a [&hellip;]\" \/>\n<meta property=\"og:url\" content=\"https:\/\/www.cudeca.org\/?p=27646\" \/>\n<meta property=\"og:site_name\" content=\"Cudeca Cancer Care Hospice\" \/>\n<meta property=\"article:publisher\" content=\"https:\/\/www.facebook.com\/AmigosDeCudeca\" \/>\n<meta property=\"article:published_time\" content=\"2022-07-28T11:03:20+00:00\" \/>\n<meta property=\"article:modified_time\" content=\"2022-08-05T09:03:51+00:00\" \/>\n<meta property=\"og:image\" content=\"https:\/\/www.cudeca.org\/wp-content\/uploads\/2022\/07\/Joan-Hunt-girasol-scaled.jpg\" \/>\n\t<meta property=\"og:image:width\" content=\"2560\" \/>\n\t<meta property=\"og:image:height\" content=\"1707\" \/>\n\t<meta property=\"og:image:type\" content=\"image\/jpeg\" \/>\n<meta name=\"author\" content=\"angel\" \/>\n<meta name=\"twitter:card\" content=\"summary_large_image\" \/>\n<meta name=\"twitter:creator\" content=\"@cudeca\" \/>\n<meta name=\"twitter:site\" content=\"@cudeca\" \/>\n<meta name=\"twitter:label1\" content=\"Written by\" \/>\n\t<meta name=\"twitter:data1\" content=\"angel\" \/>\n\t<meta name=\"twitter:label2\" content=\"Est. reading time\" \/>\n\t<meta name=\"twitter:data2\" content=\"1 minute\" \/>\n<script type=\"application\/ld+json\" class=\"yoast-schema-graph\">{\"@context\":\"https:\/\/schema.org\",\"@graph\":[{\"@type\":\"Organization\",\"@id\":\"https:\/\/www.cudeca.org\/#organization\",\"name\":\"Fundaci\u00f3n Cudeca\",\"url\":\"https:\/\/www.cudeca.org\/\",\"sameAs\":[\"https:\/\/www.youtube.com\/c\/cudecamalaga\",\"https:\/\/www.facebook.com\/AmigosDeCudeca\",\"https:\/\/twitter.com\/cudeca\"],\"logo\":{\"@type\":\"ImageObject\",\"inLanguage\":\"en-US\",\"@id\":\"https:\/\/www.cudeca.org\/#\/schema\/logo\/image\/\",\"url\":\"https:\/\/www.cudeca.org\/wp-content\/uploads\/2018\/02\/cudeca-logo.png\",\"contentUrl\":\"https:\/\/www.cudeca.org\/wp-content\/uploads\/2018\/02\/cudeca-logo.png\",\"width\":2121,\"height\":984,\"caption\":\"Fundaci\u00f3n Cudeca\"},\"image\":{\"@id\":\"https:\/\/www.cudeca.org\/#\/schema\/logo\/image\/\"}},{\"@type\":\"WebSite\",\"@id\":\"https:\/\/www.cudeca.org\/#website\",\"url\":\"https:\/\/www.cudeca.org\/\",\"name\":\"Fundaci\u00f3n Cudeca\",\"description\":\"Cudeca Hospice\",\"publisher\":{\"@id\":\"https:\/\/www.cudeca.org\/#organization\"},\"potentialAction\":[{\"@type\":\"SearchAction\",\"target\":{\"@type\":\"EntryPoint\",\"urlTemplate\":\"https:\/\/www.cudeca.org\/?s={search_term_string}\"},\"query-input\":\"required name=search_term_string\"}],\"inLanguage\":\"en-US\"},{\"@type\":\"WebPage\",\"@id\":\"https:\/\/www.cudeca.org\/?p=27646\",\"url\":\"https:\/\/www.cudeca.org\/?p=27646\",\"name\":\"30 years adding Life to the Days | The beginning - Cudeca Cancer Care Hospice\",\"isPartOf\":{\"@id\":\"https:\/\/www.cudeca.org\/#website\"},\"datePublished\":\"2022-07-28T11:03:20+00:00\",\"dateModified\":\"2022-08-05T09:03:51+00:00\",\"breadcrumb\":{\"@id\":\"https:\/\/www.cudeca.org\/?p=27646#breadcrumb\"},\"inLanguage\":\"en-US\",\"potentialAction\":[{\"@type\":\"ReadAction\",\"target\":[\"https:\/\/www.cudeca.org\/?p=27646\"]}]},{\"@type\":\"BreadcrumbList\",\"@id\":\"https:\/\/www.cudeca.org\/?p=27646#breadcrumb\",\"itemListElement\":[{\"@type\":\"ListItem\",\"position\":1,\"name\":\"Portada\",\"item\":\"https:\/\/www.cudeca.org\/\"},{\"@type\":\"ListItem\",\"position\":2,\"name\":\"30 a\u00f1os a\u00f1adiendo Vida a los D\u00edas | El comienzo\"}]},{\"@type\":\"Article\",\"@id\":\"https:\/\/www.cudeca.org\/?p=27646#article\",\"isPartOf\":{\"@id\":\"https:\/\/www.cudeca.org\/?p=27646\"},\"author\":{\"name\":\"angel\",\"@id\":\"https:\/\/www.cudeca.org\/#\/schema\/person\/320934aa099c37e69d4148721ba3e4be\"},\"headline\":\"30 years adding Life to the Days | The beginning\",\"datePublished\":\"2022-07-28T11:03:20+00:00\",\"dateModified\":\"2022-08-05T09:03:51+00:00\",\"mainEntityOfPage\":{\"@id\":\"https:\/\/www.cudeca.org\/?p=27646\"},\"wordCount\":541,\"commentCount\":0,\"publisher\":{\"@id\":\"https:\/\/www.cudeca.org\/#organization\"},\"articleSection\":[\"\"],\"inLanguage\":\"en-US\",\"potentialAction\":[{\"@type\":\"CommentAction\",\"name\":\"Comment\",\"target\":[\"https:\/\/www.cudeca.org\/?p=27646#respond\"]}]},{\"@type\":\"Person\",\"@id\":\"https:\/\/www.cudeca.org\/#\/schema\/person\/320934aa099c37e69d4148721ba3e4be\",\"name\":\"angel\",\"image\":{\"@type\":\"ImageObject\",\"inLanguage\":\"en-US\",\"@id\":\"https:\/\/www.cudeca.org\/#\/schema\/person\/image\/\",\"url\":\"https:\/\/secure.gravatar.com\/avatar\/91b6f0e62d069005f36feb58e1ffda2c?s=96&d=mm&r=g\",\"contentUrl\":\"https:\/\/secure.gravatar.com\/avatar\/91b6f0e62d069005f36feb58e1ffda2c?s=96&d=mm&r=g\",\"caption\":\"angel\"}}]}<\/script>\n<!-- \/ Yoast SEO plugin. -->","yoast_head_json":{"title":"30 years adding Life to the Days | The beginning - Cudeca Cancer Care Hospice","robots":{"index":"index","follow":"follow","max-snippet":"max-snippet:-1","max-image-preview":"max-image-preview:large","max-video-preview":"max-video-preview:-1"},"canonical":"https:\/\/www.cudeca.org\/?p=27646","og_locale":"en_US","og_type":"article","og_title":"30 years adding Life to the Days | The beginning - Cudeca Cancer Care Hospice","og_description":"[vc_row][vc_column width=&#8221;1\/2&#8243;][vc_column_text] The Cudeca Hospice was born in 1992 out of the personal commitment of Joan Hunt, an English resident of the Costa del Sol, after the experience of losing her husband to cancer. When Joan Hunt&#8217;s husband was admitted to hospital in Malaga, they found themselves in a complicated environment and faced with a [&hellip;]","og_url":"https:\/\/www.cudeca.org\/?p=27646","og_site_name":"Cudeca Cancer Care Hospice","article_publisher":"https:\/\/www.facebook.com\/AmigosDeCudeca","article_published_time":"2022-07-28T11:03:20+00:00","article_modified_time":"2022-08-05T09:03:51+00:00","og_image":[{"width":2560,"height":1707,"url":"https:\/\/www.cudeca.org\/wp-content\/uploads\/2022\/07\/Joan-Hunt-girasol-scaled.jpg","type":"image\/jpeg"}],"author":"angel","twitter_card":"summary_large_image","twitter_creator":"@cudeca","twitter_site":"@cudeca","twitter_misc":{"Written by":"angel","Est. reading time":"1 minute"},"schema":{"@context":"https:\/\/schema.org","@graph":[{"@type":"Organization","@id":"https:\/\/www.cudeca.org\/#organization","name":"Fundaci\u00f3n Cudeca","url":"https:\/\/www.cudeca.org\/","sameAs":["https:\/\/www.youtube.com\/c\/cudecamalaga","https:\/\/www.facebook.com\/AmigosDeCudeca","https:\/\/twitter.com\/cudeca"],"logo":{"@type":"ImageObject","inLanguage":"en-US","@id":"https:\/\/www.cudeca.org\/#\/schema\/logo\/image\/","url":"https:\/\/www.cudeca.org\/wp-content\/uploads\/2018\/02\/cudeca-logo.png","contentUrl":"https:\/\/www.cudeca.org\/wp-content\/uploads\/2018\/02\/cudeca-logo.png","width":2121,"height":984,"caption":"Fundaci\u00f3n Cudeca"},"image":{"@id":"https:\/\/www.cudeca.org\/#\/schema\/logo\/image\/"}},{"@type":"WebSite","@id":"https:\/\/www.cudeca.org\/#website","url":"https:\/\/www.cudeca.org\/","name":"Fundaci\u00f3n Cudeca","description":"Cudeca Hospice","publisher":{"@id":"https:\/\/www.cudeca.org\/#organization"},"potentialAction":[{"@type":"SearchAction","target":{"@type":"EntryPoint","urlTemplate":"https:\/\/www.cudeca.org\/?s={search_term_string}"},"query-input":"required name=search_term_string"}],"inLanguage":"en-US"},{"@type":"WebPage","@id":"https:\/\/www.cudeca.org\/?p=27646","url":"https:\/\/www.cudeca.org\/?p=27646","name":"30 years adding Life to the Days | The beginning - Cudeca Cancer Care Hospice","isPartOf":{"@id":"https:\/\/www.cudeca.org\/#website"},"datePublished":"2022-07-28T11:03:20+00:00","dateModified":"2022-08-05T09:03:51+00:00","breadcrumb":{"@id":"https:\/\/www.cudeca.org\/?p=27646#breadcrumb"},"inLanguage":"en-US","potentialAction":[{"@type":"ReadAction","target":["https:\/\/www.cudeca.org\/?p=27646"]}]},{"@type":"BreadcrumbList","@id":"https:\/\/www.cudeca.org\/?p=27646#breadcrumb","itemListElement":[{"@type":"ListItem","position":1,"name":"Portada","item":"https:\/\/www.cudeca.org\/"},{"@type":"ListItem","position":2,"name":"30 a\u00f1os a\u00f1adiendo Vida a los D\u00edas | El comienzo"}]},{"@type":"Article","@id":"https:\/\/www.cudeca.org\/?p=27646#article","isPartOf":{"@id":"https:\/\/www.cudeca.org\/?p=27646"},"author":{"name":"angel","@id":"https:\/\/www.cudeca.org\/#\/schema\/person\/320934aa099c37e69d4148721ba3e4be"},"headline":"30 years adding Life to the Days | The beginning","datePublished":"2022-07-28T11:03:20+00:00","dateModified":"2022-08-05T09:03:51+00:00","mainEntityOfPage":{"@id":"https:\/\/www.cudeca.org\/?p=27646"},"wordCount":541,"commentCount":0,"publisher":{"@id":"https:\/\/www.cudeca.org\/#organization"},"articleSection":[""],"inLanguage":"en-US","potentialAction":[{"@type":"CommentAction","name":"Comment","target":["https:\/\/www.cudeca.org\/?p=27646#respond"]}]},{"@type":"Person","@id":"https:\/\/www.cudeca.org\/#\/schema\/person\/320934aa099c37e69d4148721ba3e4be","name":"angel","image":{"@type":"ImageObject","inLanguage":"en-US","@id":"https:\/\/www.cudeca.org\/#\/schema\/person\/image\/","url":"https:\/\/secure.gravatar.com\/avatar\/91b6f0e62d069005f36feb58e1ffda2c?s=96&d=mm&r=g","contentUrl":"https:\/\/secure.gravatar.com\/avatar\/91b6f0e62d069005f36feb58e1ffda2c?s=96&d=mm&r=g","caption":"angel"}}]}},"_links":{"self":[{"href":"https:\/\/www.cudeca.org\/en\/wp-json\/wp\/v2\/posts\/27646"}],"collection":[{"href":"https:\/\/www.cudeca.org\/en\/wp-json\/wp\/v2\/posts"}],"about":[{"href":"https:\/\/www.cudeca.org\/en\/wp-json\/wp\/v2\/types\/post"}],"author":[{"embeddable":true,"href":"https:\/\/www.cudeca.org\/en\/wp-json\/wp\/v2\/users\/2"}],"replies":[{"embeddable":true,"href":"https:\/\/www.cudeca.org\/en\/wp-json\/wp\/v2\/comments?post=27646"}],"version-history":[{"count":7,"href":"https:\/\/www.cudeca.org\/en\/wp-json\/wp\/v2\/posts\/27646\/revisions"}],"predecessor-version":[{"id":27664,"href":"https:\/\/www.cudeca.org\/en\/wp-json\/wp\/v2\/posts\/27646\/revisions\/27664"}],"wp:featuredmedia":[{"embeddable":true,"href":"https:\/\/www.cudeca.org\/en\/wp-json\/wp\/v2\/media\/27647"}],"wp:attachment":[{"href":"https:\/\/www.cudeca.org\/en\/wp-json\/wp\/v2\/media?parent=27646"}],"wp:term":[{"taxonomy":"category","embeddable":true,"href":"https:\/\/www.cudeca.org\/en\/wp-json\/wp\/v2\/categories?post=27646"},{"taxonomy":"post_tag","embeddable":true,"href":"https:\/\/www.cudeca.org\/en\/wp-json\/wp\/v2\/tags?post=27646"}],"curies":[{"name":"wp","href":"https:\/\/api.w.org\/{rel}","templated":true}]}}