{"id":27625,"date":"2022-07-28T09:38:42","date_gmt":"2022-07-28T09:38:42","guid":{"rendered":"https:\/\/www.cudeca.org\/?p=27625"},"modified":"2022-08-04T14:45:49","modified_gmt":"2022-08-04T14:45:49","slug":"i-premios-joan-hunt-de-la-diputacion-de-malaga-y-cudeca","status":"publish","type":"post","link":"https:\/\/www.cudeca.org\/en\/actualidad\/i-premios-joan-hunt\/","title":{"rendered":"Diputaci\u00f3n de M\u00e1laga and Cudeca Hospice Foundation Joan Hunt Awards"},"content":{"rendered":"<div class=\"wpb-content-wrapper\"><p>[vc_row][vc_column][vc_column_text]On 27 July, Diputaci\u00f3n de M\u00e1laga and Cudeca Hospice Foundation celebrated the 1st edition of the Joan Hunt Awards to recognise the contribution of the foreign population to the progress, social, economic and cultural development of the province of M\u00e1laga at the Edgar Neville Auditorium.<\/p>\n<p>Diputaci\u00f3n de M\u00e1laga created the Joan Hunt Awards in 2021 with the aim of keeping alive the memory and legacy of the pioneer of palliative care in Spain creating CUDECA Hospice in 1992, as well as recognising the important contribution of the foreign community in the province of M\u00e1laga.<\/p>\n<p>The awards had been presented into different categories: Solidarity, Cultural, Business Work, Sabor a M\u00e1laga, Local Initiatives, Media and Diplomatic Work and had recognised figures such as Dr. Yusuf Hamied, the musician Chucho Vald\u00e9s, the British Consul Charmaine Arbouin, the Town Council of Canillas de Albaida, Sur in English newspaper, Bodegas Bentomiz and Lumon.<\/p>\n<p>At the ceremony, personalities with Diputaci\u00f3n de M\u00e1laga were present such as Mr. Francisco Salado; Ms. Margarita del Cid, first vice-president; Ms. Natacha Rivas, second vice-president; Mr. Manuel Marmolejo, fourth vice-president; Mr. Francisco Jos\u00e9 Mart\u00edn, deputy of Third Sector, and Mr. Francisco Jos\u00e9 Mart\u00edn, deputy of Third Sector; Francisco Jos\u00e9 Mart\u00edn, deputy for the Third Sector; and Ms. Esperanza Gonz\u00e1lez, deputy. Representatives of Cudeca Hospice Foundation were also present such as Mr. Ricardo Urdiales, president; Ms. Susan Hannam, vice-president; Dr. Marisa Mart\u00edn, chief executive &amp; medical director and Mr. Rafael Olalla, deputy chief executive &amp; financial director.<\/p>\n<h4><strong>Joan Hunt Solidarity Award to Dr. Yusuf K. Hamied<\/strong><\/h4>\n<p><img loading=\"lazy\" class=\"alignnone wp-image-27638 size-full\" src=\"https:\/\/www.cudeca.org\/wp-content\/uploads\/2022\/07\/220727-Premios-Joan-Hunt-Yusuf-Hamied.jpg\" alt=\"\" width=\"800\" height=\"533\" srcset=\"https:\/\/www.cudeca.org\/wp-content\/uploads\/2022\/07\/220727-Premios-Joan-Hunt-Yusuf-Hamied.jpg 800w, https:\/\/www.cudeca.org\/wp-content\/uploads\/2022\/07\/220727-Premios-Joan-Hunt-Yusuf-Hamied-300x200.jpg 300w, https:\/\/www.cudeca.org\/wp-content\/uploads\/2022\/07\/220727-Premios-Joan-Hunt-Yusuf-Hamied-768x512.jpg 768w\" sizes=\"(max-width: 709px) 85vw, (max-width: 909px) 67vw, (max-width: 984px) 61vw, (max-width: 1362px) 45vw, 600px\" \/><\/p>\n<p>Yusuf K. Hamied is a renowned scientist, entrepreneur and philanthropist. Since his early days as chairman of CIPLA, an Indian generic pharmaceutical company, he has led large and successful projects such as the creation of an innovative combination of antiretroviral drugs for HIV and AIDS.<\/p>\n<p>He has worked to alleviate the suffering of thousands of people in India, and around the world, who have no access to medical treatment. A connoisseur of the Palliative Care movement, he founded Cipla Palliative Care and Training Centre in Pune in 1997 and hence his immediate connection with the Cudeca project. In 2010, he and his wife Farida visited the Cudeca centre for the first time and, in Hamied&#8217;s words, it was &#8220;love at first sight&#8221;.<\/p>\n<p>Yusuf K. Hamied is a great believer in education and research, which is why his collaboration with the foundation has resulted in the establishment of the Yusuf Hamied Centre, home to the Cudeca Foundation&#8217;s Institute for Palliative Care Studies and Research in Benalm\u00e1dena. He received the award from our Chief Executive &amp; Medical Director, Dr. Marisa Mart\u00edn.<\/p>\n<h4><strong>Joan Hunt Media Award to Sur in English<\/strong><\/h4>\n<p><img loading=\"lazy\" class=\"alignnone wp-image-27640 size-full\" src=\"https:\/\/www.cudeca.org\/wp-content\/uploads\/2022\/07\/220727-Premios-Joan-Hunt-SIE.jpg\" alt=\"\" width=\"800\" height=\"533\" srcset=\"https:\/\/www.cudeca.org\/wp-content\/uploads\/2022\/07\/220727-Premios-Joan-Hunt-SIE.jpg 800w, https:\/\/www.cudeca.org\/wp-content\/uploads\/2022\/07\/220727-Premios-Joan-Hunt-SIE-300x200.jpg 300w, https:\/\/www.cudeca.org\/wp-content\/uploads\/2022\/07\/220727-Premios-Joan-Hunt-SIE-768x512.jpg 768w\" sizes=\"(max-width: 709px) 85vw, (max-width: 909px) 67vw, (max-width: 984px) 61vw, (max-width: 1362px) 45vw, 600px\" \/><br \/>\nWith more than 38 years of experience, Sur in English has become the reference point for information aimed at English-speaking foreign residents and visitors in the south of Spain. It is also one of the companies that have collaborated with us since our beginnings in 1992.<\/p>\n<p>The director of Diario Sur, Manuel Castillo, together with Rachel Haynes, collected the award from the fourth vice-president, Manuel Marmolejo and Cudeca\u00b4s vice-president, Susan Hannam.<\/p>\n<h4><strong>Joan Hunt Cultural Award to pianist Chucho Vald\u00e9s<\/strong><\/h4>\n<p><img loading=\"lazy\" class=\"alignnone wp-image-27635 size-full\" src=\"https:\/\/www.cudeca.org\/wp-content\/uploads\/2022\/07\/220727-Premios-Joan-Hunt-Chucho-Valdes-02.jpg\" alt=\"\" width=\"800\" height=\"533\" srcset=\"https:\/\/www.cudeca.org\/wp-content\/uploads\/2022\/07\/220727-Premios-Joan-Hunt-Chucho-Valdes-02.jpg 800w, https:\/\/www.cudeca.org\/wp-content\/uploads\/2022\/07\/220727-Premios-Joan-Hunt-Chucho-Valdes-02-300x200.jpg 300w, https:\/\/www.cudeca.org\/wp-content\/uploads\/2022\/07\/220727-Premios-Joan-Hunt-Chucho-Valdes-02-768x512.jpg 768w\" sizes=\"(max-width: 709px) 85vw, (max-width: 909px) 67vw, (max-width: 984px) 61vw, (max-width: 1362px) 45vw, 600px\" \/><br \/>\nChucho Vald\u00e9s, Cuban jazz pianist and winner of nine Grammy awards, has a long history of helping those most in need.<\/p>\n<p>In 2006 he was declared FAO Goodwill Ambassador to the UN and in 2007 he participated as a guest artist in the first benefit concert of his father, Bebo Vald\u00e9s, and also the first for Cudeca.<\/p>\n<p>Since then, he has been an active supporter of the foundation. His sensitivity to Cudeca&#8217;s work, his availability, his career and his international convening power have always been valued and recognised by the foundation with gestures such as the honorary appointment of Cudeca Ambassador.<\/p>\n<h4><strong>Joan Junt Diplomatic Work Award to the British Consul, Charmaine Arbouin<\/strong><\/h4>\n<p><img loading=\"lazy\" class=\"alignnone wp-image-27641 size-full\" src=\"https:\/\/www.cudeca.org\/wp-content\/uploads\/2022\/07\/220727-Premios-Joan-Hunt-Charmaine-Arbouin.jpg\" alt=\"\" width=\"800\" height=\"505\" srcset=\"https:\/\/www.cudeca.org\/wp-content\/uploads\/2022\/07\/220727-Premios-Joan-Hunt-Charmaine-Arbouin.jpg 800w, https:\/\/www.cudeca.org\/wp-content\/uploads\/2022\/07\/220727-Premios-Joan-Hunt-Charmaine-Arbouin-300x189.jpg 300w, https:\/\/www.cudeca.org\/wp-content\/uploads\/2022\/07\/220727-Premios-Joan-Hunt-Charmaine-Arbouin-768x485.jpg 768w\" sizes=\"(max-width: 709px) 85vw, (max-width: 909px) 67vw, (max-width: 984px) 61vw, (max-width: 1362px) 45vw, 600px\" \/><br \/>\ne British Consulate not only looks after the interests and rights of the British in Malaga, but also acts as a link between the diplomatic relations of both countries. The British colony is very important for the Costa del Sol. It is the largest with 55,000 residents. The British Consul in Malaga, Charmaine Arbouin received the award from the First Vice-President, Margarita del Cid and Cudeca\u00b4s President, Ricardo Urdiales.<\/p>\n<h4><strong>Joan Hunt Sabor a M\u00e1laga Award to Bentomiz Wineries<\/strong><\/h4>\n<p><img loading=\"lazy\" class=\"alignnone wp-image-27631 size-full\" src=\"https:\/\/www.cudeca.org\/wp-content\/uploads\/2022\/07\/220727-Premios-Joan-Hunt-Bodegas-Bentomiz.jpg\" alt=\"\" width=\"800\" height=\"542\" srcset=\"https:\/\/www.cudeca.org\/wp-content\/uploads\/2022\/07\/220727-Premios-Joan-Hunt-Bodegas-Bentomiz.jpg 800w, https:\/\/www.cudeca.org\/wp-content\/uploads\/2022\/07\/220727-Premios-Joan-Hunt-Bodegas-Bentomiz-300x203.jpg 300w, https:\/\/www.cudeca.org\/wp-content\/uploads\/2022\/07\/220727-Premios-Joan-Hunt-Bodegas-Bentomiz-768x520.jpg 768w\" sizes=\"(max-width: 709px) 85vw, (max-width: 909px) 67vw, (max-width: 984px) 61vw, (max-width: 1362px) 45vw, 600px\" \/>Bodegas Bentomiz, run by the Dutch couple Clara Verheij and Andr\u00e9<\/p>\n<p>Bodegas Bentomiz, run by Dutch couple, Clara Verheij and Andr\u00e9 Both began operations in 2003 in Sayalonga. It currently produces five varieties of wine: two sweet whites, a dry white made on lees, a sweet red and a dry red that takes advantage of the perfect adaptation to the terrain of the Rom\u00e9 grape, a native variety.<\/p>\n<p>After years of hard work, they have managed to develop one of Malaga&#8217;s most important wine companies. For their contribution to gastronomy, wealth, employment and the international image of the province, the winery and its founders received the Joan Hunt Award.<\/p>\n<p>The owner, Clara Verheij receives the award from the hand of the Member of Parliament Esperanza Gonz\u00e1lez and Cudeca\u00b4s Deputy Chief Executive &amp; Financial Director, Rafael Olalla.<\/p>\n<h4><strong>Joan Hunt Local Initiative Award to the Town Hall of Canillas de Albaida<\/strong><\/h4>\n<p><img loading=\"lazy\" class=\"alignnone wp-image-27633 size-full\" src=\"https:\/\/www.cudeca.org\/wp-content\/uploads\/2022\/07\/220727-Premios-Joan-Hunt-Canillas-de-Albaida.jpg\" alt=\"\" width=\"800\" height=\"533\" srcset=\"https:\/\/www.cudeca.org\/wp-content\/uploads\/2022\/07\/220727-Premios-Joan-Hunt-Canillas-de-Albaida.jpg 800w, https:\/\/www.cudeca.org\/wp-content\/uploads\/2022\/07\/220727-Premios-Joan-Hunt-Canillas-de-Albaida-300x200.jpg 300w, https:\/\/www.cudeca.org\/wp-content\/uploads\/2022\/07\/220727-Premios-Joan-Hunt-Canillas-de-Albaida-768x512.jpg 768w\" sizes=\"(max-width: 709px) 85vw, (max-width: 909px) 67vw, (max-width: 984px) 61vw, (max-width: 1362px) 45vw, 600px\" \/><\/p>\n<p>For many years Canillas de Albaida has had a large community of residents, mainly from Central Europe and Great Britain. This foreign population is fully integrated into the daily life of the municipality thanks to the work carried out by the Town Council, which offers a translation service to help with administrative procedures and information to all those who need it, and has given the municipal tourist office to a group of foreign volunteers who are in charge of its management in order to attract international tourists to the town.<\/p>\n<p>In addition, foreign residents take an active part in the festivities. An example of this is the Friday night of the Feria in honour of the patron saint, the Virgen del Rosario, where local musicians of foreign origin perform.<\/p>\n<p>Its mayor, Jorge Mart\u00edn received the award, which was presented by Francisco Jos\u00e9 Mart\u00edn, deputy for the Third Sector and the mayor of Benalm\u00e1dena, V\u00edctor Navas.<\/p>\n<h4><strong>Joan Hunt Business Work Award to Lumon<\/strong><\/h4>\n<p><img loading=\"lazy\" class=\"alignnone wp-image-27632 size-full\" src=\"https:\/\/www.cudeca.org\/wp-content\/uploads\/2022\/07\/220727-Premios-Joan-Hunt-Lumon.jpg\" alt=\"\" width=\"800\" height=\"495\" srcset=\"https:\/\/www.cudeca.org\/wp-content\/uploads\/2022\/07\/220727-Premios-Joan-Hunt-Lumon.jpg 800w, https:\/\/www.cudeca.org\/wp-content\/uploads\/2022\/07\/220727-Premios-Joan-Hunt-Lumon-300x186.jpg 300w, https:\/\/www.cudeca.org\/wp-content\/uploads\/2022\/07\/220727-Premios-Joan-Hunt-Lumon-768x475.jpg 768w\" sizes=\"(max-width: 709px) 85vw, (max-width: 909px) 67vw, (max-width: 984px) 61vw, (max-width: 1362px) 45vw, 600px\" \/><\/p>\n<p>The multinational Lumon manufactures resistant and long-lasting products using fully recyclable materials such as glass and aluminium. This respect for the environment is a fundamental part of its philosophy and is reflected in its processes, as it uses advanced programmes and sophisticated robots to avoid wasting materials in production, delivers surplus product to special recycling centres, uses packaging that optimises loading and minimises transport, and the glass it produces for terraces and porches reduces the need for heating, which translates into greater energy savings and lower CO2 emissions.<\/p>\n<p>The Finnish company Lumon has a long-standing presence in the province of Malaga. The origin of the company in Malaga dates back to the time when a Malaga native and a Swedish woman thought that the product was suitable for the province. Since then, Malaga has become a very important centre of operations for Lumon on an international level. The second most important factory for Southern Europe has been set up in Antequera, employing more than 400 people. The target is to reach 2,000 jobs.<\/p>\n<p>Its investment director, Pekka Oikarinen and the general manager in Spain, Javier Mart\u00ednez received the award from the Diputaci\u00f3n de M\u00e1laga second vice-president, Natacha Rivas and the mayor of Antequera, Manuel Bar\u00f3n.[\/vc_column_text][\/vc_column][\/vc_row]<\/p>\n<\/div>","protected":false},"excerpt":{"rendered":"<p>[vc_row][vc_column][vc_column_text]On 27 July, Diputaci\u00f3n de M\u00e1laga and Cudeca Hospice Foundation celebrated the 1st edition of the Joan Hunt Awards to recognise the contribution of the foreign population to the progress, social, economic and cultural development of the province of M\u00e1laga at the Edgar Neville Auditorium. Diputaci\u00f3n de M\u00e1laga created the Joan Hunt Awards in 2021 [&hellip;]<\/p>\n","protected":false},"author":2,"featured_media":27636,"comment_status":"open","ping_status":"open","sticky":false,"template":"","format":"standard","meta":[],"categories":[15],"tags":[],"yoast_head":"<!-- This site is optimized with the Yoast SEO plugin v19.4 - https:\/\/yoast.com\/wordpress\/plugins\/seo\/ -->\n<title>Diputaci\u00f3n de M\u00e1laga and Cudeca Hospice Foundation Joan Hunt Awards - Cudeca Cancer Care Hospice<\/title>\n<meta name=\"robots\" content=\"index, follow, max-snippet:-1, max-image-preview:large, max-video-preview:-1\" \/>\n<link rel=\"canonical\" href=\"https:\/\/www.cudeca.org\/?p=27625\" \/>\n<meta property=\"og:locale\" content=\"en_US\" \/>\n<meta property=\"og:type\" content=\"article\" \/>\n<meta property=\"og:title\" content=\"Diputaci\u00f3n de M\u00e1laga and Cudeca Hospice Foundation Joan Hunt Awards - Cudeca Cancer Care Hospice\" \/>\n<meta property=\"og:description\" content=\"[vc_row][vc_column][vc_column_text]On 27 July, Diputaci\u00f3n de M\u00e1laga and Cudeca Hospice Foundation celebrated the 1st edition of the Joan Hunt Awards to recognise the contribution of the foreign population to the progress, social, economic and cultural development of the province of M\u00e1laga at the Edgar Neville Auditorium. Diputaci\u00f3n de M\u00e1laga created the Joan Hunt Awards in 2021 [&hellip;]\" \/>\n<meta property=\"og:url\" content=\"https:\/\/www.cudeca.org\/?p=27625\" \/>\n<meta property=\"og:site_name\" content=\"Cudeca Cancer Care Hospice\" \/>\n<meta property=\"article:publisher\" content=\"https:\/\/www.facebook.com\/AmigosDeCudeca\" \/>\n<meta property=\"article:published_time\" content=\"2022-07-28T09:38:42+00:00\" \/>\n<meta property=\"article:modified_time\" content=\"2022-08-04T14:45:49+00:00\" \/>\n<meta property=\"og:image\" content=\"https:\/\/www.cudeca.org\/wp-content\/uploads\/2022\/07\/220727-Premios-Joan-Hunt-Premiados.jpg\" \/>\n\t<meta property=\"og:image:width\" content=\"800\" \/>\n\t<meta property=\"og:image:height\" content=\"533\" \/>\n\t<meta property=\"og:image:type\" content=\"image\/jpeg\" \/>\n<meta name=\"author\" content=\"angel\" \/>\n<meta name=\"twitter:card\" content=\"summary_large_image\" \/>\n<meta name=\"twitter:creator\" content=\"@cudeca\" \/>\n<meta name=\"twitter:site\" content=\"@cudeca\" \/>\n<meta name=\"twitter:label1\" content=\"Written by\" \/>\n\t<meta name=\"twitter:data1\" content=\"angel\" \/>\n\t<meta name=\"twitter:label2\" content=\"Est. reading time\" \/>\n\t<meta name=\"twitter:data2\" content=\"8 minutes\" \/>\n<script type=\"application\/ld+json\" class=\"yoast-schema-graph\">{\"@context\":\"https:\/\/schema.org\",\"@graph\":[{\"@type\":\"Organization\",\"@id\":\"https:\/\/www.cudeca.org\/#organization\",\"name\":\"Fundaci\u00f3n Cudeca\",\"url\":\"https:\/\/www.cudeca.org\/\",\"sameAs\":[\"https:\/\/www.youtube.com\/c\/cudecamalaga\",\"https:\/\/www.facebook.com\/AmigosDeCudeca\",\"https:\/\/twitter.com\/cudeca\"],\"logo\":{\"@type\":\"ImageObject\",\"inLanguage\":\"en-US\",\"@id\":\"https:\/\/www.cudeca.org\/#\/schema\/logo\/image\/\",\"url\":\"https:\/\/www.cudeca.org\/wp-content\/uploads\/2018\/02\/cudeca-logo.png\",\"contentUrl\":\"https:\/\/www.cudeca.org\/wp-content\/uploads\/2018\/02\/cudeca-logo.png\",\"width\":2121,\"height\":984,\"caption\":\"Fundaci\u00f3n Cudeca\"},\"image\":{\"@id\":\"https:\/\/www.cudeca.org\/#\/schema\/logo\/image\/\"}},{\"@type\":\"WebSite\",\"@id\":\"https:\/\/www.cudeca.org\/#website\",\"url\":\"https:\/\/www.cudeca.org\/\",\"name\":\"Fundaci\u00f3n Cudeca\",\"description\":\"Cudeca Hospice\",\"publisher\":{\"@id\":\"https:\/\/www.cudeca.org\/#organization\"},\"potentialAction\":[{\"@type\":\"SearchAction\",\"target\":{\"@type\":\"EntryPoint\",\"urlTemplate\":\"https:\/\/www.cudeca.org\/?s={search_term_string}\"},\"query-input\":\"required name=search_term_string\"}],\"inLanguage\":\"en-US\"},{\"@type\":\"WebPage\",\"@id\":\"https:\/\/www.cudeca.org\/?p=27625\",\"url\":\"https:\/\/www.cudeca.org\/?p=27625\",\"name\":\"Diputaci\u00f3n de M\u00e1laga and Cudeca Hospice Foundation Joan Hunt Awards - Cudeca Cancer Care Hospice\",\"isPartOf\":{\"@id\":\"https:\/\/www.cudeca.org\/#website\"},\"datePublished\":\"2022-07-28T09:38:42+00:00\",\"dateModified\":\"2022-08-04T14:45:49+00:00\",\"breadcrumb\":{\"@id\":\"https:\/\/www.cudeca.org\/?p=27625#breadcrumb\"},\"inLanguage\":\"en-US\",\"potentialAction\":[{\"@type\":\"ReadAction\",\"target\":[\"https:\/\/www.cudeca.org\/?p=27625\"]}]},{\"@type\":\"BreadcrumbList\",\"@id\":\"https:\/\/www.cudeca.org\/?p=27625#breadcrumb\",\"itemListElement\":[{\"@type\":\"ListItem\",\"position\":1,\"name\":\"Portada\",\"item\":\"https:\/\/www.cudeca.org\/\"},{\"@type\":\"ListItem\",\"position\":2,\"name\":\"I Premios Joan Hunt de la Diputaci\u00f3n de M\u00e1laga y CUDECA\"}]},{\"@type\":\"Article\",\"@id\":\"https:\/\/www.cudeca.org\/?p=27625#article\",\"isPartOf\":{\"@id\":\"https:\/\/www.cudeca.org\/?p=27625\"},\"author\":{\"name\":\"angel\",\"@id\":\"https:\/\/www.cudeca.org\/#\/schema\/person\/320934aa099c37e69d4148721ba3e4be\"},\"headline\":\"Diputaci\u00f3n de M\u00e1laga and Cudeca Hospice Foundation Joan Hunt Awards\",\"datePublished\":\"2022-07-28T09:38:42+00:00\",\"dateModified\":\"2022-08-04T14:45:49+00:00\",\"mainEntityOfPage\":{\"@id\":\"https:\/\/www.cudeca.org\/?p=27625\"},\"wordCount\":2660,\"commentCount\":0,\"publisher\":{\"@id\":\"https:\/\/www.cudeca.org\/#organization\"},\"articleSection\":[\"\"],\"inLanguage\":\"en-US\",\"potentialAction\":[{\"@type\":\"CommentAction\",\"name\":\"Comment\",\"target\":[\"https:\/\/www.cudeca.org\/?p=27625#respond\"]}]},{\"@type\":\"Person\",\"@id\":\"https:\/\/www.cudeca.org\/#\/schema\/person\/320934aa099c37e69d4148721ba3e4be\",\"name\":\"angel\",\"image\":{\"@type\":\"ImageObject\",\"inLanguage\":\"en-US\",\"@id\":\"https:\/\/www.cudeca.org\/#\/schema\/person\/image\/\",\"url\":\"https:\/\/secure.gravatar.com\/avatar\/91b6f0e62d069005f36feb58e1ffda2c?s=96&d=mm&r=g\",\"contentUrl\":\"https:\/\/secure.gravatar.com\/avatar\/91b6f0e62d069005f36feb58e1ffda2c?s=96&d=mm&r=g\",\"caption\":\"angel\"}}]}<\/script>\n<!-- \/ Yoast SEO plugin. -->","yoast_head_json":{"title":"Diputaci\u00f3n de M\u00e1laga and Cudeca Hospice Foundation Joan Hunt Awards - Cudeca Cancer Care Hospice","robots":{"index":"index","follow":"follow","max-snippet":"max-snippet:-1","max-image-preview":"max-image-preview:large","max-video-preview":"max-video-preview:-1"},"canonical":"https:\/\/www.cudeca.org\/?p=27625","og_locale":"en_US","og_type":"article","og_title":"Diputaci\u00f3n de M\u00e1laga and Cudeca Hospice Foundation Joan Hunt Awards - Cudeca Cancer Care Hospice","og_description":"[vc_row][vc_column][vc_column_text]On 27 July, Diputaci\u00f3n de M\u00e1laga and Cudeca Hospice Foundation celebrated the 1st edition of the Joan Hunt Awards to recognise the contribution of the foreign population to the progress, social, economic and cultural development of the province of M\u00e1laga at the Edgar Neville Auditorium. Diputaci\u00f3n de M\u00e1laga created the Joan Hunt Awards in 2021 [&hellip;]","og_url":"https:\/\/www.cudeca.org\/?p=27625","og_site_name":"Cudeca Cancer Care Hospice","article_publisher":"https:\/\/www.facebook.com\/AmigosDeCudeca","article_published_time":"2022-07-28T09:38:42+00:00","article_modified_time":"2022-08-04T14:45:49+00:00","og_image":[{"width":800,"height":533,"url":"https:\/\/www.cudeca.org\/wp-content\/uploads\/2022\/07\/220727-Premios-Joan-Hunt-Premiados.jpg","type":"image\/jpeg"}],"author":"angel","twitter_card":"summary_large_image","twitter_creator":"@cudeca","twitter_site":"@cudeca","twitter_misc":{"Written by":"angel","Est. reading time":"8 minutes"},"schema":{"@context":"https:\/\/schema.org","@graph":[{"@type":"Organization","@id":"https:\/\/www.cudeca.org\/#organization","name":"Fundaci\u00f3n Cudeca","url":"https:\/\/www.cudeca.org\/","sameAs":["https:\/\/www.youtube.com\/c\/cudecamalaga","https:\/\/www.facebook.com\/AmigosDeCudeca","https:\/\/twitter.com\/cudeca"],"logo":{"@type":"ImageObject","inLanguage":"en-US","@id":"https:\/\/www.cudeca.org\/#\/schema\/logo\/image\/","url":"https:\/\/www.cudeca.org\/wp-content\/uploads\/2018\/02\/cudeca-logo.png","contentUrl":"https:\/\/www.cudeca.org\/wp-content\/uploads\/2018\/02\/cudeca-logo.png","width":2121,"height":984,"caption":"Fundaci\u00f3n Cudeca"},"image":{"@id":"https:\/\/www.cudeca.org\/#\/schema\/logo\/image\/"}},{"@type":"WebSite","@id":"https:\/\/www.cudeca.org\/#website","url":"https:\/\/www.cudeca.org\/","name":"Fundaci\u00f3n Cudeca","description":"Cudeca Hospice","publisher":{"@id":"https:\/\/www.cudeca.org\/#organization"},"potentialAction":[{"@type":"SearchAction","target":{"@type":"EntryPoint","urlTemplate":"https:\/\/www.cudeca.org\/?s={search_term_string}"},"query-input":"required name=search_term_string"}],"inLanguage":"en-US"},{"@type":"WebPage","@id":"https:\/\/www.cudeca.org\/?p=27625","url":"https:\/\/www.cudeca.org\/?p=27625","name":"Diputaci\u00f3n de M\u00e1laga and Cudeca Hospice Foundation Joan Hunt Awards - Cudeca Cancer Care Hospice","isPartOf":{"@id":"https:\/\/www.cudeca.org\/#website"},"datePublished":"2022-07-28T09:38:42+00:00","dateModified":"2022-08-04T14:45:49+00:00","breadcrumb":{"@id":"https:\/\/www.cudeca.org\/?p=27625#breadcrumb"},"inLanguage":"en-US","potentialAction":[{"@type":"ReadAction","target":["https:\/\/www.cudeca.org\/?p=27625"]}]},{"@type":"BreadcrumbList","@id":"https:\/\/www.cudeca.org\/?p=27625#breadcrumb","itemListElement":[{"@type":"ListItem","position":1,"name":"Portada","item":"https:\/\/www.cudeca.org\/"},{"@type":"ListItem","position":2,"name":"I Premios Joan Hunt de la Diputaci\u00f3n de M\u00e1laga y CUDECA"}]},{"@type":"Article","@id":"https:\/\/www.cudeca.org\/?p=27625#article","isPartOf":{"@id":"https:\/\/www.cudeca.org\/?p=27625"},"author":{"name":"angel","@id":"https:\/\/www.cudeca.org\/#\/schema\/person\/320934aa099c37e69d4148721ba3e4be"},"headline":"Diputaci\u00f3n de M\u00e1laga and Cudeca Hospice Foundation Joan Hunt Awards","datePublished":"2022-07-28T09:38:42+00:00","dateModified":"2022-08-04T14:45:49+00:00","mainEntityOfPage":{"@id":"https:\/\/www.cudeca.org\/?p=27625"},"wordCount":2660,"commentCount":0,"publisher":{"@id":"https:\/\/www.cudeca.org\/#organization"},"articleSection":[""],"inLanguage":"en-US","potentialAction":[{"@type":"CommentAction","name":"Comment","target":["https:\/\/www.cudeca.org\/?p=27625#respond"]}]},{"@type":"Person","@id":"https:\/\/www.cudeca.org\/#\/schema\/person\/320934aa099c37e69d4148721ba3e4be","name":"angel","image":{"@type":"ImageObject","inLanguage":"en-US","@id":"https:\/\/www.cudeca.org\/#\/schema\/person\/image\/","url":"https:\/\/secure.gravatar.com\/avatar\/91b6f0e62d069005f36feb58e1ffda2c?s=96&d=mm&r=g","contentUrl":"https:\/\/secure.gravatar.com\/avatar\/91b6f0e62d069005f36feb58e1ffda2c?s=96&d=mm&r=g","caption":"angel"}}]}},"_links":{"self":[{"href":"https:\/\/www.cudeca.org\/en\/wp-json\/wp\/v2\/posts\/27625"}],"collection":[{"href":"https:\/\/www.cudeca.org\/en\/wp-json\/wp\/v2\/posts"}],"about":[{"href":"https:\/\/www.cudeca.org\/en\/wp-json\/wp\/v2\/types\/post"}],"author":[{"embeddable":true,"href":"https:\/\/www.cudeca.org\/en\/wp-json\/wp\/v2\/users\/2"}],"replies":[{"embeddable":true,"href":"https:\/\/www.cudeca.org\/en\/wp-json\/wp\/v2\/comments?post=27625"}],"version-history":[{"count":5,"href":"https:\/\/www.cudeca.org\/en\/wp-json\/wp\/v2\/posts\/27625\/revisions"}],"predecessor-version":[{"id":27667,"href":"https:\/\/www.cudeca.org\/en\/wp-json\/wp\/v2\/posts\/27625\/revisions\/27667"}],"wp:featuredmedia":[{"embeddable":true,"href":"https:\/\/www.cudeca.org\/en\/wp-json\/wp\/v2\/media\/27636"}],"wp:attachment":[{"href":"https:\/\/www.cudeca.org\/en\/wp-json\/wp\/v2\/media?parent=27625"}],"wp:term":[{"taxonomy":"category","embeddable":true,"href":"https:\/\/www.cudeca.org\/en\/wp-json\/wp\/v2\/categories?post=27625"},{"taxonomy":"post_tag","embeddable":true,"href":"https:\/\/www.cudeca.org\/en\/wp-json\/wp\/v2\/tags?post=27625"}],"curies":[{"name":"wp","href":"https:\/\/api.w.org\/{rel}","templated":true}]}}