{"id":27616,"date":"2022-07-26T13:15:07","date_gmt":"2022-07-26T13:15:07","guid":{"rendered":"https:\/\/www.cudeca.org\/en\/?p=27616"},"modified":"2022-08-09T08:57:27","modified_gmt":"2022-08-09T08:57:27","slug":"la-alegria-es-un-estado-del-alma-y-no-una-cualidad-de-las-cosas-equipo-malaga-2-atencion-domiciliaria","status":"publish","type":"post","link":"https:\/\/www.cudeca.org\/en\/actualidad\/joy-is-a-state-of-the-soul-and-not-a-quality-of-things-home-care-team-malaga-2\/","title":{"rendered":"&#8221;Joy is a state of the soul and not a quality of things&#8230;&#8221;, Home Care Team Malaga 2"},"content":{"rendered":"<div class=\"wpb-content-wrapper\"><p>[vc_row][vc_column][vc_column_text]Hello!<\/p>\n<p>Let&#8217;s introduce ourselves: we are Home Care Team Malaga 2 and we are a doctor and two nurses. We are called Malaga 2 because there is another team that also visits patients in Malaga and that, therefore, is the Malaga 1 team.<\/p>\n<p>Both teams provide coverage and care for almost 200 patients belonging to the two large hospitals in Malaga, the Carlos Haya Regional Hospital and the Virgen de la Victoria University Hospital. This means that there are days when our visits take place in any of the areas of Malaga such as the neighbourhood of La Luz or San Andr\u00e9s, but on other days we go to Rinc\u00f3n de la Victoria, Cala del Moral or even V\u00e9lez M\u00e1laga, if we have to attend to a patient who belongs to a mutual insurance company (such as teachers, policemen or patients with private insurance).<\/p>\n<p>Our visits consist of helping the patient to have the symptoms related to their illness as controlled as possible to improve their quality of life, but we also offer emotional or social support to alleviate their suffering.<\/p>\n<p>&nbsp;<\/p>\n<p>[\/vc_column_text][vc_row_inner][vc_column_inner width=&#8221;1\/2&#8243;][vc_single_image image=&#8221;22032&#8243; img_size=&#8221;full&#8221;][\/vc_column_inner][vc_column_inner width=&#8221;1\/2&#8243;][vc_column_text]The Doctor usually works together with a nurse visiting the patients scheduled for that day. The other nurse makes follow-up visits to monitor the evolution of the disease, whether symptom control is being achieved or to accompany both the patient and their family. Other times it is a bereavement visit.<\/p>\n<p>Everyday life provides us with scenes in the living room in which we talk about the disease, but also about shared family moments, memories or past experiences, or future projects, knowing that sometimes the future is short.<\/p>\n<p>At other times, everyday life gives rise to scenes in the kitchen of the house, where the nurse explains to the family the importance of BEING at the patient&#8217;s side in the last moments, where touch and hearing is the last thing to be lost. Or the importance of passing on to the patient all the love they have always shared.<\/p>\n<p>Other times, everyday life is at the patient&#8217;s bedside, where sometimes the strength, courage and serenity is transmitted to us by the patient himself.<\/p>\n<p>Everyday life also brings moments of sadness shared in the car with your partner or moments of humour to try to get out of it. Other times, moments of gratitude from the family or moments of renewed energy in the face of the work shared with the Cudeca volunteer&#8230;[\/vc_column_text][\/vc_column_inner][\/vc_row_inner][vc_column_text]<\/p>\n<p style=\"text-align: center;\">In short&#8230; as Miguel Delibes used to say:<\/p>\n<p style=\"text-align: center;\"><em>&#8220;I realised that joy is a state of the soul and not a quality of things; that things in themselves are neither happy nor sad, but merely reflect the tone with which we envelop them&#8221;.<\/em><\/p>\n<p style=\"text-align: center;\"><strong>Team M\u00e1laga 2.<\/strong><br \/>\nDr: Noemi Vega; Nurses: Carmen Garr\u00f3n and Elisa Romero<\/p>\n<p>[\/vc_column_text][\/vc_column][\/vc_row]<\/p>\n<\/div>","protected":false},"excerpt":{"rendered":"<p>[vc_row][vc_column][vc_column_text]Hello! Let&#8217;s introduce ourselves: we are Home Care Team Malaga 2 and we are a doctor and two nurses. We are called Malaga 2 because there is another team that also visits patients in Malaga and that, therefore, is the Malaga 1 team. Both teams provide coverage and care for almost 200 patients belonging to [&hellip;]<\/p>\n","protected":false},"author":6,"featured_media":27626,"comment_status":"open","ping_status":"open","sticky":false,"template":"","format":"standard","meta":[],"categories":[86,15],"tags":[87],"yoast_head":"<!-- This site is optimized with the Yoast SEO plugin v19.4 - https:\/\/yoast.com\/wordpress\/plugins\/seo\/ -->\n<title>&quot;Joy is a state of the soul and not a quality of things...&quot;, Home Care Team Malaga 2 - Cudeca Cancer Care Hospice<\/title>\n<meta name=\"robots\" content=\"index, follow, max-snippet:-1, max-image-preview:large, max-video-preview:-1\" \/>\n<link rel=\"canonical\" href=\"https:\/\/www.cudeca.org\/?p=27616\" \/>\n<meta property=\"og:locale\" content=\"en_US\" \/>\n<meta property=\"og:type\" content=\"article\" \/>\n<meta property=\"og:title\" content=\"&quot;Joy is a state of the soul and not a quality of things...&quot;, Home Care Team Malaga 2 - Cudeca Cancer Care Hospice\" \/>\n<meta property=\"og:description\" content=\"[vc_row][vc_column][vc_column_text]Hello! Let&#8217;s introduce ourselves: we are Home Care Team Malaga 2 and we are a doctor and two nurses. We are called Malaga 2 because there is another team that also visits patients in Malaga and that, therefore, is the Malaga 1 team. Both teams provide coverage and care for almost 200 patients belonging to [&hellip;]\" \/>\n<meta property=\"og:url\" content=\"https:\/\/www.cudeca.org\/?p=27616\" \/>\n<meta property=\"og:site_name\" content=\"Cudeca Cancer Care Hospice\" \/>\n<meta property=\"article:publisher\" content=\"https:\/\/www.facebook.com\/AmigosDeCudeca\" \/>\n<meta property=\"article:published_time\" content=\"2022-07-26T13:15:07+00:00\" \/>\n<meta property=\"article:modified_time\" content=\"2022-08-09T08:57:27+00:00\" \/>\n<meta property=\"og:image\" content=\"https:\/\/www.cudeca.org\/wp-content\/uploads\/2022\/07\/WhatsApp-Image-2022-07-28-at-11.06.34-AM.jpeg\" \/>\n\t<meta property=\"og:image:width\" content=\"1600\" \/>\n\t<meta property=\"og:image:height\" content=\"1066\" \/>\n\t<meta property=\"og:image:type\" content=\"image\/jpeg\" \/>\n<meta name=\"author\" content=\"Esther\" \/>\n<meta name=\"twitter:card\" content=\"summary_large_image\" \/>\n<meta name=\"twitter:creator\" content=\"@cudeca\" \/>\n<meta name=\"twitter:site\" content=\"@cudeca\" \/>\n<meta name=\"twitter:label1\" content=\"Written by\" \/>\n\t<meta name=\"twitter:data1\" content=\"Esther\" \/>\n\t<meta name=\"twitter:label2\" content=\"Est. reading time\" \/>\n\t<meta name=\"twitter:data2\" content=\"3 minutes\" \/>\n<script type=\"application\/ld+json\" class=\"yoast-schema-graph\">{\"@context\":\"https:\/\/schema.org\",\"@graph\":[{\"@type\":\"Organization\",\"@id\":\"https:\/\/www.cudeca.org\/#organization\",\"name\":\"Fundaci\u00f3n Cudeca\",\"url\":\"https:\/\/www.cudeca.org\/\",\"sameAs\":[\"https:\/\/www.youtube.com\/c\/cudecamalaga\",\"https:\/\/www.facebook.com\/AmigosDeCudeca\",\"https:\/\/twitter.com\/cudeca\"],\"logo\":{\"@type\":\"ImageObject\",\"inLanguage\":\"en-US\",\"@id\":\"https:\/\/www.cudeca.org\/#\/schema\/logo\/image\/\",\"url\":\"https:\/\/www.cudeca.org\/wp-content\/uploads\/2018\/02\/cudeca-logo.png\",\"contentUrl\":\"https:\/\/www.cudeca.org\/wp-content\/uploads\/2018\/02\/cudeca-logo.png\",\"width\":2121,\"height\":984,\"caption\":\"Fundaci\u00f3n Cudeca\"},\"image\":{\"@id\":\"https:\/\/www.cudeca.org\/#\/schema\/logo\/image\/\"}},{\"@type\":\"WebSite\",\"@id\":\"https:\/\/www.cudeca.org\/#website\",\"url\":\"https:\/\/www.cudeca.org\/\",\"name\":\"Fundaci\u00f3n Cudeca\",\"description\":\"Cudeca Hospice\",\"publisher\":{\"@id\":\"https:\/\/www.cudeca.org\/#organization\"},\"potentialAction\":[{\"@type\":\"SearchAction\",\"target\":{\"@type\":\"EntryPoint\",\"urlTemplate\":\"https:\/\/www.cudeca.org\/?s={search_term_string}\"},\"query-input\":\"required name=search_term_string\"}],\"inLanguage\":\"en-US\"},{\"@type\":\"WebPage\",\"@id\":\"https:\/\/www.cudeca.org\/?p=27616\",\"url\":\"https:\/\/www.cudeca.org\/?p=27616\",\"name\":\"\\\"Joy is a state of the soul and not a quality of things...\\\", Home Care Team Malaga 2 - Cudeca Cancer Care Hospice\",\"isPartOf\":{\"@id\":\"https:\/\/www.cudeca.org\/#website\"},\"datePublished\":\"2022-07-26T13:15:07+00:00\",\"dateModified\":\"2022-08-09T08:57:27+00:00\",\"breadcrumb\":{\"@id\":\"https:\/\/www.cudeca.org\/?p=27616#breadcrumb\"},\"inLanguage\":\"en-US\",\"potentialAction\":[{\"@type\":\"ReadAction\",\"target\":[\"https:\/\/www.cudeca.org\/?p=27616\"]}]},{\"@type\":\"BreadcrumbList\",\"@id\":\"https:\/\/www.cudeca.org\/?p=27616#breadcrumb\",\"itemListElement\":[{\"@type\":\"ListItem\",\"position\":1,\"name\":\"Portada\",\"item\":\"https:\/\/www.cudeca.org\/\"},{\"@type\":\"ListItem\",\"position\":2,\"name\":\"\u00abLa alegr\u00eda es un estado del alma y no una cualidad de las cosas&#8230;\u00bb, Equipo M\u00e1laga 2, atenci\u00f3n domiciliaria\"}]},{\"@type\":\"Article\",\"@id\":\"https:\/\/www.cudeca.org\/?p=27616#article\",\"isPartOf\":{\"@id\":\"https:\/\/www.cudeca.org\/?p=27616\"},\"author\":{\"name\":\"Esther\",\"@id\":\"https:\/\/www.cudeca.org\/#\/schema\/person\/0a250b4dd0c3a661b9e843eec8eb190f\"},\"headline\":\"&#8221;Joy is a state of the soul and not a quality of things&#8230;&#8221;, Home Care Team Malaga 2\",\"datePublished\":\"2022-07-26T13:15:07+00:00\",\"dateModified\":\"2022-08-09T08:57:27+00:00\",\"mainEntityOfPage\":{\"@id\":\"https:\/\/www.cudeca.org\/?p=27616\"},\"wordCount\":1122,\"commentCount\":0,\"publisher\":{\"@id\":\"https:\/\/www.cudeca.org\/#organization\"},\"keywords\":[\"Asistencial\"],\"articleSection\":[\"Asistencial\",\"\"],\"inLanguage\":\"en-US\",\"potentialAction\":[{\"@type\":\"CommentAction\",\"name\":\"Comment\",\"target\":[\"https:\/\/www.cudeca.org\/?p=27616#respond\"]}]},{\"@type\":\"Person\",\"@id\":\"https:\/\/www.cudeca.org\/#\/schema\/person\/0a250b4dd0c3a661b9e843eec8eb190f\",\"name\":\"Esther\",\"image\":{\"@type\":\"ImageObject\",\"inLanguage\":\"en-US\",\"@id\":\"https:\/\/www.cudeca.org\/#\/schema\/person\/image\/\",\"url\":\"https:\/\/secure.gravatar.com\/avatar\/b4d1f8d9c1e0ea63e4c07e4fcefb9157?s=96&d=mm&r=g\",\"contentUrl\":\"https:\/\/secure.gravatar.com\/avatar\/b4d1f8d9c1e0ea63e4c07e4fcefb9157?s=96&d=mm&r=g\",\"caption\":\"Esther\"}}]}<\/script>\n<!-- \/ Yoast SEO plugin. -->","yoast_head_json":{"title":"\"Joy is a state of the soul and not a quality of things...\", Home Care Team Malaga 2 - Cudeca Cancer Care Hospice","robots":{"index":"index","follow":"follow","max-snippet":"max-snippet:-1","max-image-preview":"max-image-preview:large","max-video-preview":"max-video-preview:-1"},"canonical":"https:\/\/www.cudeca.org\/?p=27616","og_locale":"en_US","og_type":"article","og_title":"\"Joy is a state of the soul and not a quality of things...\", Home Care Team Malaga 2 - Cudeca Cancer Care Hospice","og_description":"[vc_row][vc_column][vc_column_text]Hello! Let&#8217;s introduce ourselves: we are Home Care Team Malaga 2 and we are a doctor and two nurses. We are called Malaga 2 because there is another team that also visits patients in Malaga and that, therefore, is the Malaga 1 team. Both teams provide coverage and care for almost 200 patients belonging to [&hellip;]","og_url":"https:\/\/www.cudeca.org\/?p=27616","og_site_name":"Cudeca Cancer Care Hospice","article_publisher":"https:\/\/www.facebook.com\/AmigosDeCudeca","article_published_time":"2022-07-26T13:15:07+00:00","article_modified_time":"2022-08-09T08:57:27+00:00","og_image":[{"width":1600,"height":1066,"url":"https:\/\/www.cudeca.org\/wp-content\/uploads\/2022\/07\/WhatsApp-Image-2022-07-28-at-11.06.34-AM.jpeg","type":"image\/jpeg"}],"author":"Esther","twitter_card":"summary_large_image","twitter_creator":"@cudeca","twitter_site":"@cudeca","twitter_misc":{"Written by":"Esther","Est. reading time":"3 minutes"},"schema":{"@context":"https:\/\/schema.org","@graph":[{"@type":"Organization","@id":"https:\/\/www.cudeca.org\/#organization","name":"Fundaci\u00f3n Cudeca","url":"https:\/\/www.cudeca.org\/","sameAs":["https:\/\/www.youtube.com\/c\/cudecamalaga","https:\/\/www.facebook.com\/AmigosDeCudeca","https:\/\/twitter.com\/cudeca"],"logo":{"@type":"ImageObject","inLanguage":"en-US","@id":"https:\/\/www.cudeca.org\/#\/schema\/logo\/image\/","url":"https:\/\/www.cudeca.org\/wp-content\/uploads\/2018\/02\/cudeca-logo.png","contentUrl":"https:\/\/www.cudeca.org\/wp-content\/uploads\/2018\/02\/cudeca-logo.png","width":2121,"height":984,"caption":"Fundaci\u00f3n Cudeca"},"image":{"@id":"https:\/\/www.cudeca.org\/#\/schema\/logo\/image\/"}},{"@type":"WebSite","@id":"https:\/\/www.cudeca.org\/#website","url":"https:\/\/www.cudeca.org\/","name":"Fundaci\u00f3n Cudeca","description":"Cudeca Hospice","publisher":{"@id":"https:\/\/www.cudeca.org\/#organization"},"potentialAction":[{"@type":"SearchAction","target":{"@type":"EntryPoint","urlTemplate":"https:\/\/www.cudeca.org\/?s={search_term_string}"},"query-input":"required name=search_term_string"}],"inLanguage":"en-US"},{"@type":"WebPage","@id":"https:\/\/www.cudeca.org\/?p=27616","url":"https:\/\/www.cudeca.org\/?p=27616","name":"\"Joy is a state of the soul and not a quality of things...\", Home Care Team Malaga 2 - Cudeca Cancer Care Hospice","isPartOf":{"@id":"https:\/\/www.cudeca.org\/#website"},"datePublished":"2022-07-26T13:15:07+00:00","dateModified":"2022-08-09T08:57:27+00:00","breadcrumb":{"@id":"https:\/\/www.cudeca.org\/?p=27616#breadcrumb"},"inLanguage":"en-US","potentialAction":[{"@type":"ReadAction","target":["https:\/\/www.cudeca.org\/?p=27616"]}]},{"@type":"BreadcrumbList","@id":"https:\/\/www.cudeca.org\/?p=27616#breadcrumb","itemListElement":[{"@type":"ListItem","position":1,"name":"Portada","item":"https:\/\/www.cudeca.org\/"},{"@type":"ListItem","position":2,"name":"\u00abLa alegr\u00eda es un estado del alma y no una cualidad de las cosas&#8230;\u00bb, Equipo M\u00e1laga 2, atenci\u00f3n domiciliaria"}]},{"@type":"Article","@id":"https:\/\/www.cudeca.org\/?p=27616#article","isPartOf":{"@id":"https:\/\/www.cudeca.org\/?p=27616"},"author":{"name":"Esther","@id":"https:\/\/www.cudeca.org\/#\/schema\/person\/0a250b4dd0c3a661b9e843eec8eb190f"},"headline":"&#8221;Joy is a state of the soul and not a quality of things&#8230;&#8221;, Home Care Team Malaga 2","datePublished":"2022-07-26T13:15:07+00:00","dateModified":"2022-08-09T08:57:27+00:00","mainEntityOfPage":{"@id":"https:\/\/www.cudeca.org\/?p=27616"},"wordCount":1122,"commentCount":0,"publisher":{"@id":"https:\/\/www.cudeca.org\/#organization"},"keywords":["Asistencial"],"articleSection":["Asistencial",""],"inLanguage":"en-US","potentialAction":[{"@type":"CommentAction","name":"Comment","target":["https:\/\/www.cudeca.org\/?p=27616#respond"]}]},{"@type":"Person","@id":"https:\/\/www.cudeca.org\/#\/schema\/person\/0a250b4dd0c3a661b9e843eec8eb190f","name":"Esther","image":{"@type":"ImageObject","inLanguage":"en-US","@id":"https:\/\/www.cudeca.org\/#\/schema\/person\/image\/","url":"https:\/\/secure.gravatar.com\/avatar\/b4d1f8d9c1e0ea63e4c07e4fcefb9157?s=96&d=mm&r=g","contentUrl":"https:\/\/secure.gravatar.com\/avatar\/b4d1f8d9c1e0ea63e4c07e4fcefb9157?s=96&d=mm&r=g","caption":"Esther"}}]}},"_links":{"self":[{"href":"https:\/\/www.cudeca.org\/en\/wp-json\/wp\/v2\/posts\/27616"}],"collection":[{"href":"https:\/\/www.cudeca.org\/en\/wp-json\/wp\/v2\/posts"}],"about":[{"href":"https:\/\/www.cudeca.org\/en\/wp-json\/wp\/v2\/types\/post"}],"author":[{"embeddable":true,"href":"https:\/\/www.cudeca.org\/en\/wp-json\/wp\/v2\/users\/6"}],"replies":[{"embeddable":true,"href":"https:\/\/www.cudeca.org\/en\/wp-json\/wp\/v2\/comments?post=27616"}],"version-history":[{"count":10,"href":"https:\/\/www.cudeca.org\/en\/wp-json\/wp\/v2\/posts\/27616\/revisions"}],"predecessor-version":[{"id":27812,"href":"https:\/\/www.cudeca.org\/en\/wp-json\/wp\/v2\/posts\/27616\/revisions\/27812"}],"wp:featuredmedia":[{"embeddable":true,"href":"https:\/\/www.cudeca.org\/en\/wp-json\/wp\/v2\/media\/27626"}],"wp:attachment":[{"href":"https:\/\/www.cudeca.org\/en\/wp-json\/wp\/v2\/media?parent=27616"}],"wp:term":[{"taxonomy":"category","embeddable":true,"href":"https:\/\/www.cudeca.org\/en\/wp-json\/wp\/v2\/categories?post=27616"},{"taxonomy":"post_tag","embeddable":true,"href":"https:\/\/www.cudeca.org\/en\/wp-json\/wp\/v2\/tags?post=27616"}],"curies":[{"name":"wp","href":"https:\/\/api.w.org\/{rel}","templated":true}]}}