{"id":27601,"date":"2022-07-21T14:01:52","date_gmt":"2022-07-21T14:01:52","guid":{"rendered":"https:\/\/www.cudeca.org\/en\/?p=27601"},"modified":"2022-07-21T14:01:52","modified_gmt":"2022-07-21T14:01:52","slug":"el-arpa-jonda-de-ana-crisman-seduce-a-todo-su-publico-en-el-concierto-solidario-por-cudeca-en-clinica-buchinger-marbella","status":"publish","type":"post","link":"https:\/\/www.cudeca.org\/en\/actualidad\/ana-crisman-leaves-audience-in-love-with-her-harp-jonda-at-concert-for-cudeca-in-buchinger-clinique\/","title":{"rendered":"Ana Crism\u00e1n leaves audience in love with her Harp Jonda at concert for Cudeca in Buchinger Clinique"},"content":{"rendered":"<div class=\"wpb-content-wrapper\"><p>[vc_row][vc_column][vc_column_text]<\/p>\n<ul>\n<li><strong>The Buchinger Whilhelmi Clinic&#8217;s charity concert raises more than \u20ac1,200 to help Cudeca and resume its solidarity activity with the foundation.<\/strong><\/li>\n<li><strong>Ana Crism\u00e1n&#8217;s jondo harp left an audience in love with her art at her charity concert for Cudeca at the Buchinger Clinic in Marbella on 14 July.<\/strong><\/li>\n<\/ul>\n<p><strong>\u00a0<\/strong><\/p>\n<p>After a break of more than 3 years caused by the recent Covid19 crisis, the Buchinger Whilhelmi Clinic resumes its solidarity action for the Cudeca Foundation and helps to raise 1,240\u20ac with its solidarity summer concert, which will be entirely allocated to continue the palliative care of the foundation in the province of Malaga, completely free of charge.<\/p>\n<p>&nbsp;<\/p>\n<p>The concert took place in the gardens of the Clinic, as is their tradition, and featured performances by Ana Crism\u00e1n on the harp, Perico Navarro on percussion and Rosa G\u00f3mez on vocals. The audience was absolutely enamoured with the art of Ana Crism\u00e1n and her accompanying artists and were able to enjoy an evening deeply rooted in our flamenco roots.<\/p>\n<p>Details Ana Crism\u00e1n:<\/p>\n<p>&nbsp;<\/p>\n<p>The artist from Jerez, Ana Crism\u00e1n, is the first and only person in the world to perform and compose flamenco on harp. Exotic in the world of music and also in flamenco, this artist is currently considered to be the creator of the flamenco harp, as Jos\u00e9 Merc\u00e9 stated on television, who was inspired by watching her play live. Ana Crism\u00e1n has left for posterity the first source and reference of this art with her show &#8220;Arpa Jonda&#8221;, premiered in New York at the Repertory Theatre in Manhattan in January 2019.<\/p>\n<p>&nbsp;<\/p>\n<p>More information on his official website: https:\/\/arpaflamenca.es\/biografia\/<\/p>\n<p>&nbsp;<\/p>\n<p>This is a 100% charity event organised by Cl\u00ednica Buchinger Whilhelmi Marbella for the benefit of the Cudeca Foundation, all funds raised will go entirely to the care of the foundation.<\/p>\n<p>&nbsp;<\/p>\n<p><img loading=\"lazy\" class=\"size-medium wp-image-27602 aligncenter\" src=\"https:\/\/www.cudeca.org\/wp-content\/uploads\/2022\/07\/Ana-Crisman-Marisa-Martin-Kati-Rohrer-Zaiser-225x300.jpg\" alt=\"\" width=\"225\" height=\"300\" srcset=\"https:\/\/www.cudeca.org\/wp-content\/uploads\/2022\/07\/Ana-Crisman-Marisa-Martin-Kati-Rohrer-Zaiser-225x300.jpg 225w, https:\/\/www.cudeca.org\/wp-content\/uploads\/2022\/07\/Ana-Crisman-Marisa-Martin-Kati-Rohrer-Zaiser-768x1024.jpg 768w, https:\/\/www.cudeca.org\/wp-content\/uploads\/2022\/07\/Ana-Crisman-Marisa-Martin-Kati-Rohrer-Zaiser-1152x1536.jpg 1152w, https:\/\/www.cudeca.org\/wp-content\/uploads\/2022\/07\/Ana-Crisman-Marisa-Martin-Kati-Rohrer-Zaiser-1536x2048.jpg 1536w, https:\/\/www.cudeca.org\/wp-content\/uploads\/2022\/07\/Ana-Crisman-Marisa-Martin-Kati-Rohrer-Zaiser-scaled.jpg 1920w\" sizes=\"(max-width: 225px) 85vw, 225px\" \/><\/p>\n<p>&nbsp;<\/p>\n<p>The Buchinger Wilhelmi Clinic collaborates with the Cudeca Foundation by organising charity events and free visits by patients to the Clinic&#8217;s facilities, as well as by publicising the important work of the Foundation.[\/vc_column_text][\/vc_column][\/vc_row]<\/p>\n<\/div>","protected":false},"excerpt":{"rendered":"<p>[vc_row][vc_column][vc_column_text] The Buchinger Whilhelmi Clinic&#8217;s charity concert raises more than \u20ac1,200 to help Cudeca and resume its solidarity activity with the foundation. Ana Crism\u00e1n&#8217;s jondo harp left an audience in love with her art at her charity concert for Cudeca at the Buchinger Clinic in Marbella on 14 July. \u00a0 After a break of more [&hellip;]<\/p>\n","protected":false},"author":6,"featured_media":27602,"comment_status":"open","ping_status":"open","sticky":false,"template":"","format":"standard","meta":[],"categories":[15,1],"tags":[],"yoast_head":"<!-- This site is optimized with the Yoast SEO plugin v19.4 - https:\/\/yoast.com\/wordpress\/plugins\/seo\/ -->\n<title>Ana Crism\u00e1n leaves audience in love with her Harp Jonda at concert for Cudeca in Buchinger Clinique - Cudeca Cancer Care Hospice<\/title>\n<meta name=\"robots\" content=\"index, follow, max-snippet:-1, max-image-preview:large, max-video-preview:-1\" \/>\n<link rel=\"canonical\" href=\"https:\/\/www.cudeca.org\/en\/?p=27601\" \/>\n<meta property=\"og:locale\" content=\"en_US\" \/>\n<meta property=\"og:type\" content=\"article\" \/>\n<meta property=\"og:title\" content=\"Ana Crism\u00e1n leaves audience in love with her Harp Jonda at concert for Cudeca in Buchinger Clinique - Cudeca Cancer Care Hospice\" \/>\n<meta property=\"og:description\" content=\"[vc_row][vc_column][vc_column_text] The Buchinger Whilhelmi Clinic&#8217;s charity concert raises more than \u20ac1,200 to help Cudeca and resume its solidarity activity with the foundation. Ana Crism\u00e1n&#8217;s jondo harp left an audience in love with her art at her charity concert for Cudeca at the Buchinger Clinic in Marbella on 14 July. \u00a0 After a break of more [&hellip;]\" \/>\n<meta property=\"og:url\" content=\"https:\/\/www.cudeca.org\/en\/?p=27601\" \/>\n<meta property=\"og:site_name\" content=\"Cudeca Cancer Care Hospice\" \/>\n<meta property=\"article:publisher\" content=\"https:\/\/www.facebook.com\/AmigosDeCudeca\" \/>\n<meta property=\"article:published_time\" content=\"2022-07-21T14:01:52+00:00\" \/>\n<meta property=\"og:image\" content=\"https:\/\/www.cudeca.org\/wp-content\/uploads\/2022\/07\/Ana-Crisman-Marisa-Martin-Kati-Rohrer-Zaiser-scaled.jpg\" \/>\n\t<meta property=\"og:image:width\" content=\"1920\" \/>\n\t<meta property=\"og:image:height\" content=\"2560\" \/>\n\t<meta property=\"og:image:type\" content=\"image\/jpeg\" \/>\n<meta name=\"author\" content=\"Esther\" \/>\n<meta name=\"twitter:card\" content=\"summary_large_image\" \/>\n<meta name=\"twitter:creator\" content=\"@cudeca\" \/>\n<meta name=\"twitter:site\" content=\"@cudeca\" \/>\n<meta name=\"twitter:label1\" content=\"Written by\" \/>\n\t<meta name=\"twitter:data1\" content=\"Esther\" \/>\n\t<meta name=\"twitter:label2\" content=\"Est. reading time\" \/>\n\t<meta name=\"twitter:data2\" content=\"2 minutes\" \/>\n<script type=\"application\/ld+json\" class=\"yoast-schema-graph\">{\"@context\":\"https:\/\/schema.org\",\"@graph\":[{\"@type\":\"Organization\",\"@id\":\"https:\/\/www.cudeca.org\/#organization\",\"name\":\"Fundaci\u00f3n Cudeca\",\"url\":\"https:\/\/www.cudeca.org\/\",\"sameAs\":[\"https:\/\/www.youtube.com\/c\/cudecamalaga\",\"https:\/\/www.facebook.com\/AmigosDeCudeca\",\"https:\/\/twitter.com\/cudeca\"],\"logo\":{\"@type\":\"ImageObject\",\"inLanguage\":\"en-US\",\"@id\":\"https:\/\/www.cudeca.org\/#\/schema\/logo\/image\/\",\"url\":\"https:\/\/www.cudeca.org\/wp-content\/uploads\/2018\/02\/cudeca-logo.png\",\"contentUrl\":\"https:\/\/www.cudeca.org\/wp-content\/uploads\/2018\/02\/cudeca-logo.png\",\"width\":2121,\"height\":984,\"caption\":\"Fundaci\u00f3n Cudeca\"},\"image\":{\"@id\":\"https:\/\/www.cudeca.org\/#\/schema\/logo\/image\/\"}},{\"@type\":\"WebSite\",\"@id\":\"https:\/\/www.cudeca.org\/#website\",\"url\":\"https:\/\/www.cudeca.org\/\",\"name\":\"Fundaci\u00f3n Cudeca\",\"description\":\"Cudeca Hospice\",\"publisher\":{\"@id\":\"https:\/\/www.cudeca.org\/#organization\"},\"potentialAction\":[{\"@type\":\"SearchAction\",\"target\":{\"@type\":\"EntryPoint\",\"urlTemplate\":\"https:\/\/www.cudeca.org\/?s={search_term_string}\"},\"query-input\":\"required name=search_term_string\"}],\"inLanguage\":\"en-US\"},{\"@type\":\"WebPage\",\"@id\":\"https:\/\/www.cudeca.org\/en\/?p=27601\",\"url\":\"https:\/\/www.cudeca.org\/en\/?p=27601\",\"name\":\"Ana Crism\u00e1n leaves audience in love with her Harp Jonda at concert for Cudeca in Buchinger Clinique - Cudeca Cancer Care Hospice\",\"isPartOf\":{\"@id\":\"https:\/\/www.cudeca.org\/#website\"},\"datePublished\":\"2022-07-21T14:01:52+00:00\",\"dateModified\":\"2022-07-21T14:01:52+00:00\",\"breadcrumb\":{\"@id\":\"https:\/\/www.cudeca.org\/en\/?p=27601#breadcrumb\"},\"inLanguage\":\"en-US\",\"potentialAction\":[{\"@type\":\"ReadAction\",\"target\":[\"https:\/\/www.cudeca.org\/en\/?p=27601\"]}]},{\"@type\":\"BreadcrumbList\",\"@id\":\"https:\/\/www.cudeca.org\/en\/?p=27601#breadcrumb\",\"itemListElement\":[{\"@type\":\"ListItem\",\"position\":1,\"name\":\"Portada\",\"item\":\"https:\/\/www.cudeca.org\/\"},{\"@type\":\"ListItem\",\"position\":2,\"name\":\"Ana Crism\u00e1n leaves audience in love with her Harp Jonda at concert for Cudeca in Buchinger Clinique\"}]},{\"@type\":\"Article\",\"@id\":\"https:\/\/www.cudeca.org\/en\/?p=27601#article\",\"isPartOf\":{\"@id\":\"https:\/\/www.cudeca.org\/en\/?p=27601\"},\"author\":{\"name\":\"Esther\",\"@id\":\"https:\/\/www.cudeca.org\/#\/schema\/person\/0a250b4dd0c3a661b9e843eec8eb190f\"},\"headline\":\"Ana Crism\u00e1n leaves audience in love with her Harp Jonda at concert for Cudeca in Buchinger Clinique\",\"datePublished\":\"2022-07-21T14:01:52+00:00\",\"dateModified\":\"2022-07-21T14:01:52+00:00\",\"mainEntityOfPage\":{\"@id\":\"https:\/\/www.cudeca.org\/en\/?p=27601\"},\"wordCount\":815,\"commentCount\":0,\"publisher\":{\"@id\":\"https:\/\/www.cudeca.org\/#organization\"},\"articleSection\":[\"\",\"Sin categor\u00eda\"],\"inLanguage\":\"en-US\",\"potentialAction\":[{\"@type\":\"CommentAction\",\"name\":\"Comment\",\"target\":[\"https:\/\/www.cudeca.org\/en\/?p=27601#respond\"]}]},{\"@type\":\"Person\",\"@id\":\"https:\/\/www.cudeca.org\/#\/schema\/person\/0a250b4dd0c3a661b9e843eec8eb190f\",\"name\":\"Esther\",\"image\":{\"@type\":\"ImageObject\",\"inLanguage\":\"en-US\",\"@id\":\"https:\/\/www.cudeca.org\/#\/schema\/person\/image\/\",\"url\":\"https:\/\/secure.gravatar.com\/avatar\/b4d1f8d9c1e0ea63e4c07e4fcefb9157?s=96&d=mm&r=g\",\"contentUrl\":\"https:\/\/secure.gravatar.com\/avatar\/b4d1f8d9c1e0ea63e4c07e4fcefb9157?s=96&d=mm&r=g\",\"caption\":\"Esther\"}}]}<\/script>\n<!-- \/ Yoast SEO plugin. -->","yoast_head_json":{"title":"Ana Crism\u00e1n leaves audience in love with her Harp Jonda at concert for Cudeca in Buchinger Clinique - Cudeca Cancer Care Hospice","robots":{"index":"index","follow":"follow","max-snippet":"max-snippet:-1","max-image-preview":"max-image-preview:large","max-video-preview":"max-video-preview:-1"},"canonical":"https:\/\/www.cudeca.org\/en\/?p=27601","og_locale":"en_US","og_type":"article","og_title":"Ana Crism\u00e1n leaves audience in love with her Harp Jonda at concert for Cudeca in Buchinger Clinique - Cudeca Cancer Care Hospice","og_description":"[vc_row][vc_column][vc_column_text] The Buchinger Whilhelmi Clinic&#8217;s charity concert raises more than \u20ac1,200 to help Cudeca and resume its solidarity activity with the foundation. Ana Crism\u00e1n&#8217;s jondo harp left an audience in love with her art at her charity concert for Cudeca at the Buchinger Clinic in Marbella on 14 July. \u00a0 After a break of more [&hellip;]","og_url":"https:\/\/www.cudeca.org\/en\/?p=27601","og_site_name":"Cudeca Cancer Care Hospice","article_publisher":"https:\/\/www.facebook.com\/AmigosDeCudeca","article_published_time":"2022-07-21T14:01:52+00:00","og_image":[{"width":1920,"height":2560,"url":"https:\/\/www.cudeca.org\/wp-content\/uploads\/2022\/07\/Ana-Crisman-Marisa-Martin-Kati-Rohrer-Zaiser-scaled.jpg","type":"image\/jpeg"}],"author":"Esther","twitter_card":"summary_large_image","twitter_creator":"@cudeca","twitter_site":"@cudeca","twitter_misc":{"Written by":"Esther","Est. reading time":"2 minutes"},"schema":{"@context":"https:\/\/schema.org","@graph":[{"@type":"Organization","@id":"https:\/\/www.cudeca.org\/#organization","name":"Fundaci\u00f3n Cudeca","url":"https:\/\/www.cudeca.org\/","sameAs":["https:\/\/www.youtube.com\/c\/cudecamalaga","https:\/\/www.facebook.com\/AmigosDeCudeca","https:\/\/twitter.com\/cudeca"],"logo":{"@type":"ImageObject","inLanguage":"en-US","@id":"https:\/\/www.cudeca.org\/#\/schema\/logo\/image\/","url":"https:\/\/www.cudeca.org\/wp-content\/uploads\/2018\/02\/cudeca-logo.png","contentUrl":"https:\/\/www.cudeca.org\/wp-content\/uploads\/2018\/02\/cudeca-logo.png","width":2121,"height":984,"caption":"Fundaci\u00f3n Cudeca"},"image":{"@id":"https:\/\/www.cudeca.org\/#\/schema\/logo\/image\/"}},{"@type":"WebSite","@id":"https:\/\/www.cudeca.org\/#website","url":"https:\/\/www.cudeca.org\/","name":"Fundaci\u00f3n Cudeca","description":"Cudeca Hospice","publisher":{"@id":"https:\/\/www.cudeca.org\/#organization"},"potentialAction":[{"@type":"SearchAction","target":{"@type":"EntryPoint","urlTemplate":"https:\/\/www.cudeca.org\/?s={search_term_string}"},"query-input":"required name=search_term_string"}],"inLanguage":"en-US"},{"@type":"WebPage","@id":"https:\/\/www.cudeca.org\/en\/?p=27601","url":"https:\/\/www.cudeca.org\/en\/?p=27601","name":"Ana Crism\u00e1n leaves audience in love with her Harp Jonda at concert for Cudeca in Buchinger Clinique - Cudeca Cancer Care Hospice","isPartOf":{"@id":"https:\/\/www.cudeca.org\/#website"},"datePublished":"2022-07-21T14:01:52+00:00","dateModified":"2022-07-21T14:01:52+00:00","breadcrumb":{"@id":"https:\/\/www.cudeca.org\/en\/?p=27601#breadcrumb"},"inLanguage":"en-US","potentialAction":[{"@type":"ReadAction","target":["https:\/\/www.cudeca.org\/en\/?p=27601"]}]},{"@type":"BreadcrumbList","@id":"https:\/\/www.cudeca.org\/en\/?p=27601#breadcrumb","itemListElement":[{"@type":"ListItem","position":1,"name":"Portada","item":"https:\/\/www.cudeca.org\/"},{"@type":"ListItem","position":2,"name":"Ana Crism\u00e1n leaves audience in love with her Harp Jonda at concert for Cudeca in Buchinger Clinique"}]},{"@type":"Article","@id":"https:\/\/www.cudeca.org\/en\/?p=27601#article","isPartOf":{"@id":"https:\/\/www.cudeca.org\/en\/?p=27601"},"author":{"name":"Esther","@id":"https:\/\/www.cudeca.org\/#\/schema\/person\/0a250b4dd0c3a661b9e843eec8eb190f"},"headline":"Ana Crism\u00e1n leaves audience in love with her Harp Jonda at concert for Cudeca in Buchinger Clinique","datePublished":"2022-07-21T14:01:52+00:00","dateModified":"2022-07-21T14:01:52+00:00","mainEntityOfPage":{"@id":"https:\/\/www.cudeca.org\/en\/?p=27601"},"wordCount":815,"commentCount":0,"publisher":{"@id":"https:\/\/www.cudeca.org\/#organization"},"articleSection":["","Sin categor\u00eda"],"inLanguage":"en-US","potentialAction":[{"@type":"CommentAction","name":"Comment","target":["https:\/\/www.cudeca.org\/en\/?p=27601#respond"]}]},{"@type":"Person","@id":"https:\/\/www.cudeca.org\/#\/schema\/person\/0a250b4dd0c3a661b9e843eec8eb190f","name":"Esther","image":{"@type":"ImageObject","inLanguage":"en-US","@id":"https:\/\/www.cudeca.org\/#\/schema\/person\/image\/","url":"https:\/\/secure.gravatar.com\/avatar\/b4d1f8d9c1e0ea63e4c07e4fcefb9157?s=96&d=mm&r=g","contentUrl":"https:\/\/secure.gravatar.com\/avatar\/b4d1f8d9c1e0ea63e4c07e4fcefb9157?s=96&d=mm&r=g","caption":"Esther"}}]}},"_links":{"self":[{"href":"https:\/\/www.cudeca.org\/en\/wp-json\/wp\/v2\/posts\/27601"}],"collection":[{"href":"https:\/\/www.cudeca.org\/en\/wp-json\/wp\/v2\/posts"}],"about":[{"href":"https:\/\/www.cudeca.org\/en\/wp-json\/wp\/v2\/types\/post"}],"author":[{"embeddable":true,"href":"https:\/\/www.cudeca.org\/en\/wp-json\/wp\/v2\/users\/6"}],"replies":[{"embeddable":true,"href":"https:\/\/www.cudeca.org\/en\/wp-json\/wp\/v2\/comments?post=27601"}],"version-history":[{"count":1,"href":"https:\/\/www.cudeca.org\/en\/wp-json\/wp\/v2\/posts\/27601\/revisions"}],"predecessor-version":[{"id":27603,"href":"https:\/\/www.cudeca.org\/en\/wp-json\/wp\/v2\/posts\/27601\/revisions\/27603"}],"wp:featuredmedia":[{"embeddable":true,"href":"https:\/\/www.cudeca.org\/en\/wp-json\/wp\/v2\/media\/27602"}],"wp:attachment":[{"href":"https:\/\/www.cudeca.org\/en\/wp-json\/wp\/v2\/media?parent=27601"}],"wp:term":[{"taxonomy":"category","embeddable":true,"href":"https:\/\/www.cudeca.org\/en\/wp-json\/wp\/v2\/categories?post=27601"},{"taxonomy":"post_tag","embeddable":true,"href":"https:\/\/www.cudeca.org\/en\/wp-json\/wp\/v2\/tags?post=27601"}],"curies":[{"name":"wp","href":"https:\/\/api.w.org\/{rel}","templated":true}]}}