{"id":27560,"date":"2022-07-01T17:46:51","date_gmt":"2022-07-01T17:46:51","guid":{"rendered":"https:\/\/www.cudeca.org\/?p=27560"},"modified":"2022-08-05T09:03:07","modified_gmt":"2022-08-05T09:03:07","slug":"la-fundacion-cudeca-celebra-la-clausura-de-la-campana-joan-hunt-una-entre-un-millon-con-una-recaudacion-de-mas-de-400-000e","status":"publish","type":"post","link":"https:\/\/www.cudeca.org\/en\/actualidad\/cudeca-foundation-celebrates-the-clausure-of-the-campaign-joan-hunt-one-in-a-million-with-a-collection-of-more-than-e400000\/","title":{"rendered":"Cudeca Foundation celebrates the clausure of the campaign &#8220;Joan Hunt, one in a million&#8221;  with a collection of more than \u20ac400,000"},"content":{"rendered":"<div class=\"wpb-content-wrapper\"><p>[vc_row][vc_column][vc_column_text]<strong>Cudeca Foundation celebrated the closing ceremony of the &#8220;Joan Hunt, One in a Million&#8221; campaign with a fundraising of more than \u20ac400,000 a<\/strong><strong>ccompanied by representatives of institutions such as La Caixa Foundation, Junta de Andaluc\u00eda, Diputaci\u00f3n de M\u00e1laga, Ayuntamiento de Benalm\u00e1dena, as well as media, sponsors, donors and members of the Malaga community, Cudeca presented the results of the campaign and the project plan of the paediatric unit with emotion and great commitment.<\/strong><\/p>\n<p><strong>One of the emotional moments of the ceremony was the presentation of the Cudeca Insignia to the Cudeca Goldies, a group of British origin who have been holding charity events exclusively for Cudeca since 2014 as representatives of the English-speaking community, and the announcement of the presentation of the Cudeca Insignia to the Library of Arroyo de la Miel (Benalm\u00e1dena) for its long history of solidarity through its street markets to help maintain the palliative care offered by Cudeca on behalf of the Spanish-speaking community.<\/strong><\/p>\n<p>This campaign aimed to pay tribute to Joan Hunt, who was a pioneer of palliative care in Spain and founder of Cudeca (recently one year after her death), and to raise \u20ac1,000,000 to create and manage the Paediatric Palliative Care Unit for 4 years. <a href=\"http:\/\/www.unaentreunmillon.es\">www.unaentreunmillon.es<\/a><\/p>\n<p>During the closing ceremony of the &#8220;Joan Hunt, One in a Million&#8221; campaign held yesterday, Thursday, 30 June 2022 at the Dr Yusuf Hamied Cudeca Institute, <strong>Cudeca&#8217;s Chief Executive and Medical Director, Dr Marisa Mart\u00edn Rosell\u00f3<\/strong>, explained the project of this unit which will provide specialised comprehensive care and compassionate accompaniment to children and adolescents, as well as their families including not only parents, but also siblings, grandparents, aunts and uncles&#8230; in short, the whole family. An expert team of professionals (doctors, psychologists, nurses, social workers, physiotherapists, music, art and play therapists, teachers&#8230;) and volunteers will be on hand to care both at home and at the Cudeca Centre with the Paediatric Palliative Care Day Unit and in room n\u00ba10, Joan Hunt&#8217;s home, the Inpatient Unit. In Marisa\u00b4s own words: &#8220;I am very excited about the idea of finally being able to build this Cudeca Paediatric Palliative Care unit. The need for paediatric end-of-life care is real. It is an honour to be able to offer through Cudeca a unique space for children, their families&#8230; and pets to feel at home. It is very important to us that these families know they are not alone, and I am sure Joan wanted this too. Thank you all so much for helping us to make this possible&#8221;. Dr. Marisa Mart\u00edn Rosell\u00f3 was supported by one of <strong>Cudeca&#8217;s trustees and Director of the Radiation Oncology Unit of the Regional Hospital, Dr. Ismael Herruzo<\/strong>, to present the financial results of the campaign, announcing the magnificent collection of \u20ac400,000 thanks to all the institutions, collaborators, sponsors, donors and organisers of solidarity events. The \u20ac1,000,000 target is expected to be reached with the help of the benefactor of the Cudeca Institute Building, Dr. Yusuf Hamied, after whom it is named.<\/p>\n<p><strong>Martin Nathan, CEO of Talk Radio Europe,<\/strong> one of the most powerful English-language radio stations on the Costa del Sol, Murcia and Valencia and the originator of the name of the campaign, attended the closing ceremony where he told the story of how he came up with the name of the campaign. His close relationship with the late Joan Hunt for more than 20 years marked the moment he learned of her death. At that moment he realised that: &#8220;Joan was a one in a million woman and came up with the name &#8220;one in a million&#8221; to seek a goal as lofty as her, i.e. one million euros to make Cudeca&#8217;s founder&#8217;s last wishes come true: to make her home a home for so many families in the last moments of life&#8221;, as he explained in his speech.<\/p>\n<p><strong>The Cudeca Goldies<\/strong>, a British based group who have been running charity events for Cudeca since 2014, were chosen to receive the Cudeca Insignia 2022, to show the Foundation&#8217;s respect for the tireless work of this group who have been able to raise over \u20ac150,000 over the years exclusively for the Cudeca Foundation.\u00a0 <strong>Suzy Rowe, leader of the Cudeca Goldies group<\/strong>, added with emotion: &#8220;It is a great honour for me personally to receive this award from Cudeca in recognition and I know I speak for the whole group when I say that it is a privilege to be able to help this Foundation in its work to provide palliative care to so many people in need, and we will continue to do so for many years to come because it is our commitment to Joan Hunt and to Cudeca&#8221;. In addition, the Cudeca Foundation announced the award of the Cudeca Insignia for the representation of the Spanish-speaking community to the <strong>Library of Arroyo de la Miel<\/strong> (Benalm\u00e1dena) for their tireless work in selling books at their charity markets, which will be presented at a later date.<\/p>\n<p>Finally, <strong>the paediatrician who will carry out paediatric care from the paediatric palliative care unit, Dr Ana Devesa<\/strong>, explained the project in detail and added: &#8220;It is important for everyone to understand that the needs of a child or adolescent in palliative care are very specific and quite different from the needs of adults. For the youngest, palliative care begins with the diagnosis. The palliative care process is much longer than for adults, so the resources we need to implement our care are urgent and will determine the quality of care. I am very happy to be part of this project and I have full confidence in the community&#8217;s ability to help us develop it to the best of our ability\u201d.<\/p>\n<p>&nbsp;<\/p>\n<p><img loading=\"lazy\" class=\"alignnone wp-image-27567 size-large\" src=\"https:\/\/www.cudeca.org\/wp-content\/uploads\/2022\/07\/220630-Clausura-Una-entre-un-millon-CUDECA-01-Grupo-1024x682.jpg\" alt=\"\" width=\"840\" height=\"559\" srcset=\"https:\/\/www.cudeca.org\/wp-content\/uploads\/2022\/07\/220630-Clausura-Una-entre-un-millon-CUDECA-01-Grupo-1024x682.jpg 1024w, https:\/\/www.cudeca.org\/wp-content\/uploads\/2022\/07\/220630-Clausura-Una-entre-un-millon-CUDECA-01-Grupo-300x200.jpg 300w, https:\/\/www.cudeca.org\/wp-content\/uploads\/2022\/07\/220630-Clausura-Una-entre-un-millon-CUDECA-01-Grupo-768x512.jpg 768w, https:\/\/www.cudeca.org\/wp-content\/uploads\/2022\/07\/220630-Clausura-Una-entre-un-millon-CUDECA-01-Grupo-1536x1024.jpg 1536w, https:\/\/www.cudeca.org\/wp-content\/uploads\/2022\/07\/220630-Clausura-Una-entre-un-millon-CUDECA-01-Grupo.jpg 1772w\" sizes=\"(max-width: 709px) 85vw, (max-width: 909px) 67vw, (max-width: 1362px) 62vw, 840px\" \/><\/p>\n<p>&nbsp;<\/p>\n<p><img loading=\"lazy\" class=\"alignnone size-medium wp-image-27568\" src=\"https:\/\/www.cudeca.org\/wp-content\/uploads\/2022\/07\/220630-Clausura-Una-entre-un-millon-CUDECA-02-Carlos-Bautista-Maria-Dolores-Fernandez-Trinidad-MM-Ana-Carmen-Mata-Gerardo-Cuartero-Ana-Maria-Jimenez-300x200.jpg\" alt=\"\" width=\"300\" height=\"200\" srcset=\"https:\/\/www.cudeca.org\/wp-content\/uploads\/2022\/07\/220630-Clausura-Una-entre-un-millon-CUDECA-02-Carlos-Bautista-Maria-Dolores-Fernandez-Trinidad-MM-Ana-Carmen-Mata-Gerardo-Cuartero-Ana-Maria-Jimenez-300x200.jpg 300w, https:\/\/www.cudeca.org\/wp-content\/uploads\/2022\/07\/220630-Clausura-Una-entre-un-millon-CUDECA-02-Carlos-Bautista-Maria-Dolores-Fernandez-Trinidad-MM-Ana-Carmen-Mata-Gerardo-Cuartero-Ana-Maria-Jimenez-1024x682.jpg 1024w, https:\/\/www.cudeca.org\/wp-content\/uploads\/2022\/07\/220630-Clausura-Una-entre-un-millon-CUDECA-02-Carlos-Bautista-Maria-Dolores-Fernandez-Trinidad-MM-Ana-Carmen-Mata-Gerardo-Cuartero-Ana-Maria-Jimenez-768x512.jpg 768w, https:\/\/www.cudeca.org\/wp-content\/uploads\/2022\/07\/220630-Clausura-Una-entre-un-millon-CUDECA-02-Carlos-Bautista-Maria-Dolores-Fernandez-Trinidad-MM-Ana-Carmen-Mata-Gerardo-Cuartero-Ana-Maria-Jimenez-1536x1024.jpg 1536w, https:\/\/www.cudeca.org\/wp-content\/uploads\/2022\/07\/220630-Clausura-Una-entre-un-millon-CUDECA-02-Carlos-Bautista-Maria-Dolores-Fernandez-Trinidad-MM-Ana-Carmen-Mata-Gerardo-Cuartero-Ana-Maria-Jimenez.jpg 1772w\" sizes=\"(max-width: 300px) 85vw, 300px\" \/>\u00a0 \u00a0 <img loading=\"lazy\" class=\"alignnone size-medium wp-image-27565\" src=\"https:\/\/www.cudeca.org\/wp-content\/uploads\/2022\/07\/220630-Clausura-Una-entre-un-millon-CUDECA-03-la-Caixa-300x200.jpg\" alt=\"\" width=\"300\" height=\"200\" srcset=\"https:\/\/www.cudeca.org\/wp-content\/uploads\/2022\/07\/220630-Clausura-Una-entre-un-millon-CUDECA-03-la-Caixa-300x200.jpg 300w, https:\/\/www.cudeca.org\/wp-content\/uploads\/2022\/07\/220630-Clausura-Una-entre-un-millon-CUDECA-03-la-Caixa-1024x682.jpg 1024w, https:\/\/www.cudeca.org\/wp-content\/uploads\/2022\/07\/220630-Clausura-Una-entre-un-millon-CUDECA-03-la-Caixa-768x512.jpg 768w, https:\/\/www.cudeca.org\/wp-content\/uploads\/2022\/07\/220630-Clausura-Una-entre-un-millon-CUDECA-03-la-Caixa-1536x1024.jpg 1536w, https:\/\/www.cudeca.org\/wp-content\/uploads\/2022\/07\/220630-Clausura-Una-entre-un-millon-CUDECA-03-la-Caixa.jpg 1772w\" sizes=\"(max-width: 300px) 85vw, 300px\" \/>\u00a0 \u00a0 \u00a0\u00a0<img loading=\"lazy\" class=\"alignnone wp-image-27569\" src=\"https:\/\/www.cudeca.org\/wp-content\/uploads\/2022\/07\/220630-Clausura-Una-entre-un-millon-CUDECA-TRE-300x225.jpg\" alt=\"\" width=\"271\" height=\"203\" srcset=\"https:\/\/www.cudeca.org\/wp-content\/uploads\/2022\/07\/220630-Clausura-Una-entre-un-millon-CUDECA-TRE-300x225.jpg 300w, https:\/\/www.cudeca.org\/wp-content\/uploads\/2022\/07\/220630-Clausura-Una-entre-un-millon-CUDECA-TRE-1024x768.jpg 1024w, https:\/\/www.cudeca.org\/wp-content\/uploads\/2022\/07\/220630-Clausura-Una-entre-un-millon-CUDECA-TRE-768x576.jpg 768w, https:\/\/www.cudeca.org\/wp-content\/uploads\/2022\/07\/220630-Clausura-Una-entre-un-millon-CUDECA-TRE-1536x1152.jpg 1536w, https:\/\/www.cudeca.org\/wp-content\/uploads\/2022\/07\/220630-Clausura-Una-entre-un-millon-CUDECA-TRE.jpg 1772w\" sizes=\"(max-width: 271px) 85vw, 271px\" \/><br \/>\nJunta de Andaluc\u00eda\u00a0 \u00a0 \u00a0 \u00a0 \u00a0 \u00a0 \u00a0 \u00a0 \u00a0 \u00a0 \u00a0 \u00a0 \u00a0 \u00a0 \u00a0 \u00a0 \u00a0 \u00a0 \u00a0 \u00a0 \u00a0 \u00a0 \u00a0 \u00a0 \u00a0 \u00a0 \u00a0 \u00a0 \u00a0 \u00a0 \u00a0 \u00a0 \u00a0 \u00a0 \u00a0 \u00a0 \u00a0&#8220;la Caixa&#8221;\u00a0 \u00a0 \u00a0 \u00a0 \u00a0 \u00a0 \u00a0 \u00a0 \u00a0 \u00a0 \u00a0 \u00a0 \u00a0 \u00a0 \u00a0 \u00a0 \u00a0 \u00a0 \u00a0 \u00a0 \u00a0 \u00a0 \u00a0 \u00a0 \u00a0 \u00a0 \u00a0Talk Radio Europe<\/p>\n<p><img loading=\"lazy\" class=\"alignnone size-medium wp-image-27570\" src=\"https:\/\/www.cudeca.org\/wp-content\/uploads\/2022\/07\/220630-Clausura-Una-entre-un-millon-CUDECA-Cudeca-Goldies-Insignia-de-Oro-300x227.jpg\" alt=\"\" width=\"300\" height=\"227\" srcset=\"https:\/\/www.cudeca.org\/wp-content\/uploads\/2022\/07\/220630-Clausura-Una-entre-un-millon-CUDECA-Cudeca-Goldies-Insignia-de-Oro-300x227.jpg 300w, https:\/\/www.cudeca.org\/wp-content\/uploads\/2022\/07\/220630-Clausura-Una-entre-un-millon-CUDECA-Cudeca-Goldies-Insignia-de-Oro-1024x775.jpg 1024w, https:\/\/www.cudeca.org\/wp-content\/uploads\/2022\/07\/220630-Clausura-Una-entre-un-millon-CUDECA-Cudeca-Goldies-Insignia-de-Oro-768x581.jpg 768w, https:\/\/www.cudeca.org\/wp-content\/uploads\/2022\/07\/220630-Clausura-Una-entre-un-millon-CUDECA-Cudeca-Goldies-Insignia-de-Oro-1536x1163.jpg 1536w, https:\/\/www.cudeca.org\/wp-content\/uploads\/2022\/07\/220630-Clausura-Una-entre-un-millon-CUDECA-Cudeca-Goldies-Insignia-de-Oro-2048x1550.jpg 2048w\" sizes=\"(max-width: 300px) 85vw, 300px\" \/>\u00a0 \u00a0 \u00a0 <img loading=\"lazy\" class=\"alignnone size-medium wp-image-27572\" src=\"https:\/\/www.cudeca.org\/wp-content\/uploads\/2022\/07\/220630-Clausura-Una-entre-un-millon-CUDECA-Colegio-Enfermeria-Malaga-300x225.jpg\" alt=\"\" width=\"300\" height=\"225\" srcset=\"https:\/\/www.cudeca.org\/wp-content\/uploads\/2022\/07\/220630-Clausura-Una-entre-un-millon-CUDECA-Colegio-Enfermeria-Malaga-300x225.jpg 300w, https:\/\/www.cudeca.org\/wp-content\/uploads\/2022\/07\/220630-Clausura-Una-entre-un-millon-CUDECA-Colegio-Enfermeria-Malaga-1024x768.jpg 1024w, https:\/\/www.cudeca.org\/wp-content\/uploads\/2022\/07\/220630-Clausura-Una-entre-un-millon-CUDECA-Colegio-Enfermeria-Malaga-768x576.jpg 768w, https:\/\/www.cudeca.org\/wp-content\/uploads\/2022\/07\/220630-Clausura-Una-entre-un-millon-CUDECA-Colegio-Enfermeria-Malaga-1536x1152.jpg 1536w, https:\/\/www.cudeca.org\/wp-content\/uploads\/2022\/07\/220630-Clausura-Una-entre-un-millon-CUDECA-Colegio-Enfermeria-Malaga.jpg 1772w\" sizes=\"(max-width: 300px) 85vw, 300px\" \/><br \/>\nCudeca Goldies\u00a0 \u00a0 \u00a0 \u00a0 \u00a0 \u00a0 \u00a0 \u00a0 \u00a0 \u00a0 \u00a0 \u00a0 \u00a0 \u00a0 \u00a0 \u00a0 \u00a0 \u00a0 \u00a0 \u00a0 \u00a0 \u00a0 \u00a0 \u00a0 \u00a0 \u00a0 \u00a0 \u00a0 \u00a0 Colegio Oficial de Enfermer\u00eda de M\u00e1laga[\/vc_column_text][\/vc_column][\/vc_row]<\/p>\n<\/div>","protected":false},"excerpt":{"rendered":"<p>[vc_row][vc_column][vc_column_text]Cudeca Foundation celebrated the closing ceremony of the &#8220;Joan Hunt, One in a Million&#8221; campaign with a fundraising of more than \u20ac400,000 accompanied by representatives of institutions such as La Caixa Foundation, Junta de Andaluc\u00eda, Diputaci\u00f3n de M\u00e1laga, Ayuntamiento de Benalm\u00e1dena, as well as media, sponsors, donors and members of the Malaga community, Cudeca presented [&hellip;]<\/p>\n","protected":false},"author":2,"featured_media":27561,"comment_status":"open","ping_status":"open","sticky":false,"template":"","format":"standard","meta":[],"categories":[15],"tags":[],"yoast_head":"<!-- This site is optimized with the Yoast SEO plugin v19.4 - https:\/\/yoast.com\/wordpress\/plugins\/seo\/ -->\n<title>Cudeca Foundation celebrates the clausure of the campaign &quot;Joan Hunt, one in a million&quot; with a collection of more than \u20ac400,000 - Cudeca Cancer Care Hospice<\/title>\n<meta name=\"robots\" content=\"index, follow, max-snippet:-1, max-image-preview:large, max-video-preview:-1\" \/>\n<link rel=\"canonical\" href=\"https:\/\/www.cudeca.org\/?p=27560\" \/>\n<meta property=\"og:locale\" content=\"en_US\" \/>\n<meta property=\"og:type\" content=\"article\" \/>\n<meta property=\"og:title\" content=\"Cudeca Foundation celebrates the clausure of the campaign &quot;Joan Hunt, one in a million&quot; with a collection of more than \u20ac400,000 - Cudeca Cancer Care Hospice\" \/>\n<meta property=\"og:description\" content=\"[vc_row][vc_column][vc_column_text]Cudeca Foundation celebrated the closing ceremony of the &#8220;Joan Hunt, One in a Million&#8221; campaign with a fundraising of more than \u20ac400,000 accompanied by representatives of institutions such as La Caixa Foundation, Junta de Andaluc\u00eda, Diputaci\u00f3n de M\u00e1laga, Ayuntamiento de Benalm\u00e1dena, as well as media, sponsors, donors and members of the Malaga community, Cudeca presented [&hellip;]\" \/>\n<meta property=\"og:url\" content=\"https:\/\/www.cudeca.org\/?p=27560\" \/>\n<meta property=\"og:site_name\" content=\"Cudeca Cancer Care Hospice\" \/>\n<meta property=\"article:publisher\" content=\"https:\/\/www.facebook.com\/AmigosDeCudeca\" \/>\n<meta property=\"article:published_time\" content=\"2022-07-01T17:46:51+00:00\" \/>\n<meta property=\"article:modified_time\" content=\"2022-08-05T09:03:07+00:00\" \/>\n<meta property=\"og:image\" content=\"https:\/\/www.cudeca.org\/wp-content\/uploads\/2022\/07\/220630-Clausura-Una-entre-un-millon-CUDECA-.-Instituciones-Martin-Nathan-Goldies-grupo.jpg\" \/>\n\t<meta property=\"og:image:width\" content=\"1772\" \/>\n\t<meta property=\"og:image:height\" content=\"1181\" \/>\n\t<meta property=\"og:image:type\" content=\"image\/jpeg\" \/>\n<meta name=\"author\" content=\"angel\" \/>\n<meta name=\"twitter:card\" content=\"summary_large_image\" \/>\n<meta name=\"twitter:creator\" content=\"@cudeca\" \/>\n<meta name=\"twitter:site\" content=\"@cudeca\" \/>\n<meta name=\"twitter:label1\" content=\"Written by\" \/>\n\t<meta name=\"twitter:data1\" content=\"angel\" \/>\n\t<meta name=\"twitter:label2\" content=\"Est. reading time\" \/>\n\t<meta name=\"twitter:data2\" content=\"7 minutes\" \/>\n<script type=\"application\/ld+json\" class=\"yoast-schema-graph\">{\"@context\":\"https:\/\/schema.org\",\"@graph\":[{\"@type\":\"Organization\",\"@id\":\"https:\/\/www.cudeca.org\/#organization\",\"name\":\"Fundaci\u00f3n Cudeca\",\"url\":\"https:\/\/www.cudeca.org\/\",\"sameAs\":[\"https:\/\/www.youtube.com\/c\/cudecamalaga\",\"https:\/\/www.facebook.com\/AmigosDeCudeca\",\"https:\/\/twitter.com\/cudeca\"],\"logo\":{\"@type\":\"ImageObject\",\"inLanguage\":\"en-US\",\"@id\":\"https:\/\/www.cudeca.org\/#\/schema\/logo\/image\/\",\"url\":\"https:\/\/www.cudeca.org\/wp-content\/uploads\/2018\/02\/cudeca-logo.png\",\"contentUrl\":\"https:\/\/www.cudeca.org\/wp-content\/uploads\/2018\/02\/cudeca-logo.png\",\"width\":2121,\"height\":984,\"caption\":\"Fundaci\u00f3n Cudeca\"},\"image\":{\"@id\":\"https:\/\/www.cudeca.org\/#\/schema\/logo\/image\/\"}},{\"@type\":\"WebSite\",\"@id\":\"https:\/\/www.cudeca.org\/#website\",\"url\":\"https:\/\/www.cudeca.org\/\",\"name\":\"Fundaci\u00f3n Cudeca\",\"description\":\"Cudeca Hospice\",\"publisher\":{\"@id\":\"https:\/\/www.cudeca.org\/#organization\"},\"potentialAction\":[{\"@type\":\"SearchAction\",\"target\":{\"@type\":\"EntryPoint\",\"urlTemplate\":\"https:\/\/www.cudeca.org\/?s={search_term_string}\"},\"query-input\":\"required name=search_term_string\"}],\"inLanguage\":\"en-US\"},{\"@type\":\"WebPage\",\"@id\":\"https:\/\/www.cudeca.org\/?p=27560\",\"url\":\"https:\/\/www.cudeca.org\/?p=27560\",\"name\":\"Cudeca Foundation celebrates the clausure of the campaign \\\"Joan Hunt, one in a million\\\" with a collection of more than \u20ac400,000 - Cudeca Cancer Care Hospice\",\"isPartOf\":{\"@id\":\"https:\/\/www.cudeca.org\/#website\"},\"datePublished\":\"2022-07-01T17:46:51+00:00\",\"dateModified\":\"2022-08-05T09:03:07+00:00\",\"breadcrumb\":{\"@id\":\"https:\/\/www.cudeca.org\/?p=27560#breadcrumb\"},\"inLanguage\":\"en-US\",\"potentialAction\":[{\"@type\":\"ReadAction\",\"target\":[\"https:\/\/www.cudeca.org\/?p=27560\"]}]},{\"@type\":\"BreadcrumbList\",\"@id\":\"https:\/\/www.cudeca.org\/?p=27560#breadcrumb\",\"itemListElement\":[{\"@type\":\"ListItem\",\"position\":1,\"name\":\"Portada\",\"item\":\"https:\/\/www.cudeca.org\/\"},{\"@type\":\"ListItem\",\"position\":2,\"name\":\"La Fundaci\u00f3n Cudeca celebra la clausura de la campa\u00f1a \u201cJoan Hunt, una entre un mill\u00f3n\u201d con una recaudaci\u00f3n de m\u00e1s de 400.000\u20ac\"}]},{\"@type\":\"Article\",\"@id\":\"https:\/\/www.cudeca.org\/?p=27560#article\",\"isPartOf\":{\"@id\":\"https:\/\/www.cudeca.org\/?p=27560\"},\"author\":{\"name\":\"angel\",\"@id\":\"https:\/\/www.cudeca.org\/#\/schema\/person\/320934aa099c37e69d4148721ba3e4be\"},\"headline\":\"Cudeca Foundation celebrates the clausure of the campaign &#8220;Joan Hunt, one in a million&#8221; with a collection of more than \u20ac400,000\",\"datePublished\":\"2022-07-01T17:46:51+00:00\",\"dateModified\":\"2022-08-05T09:03:07+00:00\",\"mainEntityOfPage\":{\"@id\":\"https:\/\/www.cudeca.org\/?p=27560\"},\"wordCount\":2399,\"commentCount\":0,\"publisher\":{\"@id\":\"https:\/\/www.cudeca.org\/#organization\"},\"articleSection\":[\"\"],\"inLanguage\":\"en-US\",\"potentialAction\":[{\"@type\":\"CommentAction\",\"name\":\"Comment\",\"target\":[\"https:\/\/www.cudeca.org\/?p=27560#respond\"]}]},{\"@type\":\"Person\",\"@id\":\"https:\/\/www.cudeca.org\/#\/schema\/person\/320934aa099c37e69d4148721ba3e4be\",\"name\":\"angel\",\"image\":{\"@type\":\"ImageObject\",\"inLanguage\":\"en-US\",\"@id\":\"https:\/\/www.cudeca.org\/#\/schema\/person\/image\/\",\"url\":\"https:\/\/secure.gravatar.com\/avatar\/91b6f0e62d069005f36feb58e1ffda2c?s=96&d=mm&r=g\",\"contentUrl\":\"https:\/\/secure.gravatar.com\/avatar\/91b6f0e62d069005f36feb58e1ffda2c?s=96&d=mm&r=g\",\"caption\":\"angel\"}}]}<\/script>\n<!-- \/ Yoast SEO plugin. -->","yoast_head_json":{"title":"Cudeca Foundation celebrates the clausure of the campaign \"Joan Hunt, one in a million\" with a collection of more than \u20ac400,000 - Cudeca Cancer Care Hospice","robots":{"index":"index","follow":"follow","max-snippet":"max-snippet:-1","max-image-preview":"max-image-preview:large","max-video-preview":"max-video-preview:-1"},"canonical":"https:\/\/www.cudeca.org\/?p=27560","og_locale":"en_US","og_type":"article","og_title":"Cudeca Foundation celebrates the clausure of the campaign \"Joan Hunt, one in a million\" with a collection of more than \u20ac400,000 - Cudeca Cancer Care Hospice","og_description":"[vc_row][vc_column][vc_column_text]Cudeca Foundation celebrated the closing ceremony of the &#8220;Joan Hunt, One in a Million&#8221; campaign with a fundraising of more than \u20ac400,000 accompanied by representatives of institutions such as La Caixa Foundation, Junta de Andaluc\u00eda, Diputaci\u00f3n de M\u00e1laga, Ayuntamiento de Benalm\u00e1dena, as well as media, sponsors, donors and members of the Malaga community, Cudeca presented [&hellip;]","og_url":"https:\/\/www.cudeca.org\/?p=27560","og_site_name":"Cudeca Cancer Care Hospice","article_publisher":"https:\/\/www.facebook.com\/AmigosDeCudeca","article_published_time":"2022-07-01T17:46:51+00:00","article_modified_time":"2022-08-05T09:03:07+00:00","og_image":[{"width":1772,"height":1181,"url":"https:\/\/www.cudeca.org\/wp-content\/uploads\/2022\/07\/220630-Clausura-Una-entre-un-millon-CUDECA-.-Instituciones-Martin-Nathan-Goldies-grupo.jpg","type":"image\/jpeg"}],"author":"angel","twitter_card":"summary_large_image","twitter_creator":"@cudeca","twitter_site":"@cudeca","twitter_misc":{"Written by":"angel","Est. reading time":"7 minutes"},"schema":{"@context":"https:\/\/schema.org","@graph":[{"@type":"Organization","@id":"https:\/\/www.cudeca.org\/#organization","name":"Fundaci\u00f3n Cudeca","url":"https:\/\/www.cudeca.org\/","sameAs":["https:\/\/www.youtube.com\/c\/cudecamalaga","https:\/\/www.facebook.com\/AmigosDeCudeca","https:\/\/twitter.com\/cudeca"],"logo":{"@type":"ImageObject","inLanguage":"en-US","@id":"https:\/\/www.cudeca.org\/#\/schema\/logo\/image\/","url":"https:\/\/www.cudeca.org\/wp-content\/uploads\/2018\/02\/cudeca-logo.png","contentUrl":"https:\/\/www.cudeca.org\/wp-content\/uploads\/2018\/02\/cudeca-logo.png","width":2121,"height":984,"caption":"Fundaci\u00f3n Cudeca"},"image":{"@id":"https:\/\/www.cudeca.org\/#\/schema\/logo\/image\/"}},{"@type":"WebSite","@id":"https:\/\/www.cudeca.org\/#website","url":"https:\/\/www.cudeca.org\/","name":"Fundaci\u00f3n Cudeca","description":"Cudeca Hospice","publisher":{"@id":"https:\/\/www.cudeca.org\/#organization"},"potentialAction":[{"@type":"SearchAction","target":{"@type":"EntryPoint","urlTemplate":"https:\/\/www.cudeca.org\/?s={search_term_string}"},"query-input":"required name=search_term_string"}],"inLanguage":"en-US"},{"@type":"WebPage","@id":"https:\/\/www.cudeca.org\/?p=27560","url":"https:\/\/www.cudeca.org\/?p=27560","name":"Cudeca Foundation celebrates the clausure of the campaign \"Joan Hunt, one in a million\" with a collection of more than \u20ac400,000 - Cudeca Cancer Care Hospice","isPartOf":{"@id":"https:\/\/www.cudeca.org\/#website"},"datePublished":"2022-07-01T17:46:51+00:00","dateModified":"2022-08-05T09:03:07+00:00","breadcrumb":{"@id":"https:\/\/www.cudeca.org\/?p=27560#breadcrumb"},"inLanguage":"en-US","potentialAction":[{"@type":"ReadAction","target":["https:\/\/www.cudeca.org\/?p=27560"]}]},{"@type":"BreadcrumbList","@id":"https:\/\/www.cudeca.org\/?p=27560#breadcrumb","itemListElement":[{"@type":"ListItem","position":1,"name":"Portada","item":"https:\/\/www.cudeca.org\/"},{"@type":"ListItem","position":2,"name":"La Fundaci\u00f3n Cudeca celebra la clausura de la campa\u00f1a \u201cJoan Hunt, una entre un mill\u00f3n\u201d con una recaudaci\u00f3n de m\u00e1s de 400.000\u20ac"}]},{"@type":"Article","@id":"https:\/\/www.cudeca.org\/?p=27560#article","isPartOf":{"@id":"https:\/\/www.cudeca.org\/?p=27560"},"author":{"name":"angel","@id":"https:\/\/www.cudeca.org\/#\/schema\/person\/320934aa099c37e69d4148721ba3e4be"},"headline":"Cudeca Foundation celebrates the clausure of the campaign &#8220;Joan Hunt, one in a million&#8221; with a collection of more than \u20ac400,000","datePublished":"2022-07-01T17:46:51+00:00","dateModified":"2022-08-05T09:03:07+00:00","mainEntityOfPage":{"@id":"https:\/\/www.cudeca.org\/?p=27560"},"wordCount":2399,"commentCount":0,"publisher":{"@id":"https:\/\/www.cudeca.org\/#organization"},"articleSection":[""],"inLanguage":"en-US","potentialAction":[{"@type":"CommentAction","name":"Comment","target":["https:\/\/www.cudeca.org\/?p=27560#respond"]}]},{"@type":"Person","@id":"https:\/\/www.cudeca.org\/#\/schema\/person\/320934aa099c37e69d4148721ba3e4be","name":"angel","image":{"@type":"ImageObject","inLanguage":"en-US","@id":"https:\/\/www.cudeca.org\/#\/schema\/person\/image\/","url":"https:\/\/secure.gravatar.com\/avatar\/91b6f0e62d069005f36feb58e1ffda2c?s=96&d=mm&r=g","contentUrl":"https:\/\/secure.gravatar.com\/avatar\/91b6f0e62d069005f36feb58e1ffda2c?s=96&d=mm&r=g","caption":"angel"}}]}},"_links":{"self":[{"href":"https:\/\/www.cudeca.org\/en\/wp-json\/wp\/v2\/posts\/27560"}],"collection":[{"href":"https:\/\/www.cudeca.org\/en\/wp-json\/wp\/v2\/posts"}],"about":[{"href":"https:\/\/www.cudeca.org\/en\/wp-json\/wp\/v2\/types\/post"}],"author":[{"embeddable":true,"href":"https:\/\/www.cudeca.org\/en\/wp-json\/wp\/v2\/users\/2"}],"replies":[{"embeddable":true,"href":"https:\/\/www.cudeca.org\/en\/wp-json\/wp\/v2\/comments?post=27560"}],"version-history":[{"count":6,"href":"https:\/\/www.cudeca.org\/en\/wp-json\/wp\/v2\/posts\/27560\/revisions"}],"predecessor-version":[{"id":27575,"href":"https:\/\/www.cudeca.org\/en\/wp-json\/wp\/v2\/posts\/27560\/revisions\/27575"}],"wp:featuredmedia":[{"embeddable":true,"href":"https:\/\/www.cudeca.org\/en\/wp-json\/wp\/v2\/media\/27561"}],"wp:attachment":[{"href":"https:\/\/www.cudeca.org\/en\/wp-json\/wp\/v2\/media?parent=27560"}],"wp:term":[{"taxonomy":"category","embeddable":true,"href":"https:\/\/www.cudeca.org\/en\/wp-json\/wp\/v2\/categories?post=27560"},{"taxonomy":"post_tag","embeddable":true,"href":"https:\/\/www.cudeca.org\/en\/wp-json\/wp\/v2\/tags?post=27560"}],"curies":[{"name":"wp","href":"https:\/\/api.w.org\/{rel}","templated":true}]}}