{"id":27517,"date":"2022-06-15T13:56:36","date_gmt":"2022-06-15T13:56:36","guid":{"rendered":"https:\/\/www.cudeca.org\/?p=27517"},"modified":"2022-06-16T08:23:40","modified_gmt":"2022-06-16T08:23:40","slug":"la-diputacion-provincial-de-malaga-apoya-nuestro-proyecto-para-ayudar-a-cuidadores-de-enfermos-paliativos-en-la-comarca-del-guadalhorce","status":"publish","type":"post","link":"https:\/\/www.cudeca.org\/en\/actualidad\/la-diputacion-provincial-de-malaga-apoya-nuestro-proyecto-para-ayudar-a-cuidadores-de-enfermos-paliativos-en-la-comarca-del-guadalhorce\/","title":{"rendered":"The Provincial Council of Malaga supports our project to help carers of palliative patients in the Guadalhorce region"},"content":{"rendered":"<div class=\"wpb-content-wrapper\"><p>[vc_row][vc_column][vc_column_text]<\/p>\n<p class=\"yiv1144183430msonormal\">The Diputaci\u00f3n de M\u00e1laga, through the Delegation for the Elderly, Third Sector and International Cooperation, supports a project of the Cudeca Foundation for specialised virtual psychological help during the process of illness and bereavement for carers in Alhaur\u00edn el Grande, \u00c1lora, Alozaina, Ardales, C\u00e1rtama, Carratraca, Casarabonela, Co\u00edn, Guaro, Monda, Pizarra, Tolox and Yunquera, belonging to municipalities in the Guadalhorce region, with less than 20,000 inhabitants.<\/p>\n<p class=\"yiv1144183430msonormal\">This was announced by the Deputy for the Elderly, Third Sector and International Cooperation, Francisco Jos\u00e9 Mart\u00edn, during a visit to the headquarters of the Cudeca Foundation in Benalm\u00e1dena, together with Mar\u00eda Jesus de la Ossa and Aurea Peralta, representing the foundation, where the next activity on self-care was presented, which will begin on Friday 17th June.<\/p>\n<p class=\"yiv1144183430msonormal\">In short, the project aims to provide help to those who care for relatives living in rural areas of Guadalhorce, to prevent situations of vulnerability, overload and complicated grief that affect the quality of life of both the patient and the caregiver. In addition to promoting the use of new technologies among caregivers and providing a virtual psychological helpline to help minimise the difficulties faced in some rural areas.<\/p>\n<p class=\"yiv1144183430msonormal\">The self-care workshop &#8216;Mindfulness and self-compassion&#8217; will be face-to-face, although users who request it will be able to take it online. The enrichment and group work of the participants will be valued. Afterwards, caregivers will receive e-learning training, which will be complemented with self-help videos and practical advice to facilitate their task.<\/p>\n<p class=\"yiv1144183430msonormal\">According to Cudeca, the current situation, after a pandemic and post-pandemic, has been altered, especially in inland areas. For this reason, it is necessary to set up lines of support for the most vulnerable people, based on creativity and innovation, looking for ways to offer coverage through non-presence. It is estimated that around one hundred carers in the Guadalhorce region will be able to benefit from this project, with a large number of women taking part.<\/p>\n<p class=\"yiv1144183430msonormal\">The deputy emphasised that the Foundation has been responsible for providing care for people with advanced and terminal illnesses for three decades, and stressed the importance of specialised training in this area. He also recalled the support of the Provincial Council to Cudeca, which is materialised in various collaborations and actions such as the creation of the &#8216;Joan Hunt&#8217; awards, an award which every year will pay tribute to the founder of the foundation and which will recognise the important contribution of the foreign population to the progress and social, economic and cultural development of the province.<\/p>\n<p class=\"yiv1144183430msonormal\">This project is financed with 20,000 euros, thanks to the annual call for aid from the Diputaci\u00f3n de M\u00e1laga aimed at third sector entities for the implementation of projects to assist citizens.<\/p>\n<p>[\/vc_column_text][\/vc_column][\/vc_row]<\/p>\n<\/div>","protected":false},"excerpt":{"rendered":"<p>[vc_row][vc_column][vc_column_text] The Diputaci\u00f3n de M\u00e1laga, through the Delegation for the Elderly, Third Sector and International Cooperation, supports a project of the Cudeca Foundation for specialised virtual psychological help during the process of illness and bereavement for carers in Alhaur\u00edn el Grande, \u00c1lora, Alozaina, Ardales, C\u00e1rtama, Carratraca, Casarabonela, Co\u00edn, Guaro, Monda, Pizarra, Tolox and Yunquera, belonging [&hellip;]<\/p>\n","protected":false},"author":2,"featured_media":27518,"comment_status":"open","ping_status":"open","sticky":false,"template":"","format":"standard","meta":[],"categories":[15,1],"tags":[],"yoast_head":"<!-- This site is optimized with the Yoast SEO plugin v19.4 - https:\/\/yoast.com\/wordpress\/plugins\/seo\/ -->\n<title>The Provincial Council of Malaga supports our project to help carers of palliative patients in the Guadalhorce region - Cudeca Cancer Care Hospice<\/title>\n<meta name=\"robots\" content=\"index, follow, max-snippet:-1, max-image-preview:large, max-video-preview:-1\" \/>\n<link rel=\"canonical\" href=\"https:\/\/www.cudeca.org\/?p=27517\" \/>\n<meta property=\"og:locale\" content=\"en_US\" \/>\n<meta property=\"og:type\" content=\"article\" \/>\n<meta property=\"og:title\" content=\"The Provincial Council of Malaga supports our project to help carers of palliative patients in the Guadalhorce region - Cudeca Cancer Care Hospice\" \/>\n<meta property=\"og:description\" content=\"[vc_row][vc_column][vc_column_text] The Diputaci\u00f3n de M\u00e1laga, through the Delegation for the Elderly, Third Sector and International Cooperation, supports a project of the Cudeca Foundation for specialised virtual psychological help during the process of illness and bereavement for carers in Alhaur\u00edn el Grande, \u00c1lora, Alozaina, Ardales, C\u00e1rtama, Carratraca, Casarabonela, Co\u00edn, Guaro, Monda, Pizarra, Tolox and Yunquera, belonging [&hellip;]\" \/>\n<meta property=\"og:url\" content=\"https:\/\/www.cudeca.org\/?p=27517\" \/>\n<meta property=\"og:site_name\" content=\"Cudeca Cancer Care Hospice\" \/>\n<meta property=\"article:publisher\" content=\"https:\/\/www.facebook.com\/AmigosDeCudeca\" \/>\n<meta property=\"article:published_time\" content=\"2022-06-15T13:56:36+00:00\" \/>\n<meta property=\"article:modified_time\" content=\"2022-06-16T08:23:40+00:00\" \/>\n<meta property=\"og:image\" content=\"https:\/\/www.cudeca.org\/wp-content\/uploads\/2022\/06\/DIputacion-Malaga-Pryecto-Cuidadores-Comarca-Guadalhorce.jpeg\" \/>\n\t<meta property=\"og:image:width\" content=\"1024\" \/>\n\t<meta property=\"og:image:height\" content=\"768\" \/>\n\t<meta property=\"og:image:type\" content=\"image\/jpeg\" \/>\n<meta name=\"author\" content=\"angel\" \/>\n<meta name=\"twitter:card\" content=\"summary_large_image\" \/>\n<meta name=\"twitter:creator\" content=\"@cudeca\" \/>\n<meta name=\"twitter:site\" content=\"@cudeca\" \/>\n<meta name=\"twitter:label1\" content=\"Written by\" \/>\n\t<meta name=\"twitter:data1\" content=\"angel\" \/>\n\t<meta name=\"twitter:label2\" content=\"Est. reading time\" \/>\n\t<meta name=\"twitter:data2\" content=\"3 minutes\" \/>\n<script type=\"application\/ld+json\" class=\"yoast-schema-graph\">{\"@context\":\"https:\/\/schema.org\",\"@graph\":[{\"@type\":\"Organization\",\"@id\":\"https:\/\/www.cudeca.org\/#organization\",\"name\":\"Fundaci\u00f3n Cudeca\",\"url\":\"https:\/\/www.cudeca.org\/\",\"sameAs\":[\"https:\/\/www.youtube.com\/c\/cudecamalaga\",\"https:\/\/www.facebook.com\/AmigosDeCudeca\",\"https:\/\/twitter.com\/cudeca\"],\"logo\":{\"@type\":\"ImageObject\",\"inLanguage\":\"en-US\",\"@id\":\"https:\/\/www.cudeca.org\/#\/schema\/logo\/image\/\",\"url\":\"https:\/\/www.cudeca.org\/wp-content\/uploads\/2018\/02\/cudeca-logo.png\",\"contentUrl\":\"https:\/\/www.cudeca.org\/wp-content\/uploads\/2018\/02\/cudeca-logo.png\",\"width\":2121,\"height\":984,\"caption\":\"Fundaci\u00f3n Cudeca\"},\"image\":{\"@id\":\"https:\/\/www.cudeca.org\/#\/schema\/logo\/image\/\"}},{\"@type\":\"WebSite\",\"@id\":\"https:\/\/www.cudeca.org\/#website\",\"url\":\"https:\/\/www.cudeca.org\/\",\"name\":\"Fundaci\u00f3n Cudeca\",\"description\":\"Cudeca Hospice\",\"publisher\":{\"@id\":\"https:\/\/www.cudeca.org\/#organization\"},\"potentialAction\":[{\"@type\":\"SearchAction\",\"target\":{\"@type\":\"EntryPoint\",\"urlTemplate\":\"https:\/\/www.cudeca.org\/?s={search_term_string}\"},\"query-input\":\"required name=search_term_string\"}],\"inLanguage\":\"en-US\"},{\"@type\":\"WebPage\",\"@id\":\"https:\/\/www.cudeca.org\/?p=27517\",\"url\":\"https:\/\/www.cudeca.org\/?p=27517\",\"name\":\"The Provincial Council of Malaga supports our project to help carers of palliative patients in the Guadalhorce region - Cudeca Cancer Care Hospice\",\"isPartOf\":{\"@id\":\"https:\/\/www.cudeca.org\/#website\"},\"datePublished\":\"2022-06-15T13:56:36+00:00\",\"dateModified\":\"2022-06-16T08:23:40+00:00\",\"breadcrumb\":{\"@id\":\"https:\/\/www.cudeca.org\/?p=27517#breadcrumb\"},\"inLanguage\":\"en-US\",\"potentialAction\":[{\"@type\":\"ReadAction\",\"target\":[\"https:\/\/www.cudeca.org\/?p=27517\"]}]},{\"@type\":\"BreadcrumbList\",\"@id\":\"https:\/\/www.cudeca.org\/?p=27517#breadcrumb\",\"itemListElement\":[{\"@type\":\"ListItem\",\"position\":1,\"name\":\"Portada\",\"item\":\"https:\/\/www.cudeca.org\/\"},{\"@type\":\"ListItem\",\"position\":2,\"name\":\"La Diputaci\u00f3n Provincial de M\u00e1laga apoya nuestro proyecto para ayudar a cuidadores de enfermos paliativos en la comarca del Guadalhorce\"}]},{\"@type\":\"Article\",\"@id\":\"https:\/\/www.cudeca.org\/?p=27517#article\",\"isPartOf\":{\"@id\":\"https:\/\/www.cudeca.org\/?p=27517\"},\"author\":{\"name\":\"angel\",\"@id\":\"https:\/\/www.cudeca.org\/#\/schema\/person\/320934aa099c37e69d4148721ba3e4be\"},\"headline\":\"The Provincial Council of Malaga supports our project to help carers of palliative patients in the Guadalhorce region\",\"datePublished\":\"2022-06-15T13:56:36+00:00\",\"dateModified\":\"2022-06-16T08:23:40+00:00\",\"mainEntityOfPage\":{\"@id\":\"https:\/\/www.cudeca.org\/?p=27517\"},\"wordCount\":1044,\"commentCount\":0,\"publisher\":{\"@id\":\"https:\/\/www.cudeca.org\/#organization\"},\"articleSection\":[\"\",\"Sin categor\u00eda\"],\"inLanguage\":\"en-US\",\"potentialAction\":[{\"@type\":\"CommentAction\",\"name\":\"Comment\",\"target\":[\"https:\/\/www.cudeca.org\/?p=27517#respond\"]}]},{\"@type\":\"Person\",\"@id\":\"https:\/\/www.cudeca.org\/#\/schema\/person\/320934aa099c37e69d4148721ba3e4be\",\"name\":\"angel\",\"image\":{\"@type\":\"ImageObject\",\"inLanguage\":\"en-US\",\"@id\":\"https:\/\/www.cudeca.org\/#\/schema\/person\/image\/\",\"url\":\"https:\/\/secure.gravatar.com\/avatar\/91b6f0e62d069005f36feb58e1ffda2c?s=96&d=mm&r=g\",\"contentUrl\":\"https:\/\/secure.gravatar.com\/avatar\/91b6f0e62d069005f36feb58e1ffda2c?s=96&d=mm&r=g\",\"caption\":\"angel\"}}]}<\/script>\n<!-- \/ Yoast SEO plugin. -->","yoast_head_json":{"title":"The Provincial Council of Malaga supports our project to help carers of palliative patients in the Guadalhorce region - Cudeca Cancer Care Hospice","robots":{"index":"index","follow":"follow","max-snippet":"max-snippet:-1","max-image-preview":"max-image-preview:large","max-video-preview":"max-video-preview:-1"},"canonical":"https:\/\/www.cudeca.org\/?p=27517","og_locale":"en_US","og_type":"article","og_title":"The Provincial Council of Malaga supports our project to help carers of palliative patients in the Guadalhorce region - Cudeca Cancer Care Hospice","og_description":"[vc_row][vc_column][vc_column_text] The Diputaci\u00f3n de M\u00e1laga, through the Delegation for the Elderly, Third Sector and International Cooperation, supports a project of the Cudeca Foundation for specialised virtual psychological help during the process of illness and bereavement for carers in Alhaur\u00edn el Grande, \u00c1lora, Alozaina, Ardales, C\u00e1rtama, Carratraca, Casarabonela, Co\u00edn, Guaro, Monda, Pizarra, Tolox and Yunquera, belonging [&hellip;]","og_url":"https:\/\/www.cudeca.org\/?p=27517","og_site_name":"Cudeca Cancer Care Hospice","article_publisher":"https:\/\/www.facebook.com\/AmigosDeCudeca","article_published_time":"2022-06-15T13:56:36+00:00","article_modified_time":"2022-06-16T08:23:40+00:00","og_image":[{"width":1024,"height":768,"url":"https:\/\/www.cudeca.org\/wp-content\/uploads\/2022\/06\/DIputacion-Malaga-Pryecto-Cuidadores-Comarca-Guadalhorce.jpeg","type":"image\/jpeg"}],"author":"angel","twitter_card":"summary_large_image","twitter_creator":"@cudeca","twitter_site":"@cudeca","twitter_misc":{"Written by":"angel","Est. reading time":"3 minutes"},"schema":{"@context":"https:\/\/schema.org","@graph":[{"@type":"Organization","@id":"https:\/\/www.cudeca.org\/#organization","name":"Fundaci\u00f3n Cudeca","url":"https:\/\/www.cudeca.org\/","sameAs":["https:\/\/www.youtube.com\/c\/cudecamalaga","https:\/\/www.facebook.com\/AmigosDeCudeca","https:\/\/twitter.com\/cudeca"],"logo":{"@type":"ImageObject","inLanguage":"en-US","@id":"https:\/\/www.cudeca.org\/#\/schema\/logo\/image\/","url":"https:\/\/www.cudeca.org\/wp-content\/uploads\/2018\/02\/cudeca-logo.png","contentUrl":"https:\/\/www.cudeca.org\/wp-content\/uploads\/2018\/02\/cudeca-logo.png","width":2121,"height":984,"caption":"Fundaci\u00f3n Cudeca"},"image":{"@id":"https:\/\/www.cudeca.org\/#\/schema\/logo\/image\/"}},{"@type":"WebSite","@id":"https:\/\/www.cudeca.org\/#website","url":"https:\/\/www.cudeca.org\/","name":"Fundaci\u00f3n Cudeca","description":"Cudeca Hospice","publisher":{"@id":"https:\/\/www.cudeca.org\/#organization"},"potentialAction":[{"@type":"SearchAction","target":{"@type":"EntryPoint","urlTemplate":"https:\/\/www.cudeca.org\/?s={search_term_string}"},"query-input":"required name=search_term_string"}],"inLanguage":"en-US"},{"@type":"WebPage","@id":"https:\/\/www.cudeca.org\/?p=27517","url":"https:\/\/www.cudeca.org\/?p=27517","name":"The Provincial Council of Malaga supports our project to help carers of palliative patients in the Guadalhorce region - Cudeca Cancer Care Hospice","isPartOf":{"@id":"https:\/\/www.cudeca.org\/#website"},"datePublished":"2022-06-15T13:56:36+00:00","dateModified":"2022-06-16T08:23:40+00:00","breadcrumb":{"@id":"https:\/\/www.cudeca.org\/?p=27517#breadcrumb"},"inLanguage":"en-US","potentialAction":[{"@type":"ReadAction","target":["https:\/\/www.cudeca.org\/?p=27517"]}]},{"@type":"BreadcrumbList","@id":"https:\/\/www.cudeca.org\/?p=27517#breadcrumb","itemListElement":[{"@type":"ListItem","position":1,"name":"Portada","item":"https:\/\/www.cudeca.org\/"},{"@type":"ListItem","position":2,"name":"La Diputaci\u00f3n Provincial de M\u00e1laga apoya nuestro proyecto para ayudar a cuidadores de enfermos paliativos en la comarca del Guadalhorce"}]},{"@type":"Article","@id":"https:\/\/www.cudeca.org\/?p=27517#article","isPartOf":{"@id":"https:\/\/www.cudeca.org\/?p=27517"},"author":{"name":"angel","@id":"https:\/\/www.cudeca.org\/#\/schema\/person\/320934aa099c37e69d4148721ba3e4be"},"headline":"The Provincial Council of Malaga supports our project to help carers of palliative patients in the Guadalhorce region","datePublished":"2022-06-15T13:56:36+00:00","dateModified":"2022-06-16T08:23:40+00:00","mainEntityOfPage":{"@id":"https:\/\/www.cudeca.org\/?p=27517"},"wordCount":1044,"commentCount":0,"publisher":{"@id":"https:\/\/www.cudeca.org\/#organization"},"articleSection":["","Sin categor\u00eda"],"inLanguage":"en-US","potentialAction":[{"@type":"CommentAction","name":"Comment","target":["https:\/\/www.cudeca.org\/?p=27517#respond"]}]},{"@type":"Person","@id":"https:\/\/www.cudeca.org\/#\/schema\/person\/320934aa099c37e69d4148721ba3e4be","name":"angel","image":{"@type":"ImageObject","inLanguage":"en-US","@id":"https:\/\/www.cudeca.org\/#\/schema\/person\/image\/","url":"https:\/\/secure.gravatar.com\/avatar\/91b6f0e62d069005f36feb58e1ffda2c?s=96&d=mm&r=g","contentUrl":"https:\/\/secure.gravatar.com\/avatar\/91b6f0e62d069005f36feb58e1ffda2c?s=96&d=mm&r=g","caption":"angel"}}]}},"_links":{"self":[{"href":"https:\/\/www.cudeca.org\/en\/wp-json\/wp\/v2\/posts\/27517"}],"collection":[{"href":"https:\/\/www.cudeca.org\/en\/wp-json\/wp\/v2\/posts"}],"about":[{"href":"https:\/\/www.cudeca.org\/en\/wp-json\/wp\/v2\/types\/post"}],"author":[{"embeddable":true,"href":"https:\/\/www.cudeca.org\/en\/wp-json\/wp\/v2\/users\/2"}],"replies":[{"embeddable":true,"href":"https:\/\/www.cudeca.org\/en\/wp-json\/wp\/v2\/comments?post=27517"}],"version-history":[{"count":3,"href":"https:\/\/www.cudeca.org\/en\/wp-json\/wp\/v2\/posts\/27517\/revisions"}],"predecessor-version":[{"id":27521,"href":"https:\/\/www.cudeca.org\/en\/wp-json\/wp\/v2\/posts\/27517\/revisions\/27521"}],"wp:featuredmedia":[{"embeddable":true,"href":"https:\/\/www.cudeca.org\/en\/wp-json\/wp\/v2\/media\/27518"}],"wp:attachment":[{"href":"https:\/\/www.cudeca.org\/en\/wp-json\/wp\/v2\/media?parent=27517"}],"wp:term":[{"taxonomy":"category","embeddable":true,"href":"https:\/\/www.cudeca.org\/en\/wp-json\/wp\/v2\/categories?post=27517"},{"taxonomy":"post_tag","embeddable":true,"href":"https:\/\/www.cudeca.org\/en\/wp-json\/wp\/v2\/tags?post=27517"}],"curies":[{"name":"wp","href":"https:\/\/api.w.org\/{rel}","templated":true}]}}