{"id":27484,"date":"2022-06-08T13:04:03","date_gmt":"2022-06-08T13:04:03","guid":{"rendered":"https:\/\/www.cudeca.org\/?p=27484"},"modified":"2022-06-08T13:31:35","modified_gmt":"2022-06-08T13:31:35","slug":"el-festival-de-danza-lidia-real-santiago-recauda-3-860-euros-a-beneficio-de-cudeca-en-su-primera-edicion","status":"publish","type":"post","link":"https:\/\/www.cudeca.org\/en\/actualidad\/the-lidia-real-santiago-dance-festival-raises-3860-euros-in-aid-of-cudeca-in-its-first-edition\/","title":{"rendered":"El Festival de Danza Lidia Real Santiago recauda 3.860 euros a beneficio de Cudeca en su primera edici\u00f3n"},"content":{"rendered":"<p>El pasado domingo en el Auditorio municipal de Benalm\u00e1dena en el parque de la Paloma se celebr\u00f3 la primera edici\u00f3n del Festival de danza Lidia Real Santiago a beneficio de Cudeca.<\/p>\n<p>Mas de 700 personas acudieron la noche del domingo y durante 2 horas disfrutaron de los espect\u00e1culos de danza protagonizados por los alumnos de la academia de danza Ana Maria Tineo de las Lagunas (Mijas).<\/p>\n<p>Este festival fue posible gracias a la cesi\u00f3n del auditorio por parte del ayuntamiento de benalmadena y su concejal\u00eda de Festejos a la que agradecemos siempre su colaboraci\u00f3n y apoyo.<\/p>\n<p>La propia Lidia, paciente de la Fundaci\u00f3n acudi\u00f3 a la cita e improvisadamente particip\u00f3 en uno de los momentos mas emotivos de la noche con antiguas compa\u00f1eros de profesi\u00f3n y su querida amiga Ana Maria Tineo.<\/p>\n<p>Las entradas tuvieron un coste de 5 euros y la barra solidaria fue gestionada por el Partido Animalista de Benalm\u00e1dena que colabor\u00f3 con el catering de todos los artistas.<\/p>\n<p>&nbsp;<\/p>\n<p>Queremos agradecer a todos ellos, a los alumnos, artistas y al publico asistente su asistencia, gracias a ellos Cudeca puede a\u00f1adir vida a laos d\u00edas.<\/p>\n<p>&nbsp;<\/p>\n<p>&nbsp;<\/p>\n<p>&nbsp;<\/p>\n<p><img loading=\"lazy\" class=\"alignnone wp-image-27486 size-full\" src=\"https:\/\/www.cudeca.org\/wp-content\/uploads\/2022\/06\/96027f4f-1e1d-4723-9099-af828813794e.jpg\" alt=\"\" width=\"1600\" height=\"1254\" srcset=\"https:\/\/www.cudeca.org\/wp-content\/uploads\/2022\/06\/96027f4f-1e1d-4723-9099-af828813794e.jpg 1600w, https:\/\/www.cudeca.org\/wp-content\/uploads\/2022\/06\/96027f4f-1e1d-4723-9099-af828813794e-300x235.jpg 300w, https:\/\/www.cudeca.org\/wp-content\/uploads\/2022\/06\/96027f4f-1e1d-4723-9099-af828813794e-1024x803.jpg 1024w, https:\/\/www.cudeca.org\/wp-content\/uploads\/2022\/06\/96027f4f-1e1d-4723-9099-af828813794e-768x602.jpg 768w, https:\/\/www.cudeca.org\/wp-content\/uploads\/2022\/06\/96027f4f-1e1d-4723-9099-af828813794e-1536x1204.jpg 1536w\" sizes=\"(max-width: 709px) 85vw, (max-width: 909px) 67vw, (max-width: 1362px) 62vw, 840px\" \/><\/p>\n","protected":false},"excerpt":{"rendered":"<p>El pasado domingo en el Auditorio municipal de Benalm\u00e1dena en el parque de la Paloma se celebr\u00f3 la primera edici\u00f3n del Festival de danza Lidia Real Santiago a beneficio de Cudeca. Mas de 700 personas acudieron la noche del domingo y durante 2 horas disfrutaron de los espect\u00e1culos de danza protagonizados por los alumnos de [&hellip;]<\/p>\n","protected":false},"author":5,"featured_media":27486,"comment_status":"open","ping_status":"open","sticky":false,"template":"","format":"standard","meta":[],"categories":[102,15,1],"tags":[],"yoast_head":"<!-- This site is optimized with the Yoast SEO plugin v19.4 - https:\/\/yoast.com\/wordpress\/plugins\/seo\/ -->\n<title>El Festival de Danza Lidia Real Santiago recauda 3.860 euros a beneficio de Cudeca en su primera edici\u00f3n - Cudeca Cancer Care Hospice<\/title>\n<meta name=\"robots\" content=\"index, follow, max-snippet:-1, max-image-preview:large, max-video-preview:-1\" \/>\n<link rel=\"canonical\" href=\"https:\/\/www.cudeca.org\/?p=27484\" \/>\n<meta property=\"og:locale\" content=\"en_US\" \/>\n<meta property=\"og:type\" content=\"article\" \/>\n<meta property=\"og:title\" content=\"El Festival de Danza Lidia Real Santiago recauda 3.860 euros a beneficio de Cudeca en su primera edici\u00f3n - Cudeca Cancer Care Hospice\" \/>\n<meta property=\"og:description\" content=\"El pasado domingo en el Auditorio municipal de Benalm\u00e1dena en el parque de la Paloma se celebr\u00f3 la primera edici\u00f3n del Festival de danza Lidia Real Santiago a beneficio de Cudeca. Mas de 700 personas acudieron la noche del domingo y durante 2 horas disfrutaron de los espect\u00e1culos de danza protagonizados por los alumnos de [&hellip;]\" \/>\n<meta property=\"og:url\" content=\"https:\/\/www.cudeca.org\/?p=27484\" \/>\n<meta property=\"og:site_name\" content=\"Cudeca Cancer Care Hospice\" \/>\n<meta property=\"article:publisher\" content=\"https:\/\/www.facebook.com\/AmigosDeCudeca\" \/>\n<meta property=\"article:published_time\" content=\"2022-06-08T13:04:03+00:00\" \/>\n<meta property=\"article:modified_time\" content=\"2022-06-08T13:31:35+00:00\" \/>\n<meta property=\"og:image\" content=\"https:\/\/www.cudeca.org\/wp-content\/uploads\/2022\/06\/96027f4f-1e1d-4723-9099-af828813794e.jpg\" \/>\n\t<meta property=\"og:image:width\" content=\"1600\" \/>\n\t<meta property=\"og:image:height\" content=\"1254\" \/>\n\t<meta property=\"og:image:type\" content=\"image\/jpeg\" \/>\n<meta name=\"author\" content=\"Jorge Lopez\" \/>\n<meta name=\"twitter:card\" content=\"summary_large_image\" \/>\n<meta name=\"twitter:creator\" content=\"@cudeca\" \/>\n<meta name=\"twitter:site\" content=\"@cudeca\" \/>\n<meta name=\"twitter:label1\" content=\"Written by\" \/>\n\t<meta name=\"twitter:data1\" content=\"Jorge Lopez\" \/>\n\t<meta name=\"twitter:label2\" content=\"Est. reading time\" \/>\n\t<meta name=\"twitter:data2\" content=\"2 minutes\" \/>\n<script type=\"application\/ld+json\" class=\"yoast-schema-graph\">{\"@context\":\"https:\/\/schema.org\",\"@graph\":[{\"@type\":\"Organization\",\"@id\":\"https:\/\/www.cudeca.org\/#organization\",\"name\":\"Fundaci\u00f3n Cudeca\",\"url\":\"https:\/\/www.cudeca.org\/\",\"sameAs\":[\"https:\/\/www.youtube.com\/c\/cudecamalaga\",\"https:\/\/www.facebook.com\/AmigosDeCudeca\",\"https:\/\/twitter.com\/cudeca\"],\"logo\":{\"@type\":\"ImageObject\",\"inLanguage\":\"en-US\",\"@id\":\"https:\/\/www.cudeca.org\/#\/schema\/logo\/image\/\",\"url\":\"https:\/\/www.cudeca.org\/wp-content\/uploads\/2018\/02\/cudeca-logo.png\",\"contentUrl\":\"https:\/\/www.cudeca.org\/wp-content\/uploads\/2018\/02\/cudeca-logo.png\",\"width\":2121,\"height\":984,\"caption\":\"Fundaci\u00f3n Cudeca\"},\"image\":{\"@id\":\"https:\/\/www.cudeca.org\/#\/schema\/logo\/image\/\"}},{\"@type\":\"WebSite\",\"@id\":\"https:\/\/www.cudeca.org\/#website\",\"url\":\"https:\/\/www.cudeca.org\/\",\"name\":\"Fundaci\u00f3n Cudeca\",\"description\":\"Cudeca Hospice\",\"publisher\":{\"@id\":\"https:\/\/www.cudeca.org\/#organization\"},\"potentialAction\":[{\"@type\":\"SearchAction\",\"target\":{\"@type\":\"EntryPoint\",\"urlTemplate\":\"https:\/\/www.cudeca.org\/?s={search_term_string}\"},\"query-input\":\"required name=search_term_string\"}],\"inLanguage\":\"en-US\"},{\"@type\":\"WebPage\",\"@id\":\"https:\/\/www.cudeca.org\/?p=27484\",\"url\":\"https:\/\/www.cudeca.org\/?p=27484\",\"name\":\"El Festival de Danza Lidia Real Santiago recauda 3.860 euros a beneficio de Cudeca en su primera edici\u00f3n - Cudeca Cancer Care Hospice\",\"isPartOf\":{\"@id\":\"https:\/\/www.cudeca.org\/#website\"},\"datePublished\":\"2022-06-08T13:04:03+00:00\",\"dateModified\":\"2022-06-08T13:31:35+00:00\",\"breadcrumb\":{\"@id\":\"https:\/\/www.cudeca.org\/?p=27484#breadcrumb\"},\"inLanguage\":\"en-US\",\"potentialAction\":[{\"@type\":\"ReadAction\",\"target\":[\"https:\/\/www.cudeca.org\/?p=27484\"]}]},{\"@type\":\"BreadcrumbList\",\"@id\":\"https:\/\/www.cudeca.org\/?p=27484#breadcrumb\",\"itemListElement\":[{\"@type\":\"ListItem\",\"position\":1,\"name\":\"Portada\",\"item\":\"https:\/\/www.cudeca.org\/\"},{\"@type\":\"ListItem\",\"position\":2,\"name\":\"El Festival de Danza Lidia Real Santiago recauda 3.860 euros a beneficio de Cudeca en su primera edici\u00f3n\"}]},{\"@type\":\"Article\",\"@id\":\"https:\/\/www.cudeca.org\/?p=27484#article\",\"isPartOf\":{\"@id\":\"https:\/\/www.cudeca.org\/?p=27484\"},\"author\":{\"name\":\"Jorge Lopez\",\"@id\":\"https:\/\/www.cudeca.org\/#\/schema\/person\/ef584faee50c55adf49de08e703741fd\"},\"headline\":\"El Festival de Danza Lidia Real Santiago recauda 3.860 euros a beneficio de Cudeca en su primera edici\u00f3n\",\"datePublished\":\"2022-06-08T13:04:03+00:00\",\"dateModified\":\"2022-06-08T13:31:35+00:00\",\"mainEntityOfPage\":{\"@id\":\"https:\/\/www.cudeca.org\/?p=27484\"},\"wordCount\":217,\"commentCount\":0,\"publisher\":{\"@id\":\"https:\/\/www.cudeca.org\/#organization\"},\"articleSection\":[\"\",\"\",\"Sin categor\u00eda\"],\"inLanguage\":\"en-US\",\"potentialAction\":[{\"@type\":\"CommentAction\",\"name\":\"Comment\",\"target\":[\"https:\/\/www.cudeca.org\/?p=27484#respond\"]}]},{\"@type\":\"Person\",\"@id\":\"https:\/\/www.cudeca.org\/#\/schema\/person\/ef584faee50c55adf49de08e703741fd\",\"name\":\"Jorge Lopez\",\"image\":{\"@type\":\"ImageObject\",\"inLanguage\":\"en-US\",\"@id\":\"https:\/\/www.cudeca.org\/#\/schema\/person\/image\/\",\"url\":\"https:\/\/secure.gravatar.com\/avatar\/f861e8975d384d76728a2976bb1626da?s=96&d=mm&r=g\",\"contentUrl\":\"https:\/\/secure.gravatar.com\/avatar\/f861e8975d384d76728a2976bb1626da?s=96&d=mm&r=g\",\"caption\":\"Jorge Lopez\"}}]}<\/script>\n<!-- \/ Yoast SEO plugin. -->","yoast_head_json":{"title":"El Festival de Danza Lidia Real Santiago recauda 3.860 euros a beneficio de Cudeca en su primera edici\u00f3n - Cudeca Cancer Care Hospice","robots":{"index":"index","follow":"follow","max-snippet":"max-snippet:-1","max-image-preview":"max-image-preview:large","max-video-preview":"max-video-preview:-1"},"canonical":"https:\/\/www.cudeca.org\/?p=27484","og_locale":"en_US","og_type":"article","og_title":"El Festival de Danza Lidia Real Santiago recauda 3.860 euros a beneficio de Cudeca en su primera edici\u00f3n - Cudeca Cancer Care Hospice","og_description":"El pasado domingo en el Auditorio municipal de Benalm\u00e1dena en el parque de la Paloma se celebr\u00f3 la primera edici\u00f3n del Festival de danza Lidia Real Santiago a beneficio de Cudeca. Mas de 700 personas acudieron la noche del domingo y durante 2 horas disfrutaron de los espect\u00e1culos de danza protagonizados por los alumnos de [&hellip;]","og_url":"https:\/\/www.cudeca.org\/?p=27484","og_site_name":"Cudeca Cancer Care Hospice","article_publisher":"https:\/\/www.facebook.com\/AmigosDeCudeca","article_published_time":"2022-06-08T13:04:03+00:00","article_modified_time":"2022-06-08T13:31:35+00:00","og_image":[{"width":1600,"height":1254,"url":"https:\/\/www.cudeca.org\/wp-content\/uploads\/2022\/06\/96027f4f-1e1d-4723-9099-af828813794e.jpg","type":"image\/jpeg"}],"author":"Jorge Lopez","twitter_card":"summary_large_image","twitter_creator":"@cudeca","twitter_site":"@cudeca","twitter_misc":{"Written by":"Jorge Lopez","Est. reading time":"2 minutes"},"schema":{"@context":"https:\/\/schema.org","@graph":[{"@type":"Organization","@id":"https:\/\/www.cudeca.org\/#organization","name":"Fundaci\u00f3n Cudeca","url":"https:\/\/www.cudeca.org\/","sameAs":["https:\/\/www.youtube.com\/c\/cudecamalaga","https:\/\/www.facebook.com\/AmigosDeCudeca","https:\/\/twitter.com\/cudeca"],"logo":{"@type":"ImageObject","inLanguage":"en-US","@id":"https:\/\/www.cudeca.org\/#\/schema\/logo\/image\/","url":"https:\/\/www.cudeca.org\/wp-content\/uploads\/2018\/02\/cudeca-logo.png","contentUrl":"https:\/\/www.cudeca.org\/wp-content\/uploads\/2018\/02\/cudeca-logo.png","width":2121,"height":984,"caption":"Fundaci\u00f3n Cudeca"},"image":{"@id":"https:\/\/www.cudeca.org\/#\/schema\/logo\/image\/"}},{"@type":"WebSite","@id":"https:\/\/www.cudeca.org\/#website","url":"https:\/\/www.cudeca.org\/","name":"Fundaci\u00f3n Cudeca","description":"Cudeca Hospice","publisher":{"@id":"https:\/\/www.cudeca.org\/#organization"},"potentialAction":[{"@type":"SearchAction","target":{"@type":"EntryPoint","urlTemplate":"https:\/\/www.cudeca.org\/?s={search_term_string}"},"query-input":"required name=search_term_string"}],"inLanguage":"en-US"},{"@type":"WebPage","@id":"https:\/\/www.cudeca.org\/?p=27484","url":"https:\/\/www.cudeca.org\/?p=27484","name":"El Festival de Danza Lidia Real Santiago recauda 3.860 euros a beneficio de Cudeca en su primera edici\u00f3n - Cudeca Cancer Care Hospice","isPartOf":{"@id":"https:\/\/www.cudeca.org\/#website"},"datePublished":"2022-06-08T13:04:03+00:00","dateModified":"2022-06-08T13:31:35+00:00","breadcrumb":{"@id":"https:\/\/www.cudeca.org\/?p=27484#breadcrumb"},"inLanguage":"en-US","potentialAction":[{"@type":"ReadAction","target":["https:\/\/www.cudeca.org\/?p=27484"]}]},{"@type":"BreadcrumbList","@id":"https:\/\/www.cudeca.org\/?p=27484#breadcrumb","itemListElement":[{"@type":"ListItem","position":1,"name":"Portada","item":"https:\/\/www.cudeca.org\/"},{"@type":"ListItem","position":2,"name":"El Festival de Danza Lidia Real Santiago recauda 3.860 euros a beneficio de Cudeca en su primera edici\u00f3n"}]},{"@type":"Article","@id":"https:\/\/www.cudeca.org\/?p=27484#article","isPartOf":{"@id":"https:\/\/www.cudeca.org\/?p=27484"},"author":{"name":"Jorge Lopez","@id":"https:\/\/www.cudeca.org\/#\/schema\/person\/ef584faee50c55adf49de08e703741fd"},"headline":"El Festival de Danza Lidia Real Santiago recauda 3.860 euros a beneficio de Cudeca en su primera edici\u00f3n","datePublished":"2022-06-08T13:04:03+00:00","dateModified":"2022-06-08T13:31:35+00:00","mainEntityOfPage":{"@id":"https:\/\/www.cudeca.org\/?p=27484"},"wordCount":217,"commentCount":0,"publisher":{"@id":"https:\/\/www.cudeca.org\/#organization"},"articleSection":["","","Sin categor\u00eda"],"inLanguage":"en-US","potentialAction":[{"@type":"CommentAction","name":"Comment","target":["https:\/\/www.cudeca.org\/?p=27484#respond"]}]},{"@type":"Person","@id":"https:\/\/www.cudeca.org\/#\/schema\/person\/ef584faee50c55adf49de08e703741fd","name":"Jorge Lopez","image":{"@type":"ImageObject","inLanguage":"en-US","@id":"https:\/\/www.cudeca.org\/#\/schema\/person\/image\/","url":"https:\/\/secure.gravatar.com\/avatar\/f861e8975d384d76728a2976bb1626da?s=96&d=mm&r=g","contentUrl":"https:\/\/secure.gravatar.com\/avatar\/f861e8975d384d76728a2976bb1626da?s=96&d=mm&r=g","caption":"Jorge Lopez"}}]}},"_links":{"self":[{"href":"https:\/\/www.cudeca.org\/en\/wp-json\/wp\/v2\/posts\/27484"}],"collection":[{"href":"https:\/\/www.cudeca.org\/en\/wp-json\/wp\/v2\/posts"}],"about":[{"href":"https:\/\/www.cudeca.org\/en\/wp-json\/wp\/v2\/types\/post"}],"author":[{"embeddable":true,"href":"https:\/\/www.cudeca.org\/en\/wp-json\/wp\/v2\/users\/5"}],"replies":[{"embeddable":true,"href":"https:\/\/www.cudeca.org\/en\/wp-json\/wp\/v2\/comments?post=27484"}],"version-history":[{"count":3,"href":"https:\/\/www.cudeca.org\/en\/wp-json\/wp\/v2\/posts\/27484\/revisions"}],"predecessor-version":[{"id":27490,"href":"https:\/\/www.cudeca.org\/en\/wp-json\/wp\/v2\/posts\/27484\/revisions\/27490"}],"wp:featuredmedia":[{"embeddable":true,"href":"https:\/\/www.cudeca.org\/en\/wp-json\/wp\/v2\/media\/27486"}],"wp:attachment":[{"href":"https:\/\/www.cudeca.org\/en\/wp-json\/wp\/v2\/media?parent=27484"}],"wp:term":[{"taxonomy":"category","embeddable":true,"href":"https:\/\/www.cudeca.org\/en\/wp-json\/wp\/v2\/categories?post=27484"},{"taxonomy":"post_tag","embeddable":true,"href":"https:\/\/www.cudeca.org\/en\/wp-json\/wp\/v2\/tags?post=27484"}],"curies":[{"name":"wp","href":"https:\/\/api.w.org\/{rel}","templated":true}]}}