{"id":25551,"date":"2021-10-19T11:09:53","date_gmt":"2021-10-19T11:09:53","guid":{"rendered":"https:\/\/www.cudeca.org\/?p=25551"},"modified":"2021-10-19T11:09:53","modified_gmt":"2021-10-19T11:09:53","slug":"la-fundacion-cudeca-agradece-al-ayuntamiento-de-rincon-de-la-victoria-su-apoyo-y-la-entrega-de-30-000-euros-para-continuar-con-los-cuidados-de-la-fundacion","status":"publish","type":"post","link":"https:\/\/www.cudeca.org\/en\/actualidad\/cudeca-hospice-thanks-the-rincon-de-la-victoria-town-hall-for-its-support-and-for-donating-30000-euros-to-continue-the-foundations-care\/","title":{"rendered":"Cudeca Hospice thanks the Rinc\u00f3n de la Victoria Town Hall for its support and for donating 30,000 euros to continue the foundation&#8217;s care."},"content":{"rendered":"<p>Cudeca Hospice sends a message of thanks to Elena Aguilar Bra\u00f1as, Councillor for Social Welfare of Rinc\u00f3n de la Victoria Town Council, and her team for their strong commitment to Cudeca so that they can sustain their care in the municipality.<\/p>\n<p>The amount of 30,000 euros that the Rinc\u00f3n de la Victoria Town Council is giving to the Cudeca Hospice will allow them to provide the best Palliative Care to the citizens of the municipality. Since 1992 Cudeca has cared for 704 people in Rinc\u00f3n de la Victoria, of which 53 so far in 2021.<\/p>\n<p>A disease in an advanced stage involves changes and challenges in all aspects of people&#8217;s lives, which is why comprehensive care is required. Cudeca has different areas of care and assistance programmes that provide personalised and continuous care according to the needs of each moment and each person. Cudeca&#8217;s teams are made up of doctors, nurses, psychologists, social workers and physiotherapists who specialise in palliative care and attend to every aspect of the patient&#8217;s care in detail, respecting their wishes and preferences.<\/p>","protected":false},"excerpt":{"rendered":"<p>Cudeca Hospice sends a message of thanks to Elena Aguilar Bra\u00f1as, Councillor for Social Welfare of Rinc\u00f3n de la Victoria Town Council, and her team for their strong commitment to Cudeca so that they can sustain their care in the municipality. The amount of 30,000 euros that the Rinc\u00f3n de la Victoria Town Council is [&hellip;]<\/p>\n","protected":false},"author":5,"featured_media":25552,"comment_status":"open","ping_status":"open","sticky":false,"template":"","format":"standard","meta":[],"categories":[15],"tags":[],"yoast_head":"<!-- This site is optimized with the Yoast SEO plugin v19.4 - https:\/\/yoast.com\/wordpress\/plugins\/seo\/ -->\n<title>Cudeca Hospice thanks the Rinc\u00f3n de la Victoria Town Hall for its support and for donating 30,000 euros to continue the foundation&#039;s care. - Cudeca Cancer Care Hospice<\/title>\n<meta name=\"robots\" content=\"index, follow, max-snippet:-1, max-image-preview:large, max-video-preview:-1\" \/>\n<link rel=\"canonical\" href=\"https:\/\/www.cudeca.org\/actualidad\/la-fundacion-cudeca-agradece-al-ayuntamiento-de-rincon-de-la-victoria-su-apoyo-y-la-entrega-de-30-000-euros-para-continuar-con-los-cuidados-de-la-fundacion\/\" \/>\n<meta property=\"og:locale\" content=\"en_US\" \/>\n<meta property=\"og:type\" content=\"article\" \/>\n<meta property=\"og:title\" content=\"Cudeca Hospice thanks the Rinc\u00f3n de la Victoria Town Hall for its support and for donating 30,000 euros to continue the foundation&#039;s care. - Cudeca Cancer Care Hospice\" \/>\n<meta property=\"og:description\" content=\"Cudeca Hospice sends a message of thanks to Elena Aguilar Bra\u00f1as, Councillor for Social Welfare of Rinc\u00f3n de la Victoria Town Council, and her team for their strong commitment to Cudeca so that they can sustain their care in the municipality. The amount of 30,000 euros that the Rinc\u00f3n de la Victoria Town Council is [&hellip;]\" \/>\n<meta property=\"og:url\" content=\"https:\/\/www.cudeca.org\/actualidad\/la-fundacion-cudeca-agradece-al-ayuntamiento-de-rincon-de-la-victoria-su-apoyo-y-la-entrega-de-30-000-euros-para-continuar-con-los-cuidados-de-la-fundacion\/\" \/>\n<meta property=\"og:site_name\" content=\"Cudeca Cancer Care Hospice\" \/>\n<meta property=\"article:publisher\" content=\"https:\/\/www.facebook.com\/AmigosDeCudeca\" \/>\n<meta property=\"article:published_time\" content=\"2021-10-19T11:09:53+00:00\" \/>\n<meta property=\"og:image\" content=\"https:\/\/www.cudeca.org\/wp-content\/uploads\/2021\/10\/81a8c416-a299-4ef3-beee-459a98c641a044.jpg\" \/>\n\t<meta property=\"og:image:width\" content=\"1600\" \/>\n\t<meta property=\"og:image:height\" content=\"900\" \/>\n\t<meta property=\"og:image:type\" content=\"image\/jpeg\" \/>\n<meta name=\"author\" content=\"Jorge Lopez\" \/>\n<meta name=\"twitter:card\" content=\"summary_large_image\" \/>\n<meta name=\"twitter:creator\" content=\"@cudeca\" \/>\n<meta name=\"twitter:site\" content=\"@cudeca\" \/>\n<meta name=\"twitter:label1\" content=\"Written by\" \/>\n\t<meta name=\"twitter:data1\" content=\"Jorge Lopez\" \/>\n\t<meta name=\"twitter:label2\" content=\"Est. reading time\" \/>\n\t<meta name=\"twitter:data2\" content=\"2 minutes\" \/>\n<script type=\"application\/ld+json\" class=\"yoast-schema-graph\">{\"@context\":\"https:\/\/schema.org\",\"@graph\":[{\"@type\":\"Organization\",\"@id\":\"https:\/\/www.cudeca.org\/#organization\",\"name\":\"Fundaci\u00f3n Cudeca\",\"url\":\"https:\/\/www.cudeca.org\/\",\"sameAs\":[\"https:\/\/www.youtube.com\/c\/cudecamalaga\",\"https:\/\/www.facebook.com\/AmigosDeCudeca\",\"https:\/\/twitter.com\/cudeca\"],\"logo\":{\"@type\":\"ImageObject\",\"inLanguage\":\"en-US\",\"@id\":\"https:\/\/www.cudeca.org\/#\/schema\/logo\/image\/\",\"url\":\"https:\/\/www.cudeca.org\/wp-content\/uploads\/2018\/02\/cudeca-logo.png\",\"contentUrl\":\"https:\/\/www.cudeca.org\/wp-content\/uploads\/2018\/02\/cudeca-logo.png\",\"width\":2121,\"height\":984,\"caption\":\"Fundaci\u00f3n Cudeca\"},\"image\":{\"@id\":\"https:\/\/www.cudeca.org\/#\/schema\/logo\/image\/\"}},{\"@type\":\"WebSite\",\"@id\":\"https:\/\/www.cudeca.org\/#website\",\"url\":\"https:\/\/www.cudeca.org\/\",\"name\":\"Fundaci\u00f3n Cudeca\",\"description\":\"Cudeca Hospice\",\"publisher\":{\"@id\":\"https:\/\/www.cudeca.org\/#organization\"},\"potentialAction\":[{\"@type\":\"SearchAction\",\"target\":{\"@type\":\"EntryPoint\",\"urlTemplate\":\"https:\/\/www.cudeca.org\/?s={search_term_string}\"},\"query-input\":\"required name=search_term_string\"}],\"inLanguage\":\"en-US\"},{\"@type\":\"WebPage\",\"@id\":\"https:\/\/www.cudeca.org\/actualidad\/la-fundacion-cudeca-agradece-al-ayuntamiento-de-rincon-de-la-victoria-su-apoyo-y-la-entrega-de-30-000-euros-para-continuar-con-los-cuidados-de-la-fundacion\/\",\"url\":\"https:\/\/www.cudeca.org\/actualidad\/la-fundacion-cudeca-agradece-al-ayuntamiento-de-rincon-de-la-victoria-su-apoyo-y-la-entrega-de-30-000-euros-para-continuar-con-los-cuidados-de-la-fundacion\/\",\"name\":\"Cudeca Hospice thanks the Rinc\u00f3n de la Victoria Town Hall for its support and for donating 30,000 euros to continue the foundation's care. - Cudeca Cancer Care Hospice\",\"isPartOf\":{\"@id\":\"https:\/\/www.cudeca.org\/#website\"},\"datePublished\":\"2021-10-19T11:09:53+00:00\",\"dateModified\":\"2021-10-19T11:09:53+00:00\",\"breadcrumb\":{\"@id\":\"https:\/\/www.cudeca.org\/actualidad\/la-fundacion-cudeca-agradece-al-ayuntamiento-de-rincon-de-la-victoria-su-apoyo-y-la-entrega-de-30-000-euros-para-continuar-con-los-cuidados-de-la-fundacion\/#breadcrumb\"},\"inLanguage\":\"en-US\",\"potentialAction\":[{\"@type\":\"ReadAction\",\"target\":[\"https:\/\/www.cudeca.org\/actualidad\/la-fundacion-cudeca-agradece-al-ayuntamiento-de-rincon-de-la-victoria-su-apoyo-y-la-entrega-de-30-000-euros-para-continuar-con-los-cuidados-de-la-fundacion\/\"]}]},{\"@type\":\"BreadcrumbList\",\"@id\":\"https:\/\/www.cudeca.org\/actualidad\/la-fundacion-cudeca-agradece-al-ayuntamiento-de-rincon-de-la-victoria-su-apoyo-y-la-entrega-de-30-000-euros-para-continuar-con-los-cuidados-de-la-fundacion\/#breadcrumb\",\"itemListElement\":[{\"@type\":\"ListItem\",\"position\":1,\"name\":\"Portada\",\"item\":\"https:\/\/www.cudeca.org\/\"},{\"@type\":\"ListItem\",\"position\":2,\"name\":\"La Fundaci\u00f3n Cudeca agradece al Ayuntamiento de Rinc\u00f3n de la Victoria su apoyo y la entrega de 30.000 euros para continuar con los cuidados de la fundaci\u00f3n.\"}]},{\"@type\":\"Article\",\"@id\":\"https:\/\/www.cudeca.org\/actualidad\/la-fundacion-cudeca-agradece-al-ayuntamiento-de-rincon-de-la-victoria-su-apoyo-y-la-entrega-de-30-000-euros-para-continuar-con-los-cuidados-de-la-fundacion\/#article\",\"isPartOf\":{\"@id\":\"https:\/\/www.cudeca.org\/actualidad\/la-fundacion-cudeca-agradece-al-ayuntamiento-de-rincon-de-la-victoria-su-apoyo-y-la-entrega-de-30-000-euros-para-continuar-con-los-cuidados-de-la-fundacion\/\"},\"author\":{\"name\":\"Jorge Lopez\",\"@id\":\"https:\/\/www.cudeca.org\/#\/schema\/person\/ef584faee50c55adf49de08e703741fd\"},\"headline\":\"Cudeca Hospice thanks the Rinc\u00f3n de la Victoria Town Hall for its support and for donating 30,000 euros to continue the foundation&#8217;s care.\",\"datePublished\":\"2021-10-19T11:09:53+00:00\",\"dateModified\":\"2021-10-19T11:09:53+00:00\",\"mainEntityOfPage\":{\"@id\":\"https:\/\/www.cudeca.org\/actualidad\/la-fundacion-cudeca-agradece-al-ayuntamiento-de-rincon-de-la-victoria-su-apoyo-y-la-entrega-de-30-000-euros-para-continuar-con-los-cuidados-de-la-fundacion\/\"},\"wordCount\":426,\"commentCount\":0,\"publisher\":{\"@id\":\"https:\/\/www.cudeca.org\/#organization\"},\"articleSection\":[\"\"],\"inLanguage\":\"en-US\",\"potentialAction\":[{\"@type\":\"CommentAction\",\"name\":\"Comment\",\"target\":[\"https:\/\/www.cudeca.org\/actualidad\/la-fundacion-cudeca-agradece-al-ayuntamiento-de-rincon-de-la-victoria-su-apoyo-y-la-entrega-de-30-000-euros-para-continuar-con-los-cuidados-de-la-fundacion\/#respond\"]}]},{\"@type\":\"Person\",\"@id\":\"https:\/\/www.cudeca.org\/#\/schema\/person\/ef584faee50c55adf49de08e703741fd\",\"name\":\"Jorge Lopez\",\"image\":{\"@type\":\"ImageObject\",\"inLanguage\":\"en-US\",\"@id\":\"https:\/\/www.cudeca.org\/#\/schema\/person\/image\/\",\"url\":\"https:\/\/secure.gravatar.com\/avatar\/f861e8975d384d76728a2976bb1626da?s=96&d=mm&r=g\",\"contentUrl\":\"https:\/\/secure.gravatar.com\/avatar\/f861e8975d384d76728a2976bb1626da?s=96&d=mm&r=g\",\"caption\":\"Jorge Lopez\"}}]}<\/script>\n<!-- \/ Yoast SEO plugin. -->","yoast_head_json":{"title":"Cudeca Hospice thanks the Rinc\u00f3n de la Victoria Town Hall for its support and for donating 30,000 euros to continue the foundation's care. - Cudeca Cancer Care Hospice","robots":{"index":"index","follow":"follow","max-snippet":"max-snippet:-1","max-image-preview":"max-image-preview:large","max-video-preview":"max-video-preview:-1"},"canonical":"https:\/\/www.cudeca.org\/actualidad\/la-fundacion-cudeca-agradece-al-ayuntamiento-de-rincon-de-la-victoria-su-apoyo-y-la-entrega-de-30-000-euros-para-continuar-con-los-cuidados-de-la-fundacion\/","og_locale":"en_US","og_type":"article","og_title":"Cudeca Hospice thanks the Rinc\u00f3n de la Victoria Town Hall for its support and for donating 30,000 euros to continue the foundation's care. - Cudeca Cancer Care Hospice","og_description":"Cudeca Hospice sends a message of thanks to Elena Aguilar Bra\u00f1as, Councillor for Social Welfare of Rinc\u00f3n de la Victoria Town Council, and her team for their strong commitment to Cudeca so that they can sustain their care in the municipality. The amount of 30,000 euros that the Rinc\u00f3n de la Victoria Town Council is [&hellip;]","og_url":"https:\/\/www.cudeca.org\/actualidad\/la-fundacion-cudeca-agradece-al-ayuntamiento-de-rincon-de-la-victoria-su-apoyo-y-la-entrega-de-30-000-euros-para-continuar-con-los-cuidados-de-la-fundacion\/","og_site_name":"Cudeca Cancer Care Hospice","article_publisher":"https:\/\/www.facebook.com\/AmigosDeCudeca","article_published_time":"2021-10-19T11:09:53+00:00","og_image":[{"width":1600,"height":900,"url":"https:\/\/www.cudeca.org\/wp-content\/uploads\/2021\/10\/81a8c416-a299-4ef3-beee-459a98c641a044.jpg","type":"image\/jpeg"}],"author":"Jorge Lopez","twitter_card":"summary_large_image","twitter_creator":"@cudeca","twitter_site":"@cudeca","twitter_misc":{"Written by":"Jorge Lopez","Est. reading time":"2 minutes"},"schema":{"@context":"https:\/\/schema.org","@graph":[{"@type":"Organization","@id":"https:\/\/www.cudeca.org\/#organization","name":"Fundaci\u00f3n Cudeca","url":"https:\/\/www.cudeca.org\/","sameAs":["https:\/\/www.youtube.com\/c\/cudecamalaga","https:\/\/www.facebook.com\/AmigosDeCudeca","https:\/\/twitter.com\/cudeca"],"logo":{"@type":"ImageObject","inLanguage":"en-US","@id":"https:\/\/www.cudeca.org\/#\/schema\/logo\/image\/","url":"https:\/\/www.cudeca.org\/wp-content\/uploads\/2018\/02\/cudeca-logo.png","contentUrl":"https:\/\/www.cudeca.org\/wp-content\/uploads\/2018\/02\/cudeca-logo.png","width":2121,"height":984,"caption":"Fundaci\u00f3n Cudeca"},"image":{"@id":"https:\/\/www.cudeca.org\/#\/schema\/logo\/image\/"}},{"@type":"WebSite","@id":"https:\/\/www.cudeca.org\/#website","url":"https:\/\/www.cudeca.org\/","name":"Fundaci\u00f3n Cudeca","description":"Cudeca Hospice","publisher":{"@id":"https:\/\/www.cudeca.org\/#organization"},"potentialAction":[{"@type":"SearchAction","target":{"@type":"EntryPoint","urlTemplate":"https:\/\/www.cudeca.org\/?s={search_term_string}"},"query-input":"required name=search_term_string"}],"inLanguage":"en-US"},{"@type":"WebPage","@id":"https:\/\/www.cudeca.org\/actualidad\/la-fundacion-cudeca-agradece-al-ayuntamiento-de-rincon-de-la-victoria-su-apoyo-y-la-entrega-de-30-000-euros-para-continuar-con-los-cuidados-de-la-fundacion\/","url":"https:\/\/www.cudeca.org\/actualidad\/la-fundacion-cudeca-agradece-al-ayuntamiento-de-rincon-de-la-victoria-su-apoyo-y-la-entrega-de-30-000-euros-para-continuar-con-los-cuidados-de-la-fundacion\/","name":"Cudeca Hospice thanks the Rinc\u00f3n de la Victoria Town Hall for its support and for donating 30,000 euros to continue the foundation's care. - Cudeca Cancer Care Hospice","isPartOf":{"@id":"https:\/\/www.cudeca.org\/#website"},"datePublished":"2021-10-19T11:09:53+00:00","dateModified":"2021-10-19T11:09:53+00:00","breadcrumb":{"@id":"https:\/\/www.cudeca.org\/actualidad\/la-fundacion-cudeca-agradece-al-ayuntamiento-de-rincon-de-la-victoria-su-apoyo-y-la-entrega-de-30-000-euros-para-continuar-con-los-cuidados-de-la-fundacion\/#breadcrumb"},"inLanguage":"en-US","potentialAction":[{"@type":"ReadAction","target":["https:\/\/www.cudeca.org\/actualidad\/la-fundacion-cudeca-agradece-al-ayuntamiento-de-rincon-de-la-victoria-su-apoyo-y-la-entrega-de-30-000-euros-para-continuar-con-los-cuidados-de-la-fundacion\/"]}]},{"@type":"BreadcrumbList","@id":"https:\/\/www.cudeca.org\/actualidad\/la-fundacion-cudeca-agradece-al-ayuntamiento-de-rincon-de-la-victoria-su-apoyo-y-la-entrega-de-30-000-euros-para-continuar-con-los-cuidados-de-la-fundacion\/#breadcrumb","itemListElement":[{"@type":"ListItem","position":1,"name":"Portada","item":"https:\/\/www.cudeca.org\/"},{"@type":"ListItem","position":2,"name":"La Fundaci\u00f3n Cudeca agradece al Ayuntamiento de Rinc\u00f3n de la Victoria su apoyo y la entrega de 30.000 euros para continuar con los cuidados de la fundaci\u00f3n."}]},{"@type":"Article","@id":"https:\/\/www.cudeca.org\/actualidad\/la-fundacion-cudeca-agradece-al-ayuntamiento-de-rincon-de-la-victoria-su-apoyo-y-la-entrega-de-30-000-euros-para-continuar-con-los-cuidados-de-la-fundacion\/#article","isPartOf":{"@id":"https:\/\/www.cudeca.org\/actualidad\/la-fundacion-cudeca-agradece-al-ayuntamiento-de-rincon-de-la-victoria-su-apoyo-y-la-entrega-de-30-000-euros-para-continuar-con-los-cuidados-de-la-fundacion\/"},"author":{"name":"Jorge Lopez","@id":"https:\/\/www.cudeca.org\/#\/schema\/person\/ef584faee50c55adf49de08e703741fd"},"headline":"Cudeca Hospice thanks the Rinc\u00f3n de la Victoria Town Hall for its support and for donating 30,000 euros to continue the foundation&#8217;s care.","datePublished":"2021-10-19T11:09:53+00:00","dateModified":"2021-10-19T11:09:53+00:00","mainEntityOfPage":{"@id":"https:\/\/www.cudeca.org\/actualidad\/la-fundacion-cudeca-agradece-al-ayuntamiento-de-rincon-de-la-victoria-su-apoyo-y-la-entrega-de-30-000-euros-para-continuar-con-los-cuidados-de-la-fundacion\/"},"wordCount":426,"commentCount":0,"publisher":{"@id":"https:\/\/www.cudeca.org\/#organization"},"articleSection":[""],"inLanguage":"en-US","potentialAction":[{"@type":"CommentAction","name":"Comment","target":["https:\/\/www.cudeca.org\/actualidad\/la-fundacion-cudeca-agradece-al-ayuntamiento-de-rincon-de-la-victoria-su-apoyo-y-la-entrega-de-30-000-euros-para-continuar-con-los-cuidados-de-la-fundacion\/#respond"]}]},{"@type":"Person","@id":"https:\/\/www.cudeca.org\/#\/schema\/person\/ef584faee50c55adf49de08e703741fd","name":"Jorge Lopez","image":{"@type":"ImageObject","inLanguage":"en-US","@id":"https:\/\/www.cudeca.org\/#\/schema\/person\/image\/","url":"https:\/\/secure.gravatar.com\/avatar\/f861e8975d384d76728a2976bb1626da?s=96&d=mm&r=g","contentUrl":"https:\/\/secure.gravatar.com\/avatar\/f861e8975d384d76728a2976bb1626da?s=96&d=mm&r=g","caption":"Jorge Lopez"}}]}},"_links":{"self":[{"href":"https:\/\/www.cudeca.org\/en\/wp-json\/wp\/v2\/posts\/25551"}],"collection":[{"href":"https:\/\/www.cudeca.org\/en\/wp-json\/wp\/v2\/posts"}],"about":[{"href":"https:\/\/www.cudeca.org\/en\/wp-json\/wp\/v2\/types\/post"}],"author":[{"embeddable":true,"href":"https:\/\/www.cudeca.org\/en\/wp-json\/wp\/v2\/users\/5"}],"replies":[{"embeddable":true,"href":"https:\/\/www.cudeca.org\/en\/wp-json\/wp\/v2\/comments?post=25551"}],"version-history":[{"count":1,"href":"https:\/\/www.cudeca.org\/en\/wp-json\/wp\/v2\/posts\/25551\/revisions"}],"predecessor-version":[{"id":25553,"href":"https:\/\/www.cudeca.org\/en\/wp-json\/wp\/v2\/posts\/25551\/revisions\/25553"}],"wp:featuredmedia":[{"embeddable":true,"href":"https:\/\/www.cudeca.org\/en\/wp-json\/wp\/v2\/media\/25552"}],"wp:attachment":[{"href":"https:\/\/www.cudeca.org\/en\/wp-json\/wp\/v2\/media?parent=25551"}],"wp:term":[{"taxonomy":"category","embeddable":true,"href":"https:\/\/www.cudeca.org\/en\/wp-json\/wp\/v2\/categories?post=25551"},{"taxonomy":"post_tag","embeddable":true,"href":"https:\/\/www.cudeca.org\/en\/wp-json\/wp\/v2\/tags?post=25551"}],"curies":[{"name":"wp","href":"https:\/\/api.w.org\/{rel}","templated":true}]}}