{"id":24378,"date":"2020-11-04T10:26:31","date_gmt":"2020-11-04T10:26:31","guid":{"rendered":"https:\/\/www.cudeca.org\/?p=24378"},"modified":"2020-11-04T12:58:07","modified_gmt":"2020-11-04T12:58:07","slug":"2a-subasta-por-la-vida","status":"publish","type":"post","link":"https:\/\/www.cudeca.org\/en\/actualidad\/2a-subasta-por-la-vida\/","title":{"rendered":"2nd Auction for Life!"},"content":{"rendered":"<div class=\"wpb-content-wrapper\"><p>[vc_row][vc_column][vc_column_text]On 2 November we launch, together with <a href=\"https:\/\/cadenaser.com\/emisora\/ser_malaga\/\">Cadena SER Malaga<\/a>, our <em><strong>2nd Auction for Life<\/strong><\/em>. This is an online auction with the aim of raising funds to care for people with cancer and other advanced illnesses, and to offer support to their families.<\/p>\n<p>The auction, which will begin on 1st November on our auction website <a href=\"http:\/\/www.cudeca.org\/subasta\/\">www.cudeca.org\/subasta\/<\/a>, features objects donated by Malaga personalities and organisations from the world of music, sport and gastronomy, as well as restaurants, hotels, museums, theatres and other local businesses. They all have joined in to our hospice charity event, in which all the funds raised will be used to care for patients at the end of their lives.<\/p>\n<p>You will be able to bid on impressive prizes such as:<\/p>\n<p><strong>Dinning:<\/strong> Sollo Restaurant, Candado Golf, Uvedoble, La Calma Playa, Los Mellizos, etc.<\/p>\n<p><strong>Accommodation:<\/strong> Don Carlos Leisure Resort &amp; Spa, Elba Thalasso Spa, Meli\u00e1 Costa del Sol Smy Hotels<\/p>\n<p><strong>Signed pieces of art and other objects<\/strong>: artists from Malaga, Antonio Montiel, Javier Calleja<\/p>\n<p><strong>Health vouchers<\/strong>: Buchinger Clinic, Vithas Xanit<\/p>\n<p><strong>Sports activities<\/strong>: Exploram\u00e1s, Indian Sport; &#8220;Miguel \u00c1ngel Jim\u00e9nez&#8221; Golf Academy, Santana Golf<\/p>\n<p><strong>Leisure Centre Tickets<\/strong>: Selwo Aventura, Selwo Marina and Telef\u00e9rico Benalm\u00e1dena, Museo Picasso, Museo Thyssen<\/p>\n<p><strong>Donated items<\/strong>: Jorge Ordo\u00f1ez wines, Helle Hollis airport parking days and &#8220;Platinum Car&#8221;; Google Mini by Microcad, Supra headphones<\/p>\n<p>The bidding process is very simple: first, you must register and then you will be able to offer a higher price than the one marked as starting price. The bid can be raised as many times as desired.<\/p>\n<p>The auction will end on 17 December with a live broadcast by <strong>Cadena SER Malaga<\/strong> on the premises of the Cudeca Hospice and will feature interviews with some of the hospice\u00b4 staff and personalities involved in the auction.<\/p>\n<p><em><strong>Looking forward to seeing your charity bids!<\/strong><\/em>[\/vc_column_text][\/vc_column][\/vc_row]<\/p>\n<\/div>","protected":false},"excerpt":{"rendered":"<p>[vc_row][vc_column][vc_column_text]On 2 November we launch, together with Cadena SER Malaga, our 2nd Auction for Life. This is an online auction with the aim of raising funds to care for people with cancer and other advanced illnesses, and to offer support to their families. The auction, which will begin on 1st November on our auction website [&hellip;]<\/p>\n","protected":false},"author":5,"featured_media":24379,"comment_status":"open","ping_status":"open","sticky":false,"template":"","format":"standard","meta":[],"categories":[12],"tags":[],"yoast_head":"<!-- This site is optimized with the Yoast SEO plugin v19.4 - https:\/\/yoast.com\/wordpress\/plugins\/seo\/ -->\n<title>2nd Auction for Life! - Cudeca Cancer Care Hospice<\/title>\n<meta name=\"robots\" content=\"index, follow, max-snippet:-1, max-image-preview:large, max-video-preview:-1\" \/>\n<link rel=\"canonical\" href=\"https:\/\/www.cudeca.org\/actualidad\/2a-subasta-por-la-vida\/\" \/>\n<meta property=\"og:locale\" content=\"en_US\" \/>\n<meta property=\"og:type\" content=\"article\" \/>\n<meta property=\"og:title\" content=\"2nd Auction for Life! - Cudeca Cancer Care Hospice\" \/>\n<meta property=\"og:description\" content=\"[vc_row][vc_column][vc_column_text]On 2 November we launch, together with Cadena SER Malaga, our 2nd Auction for Life. This is an online auction with the aim of raising funds to care for people with cancer and other advanced illnesses, and to offer support to their families. The auction, which will begin on 1st November on our auction website [&hellip;]\" \/>\n<meta property=\"og:url\" content=\"https:\/\/www.cudeca.org\/actualidad\/2a-subasta-por-la-vida\/\" \/>\n<meta property=\"og:site_name\" content=\"Cudeca Cancer Care Hospice\" \/>\n<meta property=\"article:publisher\" content=\"https:\/\/www.facebook.com\/AmigosDeCudeca\" \/>\n<meta property=\"article:published_time\" content=\"2020-11-04T10:26:31+00:00\" \/>\n<meta property=\"article:modified_time\" content=\"2020-11-04T12:58:07+00:00\" \/>\n<meta property=\"og:image\" content=\"https:\/\/www.cudeca.org\/wp-content\/uploads\/2020\/11\/cartel-subasta-v01-ESP-2O020-724x1024.jpg\" \/>\n\t<meta property=\"og:image:width\" content=\"724\" \/>\n\t<meta property=\"og:image:height\" content=\"1024\" \/>\n\t<meta property=\"og:image:type\" content=\"image\/jpeg\" \/>\n<meta name=\"author\" content=\"Jorge Lopez\" \/>\n<meta name=\"twitter:card\" content=\"summary_large_image\" \/>\n<meta name=\"twitter:creator\" content=\"@cudeca\" \/>\n<meta name=\"twitter:site\" content=\"@cudeca\" \/>\n<meta name=\"twitter:label1\" content=\"Written by\" \/>\n\t<meta name=\"twitter:data1\" content=\"Jorge Lopez\" \/>\n\t<meta name=\"twitter:label2\" content=\"Est. reading time\" \/>\n\t<meta name=\"twitter:data2\" content=\"3 minutes\" \/>\n<script type=\"application\/ld+json\" class=\"yoast-schema-graph\">{\"@context\":\"https:\/\/schema.org\",\"@graph\":[{\"@type\":\"Organization\",\"@id\":\"https:\/\/www.cudeca.org\/#organization\",\"name\":\"Fundaci\u00f3n Cudeca\",\"url\":\"https:\/\/www.cudeca.org\/\",\"sameAs\":[\"https:\/\/www.youtube.com\/c\/cudecamalaga\",\"https:\/\/www.facebook.com\/AmigosDeCudeca\",\"https:\/\/twitter.com\/cudeca\"],\"logo\":{\"@type\":\"ImageObject\",\"inLanguage\":\"en-US\",\"@id\":\"https:\/\/www.cudeca.org\/#\/schema\/logo\/image\/\",\"url\":\"https:\/\/www.cudeca.org\/wp-content\/uploads\/2018\/02\/cudeca-logo.png\",\"contentUrl\":\"https:\/\/www.cudeca.org\/wp-content\/uploads\/2018\/02\/cudeca-logo.png\",\"width\":2121,\"height\":984,\"caption\":\"Fundaci\u00f3n Cudeca\"},\"image\":{\"@id\":\"https:\/\/www.cudeca.org\/#\/schema\/logo\/image\/\"}},{\"@type\":\"WebSite\",\"@id\":\"https:\/\/www.cudeca.org\/#website\",\"url\":\"https:\/\/www.cudeca.org\/\",\"name\":\"Fundaci\u00f3n Cudeca\",\"description\":\"Cudeca Hospice\",\"publisher\":{\"@id\":\"https:\/\/www.cudeca.org\/#organization\"},\"potentialAction\":[{\"@type\":\"SearchAction\",\"target\":{\"@type\":\"EntryPoint\",\"urlTemplate\":\"https:\/\/www.cudeca.org\/?s={search_term_string}\"},\"query-input\":\"required name=search_term_string\"}],\"inLanguage\":\"en-US\"},{\"@type\":\"WebPage\",\"@id\":\"https:\/\/www.cudeca.org\/actualidad\/2a-subasta-por-la-vida\/\",\"url\":\"https:\/\/www.cudeca.org\/actualidad\/2a-subasta-por-la-vida\/\",\"name\":\"2nd Auction for Life! - Cudeca Cancer Care Hospice\",\"isPartOf\":{\"@id\":\"https:\/\/www.cudeca.org\/#website\"},\"datePublished\":\"2020-11-04T10:26:31+00:00\",\"dateModified\":\"2020-11-04T12:58:07+00:00\",\"breadcrumb\":{\"@id\":\"https:\/\/www.cudeca.org\/actualidad\/2a-subasta-por-la-vida\/#breadcrumb\"},\"inLanguage\":\"en-US\",\"potentialAction\":[{\"@type\":\"ReadAction\",\"target\":[\"https:\/\/www.cudeca.org\/actualidad\/2a-subasta-por-la-vida\/\"]}]},{\"@type\":\"BreadcrumbList\",\"@id\":\"https:\/\/www.cudeca.org\/actualidad\/2a-subasta-por-la-vida\/#breadcrumb\",\"itemListElement\":[{\"@type\":\"ListItem\",\"position\":1,\"name\":\"Portada\",\"item\":\"https:\/\/www.cudeca.org\/\"},{\"@type\":\"ListItem\",\"position\":2,\"name\":\"2\u00aa Subasta por la Vida\"}]},{\"@type\":\"Article\",\"@id\":\"https:\/\/www.cudeca.org\/actualidad\/2a-subasta-por-la-vida\/#article\",\"isPartOf\":{\"@id\":\"https:\/\/www.cudeca.org\/actualidad\/2a-subasta-por-la-vida\/\"},\"author\":{\"name\":\"Jorge Lopez\",\"@id\":\"https:\/\/www.cudeca.org\/#\/schema\/person\/ef584faee50c55adf49de08e703741fd\"},\"headline\":\"2nd Auction for Life!\",\"datePublished\":\"2020-11-04T10:26:31+00:00\",\"dateModified\":\"2020-11-04T12:58:07+00:00\",\"mainEntityOfPage\":{\"@id\":\"https:\/\/www.cudeca.org\/actualidad\/2a-subasta-por-la-vida\/\"},\"wordCount\":674,\"commentCount\":0,\"publisher\":{\"@id\":\"https:\/\/www.cudeca.org\/#organization\"},\"articleSection\":[\"\"],\"inLanguage\":\"en-US\",\"potentialAction\":[{\"@type\":\"CommentAction\",\"name\":\"Comment\",\"target\":[\"https:\/\/www.cudeca.org\/actualidad\/2a-subasta-por-la-vida\/#respond\"]}]},{\"@type\":\"Person\",\"@id\":\"https:\/\/www.cudeca.org\/#\/schema\/person\/ef584faee50c55adf49de08e703741fd\",\"name\":\"Jorge Lopez\",\"image\":{\"@type\":\"ImageObject\",\"inLanguage\":\"en-US\",\"@id\":\"https:\/\/www.cudeca.org\/#\/schema\/person\/image\/\",\"url\":\"https:\/\/secure.gravatar.com\/avatar\/f861e8975d384d76728a2976bb1626da?s=96&d=mm&r=g\",\"contentUrl\":\"https:\/\/secure.gravatar.com\/avatar\/f861e8975d384d76728a2976bb1626da?s=96&d=mm&r=g\",\"caption\":\"Jorge Lopez\"}}]}<\/script>\n<!-- \/ Yoast SEO plugin. -->","yoast_head_json":{"title":"2nd Auction for Life! - Cudeca Cancer Care Hospice","robots":{"index":"index","follow":"follow","max-snippet":"max-snippet:-1","max-image-preview":"max-image-preview:large","max-video-preview":"max-video-preview:-1"},"canonical":"https:\/\/www.cudeca.org\/actualidad\/2a-subasta-por-la-vida\/","og_locale":"en_US","og_type":"article","og_title":"2nd Auction for Life! - Cudeca Cancer Care Hospice","og_description":"[vc_row][vc_column][vc_column_text]On 2 November we launch, together with Cadena SER Malaga, our 2nd Auction for Life. This is an online auction with the aim of raising funds to care for people with cancer and other advanced illnesses, and to offer support to their families. The auction, which will begin on 1st November on our auction website [&hellip;]","og_url":"https:\/\/www.cudeca.org\/actualidad\/2a-subasta-por-la-vida\/","og_site_name":"Cudeca Cancer Care Hospice","article_publisher":"https:\/\/www.facebook.com\/AmigosDeCudeca","article_published_time":"2020-11-04T10:26:31+00:00","article_modified_time":"2020-11-04T12:58:07+00:00","og_image":[{"width":724,"height":1024,"url":"https:\/\/www.cudeca.org\/wp-content\/uploads\/2020\/11\/cartel-subasta-v01-ESP-2O020-724x1024.jpg","type":"image\/jpeg"}],"author":"Jorge Lopez","twitter_card":"summary_large_image","twitter_creator":"@cudeca","twitter_site":"@cudeca","twitter_misc":{"Written by":"Jorge Lopez","Est. reading time":"3 minutes"},"schema":{"@context":"https:\/\/schema.org","@graph":[{"@type":"Organization","@id":"https:\/\/www.cudeca.org\/#organization","name":"Fundaci\u00f3n Cudeca","url":"https:\/\/www.cudeca.org\/","sameAs":["https:\/\/www.youtube.com\/c\/cudecamalaga","https:\/\/www.facebook.com\/AmigosDeCudeca","https:\/\/twitter.com\/cudeca"],"logo":{"@type":"ImageObject","inLanguage":"en-US","@id":"https:\/\/www.cudeca.org\/#\/schema\/logo\/image\/","url":"https:\/\/www.cudeca.org\/wp-content\/uploads\/2018\/02\/cudeca-logo.png","contentUrl":"https:\/\/www.cudeca.org\/wp-content\/uploads\/2018\/02\/cudeca-logo.png","width":2121,"height":984,"caption":"Fundaci\u00f3n Cudeca"},"image":{"@id":"https:\/\/www.cudeca.org\/#\/schema\/logo\/image\/"}},{"@type":"WebSite","@id":"https:\/\/www.cudeca.org\/#website","url":"https:\/\/www.cudeca.org\/","name":"Fundaci\u00f3n Cudeca","description":"Cudeca Hospice","publisher":{"@id":"https:\/\/www.cudeca.org\/#organization"},"potentialAction":[{"@type":"SearchAction","target":{"@type":"EntryPoint","urlTemplate":"https:\/\/www.cudeca.org\/?s={search_term_string}"},"query-input":"required name=search_term_string"}],"inLanguage":"en-US"},{"@type":"WebPage","@id":"https:\/\/www.cudeca.org\/actualidad\/2a-subasta-por-la-vida\/","url":"https:\/\/www.cudeca.org\/actualidad\/2a-subasta-por-la-vida\/","name":"2nd Auction for Life! - Cudeca Cancer Care Hospice","isPartOf":{"@id":"https:\/\/www.cudeca.org\/#website"},"datePublished":"2020-11-04T10:26:31+00:00","dateModified":"2020-11-04T12:58:07+00:00","breadcrumb":{"@id":"https:\/\/www.cudeca.org\/actualidad\/2a-subasta-por-la-vida\/#breadcrumb"},"inLanguage":"en-US","potentialAction":[{"@type":"ReadAction","target":["https:\/\/www.cudeca.org\/actualidad\/2a-subasta-por-la-vida\/"]}]},{"@type":"BreadcrumbList","@id":"https:\/\/www.cudeca.org\/actualidad\/2a-subasta-por-la-vida\/#breadcrumb","itemListElement":[{"@type":"ListItem","position":1,"name":"Portada","item":"https:\/\/www.cudeca.org\/"},{"@type":"ListItem","position":2,"name":"2\u00aa Subasta por la Vida"}]},{"@type":"Article","@id":"https:\/\/www.cudeca.org\/actualidad\/2a-subasta-por-la-vida\/#article","isPartOf":{"@id":"https:\/\/www.cudeca.org\/actualidad\/2a-subasta-por-la-vida\/"},"author":{"name":"Jorge Lopez","@id":"https:\/\/www.cudeca.org\/#\/schema\/person\/ef584faee50c55adf49de08e703741fd"},"headline":"2nd Auction for Life!","datePublished":"2020-11-04T10:26:31+00:00","dateModified":"2020-11-04T12:58:07+00:00","mainEntityOfPage":{"@id":"https:\/\/www.cudeca.org\/actualidad\/2a-subasta-por-la-vida\/"},"wordCount":674,"commentCount":0,"publisher":{"@id":"https:\/\/www.cudeca.org\/#organization"},"articleSection":[""],"inLanguage":"en-US","potentialAction":[{"@type":"CommentAction","name":"Comment","target":["https:\/\/www.cudeca.org\/actualidad\/2a-subasta-por-la-vida\/#respond"]}]},{"@type":"Person","@id":"https:\/\/www.cudeca.org\/#\/schema\/person\/ef584faee50c55adf49de08e703741fd","name":"Jorge Lopez","image":{"@type":"ImageObject","inLanguage":"en-US","@id":"https:\/\/www.cudeca.org\/#\/schema\/person\/image\/","url":"https:\/\/secure.gravatar.com\/avatar\/f861e8975d384d76728a2976bb1626da?s=96&d=mm&r=g","contentUrl":"https:\/\/secure.gravatar.com\/avatar\/f861e8975d384d76728a2976bb1626da?s=96&d=mm&r=g","caption":"Jorge Lopez"}}]}},"_links":{"self":[{"href":"https:\/\/www.cudeca.org\/en\/wp-json\/wp\/v2\/posts\/24378"}],"collection":[{"href":"https:\/\/www.cudeca.org\/en\/wp-json\/wp\/v2\/posts"}],"about":[{"href":"https:\/\/www.cudeca.org\/en\/wp-json\/wp\/v2\/types\/post"}],"author":[{"embeddable":true,"href":"https:\/\/www.cudeca.org\/en\/wp-json\/wp\/v2\/users\/5"}],"replies":[{"embeddable":true,"href":"https:\/\/www.cudeca.org\/en\/wp-json\/wp\/v2\/comments?post=24378"}],"version-history":[{"count":3,"href":"https:\/\/www.cudeca.org\/en\/wp-json\/wp\/v2\/posts\/24378\/revisions"}],"predecessor-version":[{"id":24383,"href":"https:\/\/www.cudeca.org\/en\/wp-json\/wp\/v2\/posts\/24378\/revisions\/24383"}],"wp:featuredmedia":[{"embeddable":true,"href":"https:\/\/www.cudeca.org\/en\/wp-json\/wp\/v2\/media\/24379"}],"wp:attachment":[{"href":"https:\/\/www.cudeca.org\/en\/wp-json\/wp\/v2\/media?parent=24378"}],"wp:term":[{"taxonomy":"category","embeddable":true,"href":"https:\/\/www.cudeca.org\/en\/wp-json\/wp\/v2\/categories?post=24378"},{"taxonomy":"post_tag","embeddable":true,"href":"https:\/\/www.cudeca.org\/en\/wp-json\/wp\/v2\/tags?post=24378"}],"curies":[{"name":"wp","href":"https:\/\/api.w.org\/{rel}","templated":true}]}}