{"id":24339,"date":"2020-10-21T12:58:49","date_gmt":"2020-10-21T12:58:49","guid":{"rendered":"https:\/\/www.cudeca.org\/?p=24339"},"modified":"2020-10-22T13:17:41","modified_gmt":"2020-10-22T13:17:41","slug":"lirica-por-cudeca","status":"publish","type":"post","link":"https:\/\/www.cudeca.org\/en\/actualidad\/lirica-por-cudeca\/","title":{"rendered":"Lirycal concert for Cudeca"},"content":{"rendered":"<div class=\"wpb-content-wrapper\"><p>[vc_row][vc_column][vc_column_text]On November 27<a href=\"https:\/\/www.marbella.es\/actualidad\/item\/34793-teatro-ciudad-de-marbella.html\">,<\/a> the <strong>Lyrical concert for Cudeca, <\/strong>an opera and zarzuela recital, will take place at the <a href=\"https:\/\/www.marbella.es\/actualidad\/item\/34793-teatro-ciudad-de-marbella.html\"><strong>Teatro Ciudad de Marbella <\/strong><\/a>with the aim of raising funds for the Cudeca Hospice to be able to continue offering their professional care in a disinterested way.<\/p>\n<p>The artistic cast consists of <strong>soprano Sonia Garcia, tenor Diego Morales and pianist Cecilia Martin<\/strong>. A repertoire of Spanish zarzuela and opera will be developed and the artists will perform individually, in duos and many other styles.<\/p>\n<p>Thanks to the <strong><a href=\"http:\/\/www.marbella.es\">Marbella Town Hall<\/a> <\/strong>for the use of the theatre under no charge and to <a href=\"http:\/\/www.gruposafamotor.com\">Grupo Safamotor (Malaga)<\/a> and <a href=\"http:\/\/www.royalpianos.com\">Royal Pianos<\/a> for sponsoring the event.<\/p>\n<p>The tickets are already available at <a href=\"https:\/\/www.mientrada.net\/evento\/lirica-por-cudeca-entradas-2\/\">Mi Entrada<\/a>. Price: \u20ac10<\/p>\n<p><em>(The entrance ticket is compulsory from the age of 3)<\/em><\/p>\n<p>Don&#8217;t run out of tickets!<br \/>\nIf you can&#8217;t come to the concert but still wish to help us, please make a bank transfer to our &#8220;Zero Raw&#8221;. Your help will me much appreciated:<\/p>\n<p>La Caixa ES48 2100 7681 3523 00060031<br \/>\nConcept: Lirica Marbella<\/p>\n<p>The <a href=\"http:\/\/www.entradium.com\">Entradium<\/a> Platform for tickets sales collaborates with 100% of the management costs.<\/p>\n<p><strong>BIOS<\/strong><\/p>\n<p><strong>SONIA GARCIA-QUINTERO | soprano<\/strong><\/p>\n<p>Born in Malaga. She began his singing studies at a very young age with Maria Victoria at the Marbella Conservatory. She continued her studies in Malaga with the teachers Francisco Heredia and Alicia Molina until she obtained her Higher Music Degree. Chiara Migliari and Michelle Sburlati continued her training in Perugia (Italy). She did a MIAM Master&#8217;s Degree in Singing and Lyrical Scene at the UJA with Susana Gomez and Julio Alexis. She has had classes with Coral Morales, Carlos Chausson, Francisco Garc\u00eda-Rosado, Susana G\u00f3mez, Giulio Zappa and with the &#8220;Ja\u00e9n \u00d3pera Joven&#8221; collective.<\/p>\n<p>Amongst her awards, the third prize of &#8220;J\u00f3venes Int\u00e9rpretes&#8221; of Marbella-crea (2009) and the first prize in 2010 stand out. Special mention in &#8220;J\u00f3venes int\u00e9rpretes&#8221; of Malaga-crea (2013). Finalist in Estepona-Crea (2016) and Second Prize in Marbella-crea (2016).<\/p>\n<p>She has performed Carmina Burana (Orff), La Misa Tango (Alberto Bustos at the world premiere), and roles such as Suor Genovieffa (Suor Angelica-Puccini), Sussana (Le nozze di Figaro-Mozart), Olga (Katiuska- Soroz\u00e1bal), Rosaura (Los Gavilanes-J. Guerrero), Lady and Queen of the Night (The Magic Flute-Mozart), Witch (Dido and Aeneas-Purcell), Serpina (La Serva Padrona-Salieri), Slave (The Jewish Child-P. Luna), Gretel (Hansel and Gretel-E.Humperdinck) among others, in auditoriums such as Maestro Padilla (Almeria), Teatro Cervantes (Malaga), Auditorio M. de Falla (Granada), Perugia, Ancona and Cammerino (Italy). She has shared the stage with the Compa\u00f1ia Teatro L\u00edrico Andaluz, Compa\u00f1ia Teatro del Arte, Compa\u00f1ia Teatro Abulaga, Compa\u00f1\u00eda L\u00edrica Andaluza. She is currently a singing teacher at the Professional Music Conservatory of Alc\u00e1zar de San Juan (Campo de Criptana-Ciudad Real).<\/p>\n<p><strong>DIEGO MORALES | tenor<\/strong><\/p>\n<p>Born in Antequera (Malaga), he began his musical training at an early age in the children&#8217;s choir and at the piano in the conservatory. He later studied singing in Malaga until he graduated, with excellent marks, under the guidance of his teacher, Francisco Heredia. He has received classes with Carmen Solis, Suso Mariategui, C. Koch, Alvaro Ramirez and M. Mateu among others. A music teacher from the University of Malaga, he has furthered his training in areas such as stage interpretation and choral conducting.<\/p>\n<p>He has performed titles such as Apollo et Hyacinthus (Mozart), Bastien und Bastienne (Mozart), Le nozze di Figaro (Mozart), Die Zauberfl\u00f6te (Mozart), The Fairy Queen (Purcell), Dido and Aeneas (Purcell), L&#8217;elixir d&#8217;amore (Donizetti), Rita (Donizetti), Hansel und Gretel (E. Humperdinck), The Merry Widow (Lehar), La Bella Helena (Offenbach), Cendrillon (P. Viardot). In zarzuela and Spanish music, he performs on tour with La Canci\u00f3n del Olvido (Serrano), in various 18th and 19th century stage tunes (P. Moral, A. Guerrero, Manuel Garc\u00eda) and in the lyric shows Cantares de Ayer, Comedias Majas and De vuelta al barroco.<\/p>\n<p>In the oratory he performs as a soloist Historia de la Navidad (Sch\u00fctz), Mass in G Major (Schubert), Stabat Mater (Rossini), Magnificat (Bach), Coronation Mass, Davide Penitente and Requiem (Mozart), Magnificat (Pergolesi), Messiah (Handel), Stabat Mater and Painful Mass (Caldara), No\u00ebl&#8217;s Oratory (Saint-Sa\u00ebns) with a strong focus on chamber music and early music.<\/p>\n<p>He has shared the stage as a soloist with the OSPMA and Joven OSP (M\u00e1laga), Camerata San Sebastian (Antequera), OCAL (Almeria), OUGR (University of Granada), OSHU (Huelva), Southern Youth String Orchestra (Lucena), O. Prom\u00fasica (Malaga) under the baton of important conductors in the Teatro Cervantes and Sala Maria Cristina in Malaga, Gran Teatro in Huelva, Auditorio Maestro Padilla in Almeria, Teatro in Cordoba, Real Alcazar in Seville, Roman theatres in Italica (Seville) and Malaga, Teatro Real in Madrid and for delegations from Portugal, Germany, Belgium and Switzerland.<\/p>\n<p><strong>CECILIA MARTIN &#8211; piano<\/strong><\/p>\n<p>Born in Malaga in 1986, she studied music in that city, receiving her main lessons from her teacher Daniel Abalos.\u00a0 She finished the Higher Level in 2009 with Antonio Simon Montiel, receiving maximum marks in Repertoire with piano and orchestra and vocal and instrumental accompaniment. In 2008, she was awarded a scholarship to study for one year at the Josep Haydn Konservatorium das Burguendland (Austria) by choice of that centre.\u00a0 In 2011 she will be studying a Master&#8217;s degree in pedagogy at the University of Malaga. During her years of training she also attended numerous advanced courses such as the international course &#8220;New Music Generation&#8221; of the Katalina Gurska Foundation. In all of them she receives classes from renowned teachers such as Angel Sanzo, Jose Felipe Diaz, Claudio Martinez Menher, Guillermo Gonzalez, Stephanie Combier and Ralf Heiber. In 2005 she won the second prize in the Villa Nueva del Rosario International Competition, and in 2014 she received, together with the Malaga baritone Jose Antonio Ariza, an honourable mention in the Muestra de Jovenes Interpretes de Malaga. From 2012 to 2018 he focuses his professional activity as a pianist accompanying singing and instruments in different conservatories in Andalusia, such as the CSM Victoria Eugenia and CPM Angel Barrios in Granada, the CSM in Malaga, the CPM city of El Ejido or the CSM Manuel Castillo in Seville.<\/p>\n<p>In addition to her work in these educational centres, she has given recitals in different chamber groups and as a repeating teacher throughout Spain in theatres such as the Garcia Lorca in Getafe, Gran Teatro in Caceres, Cervantes in Malaga or Kursaal in Melilla.\u00a0 She has also travelled repeatedly to Italy as a teacher.[\/vc_column_text][\/vc_column][\/vc_row]<\/p>\n<\/div>","protected":false},"excerpt":{"rendered":"<p>[vc_row][vc_column][vc_column_text]On November 27, the Lyrical concert for Cudeca, an opera and zarzuela recital, will take place at the Teatro Ciudad de Marbella with the aim of raising funds for the Cudeca Hospice to be able to continue offering their professional care in a disinterested way. The artistic cast consists of soprano Sonia Garcia, tenor Diego [&hellip;]<\/p>\n","protected":false},"author":5,"featured_media":24340,"comment_status":"open","ping_status":"open","sticky":false,"template":"","format":"standard","meta":[],"categories":[12],"tags":[],"yoast_head":"<!-- This site is optimized with the Yoast SEO plugin v19.4 - https:\/\/yoast.com\/wordpress\/plugins\/seo\/ -->\n<title>Lirycal concert for Cudeca - Cudeca Cancer Care Hospice<\/title>\n<meta name=\"robots\" content=\"index, follow, max-snippet:-1, max-image-preview:large, max-video-preview:-1\" \/>\n<link rel=\"canonical\" href=\"https:\/\/www.cudeca.org\/actualidad\/lirica-por-cudeca\/\" \/>\n<meta property=\"og:locale\" content=\"en_US\" \/>\n<meta property=\"og:type\" content=\"article\" \/>\n<meta property=\"og:title\" content=\"Lirycal concert for Cudeca - Cudeca Cancer Care Hospice\" \/>\n<meta property=\"og:description\" content=\"[vc_row][vc_column][vc_column_text]On November 27, the Lyrical concert for Cudeca, an opera and zarzuela recital, will take place at the Teatro Ciudad de Marbella with the aim of raising funds for the Cudeca Hospice to be able to continue offering their professional care in a disinterested way. The artistic cast consists of soprano Sonia Garcia, tenor Diego [&hellip;]\" \/>\n<meta property=\"og:url\" content=\"https:\/\/www.cudeca.org\/actualidad\/lirica-por-cudeca\/\" \/>\n<meta property=\"og:site_name\" content=\"Cudeca Cancer Care Hospice\" \/>\n<meta property=\"article:publisher\" content=\"https:\/\/www.facebook.com\/AmigosDeCudeca\" \/>\n<meta property=\"article:published_time\" content=\"2020-10-21T12:58:49+00:00\" \/>\n<meta property=\"article:modified_time\" content=\"2020-10-22T13:17:41+00:00\" \/>\n<meta property=\"og:image\" content=\"https:\/\/www.cudeca.org\/wp-content\/uploads\/2020\/10\/cartel-A4-724x1024.jpg\" \/>\n\t<meta property=\"og:image:width\" content=\"724\" \/>\n\t<meta property=\"og:image:height\" content=\"1024\" \/>\n\t<meta property=\"og:image:type\" content=\"image\/jpeg\" \/>\n<meta name=\"author\" content=\"Jorge Lopez\" \/>\n<meta name=\"twitter:card\" content=\"summary_large_image\" \/>\n<meta name=\"twitter:creator\" content=\"@cudeca\" \/>\n<meta name=\"twitter:site\" content=\"@cudeca\" \/>\n<meta name=\"twitter:label1\" content=\"Written by\" \/>\n\t<meta name=\"twitter:data1\" content=\"Jorge Lopez\" \/>\n\t<meta name=\"twitter:label2\" content=\"Est. reading time\" \/>\n\t<meta name=\"twitter:data2\" content=\"11 minutes\" \/>\n<script type=\"application\/ld+json\" class=\"yoast-schema-graph\">{\"@context\":\"https:\/\/schema.org\",\"@graph\":[{\"@type\":\"Organization\",\"@id\":\"https:\/\/www.cudeca.org\/#organization\",\"name\":\"Fundaci\u00f3n Cudeca\",\"url\":\"https:\/\/www.cudeca.org\/\",\"sameAs\":[\"https:\/\/www.youtube.com\/c\/cudecamalaga\",\"https:\/\/www.facebook.com\/AmigosDeCudeca\",\"https:\/\/twitter.com\/cudeca\"],\"logo\":{\"@type\":\"ImageObject\",\"inLanguage\":\"en-US\",\"@id\":\"https:\/\/www.cudeca.org\/#\/schema\/logo\/image\/\",\"url\":\"https:\/\/www.cudeca.org\/wp-content\/uploads\/2018\/02\/cudeca-logo.png\",\"contentUrl\":\"https:\/\/www.cudeca.org\/wp-content\/uploads\/2018\/02\/cudeca-logo.png\",\"width\":2121,\"height\":984,\"caption\":\"Fundaci\u00f3n Cudeca\"},\"image\":{\"@id\":\"https:\/\/www.cudeca.org\/#\/schema\/logo\/image\/\"}},{\"@type\":\"WebSite\",\"@id\":\"https:\/\/www.cudeca.org\/#website\",\"url\":\"https:\/\/www.cudeca.org\/\",\"name\":\"Fundaci\u00f3n Cudeca\",\"description\":\"Cudeca Hospice\",\"publisher\":{\"@id\":\"https:\/\/www.cudeca.org\/#organization\"},\"potentialAction\":[{\"@type\":\"SearchAction\",\"target\":{\"@type\":\"EntryPoint\",\"urlTemplate\":\"https:\/\/www.cudeca.org\/?s={search_term_string}\"},\"query-input\":\"required name=search_term_string\"}],\"inLanguage\":\"en-US\"},{\"@type\":\"WebPage\",\"@id\":\"https:\/\/www.cudeca.org\/actualidad\/lirica-por-cudeca\/\",\"url\":\"https:\/\/www.cudeca.org\/actualidad\/lirica-por-cudeca\/\",\"name\":\"Lirycal concert for Cudeca - Cudeca Cancer Care Hospice\",\"isPartOf\":{\"@id\":\"https:\/\/www.cudeca.org\/#website\"},\"datePublished\":\"2020-10-21T12:58:49+00:00\",\"dateModified\":\"2020-10-22T13:17:41+00:00\",\"breadcrumb\":{\"@id\":\"https:\/\/www.cudeca.org\/actualidad\/lirica-por-cudeca\/#breadcrumb\"},\"inLanguage\":\"en-US\",\"potentialAction\":[{\"@type\":\"ReadAction\",\"target\":[\"https:\/\/www.cudeca.org\/actualidad\/lirica-por-cudeca\/\"]}]},{\"@type\":\"BreadcrumbList\",\"@id\":\"https:\/\/www.cudeca.org\/actualidad\/lirica-por-cudeca\/#breadcrumb\",\"itemListElement\":[{\"@type\":\"ListItem\",\"position\":1,\"name\":\"Portada\",\"item\":\"https:\/\/www.cudeca.org\/\"},{\"@type\":\"ListItem\",\"position\":2,\"name\":\"L\u00edrica por Cudeca\"}]},{\"@type\":\"Article\",\"@id\":\"https:\/\/www.cudeca.org\/actualidad\/lirica-por-cudeca\/#article\",\"isPartOf\":{\"@id\":\"https:\/\/www.cudeca.org\/actualidad\/lirica-por-cudeca\/\"},\"author\":{\"name\":\"Jorge Lopez\",\"@id\":\"https:\/\/www.cudeca.org\/#\/schema\/person\/ef584faee50c55adf49de08e703741fd\"},\"headline\":\"Lirycal concert for Cudeca\",\"datePublished\":\"2020-10-21T12:58:49+00:00\",\"dateModified\":\"2020-10-22T13:17:41+00:00\",\"mainEntityOfPage\":{\"@id\":\"https:\/\/www.cudeca.org\/actualidad\/lirica-por-cudeca\/\"},\"wordCount\":2276,\"commentCount\":0,\"publisher\":{\"@id\":\"https:\/\/www.cudeca.org\/#organization\"},\"articleSection\":[\"\"],\"inLanguage\":\"en-US\",\"potentialAction\":[{\"@type\":\"CommentAction\",\"name\":\"Comment\",\"target\":[\"https:\/\/www.cudeca.org\/actualidad\/lirica-por-cudeca\/#respond\"]}]},{\"@type\":\"Person\",\"@id\":\"https:\/\/www.cudeca.org\/#\/schema\/person\/ef584faee50c55adf49de08e703741fd\",\"name\":\"Jorge Lopez\",\"image\":{\"@type\":\"ImageObject\",\"inLanguage\":\"en-US\",\"@id\":\"https:\/\/www.cudeca.org\/#\/schema\/person\/image\/\",\"url\":\"https:\/\/secure.gravatar.com\/avatar\/f861e8975d384d76728a2976bb1626da?s=96&d=mm&r=g\",\"contentUrl\":\"https:\/\/secure.gravatar.com\/avatar\/f861e8975d384d76728a2976bb1626da?s=96&d=mm&r=g\",\"caption\":\"Jorge Lopez\"}}]}<\/script>\n<!-- \/ Yoast SEO plugin. -->","yoast_head_json":{"title":"Lirycal concert for Cudeca - Cudeca Cancer Care Hospice","robots":{"index":"index","follow":"follow","max-snippet":"max-snippet:-1","max-image-preview":"max-image-preview:large","max-video-preview":"max-video-preview:-1"},"canonical":"https:\/\/www.cudeca.org\/actualidad\/lirica-por-cudeca\/","og_locale":"en_US","og_type":"article","og_title":"Lirycal concert for Cudeca - Cudeca Cancer Care Hospice","og_description":"[vc_row][vc_column][vc_column_text]On November 27, the Lyrical concert for Cudeca, an opera and zarzuela recital, will take place at the Teatro Ciudad de Marbella with the aim of raising funds for the Cudeca Hospice to be able to continue offering their professional care in a disinterested way. The artistic cast consists of soprano Sonia Garcia, tenor Diego [&hellip;]","og_url":"https:\/\/www.cudeca.org\/actualidad\/lirica-por-cudeca\/","og_site_name":"Cudeca Cancer Care Hospice","article_publisher":"https:\/\/www.facebook.com\/AmigosDeCudeca","article_published_time":"2020-10-21T12:58:49+00:00","article_modified_time":"2020-10-22T13:17:41+00:00","og_image":[{"width":724,"height":1024,"url":"https:\/\/www.cudeca.org\/wp-content\/uploads\/2020\/10\/cartel-A4-724x1024.jpg","type":"image\/jpeg"}],"author":"Jorge Lopez","twitter_card":"summary_large_image","twitter_creator":"@cudeca","twitter_site":"@cudeca","twitter_misc":{"Written by":"Jorge Lopez","Est. reading time":"11 minutes"},"schema":{"@context":"https:\/\/schema.org","@graph":[{"@type":"Organization","@id":"https:\/\/www.cudeca.org\/#organization","name":"Fundaci\u00f3n Cudeca","url":"https:\/\/www.cudeca.org\/","sameAs":["https:\/\/www.youtube.com\/c\/cudecamalaga","https:\/\/www.facebook.com\/AmigosDeCudeca","https:\/\/twitter.com\/cudeca"],"logo":{"@type":"ImageObject","inLanguage":"en-US","@id":"https:\/\/www.cudeca.org\/#\/schema\/logo\/image\/","url":"https:\/\/www.cudeca.org\/wp-content\/uploads\/2018\/02\/cudeca-logo.png","contentUrl":"https:\/\/www.cudeca.org\/wp-content\/uploads\/2018\/02\/cudeca-logo.png","width":2121,"height":984,"caption":"Fundaci\u00f3n Cudeca"},"image":{"@id":"https:\/\/www.cudeca.org\/#\/schema\/logo\/image\/"}},{"@type":"WebSite","@id":"https:\/\/www.cudeca.org\/#website","url":"https:\/\/www.cudeca.org\/","name":"Fundaci\u00f3n Cudeca","description":"Cudeca Hospice","publisher":{"@id":"https:\/\/www.cudeca.org\/#organization"},"potentialAction":[{"@type":"SearchAction","target":{"@type":"EntryPoint","urlTemplate":"https:\/\/www.cudeca.org\/?s={search_term_string}"},"query-input":"required name=search_term_string"}],"inLanguage":"en-US"},{"@type":"WebPage","@id":"https:\/\/www.cudeca.org\/actualidad\/lirica-por-cudeca\/","url":"https:\/\/www.cudeca.org\/actualidad\/lirica-por-cudeca\/","name":"Lirycal concert for Cudeca - Cudeca Cancer Care Hospice","isPartOf":{"@id":"https:\/\/www.cudeca.org\/#website"},"datePublished":"2020-10-21T12:58:49+00:00","dateModified":"2020-10-22T13:17:41+00:00","breadcrumb":{"@id":"https:\/\/www.cudeca.org\/actualidad\/lirica-por-cudeca\/#breadcrumb"},"inLanguage":"en-US","potentialAction":[{"@type":"ReadAction","target":["https:\/\/www.cudeca.org\/actualidad\/lirica-por-cudeca\/"]}]},{"@type":"BreadcrumbList","@id":"https:\/\/www.cudeca.org\/actualidad\/lirica-por-cudeca\/#breadcrumb","itemListElement":[{"@type":"ListItem","position":1,"name":"Portada","item":"https:\/\/www.cudeca.org\/"},{"@type":"ListItem","position":2,"name":"L\u00edrica por Cudeca"}]},{"@type":"Article","@id":"https:\/\/www.cudeca.org\/actualidad\/lirica-por-cudeca\/#article","isPartOf":{"@id":"https:\/\/www.cudeca.org\/actualidad\/lirica-por-cudeca\/"},"author":{"name":"Jorge Lopez","@id":"https:\/\/www.cudeca.org\/#\/schema\/person\/ef584faee50c55adf49de08e703741fd"},"headline":"Lirycal concert for Cudeca","datePublished":"2020-10-21T12:58:49+00:00","dateModified":"2020-10-22T13:17:41+00:00","mainEntityOfPage":{"@id":"https:\/\/www.cudeca.org\/actualidad\/lirica-por-cudeca\/"},"wordCount":2276,"commentCount":0,"publisher":{"@id":"https:\/\/www.cudeca.org\/#organization"},"articleSection":[""],"inLanguage":"en-US","potentialAction":[{"@type":"CommentAction","name":"Comment","target":["https:\/\/www.cudeca.org\/actualidad\/lirica-por-cudeca\/#respond"]}]},{"@type":"Person","@id":"https:\/\/www.cudeca.org\/#\/schema\/person\/ef584faee50c55adf49de08e703741fd","name":"Jorge Lopez","image":{"@type":"ImageObject","inLanguage":"en-US","@id":"https:\/\/www.cudeca.org\/#\/schema\/person\/image\/","url":"https:\/\/secure.gravatar.com\/avatar\/f861e8975d384d76728a2976bb1626da?s=96&d=mm&r=g","contentUrl":"https:\/\/secure.gravatar.com\/avatar\/f861e8975d384d76728a2976bb1626da?s=96&d=mm&r=g","caption":"Jorge Lopez"}}]}},"_links":{"self":[{"href":"https:\/\/www.cudeca.org\/en\/wp-json\/wp\/v2\/posts\/24339"}],"collection":[{"href":"https:\/\/www.cudeca.org\/en\/wp-json\/wp\/v2\/posts"}],"about":[{"href":"https:\/\/www.cudeca.org\/en\/wp-json\/wp\/v2\/types\/post"}],"author":[{"embeddable":true,"href":"https:\/\/www.cudeca.org\/en\/wp-json\/wp\/v2\/users\/5"}],"replies":[{"embeddable":true,"href":"https:\/\/www.cudeca.org\/en\/wp-json\/wp\/v2\/comments?post=24339"}],"version-history":[{"count":4,"href":"https:\/\/www.cudeca.org\/en\/wp-json\/wp\/v2\/posts\/24339\/revisions"}],"predecessor-version":[{"id":24357,"href":"https:\/\/www.cudeca.org\/en\/wp-json\/wp\/v2\/posts\/24339\/revisions\/24357"}],"wp:featuredmedia":[{"embeddable":true,"href":"https:\/\/www.cudeca.org\/en\/wp-json\/wp\/v2\/media\/24340"}],"wp:attachment":[{"href":"https:\/\/www.cudeca.org\/en\/wp-json\/wp\/v2\/media?parent=24339"}],"wp:term":[{"taxonomy":"category","embeddable":true,"href":"https:\/\/www.cudeca.org\/en\/wp-json\/wp\/v2\/categories?post=24339"},{"taxonomy":"post_tag","embeddable":true,"href":"https:\/\/www.cudeca.org\/en\/wp-json\/wp\/v2\/tags?post=24339"}],"curies":[{"name":"wp","href":"https:\/\/api.w.org\/{rel}","templated":true}]}}