{"id":24203,"date":"2020-08-31T13:23:06","date_gmt":"2020-08-31T13:23:06","guid":{"rendered":"https:\/\/www.cudeca.org\/?p=24203"},"modified":"2020-08-31T14:19:25","modified_gmt":"2020-08-31T14:19:25","slug":"donacion-de-la-asociacion-de-vecinas-y-vecinos-del-cerro-del-aguila","status":"publish","type":"post","link":"https:\/\/www.cudeca.org\/en\/actualidad\/donation-from-the-association-of-neighbors-of-cerro-del-aguila\/","title":{"rendered":"Donation from the Association of Neighbours of Cerro del Aguila"},"content":{"rendered":"<div class=\"wpb-content-wrapper\"><p>[vc_row][vc_column][vc_column_text]On the 7th of August the<strong> Association of Neighbours of Cerro del Aguila<\/strong> brought in a donation to Cudeca Hospice of \u20ac180, collected among all the members of the Association. These funds will be destined to help us continue with our special kind of caring for patients at the end of their life.<\/p>\n<p>Cudeca Hospice is very grateful for the Association&#8217;s generosity in raising these much needed funds.[\/vc_column_text][\/vc_column][\/vc_row]<\/p>\n<\/div>","protected":false},"excerpt":{"rendered":"<p>[vc_row][vc_column][vc_column_text]On the 7th of August the Association of Neighbours of Cerro del Aguila brought in a donation to Cudeca Hospice of \u20ac180, collected among all the members of the Association. These funds will be destined to help us continue with our special kind of caring for patients at the end of their life. Cudeca Hospice [&hellip;]<\/p>\n","protected":false},"author":2,"featured_media":24202,"comment_status":"open","ping_status":"open","sticky":false,"template":"","format":"standard","meta":[],"categories":[15],"tags":[],"yoast_head":"<!-- This site is optimized with the Yoast SEO plugin v19.4 - https:\/\/yoast.com\/wordpress\/plugins\/seo\/ -->\n<title>Donation from the Association of Neighbours of Cerro del Aguila - Cudeca Cancer Care Hospice<\/title>\n<meta name=\"robots\" content=\"index, follow, max-snippet:-1, max-image-preview:large, max-video-preview:-1\" \/>\n<link rel=\"canonical\" href=\"https:\/\/www.cudeca.org\/actualidad\/donacion-de-la-asociacion-de-vecinas-y-vecinos-del-cerro-del-aguila\/\" \/>\n<meta property=\"og:locale\" content=\"en_US\" \/>\n<meta property=\"og:type\" content=\"article\" \/>\n<meta property=\"og:title\" content=\"Donation from the Association of Neighbours of Cerro del Aguila - Cudeca Cancer Care Hospice\" \/>\n<meta property=\"og:description\" content=\"[vc_row][vc_column][vc_column_text]On the 7th of August the Association of Neighbours of Cerro del Aguila brought in a donation to Cudeca Hospice of \u20ac180, collected among all the members of the Association. These funds will be destined to help us continue with our special kind of caring for patients at the end of their life. Cudeca Hospice [&hellip;]\" \/>\n<meta property=\"og:url\" content=\"https:\/\/www.cudeca.org\/actualidad\/donacion-de-la-asociacion-de-vecinas-y-vecinos-del-cerro-del-aguila\/\" \/>\n<meta property=\"og:site_name\" content=\"Cudeca Cancer Care Hospice\" \/>\n<meta property=\"article:publisher\" content=\"https:\/\/www.facebook.com\/AmigosDeCudeca\" \/>\n<meta property=\"article:published_time\" content=\"2020-08-31T13:23:06+00:00\" \/>\n<meta property=\"article:modified_time\" content=\"2020-08-31T14:19:25+00:00\" \/>\n<meta property=\"og:image\" content=\"https:\/\/www.cudeca.org\/wp-content\/uploads\/2020\/08\/Cerro-del-viento.jpeg\" \/>\n\t<meta property=\"og:image:width\" content=\"1600\" \/>\n\t<meta property=\"og:image:height\" content=\"901\" \/>\n\t<meta property=\"og:image:type\" content=\"image\/jpeg\" \/>\n<meta name=\"author\" content=\"angel\" \/>\n<meta name=\"twitter:card\" content=\"summary_large_image\" \/>\n<meta name=\"twitter:creator\" content=\"@cudeca\" \/>\n<meta name=\"twitter:site\" content=\"@cudeca\" \/>\n<meta name=\"twitter:label1\" content=\"Written by\" \/>\n\t<meta name=\"twitter:data1\" content=\"angel\" \/>\n\t<meta name=\"twitter:label2\" content=\"Est. reading time\" \/>\n\t<meta name=\"twitter:data2\" content=\"1 minute\" \/>\n<script type=\"application\/ld+json\" class=\"yoast-schema-graph\">{\"@context\":\"https:\/\/schema.org\",\"@graph\":[{\"@type\":\"Organization\",\"@id\":\"https:\/\/www.cudeca.org\/#organization\",\"name\":\"Fundaci\u00f3n Cudeca\",\"url\":\"https:\/\/www.cudeca.org\/\",\"sameAs\":[\"https:\/\/www.youtube.com\/c\/cudecamalaga\",\"https:\/\/www.facebook.com\/AmigosDeCudeca\",\"https:\/\/twitter.com\/cudeca\"],\"logo\":{\"@type\":\"ImageObject\",\"inLanguage\":\"en-US\",\"@id\":\"https:\/\/www.cudeca.org\/#\/schema\/logo\/image\/\",\"url\":\"https:\/\/www.cudeca.org\/wp-content\/uploads\/2018\/02\/cudeca-logo.png\",\"contentUrl\":\"https:\/\/www.cudeca.org\/wp-content\/uploads\/2018\/02\/cudeca-logo.png\",\"width\":2121,\"height\":984,\"caption\":\"Fundaci\u00f3n Cudeca\"},\"image\":{\"@id\":\"https:\/\/www.cudeca.org\/#\/schema\/logo\/image\/\"}},{\"@type\":\"WebSite\",\"@id\":\"https:\/\/www.cudeca.org\/#website\",\"url\":\"https:\/\/www.cudeca.org\/\",\"name\":\"Fundaci\u00f3n Cudeca\",\"description\":\"Cudeca Hospice\",\"publisher\":{\"@id\":\"https:\/\/www.cudeca.org\/#organization\"},\"potentialAction\":[{\"@type\":\"SearchAction\",\"target\":{\"@type\":\"EntryPoint\",\"urlTemplate\":\"https:\/\/www.cudeca.org\/?s={search_term_string}\"},\"query-input\":\"required name=search_term_string\"}],\"inLanguage\":\"en-US\"},{\"@type\":\"WebPage\",\"@id\":\"https:\/\/www.cudeca.org\/actualidad\/donacion-de-la-asociacion-de-vecinas-y-vecinos-del-cerro-del-aguila\/\",\"url\":\"https:\/\/www.cudeca.org\/actualidad\/donacion-de-la-asociacion-de-vecinas-y-vecinos-del-cerro-del-aguila\/\",\"name\":\"Donation from the Association of Neighbours of Cerro del Aguila - Cudeca Cancer Care Hospice\",\"isPartOf\":{\"@id\":\"https:\/\/www.cudeca.org\/#website\"},\"datePublished\":\"2020-08-31T13:23:06+00:00\",\"dateModified\":\"2020-08-31T14:19:25+00:00\",\"breadcrumb\":{\"@id\":\"https:\/\/www.cudeca.org\/actualidad\/donacion-de-la-asociacion-de-vecinas-y-vecinos-del-cerro-del-aguila\/#breadcrumb\"},\"inLanguage\":\"en-US\",\"potentialAction\":[{\"@type\":\"ReadAction\",\"target\":[\"https:\/\/www.cudeca.org\/actualidad\/donacion-de-la-asociacion-de-vecinas-y-vecinos-del-cerro-del-aguila\/\"]}]},{\"@type\":\"BreadcrumbList\",\"@id\":\"https:\/\/www.cudeca.org\/actualidad\/donacion-de-la-asociacion-de-vecinas-y-vecinos-del-cerro-del-aguila\/#breadcrumb\",\"itemListElement\":[{\"@type\":\"ListItem\",\"position\":1,\"name\":\"Portada\",\"item\":\"https:\/\/www.cudeca.org\/\"},{\"@type\":\"ListItem\",\"position\":2,\"name\":\"Donaci\u00f3n de la Asociaci\u00f3n de Vecinas y Vecinos del Cerro del \u00c1guila\"}]},{\"@type\":\"Article\",\"@id\":\"https:\/\/www.cudeca.org\/actualidad\/donacion-de-la-asociacion-de-vecinas-y-vecinos-del-cerro-del-aguila\/#article\",\"isPartOf\":{\"@id\":\"https:\/\/www.cudeca.org\/actualidad\/donacion-de-la-asociacion-de-vecinas-y-vecinos-del-cerro-del-aguila\/\"},\"author\":{\"name\":\"angel\",\"@id\":\"https:\/\/www.cudeca.org\/#\/schema\/person\/320934aa099c37e69d4148721ba3e4be\"},\"headline\":\"Donation from the Association of Neighbours of Cerro del Aguila\",\"datePublished\":\"2020-08-31T13:23:06+00:00\",\"dateModified\":\"2020-08-31T14:19:25+00:00\",\"mainEntityOfPage\":{\"@id\":\"https:\/\/www.cudeca.org\/actualidad\/donacion-de-la-asociacion-de-vecinas-y-vecinos-del-cerro-del-aguila\/\"},\"wordCount\":208,\"commentCount\":0,\"publisher\":{\"@id\":\"https:\/\/www.cudeca.org\/#organization\"},\"articleSection\":[\"\"],\"inLanguage\":\"en-US\",\"potentialAction\":[{\"@type\":\"CommentAction\",\"name\":\"Comment\",\"target\":[\"https:\/\/www.cudeca.org\/actualidad\/donacion-de-la-asociacion-de-vecinas-y-vecinos-del-cerro-del-aguila\/#respond\"]}]},{\"@type\":\"Person\",\"@id\":\"https:\/\/www.cudeca.org\/#\/schema\/person\/320934aa099c37e69d4148721ba3e4be\",\"name\":\"angel\",\"image\":{\"@type\":\"ImageObject\",\"inLanguage\":\"en-US\",\"@id\":\"https:\/\/www.cudeca.org\/#\/schema\/person\/image\/\",\"url\":\"https:\/\/secure.gravatar.com\/avatar\/91b6f0e62d069005f36feb58e1ffda2c?s=96&d=mm&r=g\",\"contentUrl\":\"https:\/\/secure.gravatar.com\/avatar\/91b6f0e62d069005f36feb58e1ffda2c?s=96&d=mm&r=g\",\"caption\":\"angel\"}}]}<\/script>\n<!-- \/ Yoast SEO plugin. -->","yoast_head_json":{"title":"Donation from the Association of Neighbours of Cerro del Aguila - Cudeca Cancer Care Hospice","robots":{"index":"index","follow":"follow","max-snippet":"max-snippet:-1","max-image-preview":"max-image-preview:large","max-video-preview":"max-video-preview:-1"},"canonical":"https:\/\/www.cudeca.org\/actualidad\/donacion-de-la-asociacion-de-vecinas-y-vecinos-del-cerro-del-aguila\/","og_locale":"en_US","og_type":"article","og_title":"Donation from the Association of Neighbours of Cerro del Aguila - Cudeca Cancer Care Hospice","og_description":"[vc_row][vc_column][vc_column_text]On the 7th of August the Association of Neighbours of Cerro del Aguila brought in a donation to Cudeca Hospice of \u20ac180, collected among all the members of the Association. These funds will be destined to help us continue with our special kind of caring for patients at the end of their life. Cudeca Hospice [&hellip;]","og_url":"https:\/\/www.cudeca.org\/actualidad\/donacion-de-la-asociacion-de-vecinas-y-vecinos-del-cerro-del-aguila\/","og_site_name":"Cudeca Cancer Care Hospice","article_publisher":"https:\/\/www.facebook.com\/AmigosDeCudeca","article_published_time":"2020-08-31T13:23:06+00:00","article_modified_time":"2020-08-31T14:19:25+00:00","og_image":[{"width":1600,"height":901,"url":"https:\/\/www.cudeca.org\/wp-content\/uploads\/2020\/08\/Cerro-del-viento.jpeg","type":"image\/jpeg"}],"author":"angel","twitter_card":"summary_large_image","twitter_creator":"@cudeca","twitter_site":"@cudeca","twitter_misc":{"Written by":"angel","Est. reading time":"1 minute"},"schema":{"@context":"https:\/\/schema.org","@graph":[{"@type":"Organization","@id":"https:\/\/www.cudeca.org\/#organization","name":"Fundaci\u00f3n Cudeca","url":"https:\/\/www.cudeca.org\/","sameAs":["https:\/\/www.youtube.com\/c\/cudecamalaga","https:\/\/www.facebook.com\/AmigosDeCudeca","https:\/\/twitter.com\/cudeca"],"logo":{"@type":"ImageObject","inLanguage":"en-US","@id":"https:\/\/www.cudeca.org\/#\/schema\/logo\/image\/","url":"https:\/\/www.cudeca.org\/wp-content\/uploads\/2018\/02\/cudeca-logo.png","contentUrl":"https:\/\/www.cudeca.org\/wp-content\/uploads\/2018\/02\/cudeca-logo.png","width":2121,"height":984,"caption":"Fundaci\u00f3n Cudeca"},"image":{"@id":"https:\/\/www.cudeca.org\/#\/schema\/logo\/image\/"}},{"@type":"WebSite","@id":"https:\/\/www.cudeca.org\/#website","url":"https:\/\/www.cudeca.org\/","name":"Fundaci\u00f3n Cudeca","description":"Cudeca Hospice","publisher":{"@id":"https:\/\/www.cudeca.org\/#organization"},"potentialAction":[{"@type":"SearchAction","target":{"@type":"EntryPoint","urlTemplate":"https:\/\/www.cudeca.org\/?s={search_term_string}"},"query-input":"required name=search_term_string"}],"inLanguage":"en-US"},{"@type":"WebPage","@id":"https:\/\/www.cudeca.org\/actualidad\/donacion-de-la-asociacion-de-vecinas-y-vecinos-del-cerro-del-aguila\/","url":"https:\/\/www.cudeca.org\/actualidad\/donacion-de-la-asociacion-de-vecinas-y-vecinos-del-cerro-del-aguila\/","name":"Donation from the Association of Neighbours of Cerro del Aguila - Cudeca Cancer Care Hospice","isPartOf":{"@id":"https:\/\/www.cudeca.org\/#website"},"datePublished":"2020-08-31T13:23:06+00:00","dateModified":"2020-08-31T14:19:25+00:00","breadcrumb":{"@id":"https:\/\/www.cudeca.org\/actualidad\/donacion-de-la-asociacion-de-vecinas-y-vecinos-del-cerro-del-aguila\/#breadcrumb"},"inLanguage":"en-US","potentialAction":[{"@type":"ReadAction","target":["https:\/\/www.cudeca.org\/actualidad\/donacion-de-la-asociacion-de-vecinas-y-vecinos-del-cerro-del-aguila\/"]}]},{"@type":"BreadcrumbList","@id":"https:\/\/www.cudeca.org\/actualidad\/donacion-de-la-asociacion-de-vecinas-y-vecinos-del-cerro-del-aguila\/#breadcrumb","itemListElement":[{"@type":"ListItem","position":1,"name":"Portada","item":"https:\/\/www.cudeca.org\/"},{"@type":"ListItem","position":2,"name":"Donaci\u00f3n de la Asociaci\u00f3n de Vecinas y Vecinos del Cerro del \u00c1guila"}]},{"@type":"Article","@id":"https:\/\/www.cudeca.org\/actualidad\/donacion-de-la-asociacion-de-vecinas-y-vecinos-del-cerro-del-aguila\/#article","isPartOf":{"@id":"https:\/\/www.cudeca.org\/actualidad\/donacion-de-la-asociacion-de-vecinas-y-vecinos-del-cerro-del-aguila\/"},"author":{"name":"angel","@id":"https:\/\/www.cudeca.org\/#\/schema\/person\/320934aa099c37e69d4148721ba3e4be"},"headline":"Donation from the Association of Neighbours of Cerro del Aguila","datePublished":"2020-08-31T13:23:06+00:00","dateModified":"2020-08-31T14:19:25+00:00","mainEntityOfPage":{"@id":"https:\/\/www.cudeca.org\/actualidad\/donacion-de-la-asociacion-de-vecinas-y-vecinos-del-cerro-del-aguila\/"},"wordCount":208,"commentCount":0,"publisher":{"@id":"https:\/\/www.cudeca.org\/#organization"},"articleSection":[""],"inLanguage":"en-US","potentialAction":[{"@type":"CommentAction","name":"Comment","target":["https:\/\/www.cudeca.org\/actualidad\/donacion-de-la-asociacion-de-vecinas-y-vecinos-del-cerro-del-aguila\/#respond"]}]},{"@type":"Person","@id":"https:\/\/www.cudeca.org\/#\/schema\/person\/320934aa099c37e69d4148721ba3e4be","name":"angel","image":{"@type":"ImageObject","inLanguage":"en-US","@id":"https:\/\/www.cudeca.org\/#\/schema\/person\/image\/","url":"https:\/\/secure.gravatar.com\/avatar\/91b6f0e62d069005f36feb58e1ffda2c?s=96&d=mm&r=g","contentUrl":"https:\/\/secure.gravatar.com\/avatar\/91b6f0e62d069005f36feb58e1ffda2c?s=96&d=mm&r=g","caption":"angel"}}]}},"_links":{"self":[{"href":"https:\/\/www.cudeca.org\/en\/wp-json\/wp\/v2\/posts\/24203"}],"collection":[{"href":"https:\/\/www.cudeca.org\/en\/wp-json\/wp\/v2\/posts"}],"about":[{"href":"https:\/\/www.cudeca.org\/en\/wp-json\/wp\/v2\/types\/post"}],"author":[{"embeddable":true,"href":"https:\/\/www.cudeca.org\/en\/wp-json\/wp\/v2\/users\/2"}],"replies":[{"embeddable":true,"href":"https:\/\/www.cudeca.org\/en\/wp-json\/wp\/v2\/comments?post=24203"}],"version-history":[{"count":2,"href":"https:\/\/www.cudeca.org\/en\/wp-json\/wp\/v2\/posts\/24203\/revisions"}],"predecessor-version":[{"id":24205,"href":"https:\/\/www.cudeca.org\/en\/wp-json\/wp\/v2\/posts\/24203\/revisions\/24205"}],"wp:featuredmedia":[{"embeddable":true,"href":"https:\/\/www.cudeca.org\/en\/wp-json\/wp\/v2\/media\/24202"}],"wp:attachment":[{"href":"https:\/\/www.cudeca.org\/en\/wp-json\/wp\/v2\/media?parent=24203"}],"wp:term":[{"taxonomy":"category","embeddable":true,"href":"https:\/\/www.cudeca.org\/en\/wp-json\/wp\/v2\/categories?post=24203"},{"taxonomy":"post_tag","embeddable":true,"href":"https:\/\/www.cudeca.org\/en\/wp-json\/wp\/v2\/tags?post=24203"}],"curies":[{"name":"wp","href":"https:\/\/api.w.org\/{rel}","templated":true}]}}