{"id":24059,"date":"2020-07-02T09:34:17","date_gmt":"2020-07-02T09:34:17","guid":{"rendered":"https:\/\/www.cudeca.org\/?p=24059"},"modified":"2020-09-04T10:17:47","modified_gmt":"2020-09-04T10:17:47","slug":"el-escritor-alejandro-garcia-maldonado-y-su-ultimo-libro-son-de-lirios-en-favor-de-cudeca","status":"publish","type":"post","link":"https:\/\/www.cudeca.org\/en\/actualidad\/el-escritor-alejandro-garcia-maldonado-y-su-ultimo-libro-son-de-lirios-en-favor-de-cudeca\/","title":{"rendered":"El escritor Alejandro Garc\u00eda Maldonado y su \u00faltimo libro \u201cSon de lirios\u201d por Cudeca"},"content":{"rendered":"<div class=\"wpb-content-wrapper\"><p>[vc_row][vc_column][vc_column_text]El escritor malague\u00f1o <strong><a href=\"https:\/\/letrame.com\/author_book\/alejandro-garcia-maldonado\/\" target=\"_blank\" rel=\"noopener noreferrer\">Alejandro Garc\u00eda Maldonado<\/a><\/strong> colabora con la Fundaci\u00f3n Cudeca con la venta de su \u00faltimo libro solidario.<\/p>\n<p>Licenciado en derecho, pianista y con estudios de antropolog\u00eda y periodismo, Alejandro Garc\u00eda Maldonado ha decidido unir la publicaci\u00f3n de su cuarto libro \u00abSon de lirios\u00bb a la Fundaci\u00f3n Cudeca, quien obtendr\u00e1 la mitad de los beneficios que genere la venta de su ejemplar.<\/p>\n<p>\u00abSon de lirios\u00bb es una obra que ha necesitado de cuatro a\u00f1os de dedicaci\u00f3n, y contiene 191 textos, relatos e historias, tantas como tuvo \u00abEl libro de los abrazos\u00bb, de Eduardo Galeano, a quien dedica en homenaje la obra.<\/p>\n<p>Acontecimientos hist\u00f3ricos, curiosidades biogr\u00e1ficas, b\u00e9licas, de la naturaleza, el mundo del deporte o las ciencias, la literatura, la ficci\u00f3n o el cine, en palabras del escritor, este libro nace de entreverar el dif\u00edcil don de escuchar con el af\u00e1n de ahondar en la indolora e insaciable llaga de la curiosidad.<\/p>\n<p>\u00abHay una antigua leyenda que cuenta que cuando no hay nadie cerca de los lirios, ellos entonan una preciosa melod\u00eda que jam\u00e1s se ha logrado escuchar.<\/p>\n<p><span style=\"color: #008000;\"><strong>Son de lirios. Son delirios.<\/strong><\/span><\/p>\n<p>El libro se puede adquirir ya en la <a href=\"https:\/\/www.librerialuces.com\/es\/\" target=\"_blank\" rel=\"noopener noreferrer\">librer\u00eda Luces<\/a> de la Alameda Principal de M\u00e1laga y tambi\u00e9n en la pagina web:<\/p>\n<p><a href=\"https:\/\/www.letrame.com\/autores\/alejandrogarciam\/\" target=\"_blank\" rel=\"noopener noreferrer\">https:\/\/www.letrame.com\/autores\/alejandrogarciam\/<\/a><\/p>\n<p>Tiene un precio medio de 22,99 (gastos de env\u00edo incluidos) y el 50% de la venta va destinado \u00edntegramente a la Fundaci\u00f3n Cudeca.<br \/>\nTambi\u00e9n est\u00e1 disponible en la tiendas ben\u00e9ficas de la Fundaci\u00f3n en calle compa\u00f1\u00eda.<\/p>\n<p>La Fundaci\u00f3n agradece enormemente el gesto a Alejandro y le deseamos muchos \u00e9xitos.<\/p>\n<div class=\"bbc-banner-category\"><\/div>\n<div class=\"printfriendly pf-aligncenter\"><\/div>\n<p>[\/vc_column_text][\/vc_column][\/vc_row]<\/p>\n<\/div>","protected":false},"excerpt":{"rendered":"<p>[vc_row][vc_column][vc_column_text]El escritor malague\u00f1o Alejandro Garc\u00eda Maldonado colabora con la Fundaci\u00f3n Cudeca con la venta de su \u00faltimo libro solidario. Licenciado en derecho, pianista y con estudios de antropolog\u00eda y periodismo, Alejandro Garc\u00eda Maldonado ha decidido unir la publicaci\u00f3n de su cuarto libro \u00abSon de lirios\u00bb a la Fundaci\u00f3n Cudeca, quien obtendr\u00e1 la mitad de los [&hellip;]<\/p>\n","protected":false},"author":5,"featured_media":24060,"comment_status":"open","ping_status":"open","sticky":false,"template":"","format":"standard","meta":[],"categories":[15],"tags":[],"yoast_head":"<!-- This site is optimized with the Yoast SEO plugin v19.4 - https:\/\/yoast.com\/wordpress\/plugins\/seo\/ -->\n<title>El escritor Alejandro Garc\u00eda Maldonado y su \u00faltimo libro \u201cSon de lirios\u201d por Cudeca - Cudeca Cancer Care Hospice<\/title>\n<meta name=\"robots\" content=\"index, follow, max-snippet:-1, max-image-preview:large, max-video-preview:-1\" \/>\n<link rel=\"canonical\" href=\"https:\/\/www.cudeca.org\/actualidad\/el-escritor-alejandro-garcia-maldonado-y-su-ultimo-libro-son-de-lirios-en-favor-de-cudeca\/\" \/>\n<meta property=\"og:locale\" content=\"en_US\" \/>\n<meta property=\"og:type\" content=\"article\" \/>\n<meta property=\"og:title\" content=\"El escritor Alejandro Garc\u00eda Maldonado y su \u00faltimo libro \u201cSon de lirios\u201d por Cudeca - Cudeca Cancer Care Hospice\" \/>\n<meta property=\"og:description\" content=\"[vc_row][vc_column][vc_column_text]El escritor malague\u00f1o Alejandro Garc\u00eda Maldonado colabora con la Fundaci\u00f3n Cudeca con la venta de su \u00faltimo libro solidario. Licenciado en derecho, pianista y con estudios de antropolog\u00eda y periodismo, Alejandro Garc\u00eda Maldonado ha decidido unir la publicaci\u00f3n de su cuarto libro \u00abSon de lirios\u00bb a la Fundaci\u00f3n Cudeca, quien obtendr\u00e1 la mitad de los [&hellip;]\" \/>\n<meta property=\"og:url\" content=\"https:\/\/www.cudeca.org\/actualidad\/el-escritor-alejandro-garcia-maldonado-y-su-ultimo-libro-son-de-lirios-en-favor-de-cudeca\/\" \/>\n<meta property=\"og:site_name\" content=\"Cudeca Cancer Care Hospice\" \/>\n<meta property=\"article:publisher\" content=\"https:\/\/www.facebook.com\/AmigosDeCudeca\" \/>\n<meta property=\"article:published_time\" content=\"2020-07-02T09:34:17+00:00\" \/>\n<meta property=\"article:modified_time\" content=\"2020-09-04T10:17:47+00:00\" \/>\n<meta property=\"og:image\" content=\"https:\/\/www.cudeca.org\/wp-content\/uploads\/2020\/07\/a66d8574-3308-49b6-b81e-25a92f522fd5.jpg\" \/>\n\t<meta property=\"og:image:width\" content=\"1200\" \/>\n\t<meta property=\"og:image:height\" content=\"1600\" \/>\n\t<meta property=\"og:image:type\" content=\"image\/jpeg\" \/>\n<meta name=\"author\" content=\"Jorge Lopez\" \/>\n<meta name=\"twitter:card\" content=\"summary_large_image\" \/>\n<meta name=\"twitter:creator\" content=\"@cudeca\" \/>\n<meta name=\"twitter:site\" content=\"@cudeca\" \/>\n<meta name=\"twitter:label1\" content=\"Written by\" \/>\n\t<meta name=\"twitter:data1\" content=\"Jorge Lopez\" \/>\n\t<meta name=\"twitter:label2\" content=\"Est. reading time\" \/>\n\t<meta name=\"twitter:data2\" content=\"1 minute\" \/>\n<script type=\"application\/ld+json\" class=\"yoast-schema-graph\">{\"@context\":\"https:\/\/schema.org\",\"@graph\":[{\"@type\":\"Organization\",\"@id\":\"https:\/\/www.cudeca.org\/#organization\",\"name\":\"Fundaci\u00f3n Cudeca\",\"url\":\"https:\/\/www.cudeca.org\/\",\"sameAs\":[\"https:\/\/www.youtube.com\/c\/cudecamalaga\",\"https:\/\/www.facebook.com\/AmigosDeCudeca\",\"https:\/\/twitter.com\/cudeca\"],\"logo\":{\"@type\":\"ImageObject\",\"inLanguage\":\"en-US\",\"@id\":\"https:\/\/www.cudeca.org\/#\/schema\/logo\/image\/\",\"url\":\"https:\/\/www.cudeca.org\/wp-content\/uploads\/2018\/02\/cudeca-logo.png\",\"contentUrl\":\"https:\/\/www.cudeca.org\/wp-content\/uploads\/2018\/02\/cudeca-logo.png\",\"width\":2121,\"height\":984,\"caption\":\"Fundaci\u00f3n Cudeca\"},\"image\":{\"@id\":\"https:\/\/www.cudeca.org\/#\/schema\/logo\/image\/\"}},{\"@type\":\"WebSite\",\"@id\":\"https:\/\/www.cudeca.org\/#website\",\"url\":\"https:\/\/www.cudeca.org\/\",\"name\":\"Fundaci\u00f3n Cudeca\",\"description\":\"Cudeca Hospice\",\"publisher\":{\"@id\":\"https:\/\/www.cudeca.org\/#organization\"},\"potentialAction\":[{\"@type\":\"SearchAction\",\"target\":{\"@type\":\"EntryPoint\",\"urlTemplate\":\"https:\/\/www.cudeca.org\/?s={search_term_string}\"},\"query-input\":\"required name=search_term_string\"}],\"inLanguage\":\"en-US\"},{\"@type\":\"WebPage\",\"@id\":\"https:\/\/www.cudeca.org\/actualidad\/el-escritor-alejandro-garcia-maldonado-y-su-ultimo-libro-son-de-lirios-en-favor-de-cudeca\/\",\"url\":\"https:\/\/www.cudeca.org\/actualidad\/el-escritor-alejandro-garcia-maldonado-y-su-ultimo-libro-son-de-lirios-en-favor-de-cudeca\/\",\"name\":\"El escritor Alejandro Garc\u00eda Maldonado y su \u00faltimo libro \u201cSon de lirios\u201d por Cudeca - Cudeca Cancer Care Hospice\",\"isPartOf\":{\"@id\":\"https:\/\/www.cudeca.org\/#website\"},\"datePublished\":\"2020-07-02T09:34:17+00:00\",\"dateModified\":\"2020-09-04T10:17:47+00:00\",\"breadcrumb\":{\"@id\":\"https:\/\/www.cudeca.org\/actualidad\/el-escritor-alejandro-garcia-maldonado-y-su-ultimo-libro-son-de-lirios-en-favor-de-cudeca\/#breadcrumb\"},\"inLanguage\":\"en-US\",\"potentialAction\":[{\"@type\":\"ReadAction\",\"target\":[\"https:\/\/www.cudeca.org\/actualidad\/el-escritor-alejandro-garcia-maldonado-y-su-ultimo-libro-son-de-lirios-en-favor-de-cudeca\/\"]}]},{\"@type\":\"BreadcrumbList\",\"@id\":\"https:\/\/www.cudeca.org\/actualidad\/el-escritor-alejandro-garcia-maldonado-y-su-ultimo-libro-son-de-lirios-en-favor-de-cudeca\/#breadcrumb\",\"itemListElement\":[{\"@type\":\"ListItem\",\"position\":1,\"name\":\"Portada\",\"item\":\"https:\/\/www.cudeca.org\/\"},{\"@type\":\"ListItem\",\"position\":2,\"name\":\"El escritor Alejandro Garc\u00eda Maldonado y su \u00faltimo libro \u201cSon de lirios\u201d por Cudeca\"}]},{\"@type\":\"Article\",\"@id\":\"https:\/\/www.cudeca.org\/actualidad\/el-escritor-alejandro-garcia-maldonado-y-su-ultimo-libro-son-de-lirios-en-favor-de-cudeca\/#article\",\"isPartOf\":{\"@id\":\"https:\/\/www.cudeca.org\/actualidad\/el-escritor-alejandro-garcia-maldonado-y-su-ultimo-libro-son-de-lirios-en-favor-de-cudeca\/\"},\"author\":{\"name\":\"Jorge Lopez\",\"@id\":\"https:\/\/www.cudeca.org\/#\/schema\/person\/ef584faee50c55adf49de08e703741fd\"},\"headline\":\"El escritor Alejandro Garc\u00eda Maldonado y su \u00faltimo libro \u201cSon de lirios\u201d por Cudeca\",\"datePublished\":\"2020-07-02T09:34:17+00:00\",\"dateModified\":\"2020-09-04T10:17:47+00:00\",\"mainEntityOfPage\":{\"@id\":\"https:\/\/www.cudeca.org\/actualidad\/el-escritor-alejandro-garcia-maldonado-y-su-ultimo-libro-son-de-lirios-en-favor-de-cudeca\/\"},\"wordCount\":313,\"commentCount\":0,\"publisher\":{\"@id\":\"https:\/\/www.cudeca.org\/#organization\"},\"articleSection\":[\"\"],\"inLanguage\":\"en-US\",\"potentialAction\":[{\"@type\":\"CommentAction\",\"name\":\"Comment\",\"target\":[\"https:\/\/www.cudeca.org\/actualidad\/el-escritor-alejandro-garcia-maldonado-y-su-ultimo-libro-son-de-lirios-en-favor-de-cudeca\/#respond\"]}]},{\"@type\":\"Person\",\"@id\":\"https:\/\/www.cudeca.org\/#\/schema\/person\/ef584faee50c55adf49de08e703741fd\",\"name\":\"Jorge Lopez\",\"image\":{\"@type\":\"ImageObject\",\"inLanguage\":\"en-US\",\"@id\":\"https:\/\/www.cudeca.org\/#\/schema\/person\/image\/\",\"url\":\"https:\/\/secure.gravatar.com\/avatar\/f861e8975d384d76728a2976bb1626da?s=96&d=mm&r=g\",\"contentUrl\":\"https:\/\/secure.gravatar.com\/avatar\/f861e8975d384d76728a2976bb1626da?s=96&d=mm&r=g\",\"caption\":\"Jorge Lopez\"}}]}<\/script>\n<!-- \/ Yoast SEO plugin. -->","yoast_head_json":{"title":"El escritor Alejandro Garc\u00eda Maldonado y su \u00faltimo libro \u201cSon de lirios\u201d por Cudeca - Cudeca Cancer Care Hospice","robots":{"index":"index","follow":"follow","max-snippet":"max-snippet:-1","max-image-preview":"max-image-preview:large","max-video-preview":"max-video-preview:-1"},"canonical":"https:\/\/www.cudeca.org\/actualidad\/el-escritor-alejandro-garcia-maldonado-y-su-ultimo-libro-son-de-lirios-en-favor-de-cudeca\/","og_locale":"en_US","og_type":"article","og_title":"El escritor Alejandro Garc\u00eda Maldonado y su \u00faltimo libro \u201cSon de lirios\u201d por Cudeca - Cudeca Cancer Care Hospice","og_description":"[vc_row][vc_column][vc_column_text]El escritor malague\u00f1o Alejandro Garc\u00eda Maldonado colabora con la Fundaci\u00f3n Cudeca con la venta de su \u00faltimo libro solidario. Licenciado en derecho, pianista y con estudios de antropolog\u00eda y periodismo, Alejandro Garc\u00eda Maldonado ha decidido unir la publicaci\u00f3n de su cuarto libro \u00abSon de lirios\u00bb a la Fundaci\u00f3n Cudeca, quien obtendr\u00e1 la mitad de los [&hellip;]","og_url":"https:\/\/www.cudeca.org\/actualidad\/el-escritor-alejandro-garcia-maldonado-y-su-ultimo-libro-son-de-lirios-en-favor-de-cudeca\/","og_site_name":"Cudeca Cancer Care Hospice","article_publisher":"https:\/\/www.facebook.com\/AmigosDeCudeca","article_published_time":"2020-07-02T09:34:17+00:00","article_modified_time":"2020-09-04T10:17:47+00:00","og_image":[{"width":1200,"height":1600,"url":"https:\/\/www.cudeca.org\/wp-content\/uploads\/2020\/07\/a66d8574-3308-49b6-b81e-25a92f522fd5.jpg","type":"image\/jpeg"}],"author":"Jorge Lopez","twitter_card":"summary_large_image","twitter_creator":"@cudeca","twitter_site":"@cudeca","twitter_misc":{"Written by":"Jorge Lopez","Est. reading time":"1 minute"},"schema":{"@context":"https:\/\/schema.org","@graph":[{"@type":"Organization","@id":"https:\/\/www.cudeca.org\/#organization","name":"Fundaci\u00f3n Cudeca","url":"https:\/\/www.cudeca.org\/","sameAs":["https:\/\/www.youtube.com\/c\/cudecamalaga","https:\/\/www.facebook.com\/AmigosDeCudeca","https:\/\/twitter.com\/cudeca"],"logo":{"@type":"ImageObject","inLanguage":"en-US","@id":"https:\/\/www.cudeca.org\/#\/schema\/logo\/image\/","url":"https:\/\/www.cudeca.org\/wp-content\/uploads\/2018\/02\/cudeca-logo.png","contentUrl":"https:\/\/www.cudeca.org\/wp-content\/uploads\/2018\/02\/cudeca-logo.png","width":2121,"height":984,"caption":"Fundaci\u00f3n Cudeca"},"image":{"@id":"https:\/\/www.cudeca.org\/#\/schema\/logo\/image\/"}},{"@type":"WebSite","@id":"https:\/\/www.cudeca.org\/#website","url":"https:\/\/www.cudeca.org\/","name":"Fundaci\u00f3n Cudeca","description":"Cudeca Hospice","publisher":{"@id":"https:\/\/www.cudeca.org\/#organization"},"potentialAction":[{"@type":"SearchAction","target":{"@type":"EntryPoint","urlTemplate":"https:\/\/www.cudeca.org\/?s={search_term_string}"},"query-input":"required name=search_term_string"}],"inLanguage":"en-US"},{"@type":"WebPage","@id":"https:\/\/www.cudeca.org\/actualidad\/el-escritor-alejandro-garcia-maldonado-y-su-ultimo-libro-son-de-lirios-en-favor-de-cudeca\/","url":"https:\/\/www.cudeca.org\/actualidad\/el-escritor-alejandro-garcia-maldonado-y-su-ultimo-libro-son-de-lirios-en-favor-de-cudeca\/","name":"El escritor Alejandro Garc\u00eda Maldonado y su \u00faltimo libro \u201cSon de lirios\u201d por Cudeca - Cudeca Cancer Care Hospice","isPartOf":{"@id":"https:\/\/www.cudeca.org\/#website"},"datePublished":"2020-07-02T09:34:17+00:00","dateModified":"2020-09-04T10:17:47+00:00","breadcrumb":{"@id":"https:\/\/www.cudeca.org\/actualidad\/el-escritor-alejandro-garcia-maldonado-y-su-ultimo-libro-son-de-lirios-en-favor-de-cudeca\/#breadcrumb"},"inLanguage":"en-US","potentialAction":[{"@type":"ReadAction","target":["https:\/\/www.cudeca.org\/actualidad\/el-escritor-alejandro-garcia-maldonado-y-su-ultimo-libro-son-de-lirios-en-favor-de-cudeca\/"]}]},{"@type":"BreadcrumbList","@id":"https:\/\/www.cudeca.org\/actualidad\/el-escritor-alejandro-garcia-maldonado-y-su-ultimo-libro-son-de-lirios-en-favor-de-cudeca\/#breadcrumb","itemListElement":[{"@type":"ListItem","position":1,"name":"Portada","item":"https:\/\/www.cudeca.org\/"},{"@type":"ListItem","position":2,"name":"El escritor Alejandro Garc\u00eda Maldonado y su \u00faltimo libro \u201cSon de lirios\u201d por Cudeca"}]},{"@type":"Article","@id":"https:\/\/www.cudeca.org\/actualidad\/el-escritor-alejandro-garcia-maldonado-y-su-ultimo-libro-son-de-lirios-en-favor-de-cudeca\/#article","isPartOf":{"@id":"https:\/\/www.cudeca.org\/actualidad\/el-escritor-alejandro-garcia-maldonado-y-su-ultimo-libro-son-de-lirios-en-favor-de-cudeca\/"},"author":{"name":"Jorge Lopez","@id":"https:\/\/www.cudeca.org\/#\/schema\/person\/ef584faee50c55adf49de08e703741fd"},"headline":"El escritor Alejandro Garc\u00eda Maldonado y su \u00faltimo libro \u201cSon de lirios\u201d por Cudeca","datePublished":"2020-07-02T09:34:17+00:00","dateModified":"2020-09-04T10:17:47+00:00","mainEntityOfPage":{"@id":"https:\/\/www.cudeca.org\/actualidad\/el-escritor-alejandro-garcia-maldonado-y-su-ultimo-libro-son-de-lirios-en-favor-de-cudeca\/"},"wordCount":313,"commentCount":0,"publisher":{"@id":"https:\/\/www.cudeca.org\/#organization"},"articleSection":[""],"inLanguage":"en-US","potentialAction":[{"@type":"CommentAction","name":"Comment","target":["https:\/\/www.cudeca.org\/actualidad\/el-escritor-alejandro-garcia-maldonado-y-su-ultimo-libro-son-de-lirios-en-favor-de-cudeca\/#respond"]}]},{"@type":"Person","@id":"https:\/\/www.cudeca.org\/#\/schema\/person\/ef584faee50c55adf49de08e703741fd","name":"Jorge Lopez","image":{"@type":"ImageObject","inLanguage":"en-US","@id":"https:\/\/www.cudeca.org\/#\/schema\/person\/image\/","url":"https:\/\/secure.gravatar.com\/avatar\/f861e8975d384d76728a2976bb1626da?s=96&d=mm&r=g","contentUrl":"https:\/\/secure.gravatar.com\/avatar\/f861e8975d384d76728a2976bb1626da?s=96&d=mm&r=g","caption":"Jorge Lopez"}}]}},"_links":{"self":[{"href":"https:\/\/www.cudeca.org\/en\/wp-json\/wp\/v2\/posts\/24059"}],"collection":[{"href":"https:\/\/www.cudeca.org\/en\/wp-json\/wp\/v2\/posts"}],"about":[{"href":"https:\/\/www.cudeca.org\/en\/wp-json\/wp\/v2\/types\/post"}],"author":[{"embeddable":true,"href":"https:\/\/www.cudeca.org\/en\/wp-json\/wp\/v2\/users\/5"}],"replies":[{"embeddable":true,"href":"https:\/\/www.cudeca.org\/en\/wp-json\/wp\/v2\/comments?post=24059"}],"version-history":[{"count":1,"href":"https:\/\/www.cudeca.org\/en\/wp-json\/wp\/v2\/posts\/24059\/revisions"}],"predecessor-version":[{"id":24225,"href":"https:\/\/www.cudeca.org\/en\/wp-json\/wp\/v2\/posts\/24059\/revisions\/24225"}],"wp:featuredmedia":[{"embeddable":true,"href":"https:\/\/www.cudeca.org\/en\/wp-json\/wp\/v2\/media\/24060"}],"wp:attachment":[{"href":"https:\/\/www.cudeca.org\/en\/wp-json\/wp\/v2\/media?parent=24059"}],"wp:term":[{"taxonomy":"category","embeddable":true,"href":"https:\/\/www.cudeca.org\/en\/wp-json\/wp\/v2\/categories?post=24059"},{"taxonomy":"post_tag","embeddable":true,"href":"https:\/\/www.cudeca.org\/en\/wp-json\/wp\/v2\/tags?post=24059"}],"curies":[{"name":"wp","href":"https:\/\/api.w.org\/{rel}","templated":true}]}}