{"id":23435,"date":"2020-03-03T14:18:21","date_gmt":"2020-03-03T14:18:21","guid":{"rendered":"https:\/\/www.cudeca.org\/?p=23435"},"modified":"2020-03-03T14:18:21","modified_gmt":"2020-03-03T14:18:21","slug":"charla-informativa-ies-santiago-ramon-y-cajal","status":"publish","type":"post","link":"https:\/\/www.cudeca.org\/en\/actualidad\/informative-talk-ies-santiago-ramon-y-cajal\/","title":{"rendered":"Informative talk IES Santiago Ram\u00f3n y Cajal"},"content":{"rendered":"<p>This morning we visited the Santiago Ram\u00f3n y Cajal Secondary School in Fuengirola with Luis Dominguez (home care nurse) and Jorge L\u00f3pez (fundraising and communication technician) to tell them about Cudeca&#8217;s work. They will soon be helping us with their play &#8220;Nunca digas nunca jam\u00e1s&#8221; (Never say never again), performed by the students of the Higher Education Cycle of Infant Education.<\/p>\n<p>You will be able to see it in the Auditorio de la Paz in Fuengirola next March 13th at 19:00h. A donation of 3 euros will be given to the Hospice.<\/p>","protected":false},"excerpt":{"rendered":"<p>This morning we visited the Santiago Ram\u00f3n y Cajal Secondary School in Fuengirola with Luis Dominguez (home care nurse) and Jorge L\u00f3pez (fundraising and communication technician) to tell them about Cudeca&#8217;s work. They will soon be helping us with their play &#8220;Nunca digas nunca jam\u00e1s&#8221; (Never say never again), performed by the students of the [&hellip;]<\/p>\n","protected":false},"author":5,"featured_media":23442,"comment_status":"open","ping_status":"open","sticky":false,"template":"","format":"standard","meta":[],"categories":[15],"tags":[],"yoast_head":"<!-- This site is optimized with the Yoast SEO plugin v19.4 - https:\/\/yoast.com\/wordpress\/plugins\/seo\/ -->\n<title>Informative talk IES Santiago Ram\u00f3n y Cajal - Cudeca Cancer Care Hospice<\/title>\n<meta name=\"robots\" content=\"index, follow, max-snippet:-1, max-image-preview:large, max-video-preview:-1\" \/>\n<link rel=\"canonical\" href=\"https:\/\/www.cudeca.org\/actualidad\/charla-informativa-ies-santiago-ramon-y-cajal\/\" \/>\n<meta property=\"og:locale\" content=\"en_US\" \/>\n<meta property=\"og:type\" content=\"article\" \/>\n<meta property=\"og:title\" content=\"Informative talk IES Santiago Ram\u00f3n y Cajal - Cudeca Cancer Care Hospice\" \/>\n<meta property=\"og:description\" content=\"This morning we visited the Santiago Ram\u00f3n y Cajal Secondary School in Fuengirola with Luis Dominguez (home care nurse) and Jorge L\u00f3pez (fundraising and communication technician) to tell them about Cudeca&#8217;s work. They will soon be helping us with their play &#8220;Nunca digas nunca jam\u00e1s&#8221; (Never say never again), performed by the students of the [&hellip;]\" \/>\n<meta property=\"og:url\" content=\"https:\/\/www.cudeca.org\/actualidad\/charla-informativa-ies-santiago-ramon-y-cajal\/\" \/>\n<meta property=\"og:site_name\" content=\"Cudeca Cancer Care Hospice\" \/>\n<meta property=\"article:publisher\" content=\"https:\/\/www.facebook.com\/AmigosDeCudeca\" \/>\n<meta property=\"article:published_time\" content=\"2020-03-03T14:18:21+00:00\" \/>\n<meta property=\"og:image\" content=\"https:\/\/www.cudeca.org\/wp-content\/uploads\/2020\/03\/WhatsApp-Image-2020-03-03-at-12.53.11.jpeg\" \/>\n\t<meta property=\"og:image:width\" content=\"1600\" \/>\n\t<meta property=\"og:image:height\" content=\"1200\" \/>\n\t<meta property=\"og:image:type\" content=\"image\/jpeg\" \/>\n<meta name=\"author\" content=\"Jorge Lopez\" \/>\n<meta name=\"twitter:card\" content=\"summary_large_image\" \/>\n<meta name=\"twitter:creator\" content=\"@cudeca\" \/>\n<meta name=\"twitter:site\" content=\"@cudeca\" \/>\n<meta name=\"twitter:label1\" content=\"Written by\" \/>\n\t<meta name=\"twitter:data1\" content=\"Jorge Lopez\" \/>\n\t<meta name=\"twitter:label2\" content=\"Est. reading time\" \/>\n\t<meta name=\"twitter:data2\" content=\"1 minute\" \/>\n<script type=\"application\/ld+json\" class=\"yoast-schema-graph\">{\"@context\":\"https:\/\/schema.org\",\"@graph\":[{\"@type\":\"Organization\",\"@id\":\"https:\/\/www.cudeca.org\/#organization\",\"name\":\"Fundaci\u00f3n Cudeca\",\"url\":\"https:\/\/www.cudeca.org\/\",\"sameAs\":[\"https:\/\/www.youtube.com\/c\/cudecamalaga\",\"https:\/\/www.facebook.com\/AmigosDeCudeca\",\"https:\/\/twitter.com\/cudeca\"],\"logo\":{\"@type\":\"ImageObject\",\"inLanguage\":\"en-US\",\"@id\":\"https:\/\/www.cudeca.org\/#\/schema\/logo\/image\/\",\"url\":\"https:\/\/www.cudeca.org\/wp-content\/uploads\/2018\/02\/cudeca-logo.png\",\"contentUrl\":\"https:\/\/www.cudeca.org\/wp-content\/uploads\/2018\/02\/cudeca-logo.png\",\"width\":2121,\"height\":984,\"caption\":\"Fundaci\u00f3n Cudeca\"},\"image\":{\"@id\":\"https:\/\/www.cudeca.org\/#\/schema\/logo\/image\/\"}},{\"@type\":\"WebSite\",\"@id\":\"https:\/\/www.cudeca.org\/#website\",\"url\":\"https:\/\/www.cudeca.org\/\",\"name\":\"Fundaci\u00f3n Cudeca\",\"description\":\"Cudeca Hospice\",\"publisher\":{\"@id\":\"https:\/\/www.cudeca.org\/#organization\"},\"potentialAction\":[{\"@type\":\"SearchAction\",\"target\":{\"@type\":\"EntryPoint\",\"urlTemplate\":\"https:\/\/www.cudeca.org\/?s={search_term_string}\"},\"query-input\":\"required name=search_term_string\"}],\"inLanguage\":\"en-US\"},{\"@type\":\"WebPage\",\"@id\":\"https:\/\/www.cudeca.org\/actualidad\/charla-informativa-ies-santiago-ramon-y-cajal\/\",\"url\":\"https:\/\/www.cudeca.org\/actualidad\/charla-informativa-ies-santiago-ramon-y-cajal\/\",\"name\":\"Informative talk IES Santiago Ram\u00f3n y Cajal - Cudeca Cancer Care Hospice\",\"isPartOf\":{\"@id\":\"https:\/\/www.cudeca.org\/#website\"},\"datePublished\":\"2020-03-03T14:18:21+00:00\",\"dateModified\":\"2020-03-03T14:18:21+00:00\",\"breadcrumb\":{\"@id\":\"https:\/\/www.cudeca.org\/actualidad\/charla-informativa-ies-santiago-ramon-y-cajal\/#breadcrumb\"},\"inLanguage\":\"en-US\",\"potentialAction\":[{\"@type\":\"ReadAction\",\"target\":[\"https:\/\/www.cudeca.org\/actualidad\/charla-informativa-ies-santiago-ramon-y-cajal\/\"]}]},{\"@type\":\"BreadcrumbList\",\"@id\":\"https:\/\/www.cudeca.org\/actualidad\/charla-informativa-ies-santiago-ramon-y-cajal\/#breadcrumb\",\"itemListElement\":[{\"@type\":\"ListItem\",\"position\":1,\"name\":\"Portada\",\"item\":\"https:\/\/www.cudeca.org\/\"},{\"@type\":\"ListItem\",\"position\":2,\"name\":\"Charla informativa IES Santiago Ram\u00f3n y Cajal\"}]},{\"@type\":\"Article\",\"@id\":\"https:\/\/www.cudeca.org\/actualidad\/charla-informativa-ies-santiago-ramon-y-cajal\/#article\",\"isPartOf\":{\"@id\":\"https:\/\/www.cudeca.org\/actualidad\/charla-informativa-ies-santiago-ramon-y-cajal\/\"},\"author\":{\"name\":\"Jorge Lopez\",\"@id\":\"https:\/\/www.cudeca.org\/#\/schema\/person\/ef584faee50c55adf49de08e703741fd\"},\"headline\":\"Informative talk IES Santiago Ram\u00f3n y Cajal\",\"datePublished\":\"2020-03-03T14:18:21+00:00\",\"dateModified\":\"2020-03-03T14:18:21+00:00\",\"mainEntityOfPage\":{\"@id\":\"https:\/\/www.cudeca.org\/actualidad\/charla-informativa-ies-santiago-ramon-y-cajal\/\"},\"wordCount\":220,\"commentCount\":0,\"publisher\":{\"@id\":\"https:\/\/www.cudeca.org\/#organization\"},\"articleSection\":[\"\"],\"inLanguage\":\"en-US\",\"potentialAction\":[{\"@type\":\"CommentAction\",\"name\":\"Comment\",\"target\":[\"https:\/\/www.cudeca.org\/actualidad\/charla-informativa-ies-santiago-ramon-y-cajal\/#respond\"]}]},{\"@type\":\"Person\",\"@id\":\"https:\/\/www.cudeca.org\/#\/schema\/person\/ef584faee50c55adf49de08e703741fd\",\"name\":\"Jorge Lopez\",\"image\":{\"@type\":\"ImageObject\",\"inLanguage\":\"en-US\",\"@id\":\"https:\/\/www.cudeca.org\/#\/schema\/person\/image\/\",\"url\":\"https:\/\/secure.gravatar.com\/avatar\/f861e8975d384d76728a2976bb1626da?s=96&d=mm&r=g\",\"contentUrl\":\"https:\/\/secure.gravatar.com\/avatar\/f861e8975d384d76728a2976bb1626da?s=96&d=mm&r=g\",\"caption\":\"Jorge Lopez\"}}]}<\/script>\n<!-- \/ Yoast SEO plugin. -->","yoast_head_json":{"title":"Informative talk IES Santiago Ram\u00f3n y Cajal - Cudeca Cancer Care Hospice","robots":{"index":"index","follow":"follow","max-snippet":"max-snippet:-1","max-image-preview":"max-image-preview:large","max-video-preview":"max-video-preview:-1"},"canonical":"https:\/\/www.cudeca.org\/actualidad\/charla-informativa-ies-santiago-ramon-y-cajal\/","og_locale":"en_US","og_type":"article","og_title":"Informative talk IES Santiago Ram\u00f3n y Cajal - Cudeca Cancer Care Hospice","og_description":"This morning we visited the Santiago Ram\u00f3n y Cajal Secondary School in Fuengirola with Luis Dominguez (home care nurse) and Jorge L\u00f3pez (fundraising and communication technician) to tell them about Cudeca&#8217;s work. They will soon be helping us with their play &#8220;Nunca digas nunca jam\u00e1s&#8221; (Never say never again), performed by the students of the [&hellip;]","og_url":"https:\/\/www.cudeca.org\/actualidad\/charla-informativa-ies-santiago-ramon-y-cajal\/","og_site_name":"Cudeca Cancer Care Hospice","article_publisher":"https:\/\/www.facebook.com\/AmigosDeCudeca","article_published_time":"2020-03-03T14:18:21+00:00","og_image":[{"width":1600,"height":1200,"url":"https:\/\/www.cudeca.org\/wp-content\/uploads\/2020\/03\/WhatsApp-Image-2020-03-03-at-12.53.11.jpeg","type":"image\/jpeg"}],"author":"Jorge Lopez","twitter_card":"summary_large_image","twitter_creator":"@cudeca","twitter_site":"@cudeca","twitter_misc":{"Written by":"Jorge Lopez","Est. reading time":"1 minute"},"schema":{"@context":"https:\/\/schema.org","@graph":[{"@type":"Organization","@id":"https:\/\/www.cudeca.org\/#organization","name":"Fundaci\u00f3n Cudeca","url":"https:\/\/www.cudeca.org\/","sameAs":["https:\/\/www.youtube.com\/c\/cudecamalaga","https:\/\/www.facebook.com\/AmigosDeCudeca","https:\/\/twitter.com\/cudeca"],"logo":{"@type":"ImageObject","inLanguage":"en-US","@id":"https:\/\/www.cudeca.org\/#\/schema\/logo\/image\/","url":"https:\/\/www.cudeca.org\/wp-content\/uploads\/2018\/02\/cudeca-logo.png","contentUrl":"https:\/\/www.cudeca.org\/wp-content\/uploads\/2018\/02\/cudeca-logo.png","width":2121,"height":984,"caption":"Fundaci\u00f3n Cudeca"},"image":{"@id":"https:\/\/www.cudeca.org\/#\/schema\/logo\/image\/"}},{"@type":"WebSite","@id":"https:\/\/www.cudeca.org\/#website","url":"https:\/\/www.cudeca.org\/","name":"Fundaci\u00f3n Cudeca","description":"Cudeca Hospice","publisher":{"@id":"https:\/\/www.cudeca.org\/#organization"},"potentialAction":[{"@type":"SearchAction","target":{"@type":"EntryPoint","urlTemplate":"https:\/\/www.cudeca.org\/?s={search_term_string}"},"query-input":"required name=search_term_string"}],"inLanguage":"en-US"},{"@type":"WebPage","@id":"https:\/\/www.cudeca.org\/actualidad\/charla-informativa-ies-santiago-ramon-y-cajal\/","url":"https:\/\/www.cudeca.org\/actualidad\/charla-informativa-ies-santiago-ramon-y-cajal\/","name":"Informative talk IES Santiago Ram\u00f3n y Cajal - Cudeca Cancer Care Hospice","isPartOf":{"@id":"https:\/\/www.cudeca.org\/#website"},"datePublished":"2020-03-03T14:18:21+00:00","dateModified":"2020-03-03T14:18:21+00:00","breadcrumb":{"@id":"https:\/\/www.cudeca.org\/actualidad\/charla-informativa-ies-santiago-ramon-y-cajal\/#breadcrumb"},"inLanguage":"en-US","potentialAction":[{"@type":"ReadAction","target":["https:\/\/www.cudeca.org\/actualidad\/charla-informativa-ies-santiago-ramon-y-cajal\/"]}]},{"@type":"BreadcrumbList","@id":"https:\/\/www.cudeca.org\/actualidad\/charla-informativa-ies-santiago-ramon-y-cajal\/#breadcrumb","itemListElement":[{"@type":"ListItem","position":1,"name":"Portada","item":"https:\/\/www.cudeca.org\/"},{"@type":"ListItem","position":2,"name":"Charla informativa IES Santiago Ram\u00f3n y Cajal"}]},{"@type":"Article","@id":"https:\/\/www.cudeca.org\/actualidad\/charla-informativa-ies-santiago-ramon-y-cajal\/#article","isPartOf":{"@id":"https:\/\/www.cudeca.org\/actualidad\/charla-informativa-ies-santiago-ramon-y-cajal\/"},"author":{"name":"Jorge Lopez","@id":"https:\/\/www.cudeca.org\/#\/schema\/person\/ef584faee50c55adf49de08e703741fd"},"headline":"Informative talk IES Santiago Ram\u00f3n y Cajal","datePublished":"2020-03-03T14:18:21+00:00","dateModified":"2020-03-03T14:18:21+00:00","mainEntityOfPage":{"@id":"https:\/\/www.cudeca.org\/actualidad\/charla-informativa-ies-santiago-ramon-y-cajal\/"},"wordCount":220,"commentCount":0,"publisher":{"@id":"https:\/\/www.cudeca.org\/#organization"},"articleSection":[""],"inLanguage":"en-US","potentialAction":[{"@type":"CommentAction","name":"Comment","target":["https:\/\/www.cudeca.org\/actualidad\/charla-informativa-ies-santiago-ramon-y-cajal\/#respond"]}]},{"@type":"Person","@id":"https:\/\/www.cudeca.org\/#\/schema\/person\/ef584faee50c55adf49de08e703741fd","name":"Jorge Lopez","image":{"@type":"ImageObject","inLanguage":"en-US","@id":"https:\/\/www.cudeca.org\/#\/schema\/person\/image\/","url":"https:\/\/secure.gravatar.com\/avatar\/f861e8975d384d76728a2976bb1626da?s=96&d=mm&r=g","contentUrl":"https:\/\/secure.gravatar.com\/avatar\/f861e8975d384d76728a2976bb1626da?s=96&d=mm&r=g","caption":"Jorge Lopez"}}]}},"_links":{"self":[{"href":"https:\/\/www.cudeca.org\/en\/wp-json\/wp\/v2\/posts\/23435"}],"collection":[{"href":"https:\/\/www.cudeca.org\/en\/wp-json\/wp\/v2\/posts"}],"about":[{"href":"https:\/\/www.cudeca.org\/en\/wp-json\/wp\/v2\/types\/post"}],"author":[{"embeddable":true,"href":"https:\/\/www.cudeca.org\/en\/wp-json\/wp\/v2\/users\/5"}],"replies":[{"embeddable":true,"href":"https:\/\/www.cudeca.org\/en\/wp-json\/wp\/v2\/comments?post=23435"}],"version-history":[{"count":1,"href":"https:\/\/www.cudeca.org\/en\/wp-json\/wp\/v2\/posts\/23435\/revisions"}],"predecessor-version":[{"id":23443,"href":"https:\/\/www.cudeca.org\/en\/wp-json\/wp\/v2\/posts\/23435\/revisions\/23443"}],"wp:featuredmedia":[{"embeddable":true,"href":"https:\/\/www.cudeca.org\/en\/wp-json\/wp\/v2\/media\/23442"}],"wp:attachment":[{"href":"https:\/\/www.cudeca.org\/en\/wp-json\/wp\/v2\/media?parent=23435"}],"wp:term":[{"taxonomy":"category","embeddable":true,"href":"https:\/\/www.cudeca.org\/en\/wp-json\/wp\/v2\/categories?post=23435"},{"taxonomy":"post_tag","embeddable":true,"href":"https:\/\/www.cudeca.org\/en\/wp-json\/wp\/v2\/tags?post=23435"}],"curies":[{"name":"wp","href":"https:\/\/api.w.org\/{rel}","templated":true}]}}