{"id":23080,"date":"2020-01-20T17:54:33","date_gmt":"2020-01-20T17:54:33","guid":{"rendered":"https:\/\/www.cudeca.org\/?p=23080"},"modified":"2020-01-20T17:54:38","modified_gmt":"2020-01-20T17:54:38","slug":"cudeca-experience-inicia-su-segunda-edicion-como-referente-en-formacion-en-cuidados-paliativos","status":"publish","type":"post","link":"https:\/\/www.cudeca.org\/en\/actualidad\/cudeca-experience-inicia-su-segunda-edicion-como-referente-en-formacion-en-cuidados-paliativos\/","title":{"rendered":"Cudeca Experience inicia su segunda edici\u00f3n como referente en formaci\u00f3n en Cuidados Paliativos"},"content":{"rendered":"\n<p>El programa de rotaciones <strong><a href=\"https:\/\/www.cudeca.org\/formacion-e-investigacion\/nuestros-cursos\/programa-de-perfeccionamiento-profesional-cudeca-experience\/\">Cudeca Experience <\/a><\/strong>ha comenzado su segunda edici\u00f3n este lunes confirm\u00e1ndose como un <a href=\"https:\/\/www.cudeca.org\/actualidad\/desde-malaga-formando-en-cuidados-paliativos-al-mundo-con-cudeca-experience\/\">referente internacional<\/a> en la formaci\u00f3n en <strong>Cuidados Paliativos<\/strong> con la presencia de alumnado procedente de Venezuela, M\u00e9xico, Colombia y Espa\u00f1a. Esta iniciativa, con una duraci\u00f3n de cuatro semanas, se presenta como un curso de formaci\u00f3n y especializaci\u00f3n que ofrece la posibilidad de adquirir conocimientos sobre los cuidados paliativos desde una perspectiva integral y multidisciplinar.<\/p>\n\n\n\n<p>La base para el aprendizaje se da en la propia labor que realiza la Fundaci\u00f3n Cudeca, el <strong>primer Hospice de Espa\u00f1a<\/strong> y que ya cuenta con m\u00e1s de un cuarto de siglo de experiencia en el abordaje de la atenci\u00f3n de pacientes en situaci\u00f3n terminal, as\u00ed como de sus familias en un entorno integrado desde nuestras instalaciones en Benalm\u00e1dena y con la garant\u00eda de los profesionales que se hacen cargo de la gesti\u00f3n del d\u00eda a d\u00eda en el centro.<\/p>\n\n\n\n<p>Durante el programa, el alumnado tendr\u00e1 oportunidad de pasar por los diferentes espacios disciplinares que componen <strong>la cartera asistencial de Cudeca<\/strong>, con la posibilidad de participar en el trabajo real que se realiza en el centro. Los participantes pasar\u00e1n por los diferentes programas para conocer de primera mano c\u00f3mo se gestiona el trabajo en cada uno de ellos. Estos espacios son Programa de Atenci\u00f3n Domiciliaria, Unidad de Hospitalizaci\u00f3n, Unidad de D\u00eda, Programa de Rehabilitaci\u00f3n y Fisioterapia y Programa Psico-social. <\/p>\n\n\n\n<p>Esta formaci\u00f3n de car\u00e1cter pr\u00e1ctico se completa con <strong>sesiones te\u00f3ricas<\/strong> a cargo de responsables de cada uno de los programas asistenciales y que abordar\u00e1n tem\u00e1ticas como los modelos organizativos, la valoraci\u00f3n del paciente y su pron\u00f3stico, las habilidades de comunicaci\u00f3n, el manejo del dolor, la espiritualidad, la sedaci\u00f3n paliativa o el control de s\u00edntomas.<\/p>\n\n\n\n<p><strong>Impresi\u00f3n muy\npositiva<\/strong><\/p>\n\n\n\n<p>\u201cEste curso me ofrece una <strong>preparaci\u00f3n muy completa<\/strong> para trabajar en Cuidados Paliativos\u201d, afirma la m\u00e9dico de familia Raquel Fern\u00e1ndez, que participa en el programa desde Almer\u00eda, donde va a empezar a trabajar en atenci\u00f3n en cuidados paliativos en la zona de Levante. \u201cla primera impresi\u00f3n ha sido muy buena, estoy deseando entrar en contacto con los pacientes\u201d, a\u00f1ade. <\/p>\n\n\n\n<p>De manera similar lo ve su compa\u00f1era M\u00aa Jos\u00e9 Mingorance, enfermera en el mismo servicio y que ya conoc\u00eda el trabajo de la Fundaci\u00f3n Cudeca. Tambi\u00e9n ella buscaba una formaci\u00f3n espec\u00edfica. \u201cEs lo que buscaba, un programa corto pero intenso y con contenidos te\u00f3ricos y pr\u00e1cticos que <strong>abordan un proceso integral<\/strong>\u201d, destaca Mingorance, que no duda en calificar a Cudeca como el principal referente en cuidados paliativos en Espa\u00f1a.<\/p>\n\n\n\n<p>Pero este buen hacer tambi\u00e9n ha llegado m\u00e1s all\u00e1 de nuestras fronteras, como se ve en la presencia de personal sanitario de Am\u00e9rica Latina. Es el caso del m\u00e9dico paliativista Jos\u00e9 Guadalupe, que ha acudido al programa desde el hospital Manuel Gea Gonz\u00e1lez, en M\u00e9xico. \u201cQuer\u00eda conocer las <strong>bases de los cuidados paliativos<\/strong> en este tipo de centros y me atrajo la formaci\u00f3n sobre la obtenci\u00f3n de recursos\u201d, explica el doctor, que conoci\u00f3 el programa gracias a la participaci\u00f3n en la primera edici\u00f3n de la doctora Adriana Templo.<\/p>\n","protected":false},"excerpt":{"rendered":"<p>El programa de rotaciones Cudeca Experience ha comenzado su segunda edici\u00f3n este lunes confirm\u00e1ndose como un referente internacional en la formaci\u00f3n en Cuidados Paliativos con la presencia de alumnado procedente de Venezuela, M\u00e9xico, Colombia y Espa\u00f1a. Esta iniciativa, con una duraci\u00f3n de cuatro semanas, se presenta como un curso de formaci\u00f3n y especializaci\u00f3n que ofrece [&hellip;]<\/p>\n","protected":false},"author":101015,"featured_media":23081,"comment_status":"open","ping_status":"open","sticky":false,"template":"","format":"standard","meta":[],"categories":[15],"tags":[],"yoast_head":"<!-- This site is optimized with the Yoast SEO plugin v19.4 - https:\/\/yoast.com\/wordpress\/plugins\/seo\/ -->\n<title>Cudeca Experience inicia su segunda edici\u00f3n como referente en formaci\u00f3n en Cuidados Paliativos - Cudeca Cancer Care Hospice<\/title>\n<meta name=\"description\" content=\"Cudeca Experience ha comenzado su segunda edici\u00f3n este lunes confirm\u00e1ndose como un referente internacional en la formaci\u00f3n en Cuidados Paliativos\" \/>\n<meta name=\"robots\" content=\"index, follow, max-snippet:-1, max-image-preview:large, max-video-preview:-1\" \/>\n<link rel=\"canonical\" href=\"https:\/\/www.cudeca.org\/actualidad\/cudeca-experience-inicia-su-segunda-edicion-como-referente-en-formacion-en-cuidados-paliativos\/\" \/>\n<meta property=\"og:locale\" content=\"en_US\" \/>\n<meta property=\"og:type\" content=\"article\" \/>\n<meta property=\"og:title\" content=\"Cudeca Experience inicia su segunda edici\u00f3n como referente en formaci\u00f3n en Cuidados Paliativos - Cudeca Cancer Care Hospice\" \/>\n<meta property=\"og:description\" content=\"Cudeca Experience ha comenzado su segunda edici\u00f3n este lunes confirm\u00e1ndose como un referente internacional en la formaci\u00f3n en Cuidados Paliativos\" \/>\n<meta property=\"og:url\" content=\"https:\/\/www.cudeca.org\/actualidad\/cudeca-experience-inicia-su-segunda-edicion-como-referente-en-formacion-en-cuidados-paliativos\/\" \/>\n<meta property=\"og:site_name\" content=\"Cudeca Cancer Care Hospice\" \/>\n<meta property=\"article:publisher\" content=\"https:\/\/www.facebook.com\/AmigosDeCudeca\" \/>\n<meta property=\"article:published_time\" content=\"2020-01-20T17:54:33+00:00\" \/>\n<meta property=\"article:modified_time\" content=\"2020-01-20T17:54:38+00:00\" \/>\n<meta property=\"og:image\" content=\"https:\/\/www.cudeca.org\/wp-content\/uploads\/2020\/01\/Cudeca-experience-2.jpg\" \/>\n\t<meta property=\"og:image:width\" content=\"1024\" \/>\n\t<meta property=\"og:image:height\" content=\"657\" \/>\n\t<meta property=\"og:image:type\" content=\"image\/jpeg\" \/>\n<meta name=\"author\" content=\"Bel\u00e9n Moncada\" \/>\n<meta name=\"twitter:card\" content=\"summary_large_image\" \/>\n<meta name=\"twitter:creator\" content=\"@cudeca\" \/>\n<meta name=\"twitter:site\" content=\"@cudeca\" \/>\n<meta name=\"twitter:label1\" content=\"Written by\" \/>\n\t<meta name=\"twitter:data1\" content=\"Bel\u00e9n Moncada\" \/>\n\t<meta name=\"twitter:label2\" content=\"Est. reading time\" \/>\n\t<meta name=\"twitter:data2\" content=\"3 minutes\" \/>\n<script type=\"application\/ld+json\" class=\"yoast-schema-graph\">{\"@context\":\"https:\/\/schema.org\",\"@graph\":[{\"@type\":\"Organization\",\"@id\":\"https:\/\/www.cudeca.org\/#organization\",\"name\":\"Fundaci\u00f3n Cudeca\",\"url\":\"https:\/\/www.cudeca.org\/\",\"sameAs\":[\"https:\/\/www.youtube.com\/c\/cudecamalaga\",\"https:\/\/www.facebook.com\/AmigosDeCudeca\",\"https:\/\/twitter.com\/cudeca\"],\"logo\":{\"@type\":\"ImageObject\",\"inLanguage\":\"en-US\",\"@id\":\"https:\/\/www.cudeca.org\/#\/schema\/logo\/image\/\",\"url\":\"https:\/\/www.cudeca.org\/wp-content\/uploads\/2018\/02\/cudeca-logo.png\",\"contentUrl\":\"https:\/\/www.cudeca.org\/wp-content\/uploads\/2018\/02\/cudeca-logo.png\",\"width\":2121,\"height\":984,\"caption\":\"Fundaci\u00f3n Cudeca\"},\"image\":{\"@id\":\"https:\/\/www.cudeca.org\/#\/schema\/logo\/image\/\"}},{\"@type\":\"WebSite\",\"@id\":\"https:\/\/www.cudeca.org\/#website\",\"url\":\"https:\/\/www.cudeca.org\/\",\"name\":\"Fundaci\u00f3n Cudeca\",\"description\":\"Cudeca Hospice\",\"publisher\":{\"@id\":\"https:\/\/www.cudeca.org\/#organization\"},\"potentialAction\":[{\"@type\":\"SearchAction\",\"target\":{\"@type\":\"EntryPoint\",\"urlTemplate\":\"https:\/\/www.cudeca.org\/?s={search_term_string}\"},\"query-input\":\"required name=search_term_string\"}],\"inLanguage\":\"en-US\"},{\"@type\":\"WebPage\",\"@id\":\"https:\/\/www.cudeca.org\/actualidad\/cudeca-experience-inicia-su-segunda-edicion-como-referente-en-formacion-en-cuidados-paliativos\/\",\"url\":\"https:\/\/www.cudeca.org\/actualidad\/cudeca-experience-inicia-su-segunda-edicion-como-referente-en-formacion-en-cuidados-paliativos\/\",\"name\":\"Cudeca Experience inicia su segunda edici\u00f3n como referente en formaci\u00f3n en Cuidados Paliativos - Cudeca Cancer Care Hospice\",\"isPartOf\":{\"@id\":\"https:\/\/www.cudeca.org\/#website\"},\"datePublished\":\"2020-01-20T17:54:33+00:00\",\"dateModified\":\"2020-01-20T17:54:38+00:00\",\"description\":\"Cudeca Experience ha comenzado su segunda edici\u00f3n este lunes confirm\u00e1ndose como un referente internacional en la formaci\u00f3n en Cuidados Paliativos\",\"breadcrumb\":{\"@id\":\"https:\/\/www.cudeca.org\/actualidad\/cudeca-experience-inicia-su-segunda-edicion-como-referente-en-formacion-en-cuidados-paliativos\/#breadcrumb\"},\"inLanguage\":\"en-US\",\"potentialAction\":[{\"@type\":\"ReadAction\",\"target\":[\"https:\/\/www.cudeca.org\/actualidad\/cudeca-experience-inicia-su-segunda-edicion-como-referente-en-formacion-en-cuidados-paliativos\/\"]}]},{\"@type\":\"BreadcrumbList\",\"@id\":\"https:\/\/www.cudeca.org\/actualidad\/cudeca-experience-inicia-su-segunda-edicion-como-referente-en-formacion-en-cuidados-paliativos\/#breadcrumb\",\"itemListElement\":[{\"@type\":\"ListItem\",\"position\":1,\"name\":\"Portada\",\"item\":\"https:\/\/www.cudeca.org\/\"},{\"@type\":\"ListItem\",\"position\":2,\"name\":\"Cudeca Experience inicia su segunda edici\u00f3n como referente en formaci\u00f3n en Cuidados Paliativos\"}]},{\"@type\":\"Article\",\"@id\":\"https:\/\/www.cudeca.org\/actualidad\/cudeca-experience-inicia-su-segunda-edicion-como-referente-en-formacion-en-cuidados-paliativos\/#article\",\"isPartOf\":{\"@id\":\"https:\/\/www.cudeca.org\/actualidad\/cudeca-experience-inicia-su-segunda-edicion-como-referente-en-formacion-en-cuidados-paliativos\/\"},\"author\":{\"name\":\"Bel\u00e9n Moncada\",\"@id\":\"https:\/\/www.cudeca.org\/#\/schema\/person\/62f47d4be3f8d5010a1d6faacdf26649\"},\"headline\":\"Cudeca Experience inicia su segunda edici\u00f3n como referente en formaci\u00f3n en Cuidados Paliativos\",\"datePublished\":\"2020-01-20T17:54:33+00:00\",\"dateModified\":\"2020-01-20T17:54:38+00:00\",\"mainEntityOfPage\":{\"@id\":\"https:\/\/www.cudeca.org\/actualidad\/cudeca-experience-inicia-su-segunda-edicion-como-referente-en-formacion-en-cuidados-paliativos\/\"},\"wordCount\":580,\"commentCount\":0,\"publisher\":{\"@id\":\"https:\/\/www.cudeca.org\/#organization\"},\"articleSection\":[\"\"],\"inLanguage\":\"en-US\",\"potentialAction\":[{\"@type\":\"CommentAction\",\"name\":\"Comment\",\"target\":[\"https:\/\/www.cudeca.org\/actualidad\/cudeca-experience-inicia-su-segunda-edicion-como-referente-en-formacion-en-cuidados-paliativos\/#respond\"]}]},{\"@type\":\"Person\",\"@id\":\"https:\/\/www.cudeca.org\/#\/schema\/person\/62f47d4be3f8d5010a1d6faacdf26649\",\"name\":\"Bel\u00e9n Moncada\",\"image\":{\"@type\":\"ImageObject\",\"inLanguage\":\"en-US\",\"@id\":\"https:\/\/www.cudeca.org\/#\/schema\/person\/image\/\",\"url\":\"https:\/\/secure.gravatar.com\/avatar\/963e1d4b2e93b3d5c64378df8b218e60?s=96&d=mm&r=g\",\"contentUrl\":\"https:\/\/secure.gravatar.com\/avatar\/963e1d4b2e93b3d5c64378df8b218e60?s=96&d=mm&r=g\",\"caption\":\"Bel\u00e9n Moncada\"}}]}<\/script>\n<!-- \/ Yoast SEO plugin. -->","yoast_head_json":{"title":"Cudeca Experience inicia su segunda edici\u00f3n como referente en formaci\u00f3n en Cuidados Paliativos - Cudeca Cancer Care Hospice","description":"Cudeca Experience ha comenzado su segunda edici\u00f3n este lunes confirm\u00e1ndose como un referente internacional en la formaci\u00f3n en Cuidados Paliativos","robots":{"index":"index","follow":"follow","max-snippet":"max-snippet:-1","max-image-preview":"max-image-preview:large","max-video-preview":"max-video-preview:-1"},"canonical":"https:\/\/www.cudeca.org\/actualidad\/cudeca-experience-inicia-su-segunda-edicion-como-referente-en-formacion-en-cuidados-paliativos\/","og_locale":"en_US","og_type":"article","og_title":"Cudeca Experience inicia su segunda edici\u00f3n como referente en formaci\u00f3n en Cuidados Paliativos - Cudeca Cancer Care Hospice","og_description":"Cudeca Experience ha comenzado su segunda edici\u00f3n este lunes confirm\u00e1ndose como un referente internacional en la formaci\u00f3n en Cuidados Paliativos","og_url":"https:\/\/www.cudeca.org\/actualidad\/cudeca-experience-inicia-su-segunda-edicion-como-referente-en-formacion-en-cuidados-paliativos\/","og_site_name":"Cudeca Cancer Care Hospice","article_publisher":"https:\/\/www.facebook.com\/AmigosDeCudeca","article_published_time":"2020-01-20T17:54:33+00:00","article_modified_time":"2020-01-20T17:54:38+00:00","og_image":[{"width":1024,"height":657,"url":"https:\/\/www.cudeca.org\/wp-content\/uploads\/2020\/01\/Cudeca-experience-2.jpg","type":"image\/jpeg"}],"author":"Bel\u00e9n Moncada","twitter_card":"summary_large_image","twitter_creator":"@cudeca","twitter_site":"@cudeca","twitter_misc":{"Written by":"Bel\u00e9n Moncada","Est. reading time":"3 minutes"},"schema":{"@context":"https:\/\/schema.org","@graph":[{"@type":"Organization","@id":"https:\/\/www.cudeca.org\/#organization","name":"Fundaci\u00f3n Cudeca","url":"https:\/\/www.cudeca.org\/","sameAs":["https:\/\/www.youtube.com\/c\/cudecamalaga","https:\/\/www.facebook.com\/AmigosDeCudeca","https:\/\/twitter.com\/cudeca"],"logo":{"@type":"ImageObject","inLanguage":"en-US","@id":"https:\/\/www.cudeca.org\/#\/schema\/logo\/image\/","url":"https:\/\/www.cudeca.org\/wp-content\/uploads\/2018\/02\/cudeca-logo.png","contentUrl":"https:\/\/www.cudeca.org\/wp-content\/uploads\/2018\/02\/cudeca-logo.png","width":2121,"height":984,"caption":"Fundaci\u00f3n Cudeca"},"image":{"@id":"https:\/\/www.cudeca.org\/#\/schema\/logo\/image\/"}},{"@type":"WebSite","@id":"https:\/\/www.cudeca.org\/#website","url":"https:\/\/www.cudeca.org\/","name":"Fundaci\u00f3n Cudeca","description":"Cudeca Hospice","publisher":{"@id":"https:\/\/www.cudeca.org\/#organization"},"potentialAction":[{"@type":"SearchAction","target":{"@type":"EntryPoint","urlTemplate":"https:\/\/www.cudeca.org\/?s={search_term_string}"},"query-input":"required name=search_term_string"}],"inLanguage":"en-US"},{"@type":"WebPage","@id":"https:\/\/www.cudeca.org\/actualidad\/cudeca-experience-inicia-su-segunda-edicion-como-referente-en-formacion-en-cuidados-paliativos\/","url":"https:\/\/www.cudeca.org\/actualidad\/cudeca-experience-inicia-su-segunda-edicion-como-referente-en-formacion-en-cuidados-paliativos\/","name":"Cudeca Experience inicia su segunda edici\u00f3n como referente en formaci\u00f3n en Cuidados Paliativos - Cudeca Cancer Care Hospice","isPartOf":{"@id":"https:\/\/www.cudeca.org\/#website"},"datePublished":"2020-01-20T17:54:33+00:00","dateModified":"2020-01-20T17:54:38+00:00","description":"Cudeca Experience ha comenzado su segunda edici\u00f3n este lunes confirm\u00e1ndose como un referente internacional en la formaci\u00f3n en Cuidados Paliativos","breadcrumb":{"@id":"https:\/\/www.cudeca.org\/actualidad\/cudeca-experience-inicia-su-segunda-edicion-como-referente-en-formacion-en-cuidados-paliativos\/#breadcrumb"},"inLanguage":"en-US","potentialAction":[{"@type":"ReadAction","target":["https:\/\/www.cudeca.org\/actualidad\/cudeca-experience-inicia-su-segunda-edicion-como-referente-en-formacion-en-cuidados-paliativos\/"]}]},{"@type":"BreadcrumbList","@id":"https:\/\/www.cudeca.org\/actualidad\/cudeca-experience-inicia-su-segunda-edicion-como-referente-en-formacion-en-cuidados-paliativos\/#breadcrumb","itemListElement":[{"@type":"ListItem","position":1,"name":"Portada","item":"https:\/\/www.cudeca.org\/"},{"@type":"ListItem","position":2,"name":"Cudeca Experience inicia su segunda edici\u00f3n como referente en formaci\u00f3n en Cuidados Paliativos"}]},{"@type":"Article","@id":"https:\/\/www.cudeca.org\/actualidad\/cudeca-experience-inicia-su-segunda-edicion-como-referente-en-formacion-en-cuidados-paliativos\/#article","isPartOf":{"@id":"https:\/\/www.cudeca.org\/actualidad\/cudeca-experience-inicia-su-segunda-edicion-como-referente-en-formacion-en-cuidados-paliativos\/"},"author":{"name":"Bel\u00e9n Moncada","@id":"https:\/\/www.cudeca.org\/#\/schema\/person\/62f47d4be3f8d5010a1d6faacdf26649"},"headline":"Cudeca Experience inicia su segunda edici\u00f3n como referente en formaci\u00f3n en Cuidados Paliativos","datePublished":"2020-01-20T17:54:33+00:00","dateModified":"2020-01-20T17:54:38+00:00","mainEntityOfPage":{"@id":"https:\/\/www.cudeca.org\/actualidad\/cudeca-experience-inicia-su-segunda-edicion-como-referente-en-formacion-en-cuidados-paliativos\/"},"wordCount":580,"commentCount":0,"publisher":{"@id":"https:\/\/www.cudeca.org\/#organization"},"articleSection":[""],"inLanguage":"en-US","potentialAction":[{"@type":"CommentAction","name":"Comment","target":["https:\/\/www.cudeca.org\/actualidad\/cudeca-experience-inicia-su-segunda-edicion-como-referente-en-formacion-en-cuidados-paliativos\/#respond"]}]},{"@type":"Person","@id":"https:\/\/www.cudeca.org\/#\/schema\/person\/62f47d4be3f8d5010a1d6faacdf26649","name":"Bel\u00e9n Moncada","image":{"@type":"ImageObject","inLanguage":"en-US","@id":"https:\/\/www.cudeca.org\/#\/schema\/person\/image\/","url":"https:\/\/secure.gravatar.com\/avatar\/963e1d4b2e93b3d5c64378df8b218e60?s=96&d=mm&r=g","contentUrl":"https:\/\/secure.gravatar.com\/avatar\/963e1d4b2e93b3d5c64378df8b218e60?s=96&d=mm&r=g","caption":"Bel\u00e9n Moncada"}}]}},"_links":{"self":[{"href":"https:\/\/www.cudeca.org\/en\/wp-json\/wp\/v2\/posts\/23080"}],"collection":[{"href":"https:\/\/www.cudeca.org\/en\/wp-json\/wp\/v2\/posts"}],"about":[{"href":"https:\/\/www.cudeca.org\/en\/wp-json\/wp\/v2\/types\/post"}],"author":[{"embeddable":true,"href":"https:\/\/www.cudeca.org\/en\/wp-json\/wp\/v2\/users\/101015"}],"replies":[{"embeddable":true,"href":"https:\/\/www.cudeca.org\/en\/wp-json\/wp\/v2\/comments?post=23080"}],"version-history":[{"count":1,"href":"https:\/\/www.cudeca.org\/en\/wp-json\/wp\/v2\/posts\/23080\/revisions"}],"predecessor-version":[{"id":23082,"href":"https:\/\/www.cudeca.org\/en\/wp-json\/wp\/v2\/posts\/23080\/revisions\/23082"}],"wp:featuredmedia":[{"embeddable":true,"href":"https:\/\/www.cudeca.org\/en\/wp-json\/wp\/v2\/media\/23081"}],"wp:attachment":[{"href":"https:\/\/www.cudeca.org\/en\/wp-json\/wp\/v2\/media?parent=23080"}],"wp:term":[{"taxonomy":"category","embeddable":true,"href":"https:\/\/www.cudeca.org\/en\/wp-json\/wp\/v2\/categories?post=23080"},{"taxonomy":"post_tag","embeddable":true,"href":"https:\/\/www.cudeca.org\/en\/wp-json\/wp\/v2\/tags?post=23080"}],"curies":[{"name":"wp","href":"https:\/\/api.w.org\/{rel}","templated":true}]}}