{"id":22359,"date":"2019-10-15T15:34:12","date_gmt":"2019-10-15T15:34:12","guid":{"rendered":"https:\/\/www.cudeca.org\/?p=22359"},"modified":"2020-07-15T14:26:37","modified_gmt":"2020-07-15T14:26:37","slug":"herencias-y-legados-semillas-de-vida","status":"publish","type":"post","link":"https:\/\/www.cudeca.org\/en\/actualidad\/inheritance-and-legacies-seeds-of-life\/","title":{"rendered":"With your legacy, a part of you will always be here to help more people."},"content":{"rendered":"<div class=\"wpb-content-wrapper\"><p>[vc_row][vc_column][vc_column_text el_class=&#8221;frase_destacada&#8221;]<\/p>\n<h2 style=\"text-align: center;\"><strong><span style=\"color: #008000;\">With your legacy, a part of you will <\/span><\/strong><strong><span style=\"color: #008000;\">always be here to help more people.<\/span><\/strong><\/h2>\n<p>[\/vc_column_text][\/vc_column][\/vc_row][vc_row][vc_column width=&#8221;1\/3&#8243; el_class=&#8221;grid_columnas&#8221; css=&#8221;.vc_custom_1591607966327{margin-right: 1px !important;}&#8221;][vc_single_image image=&#8221;4690&#8243; img_size=&#8221;medium&#8221;][vc_empty_space height=&#8221;15px&#8221;][vc_column_text el_class=&#8221;grid_titulo&#8221;]<\/p>\n<h4 style=\"text-align: center;\"><span style=\"color: #008000;\"><strong>What is a legacy and why is it important?<\/strong><\/span><\/h4>\n<p>[\/vc_column_text][vc_empty_space height=&#8221;15px&#8221;][vc_column_text]A legacy is an opportunity to ensure that your commitment to a cause endures even when you have passed away. It is a way of showing that the cause you hold dear is important enough to be supported even though you are no longer here.<\/p>\n<p><strong>With your bequest, a part of you will always remain with us.<\/strong><\/p>\n<p>As a non-profit organisation, our job relies on the donations of our members and the income earned from different events, our charity shops and gifts. Legacies are vital to our organization: they make it possible for our <em>special kind of caring<\/em> to reach all those who need it, completely free of charge.<\/p>\n<p><span style=\"color: #008000;\"><strong>For Cudeca, legacies are tax free, as they are not subject to the Inheritance and Gift Tax<\/strong><\/span>[\/vc_column_text][\/vc_column][vc_column width=&#8221;1\/3&#8243; el_class=&#8221;grid_columnas&#8221;][vc_single_image image=&#8221;22990&#8243; img_size=&#8221;medium&#8221;][vc_empty_space height=&#8221;15px&#8221;][vc_column_text el_class=&#8221;grid_titulo&#8221;]<\/p>\n<h4 style=\"text-align: center;\"><span style=\"color: #008000;\"><strong>How can I leave a legacy to Cudeca Hospice?<\/strong><\/span><\/h4>\n<p>[\/vc_column_text][vc_empty_space height=&#8221;15px&#8221;][vc_column_text]Making a will should never be a mere mechanical procedure, nor should it make you fearful or anxious.<strong>\u00a0<\/strong>It is a meaningful deed that allows you to make a choice and then express your wishes in an official document.<\/p>\n<p>Leaving part of your estate to Cudeca is like leaving it to a loved one or a relative. It just needs to be stipulated in your Will.<\/p>\n<p><strong>Making a Will is usually a simple procedure and is highly recommended to be done before a notary.<\/strong> The notary may charge between 50 and 80 euros for making a Will. <strong>Cudeca Hospice can take care of the notary\u2019s fees if necessary.<\/strong><\/p>\n<p>Please contact our Financial Director, Rafael Olalla, on <strong>661 674 227<\/strong>, or at\u00a0<a href=\"mailto:rafaelolalla@cudeca.org\">rafaelolalla@cudeca.org<\/a><br \/>\nand he will be able to help you.[\/vc_column_text][vc_empty_space height=&#8221;15px&#8221;][\/vc_column][vc_column width=&#8221;1\/3&#8243;][vc_single_image image=&#8221;4692&#8243; img_size=&#8221;medium&#8221;][vc_empty_space height=&#8221;15px&#8221;][vc_column_text el_class=&#8221;grid_titulo&#8221;]<\/p>\n<h4 style=\"text-align: center;\"><span style=\"color: #008000;\"><strong>We would like to meet you<\/strong><\/span><\/h4>\n<p>[\/vc_column_text][vc_empty_space height=&#8221;15px&#8221;][vc_column_text]We are always delighted whenever we receive a legacy. We feel both very fortunate and humble at the same time because <strong>this is the most generous deed and a great responsibility for us<\/strong>.<\/p>\n<p>We would like to meet the person behind the deed personally and discover what motivated them to collaborate with us by making such a welcome and useful gesture.\u00a0 But above all, we would like to be able to give them our thanks in person.<\/p>\n<p>Hence, when you make your legacy, please tell us more about yourself. You may give us your name or remain anonymous. Send us a letter or a photo as you prefer. Or come along and meet us. <strong>We would be delighted to welcome you.<\/strong>[\/vc_column_text][\/vc_column][\/vc_row][vc_row][vc_column][vc_column_text el_class=&#8221;frase_destacada&#8221;]<\/p>\n<h2 style=\"text-align: center;\"><span style=\"color: #008000;\"><strong>Your legacy will add life to the days of so many people.<\/strong><\/span><\/h2>\n<p>[\/vc_column_text][\/vc_column][\/vc_row][vc_row][vc_column][vc_column_text]<\/p>\n<h3 style=\"text-align: center;\"><span style=\"color: #000000;\"><strong> Download our Legacy leaflet here:\u00a0<\/strong><\/span><\/h3>\n<p style=\"text-align: center;\"><a href=\"https:\/\/www.cudeca.org\/wp-content\/uploads\/2020\/06\/20-Legados-ENG-1.pdf\">English<\/a>\u00a0 \u00a0 \u00a0 \u00a0<a href=\"https:\/\/www.cudeca.org\/wp-content\/uploads\/2020\/06\/20-Legados-ESP-1.pdf\">Spanish<\/a>\u00a0 \u00a0 \u00a0<a href=\"https:\/\/www.cudeca.org\/wp-content\/uploads\/2020\/06\/20-Legados-ALEMAN-1.pdf\">German<\/a>\u00a0 \u00a0 \u00a0<a href=\"https:\/\/www.cudeca.org\/wp-content\/uploads\/2020\/06\/20-Legados-NED-1.pdf\">\u00a0Dutch<\/a> \u00a0\u00a0 \u00a0\u00a0<a href=\"https:\/\/www.cudeca.org\/wp-content\/uploads\/2020\/06\/20-Legados-FRA-1.pdf\">French<\/a>\u00a0 \u00a0 \u00a0 <a href=\"https:\/\/www.cudeca.org\/wp-content\/uploads\/2020\/06\/20-Legados-RUSO-1.pdf\">Russian<\/a>\u00a0 \u00a0 \u00a0<a href=\"https:\/\/www.cudeca.org\/wp-content\/uploads\/2020\/06\/20-Legados-FINES-1.pdf\">Finnish<\/a>\u00a0 \u00a0 <a href=\"https:\/\/www.cudeca.org\/wp-content\/uploads\/2020\/06\/20-Legados-SUECO.pdf\">Swedish<\/a> \u00a0\u00a0 \u00a0\u00a0<a href=\"https:\/\/www.cudeca.org\/wp-content\/uploads\/2020\/06\/20-Legados-NORUEGO.pdf\">Norwegian<\/a><\/p>\n<p>[\/vc_column_text][\/vc_column][\/vc_row][vc_row][vc_column][vc_column_text el_class=&#8221;caja_titulo&#8221;]<\/p>\n<h4 style=\"text-align: center;\">If you decide to make a legacy in aid of our project, and you have any questions,<br \/>\nplease contact us and we will help you or your lawyer with any procedure you need.<\/h4>\n<p>[\/vc_column_text]\n                <div class='gf_browser_gecko gform_wrapper' id='gform_wrapper_8' ><form method='post' enctype='multipart\/form-data'  id='gform_8'  action=\"\/en\/wp-json\/wp\/v2\/posts\/22359\"> \r\n <input type='hidden' class='gforms-pum' value='{\"closepopup\":false,\"closedelay\":0,\"openpopup\":false,\"openpopup_id\":0}' \/>\n                        <div class='gform_body'><ul id='gform_fields_8' class='gform_fields top_label form_sublabel_below description_below'><li id='field_8_11'  class='gfield gfield_contains_required field_sublabel_below field_description_below gfield_visibility_visible' ><label class='gfield_label' for='input_8_11' >Name<span class='gfield_required'>*<\/span><\/label><div class='ginput_container ginput_container_text'><input name='input_11' id='input_8_11' type='text' value='' class='medium'     aria-required=\"true\" aria-invalid=\"false\" \/><\/div><\/li><li id='field_8_12'  class='gfield gfield_contains_required field_sublabel_below field_description_below gfield_visibility_visible' ><label class='gfield_label' for='input_8_12' >Surname<span class='gfield_required'>*<\/span><\/label><div class='ginput_container ginput_container_text'><input name='input_12' id='input_8_12' type='text' value='' class='medium'     aria-required=\"true\" aria-invalid=\"false\" \/><\/div><\/li><li id='field_8_13'  class='gfield gfield_contains_required field_sublabel_below field_description_below gfield_visibility_visible' ><label class='gfield_label' for='input_8_13' >Telephone<span class='gfield_required'>*<\/span><\/label><div class='ginput_container ginput_container_text'><input name='input_13' id='input_8_13' type='text' value='' class='medium'     aria-required=\"true\" aria-invalid=\"false\" \/><\/div><\/li><li id='field_8_3'  class='gfield gfield_contains_required field_sublabel_below field_description_below gfield_visibility_visible' ><label class='gfield_label' for='input_8_3' >Email<span class='gfield_required'>*<\/span><\/label><div class='ginput_container ginput_container_email'>\n                            <input name='input_3' id='input_8_3' type='email' value='' class='medium'    aria-required=\"true\" aria-invalid=\"false\" \/>\n                        <\/div><\/li><li id='field_8_6'  class='gfield field_sublabel_below field_description_below gfield_visibility_visible' ><label class='gfield_label' for='input_8_6' >Observations<\/label><div class='ginput_container ginput_container_textarea'><textarea name='input_6' id='input_8_6' class='textarea medium'      aria-invalid=\"false\"   rows='10' cols='50'><\/textarea><\/div><\/li><li id='field_8_15'  class='gfield checkcomunicaciones field_sublabel_below field_description_below gfield_visibility_visible' ><label class='gfield_label'  ><\/label><div class='ginput_container ginput_container_checkbox'><ul class='gfield_checkbox' id='input_8_15'><li class='gchoice_8_15_1'>\n\t\t\t\t\t\t\t\t<input name='input_15.1' type='checkbox'  value='Check this box if you want to receive information about our special care and the different activities we organize via email and\/or phone.'  id='choice_8_15_1'   \/>\n\t\t\t\t\t\t\t\t<label for='choice_8_15_1' id='label_8_15_1'>Check this box if you want to receive information about our special care and the different activities we organize via email and\/or phone.<\/label>\n\t\t\t\t\t\t\t<\/li><\/ul><\/div><\/li><li id='field_8_10'  class='gfield gfield_contains_required field_sublabel_below field_description_below gfield_visibility_visible' ><label class='gfield_label'  >Private Policy<span class='gfield_required'>*<\/span><\/label><div class='ginput_container ginput_container_checkbox'><ul class='gfield_checkbox' id='input_8_10'><li class='gchoice_8_10_1'>\n\t\t\t\t\t\t\t\t<input name='input_10.1' type='checkbox'  value='I agree to accept the conditions listed in the &lt;a href=&quot;\/en\/politica-de-privacidad-y-aviso-legal&quot;&gt;Privacy Policy&lt;\/a&gt; on Cudeca&#039;s web page'  id='choice_8_10_1'   \/>\n\t\t\t\t\t\t\t\t<label for='choice_8_10_1' id='label_8_10_1'>I agree to accept the conditions listed in the <a href=\"\/en\/politica-de-privacidad-y-aviso-legal\">Privacy Policy<\/a> on Cudeca's web page<\/label>\n\t\t\t\t\t\t\t<\/li><\/ul><\/div><\/li><li id='field_8_14'  class='gfield gfield_html gfield_html_formatted gfield_no_follows_desc field_sublabel_below field_description_below gfield_visibility_visible' ><p style=\"font-size:12px\">In accordance with the provisions of the regulations in force on the protection of personal data, Regulation (EU) 2016\/679 of April 27, 2016 (GDPR), we inform you that FUNDACION CUDECA is responsible for the treatment of personal data for administrative, statistical and information purposes. You have the right to cancel, access, rectify, transfer or delete your data as well as the right to limit or oppose the treatment of said data, in which case you should contact FUNDAC\u00cdON CUDECA at Avda. del Cosmos, s\/n 29631 Benalm\u00e1dena (MALAGA), or e-mail: datos@cudeca.org. If you consider that the treatment of your data does not comply with current regulations you have the right to file a claim with the Data Protection Agency www.agpd.es<\/p><\/li>\n                            <\/ul><\/div>\n        <div class='gform_footer top_label'> <input type='submit' id='gform_submit_button_8' class='gform_button button' value='Enviar'  onclick='if(window[\"gf_submitting_8\"]){return false;}  if( !jQuery(\"#gform_8\")[0].checkValidity || jQuery(\"#gform_8\")[0].checkValidity()){window[\"gf_submitting_8\"]=true;}  ' onkeypress='if( event.keyCode == 13 ){ if(window[\"gf_submitting_8\"]){return false;} if( !jQuery(\"#gform_8\")[0].checkValidity || jQuery(\"#gform_8\")[0].checkValidity()){window[\"gf_submitting_8\"]=true;}  jQuery(\"#gform_8\").trigger(\"submit\",[true]); }' \/> \n            <input type='hidden' class='gform_hidden' name='is_submit_8' value='1' \/>\n            <input type='hidden' class='gform_hidden' name='gform_submit' value='8' \/>\n            \n            <input type='hidden' class='gform_hidden' name='gform_unique_id' value='' \/>\n            <input type='hidden' class='gform_hidden' name='state_8' value='WyJbXSIsIjQ1ZTQ0ODMwMmM2Yjk3YzQxODhkMzQxZTQyMDVlMGFkIl0=' \/>\n            <input type='hidden' class='gform_hidden' name='gform_target_page_number_8' id='gform_target_page_number_8' value='0' \/>\n            <input type='hidden' class='gform_hidden' name='gform_source_page_number_8' id='gform_source_page_number_8' value='1' \/>\n            <input type='hidden' name='gform_field_values' value='' \/>\n            \n        <\/div>\n                        <\/form>\n                        <\/div><script type='text\/javascript'> jQuery(document).bind('gform_post_render', function(event, formId, currentPage){if(formId == 8) {} } );jQuery(document).bind('gform_post_conditional_logic', function(event, formId, fields, isInit){} );<\/script><script type='text\/javascript'> jQuery(document).ready(function(){jQuery(document).trigger('gform_post_render', [8, 1]) } ); <\/script>[\/vc_column][\/vc_row]<\/p>\n<\/div>","protected":false},"excerpt":{"rendered":"<p>[vc_row][vc_column][vc_column_text el_class=&#8221;frase_destacada&#8221;] With your legacy, a part of you will always be here to help more people. [\/vc_column_text][\/vc_column][\/vc_row][vc_row][vc_column width=&#8221;1\/3&#8243; el_class=&#8221;grid_columnas&#8221; css=&#8221;.vc_custom_1591607966327{margin-right: 1px !important;}&#8221;][vc_single_image image=&#8221;4690&#8243; img_size=&#8221;medium&#8221;][vc_empty_space height=&#8221;15px&#8221;][vc_column_text el_class=&#8221;grid_titulo&#8221;] What is a legacy and why is it important? [\/vc_column_text][vc_empty_space height=&#8221;15px&#8221;][vc_column_text]A legacy is an opportunity to ensure that your commitment to a cause endures even when you have [&hellip;]<\/p>\n","protected":false},"author":2,"featured_media":24005,"comment_status":"open","ping_status":"open","sticky":false,"template":"","format":"standard","meta":[],"categories":[15],"tags":[88,77],"yoast_head":"<!-- This site is optimized with the Yoast SEO plugin v19.4 - https:\/\/yoast.com\/wordpress\/plugins\/seo\/ -->\n<title>With your legacy, a part of you will always be here to help more people. - Cudeca Cancer Care Hospice<\/title>\n<meta name=\"robots\" content=\"index, follow, max-snippet:-1, max-image-preview:large, max-video-preview:-1\" \/>\n<link rel=\"canonical\" href=\"https:\/\/www.cudeca.org\/actualidad\/herencias-y-legados-semillas-de-vida\/\" \/>\n<meta property=\"og:locale\" content=\"en_US\" \/>\n<meta property=\"og:type\" content=\"article\" \/>\n<meta property=\"og:title\" content=\"With your legacy, a part of you will always be here to help more people. - Cudeca Cancer Care Hospice\" \/>\n<meta property=\"og:description\" content=\"[vc_row][vc_column][vc_column_text el_class=&#8221;frase_destacada&#8221;] With your legacy, a part of you will always be here to help more people. [\/vc_column_text][\/vc_column][\/vc_row][vc_row][vc_column width=&#8221;1\/3&#8243; el_class=&#8221;grid_columnas&#8221; css=&#8221;.vc_custom_1591607966327{margin-right: 1px !important;}&#8221;][vc_single_image image=&#8221;4690&#8243; img_size=&#8221;medium&#8221;][vc_empty_space height=&#8221;15px&#8221;][vc_column_text el_class=&#8221;grid_titulo&#8221;] What is a legacy and why is it important? [\/vc_column_text][vc_empty_space height=&#8221;15px&#8221;][vc_column_text]A legacy is an opportunity to ensure that your commitment to a cause endures even when you have [&hellip;]\" \/>\n<meta property=\"og:url\" content=\"https:\/\/www.cudeca.org\/actualidad\/herencias-y-legados-semillas-de-vida\/\" \/>\n<meta property=\"og:site_name\" content=\"Cudeca Cancer Care Hospice\" \/>\n<meta property=\"article:publisher\" content=\"https:\/\/www.facebook.com\/AmigosDeCudeca\" \/>\n<meta property=\"article:published_time\" content=\"2019-10-15T15:34:12+00:00\" \/>\n<meta property=\"article:modified_time\" content=\"2020-07-15T14:26:37+00:00\" \/>\n<meta property=\"og:image\" content=\"https:\/\/www.cudeca.org\/wp-content\/uploads\/2020\/06\/image003.jpg\" \/>\n\t<meta property=\"og:image:width\" content=\"300\" \/>\n\t<meta property=\"og:image:height\" content=\"200\" \/>\n\t<meta property=\"og:image:type\" content=\"image\/jpeg\" \/>\n<meta name=\"author\" content=\"angel\" \/>\n<meta name=\"twitter:card\" content=\"summary_large_image\" \/>\n<meta name=\"twitter:creator\" content=\"@cudeca\" \/>\n<meta name=\"twitter:site\" content=\"@cudeca\" \/>\n<meta name=\"twitter:label1\" content=\"Written by\" \/>\n\t<meta name=\"twitter:data1\" content=\"angel\" \/>\n\t<meta name=\"twitter:label2\" content=\"Est. reading time\" \/>\n\t<meta name=\"twitter:data2\" content=\"7 minutes\" \/>\n<script type=\"application\/ld+json\" class=\"yoast-schema-graph\">{\"@context\":\"https:\/\/schema.org\",\"@graph\":[{\"@type\":\"Organization\",\"@id\":\"https:\/\/www.cudeca.org\/#organization\",\"name\":\"Fundaci\u00f3n Cudeca\",\"url\":\"https:\/\/www.cudeca.org\/\",\"sameAs\":[\"https:\/\/www.youtube.com\/c\/cudecamalaga\",\"https:\/\/www.facebook.com\/AmigosDeCudeca\",\"https:\/\/twitter.com\/cudeca\"],\"logo\":{\"@type\":\"ImageObject\",\"inLanguage\":\"en-US\",\"@id\":\"https:\/\/www.cudeca.org\/#\/schema\/logo\/image\/\",\"url\":\"https:\/\/www.cudeca.org\/wp-content\/uploads\/2018\/02\/cudeca-logo.png\",\"contentUrl\":\"https:\/\/www.cudeca.org\/wp-content\/uploads\/2018\/02\/cudeca-logo.png\",\"width\":2121,\"height\":984,\"caption\":\"Fundaci\u00f3n Cudeca\"},\"image\":{\"@id\":\"https:\/\/www.cudeca.org\/#\/schema\/logo\/image\/\"}},{\"@type\":\"WebSite\",\"@id\":\"https:\/\/www.cudeca.org\/#website\",\"url\":\"https:\/\/www.cudeca.org\/\",\"name\":\"Fundaci\u00f3n Cudeca\",\"description\":\"Cudeca Hospice\",\"publisher\":{\"@id\":\"https:\/\/www.cudeca.org\/#organization\"},\"potentialAction\":[{\"@type\":\"SearchAction\",\"target\":{\"@type\":\"EntryPoint\",\"urlTemplate\":\"https:\/\/www.cudeca.org\/?s={search_term_string}\"},\"query-input\":\"required name=search_term_string\"}],\"inLanguage\":\"en-US\"},{\"@type\":\"WebPage\",\"@id\":\"https:\/\/www.cudeca.org\/actualidad\/herencias-y-legados-semillas-de-vida\/\",\"url\":\"https:\/\/www.cudeca.org\/actualidad\/herencias-y-legados-semillas-de-vida\/\",\"name\":\"With your legacy, a part of you will always be here to help more people. - Cudeca Cancer Care Hospice\",\"isPartOf\":{\"@id\":\"https:\/\/www.cudeca.org\/#website\"},\"datePublished\":\"2019-10-15T15:34:12+00:00\",\"dateModified\":\"2020-07-15T14:26:37+00:00\",\"breadcrumb\":{\"@id\":\"https:\/\/www.cudeca.org\/actualidad\/herencias-y-legados-semillas-de-vida\/#breadcrumb\"},\"inLanguage\":\"en-US\",\"potentialAction\":[{\"@type\":\"ReadAction\",\"target\":[\"https:\/\/www.cudeca.org\/actualidad\/herencias-y-legados-semillas-de-vida\/\"]}]},{\"@type\":\"BreadcrumbList\",\"@id\":\"https:\/\/www.cudeca.org\/actualidad\/herencias-y-legados-semillas-de-vida\/#breadcrumb\",\"itemListElement\":[{\"@type\":\"ListItem\",\"position\":1,\"name\":\"Portada\",\"item\":\"https:\/\/www.cudeca.org\/\"},{\"@type\":\"ListItem\",\"position\":2,\"name\":\"Con tu testamento, una parte de ti siempre seguir\u00e1 aqu\u00ed para ayudar a m\u00e1s personas.\"}]},{\"@type\":\"Article\",\"@id\":\"https:\/\/www.cudeca.org\/actualidad\/herencias-y-legados-semillas-de-vida\/#article\",\"isPartOf\":{\"@id\":\"https:\/\/www.cudeca.org\/actualidad\/herencias-y-legados-semillas-de-vida\/\"},\"author\":{\"name\":\"angel\",\"@id\":\"https:\/\/www.cudeca.org\/#\/schema\/person\/320934aa099c37e69d4148721ba3e4be\"},\"headline\":\"With your legacy, a part of you will always be here to help more people.\",\"datePublished\":\"2019-10-15T15:34:12+00:00\",\"dateModified\":\"2020-07-15T14:26:37+00:00\",\"mainEntityOfPage\":{\"@id\":\"https:\/\/www.cudeca.org\/actualidad\/herencias-y-legados-semillas-de-vida\/\"},\"wordCount\":1427,\"commentCount\":0,\"publisher\":{\"@id\":\"https:\/\/www.cudeca.org\/#organization\"},\"keywords\":[\"Ayuda a Cudeca\",\"Herencia y Legados\"],\"articleSection\":[\"\"],\"inLanguage\":\"en-US\",\"potentialAction\":[{\"@type\":\"CommentAction\",\"name\":\"Comment\",\"target\":[\"https:\/\/www.cudeca.org\/actualidad\/herencias-y-legados-semillas-de-vida\/#respond\"]}]},{\"@type\":\"Person\",\"@id\":\"https:\/\/www.cudeca.org\/#\/schema\/person\/320934aa099c37e69d4148721ba3e4be\",\"name\":\"angel\",\"image\":{\"@type\":\"ImageObject\",\"inLanguage\":\"en-US\",\"@id\":\"https:\/\/www.cudeca.org\/#\/schema\/person\/image\/\",\"url\":\"https:\/\/secure.gravatar.com\/avatar\/91b6f0e62d069005f36feb58e1ffda2c?s=96&d=mm&r=g\",\"contentUrl\":\"https:\/\/secure.gravatar.com\/avatar\/91b6f0e62d069005f36feb58e1ffda2c?s=96&d=mm&r=g\",\"caption\":\"angel\"}}]}<\/script>\n<!-- \/ Yoast SEO plugin. -->","yoast_head_json":{"title":"With your legacy, a part of you will always be here to help more people. - Cudeca Cancer Care Hospice","robots":{"index":"index","follow":"follow","max-snippet":"max-snippet:-1","max-image-preview":"max-image-preview:large","max-video-preview":"max-video-preview:-1"},"canonical":"https:\/\/www.cudeca.org\/actualidad\/herencias-y-legados-semillas-de-vida\/","og_locale":"en_US","og_type":"article","og_title":"With your legacy, a part of you will always be here to help more people. - Cudeca Cancer Care Hospice","og_description":"[vc_row][vc_column][vc_column_text el_class=&#8221;frase_destacada&#8221;] With your legacy, a part of you will always be here to help more people. [\/vc_column_text][\/vc_column][\/vc_row][vc_row][vc_column width=&#8221;1\/3&#8243; el_class=&#8221;grid_columnas&#8221; css=&#8221;.vc_custom_1591607966327{margin-right: 1px !important;}&#8221;][vc_single_image image=&#8221;4690&#8243; img_size=&#8221;medium&#8221;][vc_empty_space height=&#8221;15px&#8221;][vc_column_text el_class=&#8221;grid_titulo&#8221;] What is a legacy and why is it important? [\/vc_column_text][vc_empty_space height=&#8221;15px&#8221;][vc_column_text]A legacy is an opportunity to ensure that your commitment to a cause endures even when you have [&hellip;]","og_url":"https:\/\/www.cudeca.org\/actualidad\/herencias-y-legados-semillas-de-vida\/","og_site_name":"Cudeca Cancer Care Hospice","article_publisher":"https:\/\/www.facebook.com\/AmigosDeCudeca","article_published_time":"2019-10-15T15:34:12+00:00","article_modified_time":"2020-07-15T14:26:37+00:00","og_image":[{"width":300,"height":200,"url":"https:\/\/www.cudeca.org\/wp-content\/uploads\/2020\/06\/image003.jpg","type":"image\/jpeg"}],"author":"angel","twitter_card":"summary_large_image","twitter_creator":"@cudeca","twitter_site":"@cudeca","twitter_misc":{"Written by":"angel","Est. reading time":"7 minutes"},"schema":{"@context":"https:\/\/schema.org","@graph":[{"@type":"Organization","@id":"https:\/\/www.cudeca.org\/#organization","name":"Fundaci\u00f3n Cudeca","url":"https:\/\/www.cudeca.org\/","sameAs":["https:\/\/www.youtube.com\/c\/cudecamalaga","https:\/\/www.facebook.com\/AmigosDeCudeca","https:\/\/twitter.com\/cudeca"],"logo":{"@type":"ImageObject","inLanguage":"en-US","@id":"https:\/\/www.cudeca.org\/#\/schema\/logo\/image\/","url":"https:\/\/www.cudeca.org\/wp-content\/uploads\/2018\/02\/cudeca-logo.png","contentUrl":"https:\/\/www.cudeca.org\/wp-content\/uploads\/2018\/02\/cudeca-logo.png","width":2121,"height":984,"caption":"Fundaci\u00f3n Cudeca"},"image":{"@id":"https:\/\/www.cudeca.org\/#\/schema\/logo\/image\/"}},{"@type":"WebSite","@id":"https:\/\/www.cudeca.org\/#website","url":"https:\/\/www.cudeca.org\/","name":"Fundaci\u00f3n Cudeca","description":"Cudeca Hospice","publisher":{"@id":"https:\/\/www.cudeca.org\/#organization"},"potentialAction":[{"@type":"SearchAction","target":{"@type":"EntryPoint","urlTemplate":"https:\/\/www.cudeca.org\/?s={search_term_string}"},"query-input":"required name=search_term_string"}],"inLanguage":"en-US"},{"@type":"WebPage","@id":"https:\/\/www.cudeca.org\/actualidad\/herencias-y-legados-semillas-de-vida\/","url":"https:\/\/www.cudeca.org\/actualidad\/herencias-y-legados-semillas-de-vida\/","name":"With your legacy, a part of you will always be here to help more people. - Cudeca Cancer Care Hospice","isPartOf":{"@id":"https:\/\/www.cudeca.org\/#website"},"datePublished":"2019-10-15T15:34:12+00:00","dateModified":"2020-07-15T14:26:37+00:00","breadcrumb":{"@id":"https:\/\/www.cudeca.org\/actualidad\/herencias-y-legados-semillas-de-vida\/#breadcrumb"},"inLanguage":"en-US","potentialAction":[{"@type":"ReadAction","target":["https:\/\/www.cudeca.org\/actualidad\/herencias-y-legados-semillas-de-vida\/"]}]},{"@type":"BreadcrumbList","@id":"https:\/\/www.cudeca.org\/actualidad\/herencias-y-legados-semillas-de-vida\/#breadcrumb","itemListElement":[{"@type":"ListItem","position":1,"name":"Portada","item":"https:\/\/www.cudeca.org\/"},{"@type":"ListItem","position":2,"name":"Con tu testamento, una parte de ti siempre seguir\u00e1 aqu\u00ed para ayudar a m\u00e1s personas."}]},{"@type":"Article","@id":"https:\/\/www.cudeca.org\/actualidad\/herencias-y-legados-semillas-de-vida\/#article","isPartOf":{"@id":"https:\/\/www.cudeca.org\/actualidad\/herencias-y-legados-semillas-de-vida\/"},"author":{"name":"angel","@id":"https:\/\/www.cudeca.org\/#\/schema\/person\/320934aa099c37e69d4148721ba3e4be"},"headline":"With your legacy, a part of you will always be here to help more people.","datePublished":"2019-10-15T15:34:12+00:00","dateModified":"2020-07-15T14:26:37+00:00","mainEntityOfPage":{"@id":"https:\/\/www.cudeca.org\/actualidad\/herencias-y-legados-semillas-de-vida\/"},"wordCount":1427,"commentCount":0,"publisher":{"@id":"https:\/\/www.cudeca.org\/#organization"},"keywords":["Ayuda a Cudeca","Herencia y Legados"],"articleSection":[""],"inLanguage":"en-US","potentialAction":[{"@type":"CommentAction","name":"Comment","target":["https:\/\/www.cudeca.org\/actualidad\/herencias-y-legados-semillas-de-vida\/#respond"]}]},{"@type":"Person","@id":"https:\/\/www.cudeca.org\/#\/schema\/person\/320934aa099c37e69d4148721ba3e4be","name":"angel","image":{"@type":"ImageObject","inLanguage":"en-US","@id":"https:\/\/www.cudeca.org\/#\/schema\/person\/image\/","url":"https:\/\/secure.gravatar.com\/avatar\/91b6f0e62d069005f36feb58e1ffda2c?s=96&d=mm&r=g","contentUrl":"https:\/\/secure.gravatar.com\/avatar\/91b6f0e62d069005f36feb58e1ffda2c?s=96&d=mm&r=g","caption":"angel"}}]}},"_links":{"self":[{"href":"https:\/\/www.cudeca.org\/en\/wp-json\/wp\/v2\/posts\/22359"}],"collection":[{"href":"https:\/\/www.cudeca.org\/en\/wp-json\/wp\/v2\/posts"}],"about":[{"href":"https:\/\/www.cudeca.org\/en\/wp-json\/wp\/v2\/types\/post"}],"author":[{"embeddable":true,"href":"https:\/\/www.cudeca.org\/en\/wp-json\/wp\/v2\/users\/2"}],"replies":[{"embeddable":true,"href":"https:\/\/www.cudeca.org\/en\/wp-json\/wp\/v2\/comments?post=22359"}],"version-history":[{"count":31,"href":"https:\/\/www.cudeca.org\/en\/wp-json\/wp\/v2\/posts\/22359\/revisions"}],"predecessor-version":[{"id":24137,"href":"https:\/\/www.cudeca.org\/en\/wp-json\/wp\/v2\/posts\/22359\/revisions\/24137"}],"wp:featuredmedia":[{"embeddable":true,"href":"https:\/\/www.cudeca.org\/en\/wp-json\/wp\/v2\/media\/24005"}],"wp:attachment":[{"href":"https:\/\/www.cudeca.org\/en\/wp-json\/wp\/v2\/media?parent=22359"}],"wp:term":[{"taxonomy":"category","embeddable":true,"href":"https:\/\/www.cudeca.org\/en\/wp-json\/wp\/v2\/categories?post=22359"},{"taxonomy":"post_tag","embeddable":true,"href":"https:\/\/www.cudeca.org\/en\/wp-json\/wp\/v2\/tags?post=22359"}],"curies":[{"name":"wp","href":"https:\/\/api.w.org\/{rel}","templated":true}]}}