{"id":22316,"date":"2019-10-15T13:38:44","date_gmt":"2019-10-15T13:38:44","guid":{"rendered":"https:\/\/www.cudeca.org\/?p=22316"},"modified":"2020-03-06T09:58:16","modified_gmt":"2020-03-06T09:58:16","slug":"los-voluntarios-aportamos-un-soporte-importante-y-desinteresado-para-que-cudeca-pueda-seguir-creciendo","status":"publish","type":"post","link":"https:\/\/www.cudeca.org\/en\/actualidad\/the-volunteers-provide-an-important-and-disinterested-support-so-that-cudeca-can-continue-to-grow\/","title":{"rendered":"\u201cLos voluntarios aportamos un soporte importante y desinteresado para que CUDECA pueda seguir creciendo\u201d"},"content":{"rendered":"<div class=\"wpb-content-wrapper\"><p>[vc_row][vc_column][vc_column_text]<strong>Antonio Jos\u00e9 S\u00e1nchez Carrasco<\/strong><br \/>\n<strong><span style=\"color: #008000;\">Voluntario Asistencial desde Septiembre 2015<\/span><\/strong><\/p>\n<p>Siempre me ha interesado la medicina con una vocaci\u00f3n humanista y de entrega a los dem\u00e1s. Pens\u00e9, y no me he equivocado, que la manera en la que pod\u00eda estar cerca de los pacientes sin ser un profesional de la medicina era colaborando con CUDECA.<\/p>\n<p>Colaboro junto con mis compa\u00f1eras voluntarias y el equipo de profesionales sanitarios para conseguir el bienestar f\u00edsico y emocional de los pacientes de la Unidad de D\u00eda y Rehabilitaci\u00f3n; y de sus familiares si lo acompa\u00f1an en la llegada y en la recogida. Como voluntario potencio y desarrollo mis habilidades sociales con los pacientes para que sobrelleven su estancia en la Unidad los m\u00e1s agradable que puedan.<\/p>\n<p>Ser voluntario me est\u00e1 ofreciendo la oportunidad de crecer como persona y valorar las cosas que la vida nos ofrece sin pedirnos nada a cambio. CUDECA te reconoce y dignifica como voluntario y c\u00f3mo persona.<\/p>\n<p>Para m\u00ed CUDECA es bondad. Acompa\u00f1ar con amor y dulzura dignificando los d\u00edas de vida del paciente y su familia. CUDECA es diferente por su vocaci\u00f3n cosmopolita en el respeto a las tradiciones, lenguas y nacionalidades de todos los que forman parte de La Fundacion. Las instalaciones y trato al personal profesional y voluntario es diferente, nos hacen sentir parte de CUDECA.<\/p>\n<p>Los voluntarios aportamos un soporte importante y desinteresado para que CUDECA pueda seguir creciendo. Formamos parte de ese nexo de uni\u00f3n que debe de haber entre los pacientes, sus familiares y el equipo profesional de CUDECA.<\/p>\n<p>[\/vc_column_text][\/vc_column][\/vc_row][vc_row][vc_column][vc_cta h2=&#8221;&#8221; style=&#8221;flat&#8221; add_icon=&#8221;left&#8221; i_icon_fontawesome=&#8221;fa fa-plus-circle&#8221; i_color=&#8221;white&#8221; i_size=&#8221;xl&#8221; css=&#8221;.vc_custom_1571148021791{background-color: #249100 !important;}&#8221; i_link=&#8221;url:https%3A%2F%2Fwww.cudeca.org%2Fcomo-puedes-ayudarnos%2Fhazte-voluntario%2F||target:%20_blank|&#8221;]<\/p>\n<h3><span style=\"color: #ffffff;\">S\u00e9 el cambio que quieres ver en el mundo<\/span><\/h3>\n<h4><span style=\"color: #ffffff;\"><a style=\"color: #ffffff;\" href=\"https:\/\/www.cudeca.org\/como-puedes-ayudarnos\/hazte-voluntario\/\">Hazte voluntario y ay\u00fadanos.<\/a><\/span><\/h4>\n<p>[\/vc_cta][\/vc_column][\/vc_row]<\/p>\n<\/div>","protected":false},"excerpt":{"rendered":"<p>[vc_row][vc_column][vc_column_text]Antonio Jos\u00e9 S\u00e1nchez Carrasco Voluntario Asistencial desde Septiembre 2015 Siempre me ha interesado la medicina con una vocaci\u00f3n humanista y de entrega a los dem\u00e1s. Pens\u00e9, y no me he equivocado, que la manera en la que pod\u00eda estar cerca de los pacientes sin ser un profesional de la medicina era colaborando con CUDECA. Colaboro [&hellip;]<\/p>\n","protected":false},"author":2,"featured_media":22317,"comment_status":"open","ping_status":"open","sticky":false,"template":"","format":"standard","meta":[],"categories":[15],"tags":[79],"yoast_head":"<!-- This site is optimized with the Yoast SEO plugin v19.4 - https:\/\/yoast.com\/wordpress\/plugins\/seo\/ -->\n<title>\u201cLos voluntarios aportamos un soporte importante y desinteresado para que CUDECA pueda seguir creciendo\u201d - Cudeca Cancer Care Hospice<\/title>\n<meta name=\"robots\" content=\"index, follow, max-snippet:-1, max-image-preview:large, max-video-preview:-1\" \/>\n<link rel=\"canonical\" href=\"https:\/\/www.cudeca.org\/actualidad\/los-voluntarios-aportamos-un-soporte-importante-y-desinteresado-para-que-cudeca-pueda-seguir-creciendo\/\" \/>\n<meta property=\"og:locale\" content=\"en_US\" \/>\n<meta property=\"og:type\" content=\"article\" \/>\n<meta property=\"og:title\" content=\"\u201cLos voluntarios aportamos un soporte importante y desinteresado para que CUDECA pueda seguir creciendo\u201d - Cudeca Cancer Care Hospice\" \/>\n<meta property=\"og:description\" content=\"[vc_row][vc_column][vc_column_text]Antonio Jos\u00e9 S\u00e1nchez Carrasco Voluntario Asistencial desde Septiembre 2015 Siempre me ha interesado la medicina con una vocaci\u00f3n humanista y de entrega a los dem\u00e1s. Pens\u00e9, y no me he equivocado, que la manera en la que pod\u00eda estar cerca de los pacientes sin ser un profesional de la medicina era colaborando con CUDECA. Colaboro [&hellip;]\" \/>\n<meta property=\"og:url\" content=\"https:\/\/www.cudeca.org\/actualidad\/los-voluntarios-aportamos-un-soporte-importante-y-desinteresado-para-que-cudeca-pueda-seguir-creciendo\/\" \/>\n<meta property=\"og:site_name\" content=\"Cudeca Cancer Care Hospice\" \/>\n<meta property=\"article:publisher\" content=\"https:\/\/www.facebook.com\/AmigosDeCudeca\" \/>\n<meta property=\"article:published_time\" content=\"2019-10-15T13:38:44+00:00\" \/>\n<meta property=\"article:modified_time\" content=\"2020-03-06T09:58:16+00:00\" \/>\n<meta property=\"og:image\" content=\"https:\/\/www.cudeca.org\/wp-content\/uploads\/2019\/10\/Jose-A-S\u00e1nchez-Voluntario-1024x683.jpg\" \/>\n\t<meta property=\"og:image:width\" content=\"1024\" \/>\n\t<meta property=\"og:image:height\" content=\"683\" \/>\n\t<meta property=\"og:image:type\" content=\"image\/jpeg\" \/>\n<meta name=\"author\" content=\"angel\" \/>\n<meta name=\"twitter:card\" content=\"summary_large_image\" \/>\n<meta name=\"twitter:creator\" content=\"@cudeca\" \/>\n<meta name=\"twitter:site\" content=\"@cudeca\" \/>\n<meta name=\"twitter:label1\" content=\"Written by\" \/>\n\t<meta name=\"twitter:data1\" content=\"angel\" \/>\n\t<meta name=\"twitter:label2\" content=\"Est. reading time\" \/>\n\t<meta name=\"twitter:data2\" content=\"2 minutes\" \/>\n<script type=\"application\/ld+json\" class=\"yoast-schema-graph\">{\"@context\":\"https:\/\/schema.org\",\"@graph\":[{\"@type\":\"Organization\",\"@id\":\"https:\/\/www.cudeca.org\/#organization\",\"name\":\"Fundaci\u00f3n Cudeca\",\"url\":\"https:\/\/www.cudeca.org\/\",\"sameAs\":[\"https:\/\/www.youtube.com\/c\/cudecamalaga\",\"https:\/\/www.facebook.com\/AmigosDeCudeca\",\"https:\/\/twitter.com\/cudeca\"],\"logo\":{\"@type\":\"ImageObject\",\"inLanguage\":\"en-US\",\"@id\":\"https:\/\/www.cudeca.org\/#\/schema\/logo\/image\/\",\"url\":\"https:\/\/www.cudeca.org\/wp-content\/uploads\/2018\/02\/cudeca-logo.png\",\"contentUrl\":\"https:\/\/www.cudeca.org\/wp-content\/uploads\/2018\/02\/cudeca-logo.png\",\"width\":2121,\"height\":984,\"caption\":\"Fundaci\u00f3n Cudeca\"},\"image\":{\"@id\":\"https:\/\/www.cudeca.org\/#\/schema\/logo\/image\/\"}},{\"@type\":\"WebSite\",\"@id\":\"https:\/\/www.cudeca.org\/#website\",\"url\":\"https:\/\/www.cudeca.org\/\",\"name\":\"Fundaci\u00f3n Cudeca\",\"description\":\"Cudeca Hospice\",\"publisher\":{\"@id\":\"https:\/\/www.cudeca.org\/#organization\"},\"potentialAction\":[{\"@type\":\"SearchAction\",\"target\":{\"@type\":\"EntryPoint\",\"urlTemplate\":\"https:\/\/www.cudeca.org\/?s={search_term_string}\"},\"query-input\":\"required name=search_term_string\"}],\"inLanguage\":\"en-US\"},{\"@type\":\"WebPage\",\"@id\":\"https:\/\/www.cudeca.org\/actualidad\/los-voluntarios-aportamos-un-soporte-importante-y-desinteresado-para-que-cudeca-pueda-seguir-creciendo\/\",\"url\":\"https:\/\/www.cudeca.org\/actualidad\/los-voluntarios-aportamos-un-soporte-importante-y-desinteresado-para-que-cudeca-pueda-seguir-creciendo\/\",\"name\":\"\u201cLos voluntarios aportamos un soporte importante y desinteresado para que CUDECA pueda seguir creciendo\u201d - Cudeca Cancer Care Hospice\",\"isPartOf\":{\"@id\":\"https:\/\/www.cudeca.org\/#website\"},\"datePublished\":\"2019-10-15T13:38:44+00:00\",\"dateModified\":\"2020-03-06T09:58:16+00:00\",\"breadcrumb\":{\"@id\":\"https:\/\/www.cudeca.org\/actualidad\/los-voluntarios-aportamos-un-soporte-importante-y-desinteresado-para-que-cudeca-pueda-seguir-creciendo\/#breadcrumb\"},\"inLanguage\":\"en-US\",\"potentialAction\":[{\"@type\":\"ReadAction\",\"target\":[\"https:\/\/www.cudeca.org\/actualidad\/los-voluntarios-aportamos-un-soporte-importante-y-desinteresado-para-que-cudeca-pueda-seguir-creciendo\/\"]}]},{\"@type\":\"BreadcrumbList\",\"@id\":\"https:\/\/www.cudeca.org\/actualidad\/los-voluntarios-aportamos-un-soporte-importante-y-desinteresado-para-que-cudeca-pueda-seguir-creciendo\/#breadcrumb\",\"itemListElement\":[{\"@type\":\"ListItem\",\"position\":1,\"name\":\"Portada\",\"item\":\"https:\/\/www.cudeca.org\/\"},{\"@type\":\"ListItem\",\"position\":2,\"name\":\"\u201cLos voluntarios aportamos un soporte importante y desinteresado para que CUDECA pueda seguir creciendo\u201d\"}]},{\"@type\":\"Article\",\"@id\":\"https:\/\/www.cudeca.org\/actualidad\/los-voluntarios-aportamos-un-soporte-importante-y-desinteresado-para-que-cudeca-pueda-seguir-creciendo\/#article\",\"isPartOf\":{\"@id\":\"https:\/\/www.cudeca.org\/actualidad\/los-voluntarios-aportamos-un-soporte-importante-y-desinteresado-para-que-cudeca-pueda-seguir-creciendo\/\"},\"author\":{\"name\":\"angel\",\"@id\":\"https:\/\/www.cudeca.org\/#\/schema\/person\/320934aa099c37e69d4148721ba3e4be\"},\"headline\":\"\u201cLos voluntarios aportamos un soporte importante y desinteresado para que CUDECA pueda seguir creciendo\u201d\",\"datePublished\":\"2019-10-15T13:38:44+00:00\",\"dateModified\":\"2020-03-06T09:58:16+00:00\",\"mainEntityOfPage\":{\"@id\":\"https:\/\/www.cudeca.org\/actualidad\/los-voluntarios-aportamos-un-soporte-importante-y-desinteresado-para-que-cudeca-pueda-seguir-creciendo\/\"},\"wordCount\":358,\"commentCount\":0,\"publisher\":{\"@id\":\"https:\/\/www.cudeca.org\/#organization\"},\"keywords\":[\"\"],\"articleSection\":[\"\"],\"inLanguage\":\"en-US\",\"potentialAction\":[{\"@type\":\"CommentAction\",\"name\":\"Comment\",\"target\":[\"https:\/\/www.cudeca.org\/actualidad\/los-voluntarios-aportamos-un-soporte-importante-y-desinteresado-para-que-cudeca-pueda-seguir-creciendo\/#respond\"]}]},{\"@type\":\"Person\",\"@id\":\"https:\/\/www.cudeca.org\/#\/schema\/person\/320934aa099c37e69d4148721ba3e4be\",\"name\":\"angel\",\"image\":{\"@type\":\"ImageObject\",\"inLanguage\":\"en-US\",\"@id\":\"https:\/\/www.cudeca.org\/#\/schema\/person\/image\/\",\"url\":\"https:\/\/secure.gravatar.com\/avatar\/91b6f0e62d069005f36feb58e1ffda2c?s=96&d=mm&r=g\",\"contentUrl\":\"https:\/\/secure.gravatar.com\/avatar\/91b6f0e62d069005f36feb58e1ffda2c?s=96&d=mm&r=g\",\"caption\":\"angel\"}}]}<\/script>\n<!-- \/ Yoast SEO plugin. -->","yoast_head_json":{"title":"\u201cLos voluntarios aportamos un soporte importante y desinteresado para que CUDECA pueda seguir creciendo\u201d - Cudeca Cancer Care Hospice","robots":{"index":"index","follow":"follow","max-snippet":"max-snippet:-1","max-image-preview":"max-image-preview:large","max-video-preview":"max-video-preview:-1"},"canonical":"https:\/\/www.cudeca.org\/actualidad\/los-voluntarios-aportamos-un-soporte-importante-y-desinteresado-para-que-cudeca-pueda-seguir-creciendo\/","og_locale":"en_US","og_type":"article","og_title":"\u201cLos voluntarios aportamos un soporte importante y desinteresado para que CUDECA pueda seguir creciendo\u201d - Cudeca Cancer Care Hospice","og_description":"[vc_row][vc_column][vc_column_text]Antonio Jos\u00e9 S\u00e1nchez Carrasco Voluntario Asistencial desde Septiembre 2015 Siempre me ha interesado la medicina con una vocaci\u00f3n humanista y de entrega a los dem\u00e1s. Pens\u00e9, y no me he equivocado, que la manera en la que pod\u00eda estar cerca de los pacientes sin ser un profesional de la medicina era colaborando con CUDECA. Colaboro [&hellip;]","og_url":"https:\/\/www.cudeca.org\/actualidad\/los-voluntarios-aportamos-un-soporte-importante-y-desinteresado-para-que-cudeca-pueda-seguir-creciendo\/","og_site_name":"Cudeca Cancer Care Hospice","article_publisher":"https:\/\/www.facebook.com\/AmigosDeCudeca","article_published_time":"2019-10-15T13:38:44+00:00","article_modified_time":"2020-03-06T09:58:16+00:00","og_image":[{"width":1024,"height":683,"url":"https:\/\/www.cudeca.org\/wp-content\/uploads\/2019\/10\/Jose-A-S\u00e1nchez-Voluntario-1024x683.jpg","type":"image\/jpeg"}],"author":"angel","twitter_card":"summary_large_image","twitter_creator":"@cudeca","twitter_site":"@cudeca","twitter_misc":{"Written by":"angel","Est. reading time":"2 minutes"},"schema":{"@context":"https:\/\/schema.org","@graph":[{"@type":"Organization","@id":"https:\/\/www.cudeca.org\/#organization","name":"Fundaci\u00f3n Cudeca","url":"https:\/\/www.cudeca.org\/","sameAs":["https:\/\/www.youtube.com\/c\/cudecamalaga","https:\/\/www.facebook.com\/AmigosDeCudeca","https:\/\/twitter.com\/cudeca"],"logo":{"@type":"ImageObject","inLanguage":"en-US","@id":"https:\/\/www.cudeca.org\/#\/schema\/logo\/image\/","url":"https:\/\/www.cudeca.org\/wp-content\/uploads\/2018\/02\/cudeca-logo.png","contentUrl":"https:\/\/www.cudeca.org\/wp-content\/uploads\/2018\/02\/cudeca-logo.png","width":2121,"height":984,"caption":"Fundaci\u00f3n Cudeca"},"image":{"@id":"https:\/\/www.cudeca.org\/#\/schema\/logo\/image\/"}},{"@type":"WebSite","@id":"https:\/\/www.cudeca.org\/#website","url":"https:\/\/www.cudeca.org\/","name":"Fundaci\u00f3n Cudeca","description":"Cudeca Hospice","publisher":{"@id":"https:\/\/www.cudeca.org\/#organization"},"potentialAction":[{"@type":"SearchAction","target":{"@type":"EntryPoint","urlTemplate":"https:\/\/www.cudeca.org\/?s={search_term_string}"},"query-input":"required name=search_term_string"}],"inLanguage":"en-US"},{"@type":"WebPage","@id":"https:\/\/www.cudeca.org\/actualidad\/los-voluntarios-aportamos-un-soporte-importante-y-desinteresado-para-que-cudeca-pueda-seguir-creciendo\/","url":"https:\/\/www.cudeca.org\/actualidad\/los-voluntarios-aportamos-un-soporte-importante-y-desinteresado-para-que-cudeca-pueda-seguir-creciendo\/","name":"\u201cLos voluntarios aportamos un soporte importante y desinteresado para que CUDECA pueda seguir creciendo\u201d - Cudeca Cancer Care Hospice","isPartOf":{"@id":"https:\/\/www.cudeca.org\/#website"},"datePublished":"2019-10-15T13:38:44+00:00","dateModified":"2020-03-06T09:58:16+00:00","breadcrumb":{"@id":"https:\/\/www.cudeca.org\/actualidad\/los-voluntarios-aportamos-un-soporte-importante-y-desinteresado-para-que-cudeca-pueda-seguir-creciendo\/#breadcrumb"},"inLanguage":"en-US","potentialAction":[{"@type":"ReadAction","target":["https:\/\/www.cudeca.org\/actualidad\/los-voluntarios-aportamos-un-soporte-importante-y-desinteresado-para-que-cudeca-pueda-seguir-creciendo\/"]}]},{"@type":"BreadcrumbList","@id":"https:\/\/www.cudeca.org\/actualidad\/los-voluntarios-aportamos-un-soporte-importante-y-desinteresado-para-que-cudeca-pueda-seguir-creciendo\/#breadcrumb","itemListElement":[{"@type":"ListItem","position":1,"name":"Portada","item":"https:\/\/www.cudeca.org\/"},{"@type":"ListItem","position":2,"name":"\u201cLos voluntarios aportamos un soporte importante y desinteresado para que CUDECA pueda seguir creciendo\u201d"}]},{"@type":"Article","@id":"https:\/\/www.cudeca.org\/actualidad\/los-voluntarios-aportamos-un-soporte-importante-y-desinteresado-para-que-cudeca-pueda-seguir-creciendo\/#article","isPartOf":{"@id":"https:\/\/www.cudeca.org\/actualidad\/los-voluntarios-aportamos-un-soporte-importante-y-desinteresado-para-que-cudeca-pueda-seguir-creciendo\/"},"author":{"name":"angel","@id":"https:\/\/www.cudeca.org\/#\/schema\/person\/320934aa099c37e69d4148721ba3e4be"},"headline":"\u201cLos voluntarios aportamos un soporte importante y desinteresado para que CUDECA pueda seguir creciendo\u201d","datePublished":"2019-10-15T13:38:44+00:00","dateModified":"2020-03-06T09:58:16+00:00","mainEntityOfPage":{"@id":"https:\/\/www.cudeca.org\/actualidad\/los-voluntarios-aportamos-un-soporte-importante-y-desinteresado-para-que-cudeca-pueda-seguir-creciendo\/"},"wordCount":358,"commentCount":0,"publisher":{"@id":"https:\/\/www.cudeca.org\/#organization"},"keywords":[""],"articleSection":[""],"inLanguage":"en-US","potentialAction":[{"@type":"CommentAction","name":"Comment","target":["https:\/\/www.cudeca.org\/actualidad\/los-voluntarios-aportamos-un-soporte-importante-y-desinteresado-para-que-cudeca-pueda-seguir-creciendo\/#respond"]}]},{"@type":"Person","@id":"https:\/\/www.cudeca.org\/#\/schema\/person\/320934aa099c37e69d4148721ba3e4be","name":"angel","image":{"@type":"ImageObject","inLanguage":"en-US","@id":"https:\/\/www.cudeca.org\/#\/schema\/person\/image\/","url":"https:\/\/secure.gravatar.com\/avatar\/91b6f0e62d069005f36feb58e1ffda2c?s=96&d=mm&r=g","contentUrl":"https:\/\/secure.gravatar.com\/avatar\/91b6f0e62d069005f36feb58e1ffda2c?s=96&d=mm&r=g","caption":"angel"}}]}},"_links":{"self":[{"href":"https:\/\/www.cudeca.org\/en\/wp-json\/wp\/v2\/posts\/22316"}],"collection":[{"href":"https:\/\/www.cudeca.org\/en\/wp-json\/wp\/v2\/posts"}],"about":[{"href":"https:\/\/www.cudeca.org\/en\/wp-json\/wp\/v2\/types\/post"}],"author":[{"embeddable":true,"href":"https:\/\/www.cudeca.org\/en\/wp-json\/wp\/v2\/users\/2"}],"replies":[{"embeddable":true,"href":"https:\/\/www.cudeca.org\/en\/wp-json\/wp\/v2\/comments?post=22316"}],"version-history":[{"count":12,"href":"https:\/\/www.cudeca.org\/en\/wp-json\/wp\/v2\/posts\/22316\/revisions"}],"predecessor-version":[{"id":23544,"href":"https:\/\/www.cudeca.org\/en\/wp-json\/wp\/v2\/posts\/22316\/revisions\/23544"}],"wp:featuredmedia":[{"embeddable":true,"href":"https:\/\/www.cudeca.org\/en\/wp-json\/wp\/v2\/media\/22317"}],"wp:attachment":[{"href":"https:\/\/www.cudeca.org\/en\/wp-json\/wp\/v2\/media?parent=22316"}],"wp:term":[{"taxonomy":"category","embeddable":true,"href":"https:\/\/www.cudeca.org\/en\/wp-json\/wp\/v2\/categories?post=22316"},{"taxonomy":"post_tag","embeddable":true,"href":"https:\/\/www.cudeca.org\/en\/wp-json\/wp\/v2\/tags?post=22316"}],"curies":[{"name":"wp","href":"https:\/\/api.w.org\/{rel}","templated":true}]}}