{"id":22102,"date":"2019-09-30T11:40:46","date_gmt":"2019-09-30T11:40:46","guid":{"rendered":"https:\/\/www.cudeca.org\/?p=22102"},"modified":"2019-10-03T11:51:01","modified_gmt":"2019-10-03T11:51:01","slug":"reconocimientos-en-los-premios-supercuidadores","status":"publish","type":"post","link":"https:\/\/www.cudeca.org\/en\/actualidad\/reconocimientos-en-los-premios-supercuidadores\/","title":{"rendered":"CUDECA and Yolanda Hurtado, Cudeca volunteer, receive SuperCuidadores awards"},"content":{"rendered":"<div class=\"wpb-content-wrapper\"><p>[vc_row][vc_column][vc_column_text]On 26 September, Cudeca Hospice and Yolanda Hurtado, a Cudeca volunteer, received recognition at the SuperCuidadores Awards, organised by the International University of La Rioja at the Ministry of Health, Consumer Affairs and Social Welfare Auditorium.<\/p>\n<p>The awards were in the category &#8220;Associations, Foundations, NGOs and Third Sector&#8221; for the care developed by Cudeca for carers, elderly or dependent people, as well as other vulnerable groups, improving their quality of life and in the category &#8220;Professional Caregiver&#8221; for the story &#8220;Amor del puro&#8221; by Yolanda Hurtado.<\/p>\n<p>Mayca Campos, ambassador of Cudeca, and Yolanda Hurtado, volunteer of Cudeca, received the awards.<\/p>\n<p>The presentation ceremony was given by the acting Minister of Health, Consumption and Social Welfare , Mar\u00eda Luisa Carcedo, who advocated to &#8220;professionalize and dignify&#8221; the figure of the caregiver, both family and professional, &#8220;to improve their quality of life, as well as that of the elderly, sick, disabled or dependent whom they care for&#8221;.<\/p>\n<p>The event was presented by Juani Loro, journalist, and was attended by Mar\u00eda Luisa Carcedo Roces, Minister of Health, Consumption and Social Welfare; Ana Isabel Lima Fern\u00e1ndez, Secretary of State for Social Services; Aurelio L\u00f3pez-Barajas, CEO of SuperCuidadores; and Rafael Puyol, Chairman of the UNIR Board of Directors.<\/p>\n<p>These awards recognize the work of family and professional caregivers, as well as those companies, organizations and institutions that develop programs and actions focused on the figure of the caregiver and people in situations of disability and \/ or dependency, as well as other vulnerable groups. Social Responsibility and Work-Life Balance measures were also recognized.<\/p>\n<p>&nbsp;<\/p>\n<p><img loading=\"lazy\" class=\"alignnone size-medium wp-image-22103\" src=\"https:\/\/www.cudeca.org\/wp-content\/uploads\/2019\/09\/Cudeca-Premios-Super-Cuidadores-01-300x225.jpg\" alt=\"\" width=\"300\" height=\"225\" srcset=\"https:\/\/www.cudeca.org\/wp-content\/uploads\/2019\/09\/Cudeca-Premios-Super-Cuidadores-01-300x225.jpg 300w, https:\/\/www.cudeca.org\/wp-content\/uploads\/2019\/09\/Cudeca-Premios-Super-Cuidadores-01-768x576.jpg 768w, https:\/\/www.cudeca.org\/wp-content\/uploads\/2019\/09\/Cudeca-Premios-Super-Cuidadores-01.jpg 960w\" sizes=\"(max-width: 300px) 85vw, 300px\" \/><\/p>\n<p>Aurelio L\u00f3pez, Mayca Campos y Juani Loro.[\/vc_column_text][\/vc_column][\/vc_row][vc_row][vc_column][vc_video link=&#8221;https:\/\/www.youtube.com\/watch?v=OmuthDUq_yw&amp;feature=youtu.be&#8221; el_width=&#8221;50&#8243;][\/vc_column][\/vc_row]<\/p>\n<\/div>","protected":false},"excerpt":{"rendered":"<p>[vc_row][vc_column][vc_column_text]On 26 September, Cudeca Hospice and Yolanda Hurtado, a Cudeca volunteer, received recognition at the SuperCuidadores Awards, organised by the International University of La Rioja at the Ministry of Health, Consumer Affairs and Social Welfare Auditorium. The awards were in the category &#8220;Associations, Foundations, NGOs and Third Sector&#8221; for the care developed by Cudeca for [&hellip;]<\/p>\n","protected":false},"author":2,"featured_media":22104,"comment_status":"open","ping_status":"open","sticky":false,"template":"","format":"standard","meta":[],"categories":[15],"tags":[],"yoast_head":"<!-- This site is optimized with the Yoast SEO plugin v19.4 - https:\/\/yoast.com\/wordpress\/plugins\/seo\/ -->\n<title>CUDECA and Yolanda Hurtado, Cudeca volunteer, receive SuperCuidadores awards - Cudeca Cancer Care Hospice<\/title>\n<meta name=\"robots\" content=\"index, follow, max-snippet:-1, max-image-preview:large, max-video-preview:-1\" \/>\n<link rel=\"canonical\" href=\"https:\/\/www.cudeca.org\/en\/actualidad\/reconocimientos-en-los-premios-supercuidadores\/\" \/>\n<meta property=\"og:locale\" content=\"en_US\" \/>\n<meta property=\"og:type\" content=\"article\" \/>\n<meta property=\"og:title\" content=\"CUDECA and Yolanda Hurtado, Cudeca volunteer, receive SuperCuidadores awards - Cudeca Cancer Care Hospice\" \/>\n<meta property=\"og:description\" content=\"[vc_row][vc_column][vc_column_text]On 26 September, Cudeca Hospice and Yolanda Hurtado, a Cudeca volunteer, received recognition at the SuperCuidadores Awards, organised by the International University of La Rioja at the Ministry of Health, Consumer Affairs and Social Welfare Auditorium. The awards were in the category &#8220;Associations, Foundations, NGOs and Third Sector&#8221; for the care developed by Cudeca for [&hellip;]\" \/>\n<meta property=\"og:url\" content=\"https:\/\/www.cudeca.org\/en\/actualidad\/reconocimientos-en-los-premios-supercuidadores\/\" \/>\n<meta property=\"og:site_name\" content=\"Cudeca Cancer Care Hospice\" \/>\n<meta property=\"article:publisher\" content=\"https:\/\/www.facebook.com\/AmigosDeCudeca\" \/>\n<meta property=\"article:published_time\" content=\"2019-09-30T11:40:46+00:00\" \/>\n<meta property=\"article:modified_time\" content=\"2019-10-03T11:51:01+00:00\" \/>\n<meta property=\"og:image\" content=\"https:\/\/www.cudeca.org\/wp-content\/uploads\/2019\/09\/Cudeca-Premios-Super-Cuidadores-02.jpg\" \/>\n\t<meta property=\"og:image:width\" content=\"1024\" \/>\n\t<meta property=\"og:image:height\" content=\"509\" \/>\n\t<meta property=\"og:image:type\" content=\"image\/jpeg\" \/>\n<meta name=\"author\" content=\"angel\" \/>\n<meta name=\"twitter:card\" content=\"summary_large_image\" \/>\n<meta name=\"twitter:creator\" content=\"@cudeca\" \/>\n<meta name=\"twitter:site\" content=\"@cudeca\" \/>\n<meta name=\"twitter:label1\" content=\"Written by\" \/>\n\t<meta name=\"twitter:data1\" content=\"angel\" \/>\n\t<meta name=\"twitter:label2\" content=\"Est. reading time\" \/>\n\t<meta name=\"twitter:data2\" content=\"5 minutes\" \/>\n<script type=\"application\/ld+json\" class=\"yoast-schema-graph\">{\"@context\":\"https:\/\/schema.org\",\"@graph\":[{\"@type\":\"Organization\",\"@id\":\"https:\/\/www.cudeca.org\/#organization\",\"name\":\"Fundaci\u00f3n Cudeca\",\"url\":\"https:\/\/www.cudeca.org\/\",\"sameAs\":[\"https:\/\/www.youtube.com\/c\/cudecamalaga\",\"https:\/\/www.facebook.com\/AmigosDeCudeca\",\"https:\/\/twitter.com\/cudeca\"],\"logo\":{\"@type\":\"ImageObject\",\"inLanguage\":\"en-US\",\"@id\":\"https:\/\/www.cudeca.org\/#\/schema\/logo\/image\/\",\"url\":\"https:\/\/www.cudeca.org\/wp-content\/uploads\/2018\/02\/cudeca-logo.png\",\"contentUrl\":\"https:\/\/www.cudeca.org\/wp-content\/uploads\/2018\/02\/cudeca-logo.png\",\"width\":2121,\"height\":984,\"caption\":\"Fundaci\u00f3n Cudeca\"},\"image\":{\"@id\":\"https:\/\/www.cudeca.org\/#\/schema\/logo\/image\/\"}},{\"@type\":\"WebSite\",\"@id\":\"https:\/\/www.cudeca.org\/#website\",\"url\":\"https:\/\/www.cudeca.org\/\",\"name\":\"Fundaci\u00f3n Cudeca\",\"description\":\"Cudeca Hospice\",\"publisher\":{\"@id\":\"https:\/\/www.cudeca.org\/#organization\"},\"potentialAction\":[{\"@type\":\"SearchAction\",\"target\":{\"@type\":\"EntryPoint\",\"urlTemplate\":\"https:\/\/www.cudeca.org\/?s={search_term_string}\"},\"query-input\":\"required name=search_term_string\"}],\"inLanguage\":\"en-US\"},{\"@type\":\"WebPage\",\"@id\":\"https:\/\/www.cudeca.org\/en\/actualidad\/reconocimientos-en-los-premios-supercuidadores\/\",\"url\":\"https:\/\/www.cudeca.org\/en\/actualidad\/reconocimientos-en-los-premios-supercuidadores\/\",\"name\":\"CUDECA and Yolanda Hurtado, Cudeca volunteer, receive SuperCuidadores awards - Cudeca Cancer Care Hospice\",\"isPartOf\":{\"@id\":\"https:\/\/www.cudeca.org\/#website\"},\"datePublished\":\"2019-09-30T11:40:46+00:00\",\"dateModified\":\"2019-10-03T11:51:01+00:00\",\"breadcrumb\":{\"@id\":\"https:\/\/www.cudeca.org\/en\/actualidad\/reconocimientos-en-los-premios-supercuidadores\/#breadcrumb\"},\"inLanguage\":\"en-US\",\"potentialAction\":[{\"@type\":\"ReadAction\",\"target\":[\"https:\/\/www.cudeca.org\/en\/actualidad\/reconocimientos-en-los-premios-supercuidadores\/\"]}]},{\"@type\":\"BreadcrumbList\",\"@id\":\"https:\/\/www.cudeca.org\/en\/actualidad\/reconocimientos-en-los-premios-supercuidadores\/#breadcrumb\",\"itemListElement\":[{\"@type\":\"ListItem\",\"position\":1,\"name\":\"Portada\",\"item\":\"https:\/\/www.cudeca.org\/\"},{\"@type\":\"ListItem\",\"position\":2,\"name\":\"CUDECA and Yolanda Hurtado, Cudeca volunteer, receive SuperCuidadores awards\"}]},{\"@type\":\"Article\",\"@id\":\"https:\/\/www.cudeca.org\/en\/actualidad\/reconocimientos-en-los-premios-supercuidadores\/#article\",\"isPartOf\":{\"@id\":\"https:\/\/www.cudeca.org\/en\/actualidad\/reconocimientos-en-los-premios-supercuidadores\/\"},\"author\":{\"name\":\"angel\",\"@id\":\"https:\/\/www.cudeca.org\/#\/schema\/person\/320934aa099c37e69d4148721ba3e4be\"},\"headline\":\"CUDECA and Yolanda Hurtado, Cudeca volunteer, receive SuperCuidadores awards\",\"datePublished\":\"2019-09-30T11:40:46+00:00\",\"dateModified\":\"2019-10-03T11:51:01+00:00\",\"mainEntityOfPage\":{\"@id\":\"https:\/\/www.cudeca.org\/en\/actualidad\/reconocimientos-en-los-premios-supercuidadores\/\"},\"wordCount\":1090,\"commentCount\":0,\"publisher\":{\"@id\":\"https:\/\/www.cudeca.org\/#organization\"},\"articleSection\":[\"\"],\"inLanguage\":\"en-US\",\"potentialAction\":[{\"@type\":\"CommentAction\",\"name\":\"Comment\",\"target\":[\"https:\/\/www.cudeca.org\/en\/actualidad\/reconocimientos-en-los-premios-supercuidadores\/#respond\"]}]},{\"@type\":\"Person\",\"@id\":\"https:\/\/www.cudeca.org\/#\/schema\/person\/320934aa099c37e69d4148721ba3e4be\",\"name\":\"angel\",\"image\":{\"@type\":\"ImageObject\",\"inLanguage\":\"en-US\",\"@id\":\"https:\/\/www.cudeca.org\/#\/schema\/person\/image\/\",\"url\":\"https:\/\/secure.gravatar.com\/avatar\/91b6f0e62d069005f36feb58e1ffda2c?s=96&d=mm&r=g\",\"contentUrl\":\"https:\/\/secure.gravatar.com\/avatar\/91b6f0e62d069005f36feb58e1ffda2c?s=96&d=mm&r=g\",\"caption\":\"angel\"}}]}<\/script>\n<!-- \/ Yoast SEO plugin. -->","yoast_head_json":{"title":"CUDECA and Yolanda Hurtado, Cudeca volunteer, receive SuperCuidadores awards - Cudeca Cancer Care Hospice","robots":{"index":"index","follow":"follow","max-snippet":"max-snippet:-1","max-image-preview":"max-image-preview:large","max-video-preview":"max-video-preview:-1"},"canonical":"https:\/\/www.cudeca.org\/en\/actualidad\/reconocimientos-en-los-premios-supercuidadores\/","og_locale":"en_US","og_type":"article","og_title":"CUDECA and Yolanda Hurtado, Cudeca volunteer, receive SuperCuidadores awards - Cudeca Cancer Care Hospice","og_description":"[vc_row][vc_column][vc_column_text]On 26 September, Cudeca Hospice and Yolanda Hurtado, a Cudeca volunteer, received recognition at the SuperCuidadores Awards, organised by the International University of La Rioja at the Ministry of Health, Consumer Affairs and Social Welfare Auditorium. The awards were in the category &#8220;Associations, Foundations, NGOs and Third Sector&#8221; for the care developed by Cudeca for [&hellip;]","og_url":"https:\/\/www.cudeca.org\/en\/actualidad\/reconocimientos-en-los-premios-supercuidadores\/","og_site_name":"Cudeca Cancer Care Hospice","article_publisher":"https:\/\/www.facebook.com\/AmigosDeCudeca","article_published_time":"2019-09-30T11:40:46+00:00","article_modified_time":"2019-10-03T11:51:01+00:00","og_image":[{"width":1024,"height":509,"url":"https:\/\/www.cudeca.org\/wp-content\/uploads\/2019\/09\/Cudeca-Premios-Super-Cuidadores-02.jpg","type":"image\/jpeg"}],"author":"angel","twitter_card":"summary_large_image","twitter_creator":"@cudeca","twitter_site":"@cudeca","twitter_misc":{"Written by":"angel","Est. reading time":"5 minutes"},"schema":{"@context":"https:\/\/schema.org","@graph":[{"@type":"Organization","@id":"https:\/\/www.cudeca.org\/#organization","name":"Fundaci\u00f3n Cudeca","url":"https:\/\/www.cudeca.org\/","sameAs":["https:\/\/www.youtube.com\/c\/cudecamalaga","https:\/\/www.facebook.com\/AmigosDeCudeca","https:\/\/twitter.com\/cudeca"],"logo":{"@type":"ImageObject","inLanguage":"en-US","@id":"https:\/\/www.cudeca.org\/#\/schema\/logo\/image\/","url":"https:\/\/www.cudeca.org\/wp-content\/uploads\/2018\/02\/cudeca-logo.png","contentUrl":"https:\/\/www.cudeca.org\/wp-content\/uploads\/2018\/02\/cudeca-logo.png","width":2121,"height":984,"caption":"Fundaci\u00f3n Cudeca"},"image":{"@id":"https:\/\/www.cudeca.org\/#\/schema\/logo\/image\/"}},{"@type":"WebSite","@id":"https:\/\/www.cudeca.org\/#website","url":"https:\/\/www.cudeca.org\/","name":"Fundaci\u00f3n Cudeca","description":"Cudeca Hospice","publisher":{"@id":"https:\/\/www.cudeca.org\/#organization"},"potentialAction":[{"@type":"SearchAction","target":{"@type":"EntryPoint","urlTemplate":"https:\/\/www.cudeca.org\/?s={search_term_string}"},"query-input":"required name=search_term_string"}],"inLanguage":"en-US"},{"@type":"WebPage","@id":"https:\/\/www.cudeca.org\/en\/actualidad\/reconocimientos-en-los-premios-supercuidadores\/","url":"https:\/\/www.cudeca.org\/en\/actualidad\/reconocimientos-en-los-premios-supercuidadores\/","name":"CUDECA and Yolanda Hurtado, Cudeca volunteer, receive SuperCuidadores awards - Cudeca Cancer Care Hospice","isPartOf":{"@id":"https:\/\/www.cudeca.org\/#website"},"datePublished":"2019-09-30T11:40:46+00:00","dateModified":"2019-10-03T11:51:01+00:00","breadcrumb":{"@id":"https:\/\/www.cudeca.org\/en\/actualidad\/reconocimientos-en-los-premios-supercuidadores\/#breadcrumb"},"inLanguage":"en-US","potentialAction":[{"@type":"ReadAction","target":["https:\/\/www.cudeca.org\/en\/actualidad\/reconocimientos-en-los-premios-supercuidadores\/"]}]},{"@type":"BreadcrumbList","@id":"https:\/\/www.cudeca.org\/en\/actualidad\/reconocimientos-en-los-premios-supercuidadores\/#breadcrumb","itemListElement":[{"@type":"ListItem","position":1,"name":"Portada","item":"https:\/\/www.cudeca.org\/"},{"@type":"ListItem","position":2,"name":"CUDECA and Yolanda Hurtado, Cudeca volunteer, receive SuperCuidadores awards"}]},{"@type":"Article","@id":"https:\/\/www.cudeca.org\/en\/actualidad\/reconocimientos-en-los-premios-supercuidadores\/#article","isPartOf":{"@id":"https:\/\/www.cudeca.org\/en\/actualidad\/reconocimientos-en-los-premios-supercuidadores\/"},"author":{"name":"angel","@id":"https:\/\/www.cudeca.org\/#\/schema\/person\/320934aa099c37e69d4148721ba3e4be"},"headline":"CUDECA and Yolanda Hurtado, Cudeca volunteer, receive SuperCuidadores awards","datePublished":"2019-09-30T11:40:46+00:00","dateModified":"2019-10-03T11:51:01+00:00","mainEntityOfPage":{"@id":"https:\/\/www.cudeca.org\/en\/actualidad\/reconocimientos-en-los-premios-supercuidadores\/"},"wordCount":1090,"commentCount":0,"publisher":{"@id":"https:\/\/www.cudeca.org\/#organization"},"articleSection":[""],"inLanguage":"en-US","potentialAction":[{"@type":"CommentAction","name":"Comment","target":["https:\/\/www.cudeca.org\/en\/actualidad\/reconocimientos-en-los-premios-supercuidadores\/#respond"]}]},{"@type":"Person","@id":"https:\/\/www.cudeca.org\/#\/schema\/person\/320934aa099c37e69d4148721ba3e4be","name":"angel","image":{"@type":"ImageObject","inLanguage":"en-US","@id":"https:\/\/www.cudeca.org\/#\/schema\/person\/image\/","url":"https:\/\/secure.gravatar.com\/avatar\/91b6f0e62d069005f36feb58e1ffda2c?s=96&d=mm&r=g","contentUrl":"https:\/\/secure.gravatar.com\/avatar\/91b6f0e62d069005f36feb58e1ffda2c?s=96&d=mm&r=g","caption":"angel"}}]}},"_links":{"self":[{"href":"https:\/\/www.cudeca.org\/en\/wp-json\/wp\/v2\/posts\/22102"}],"collection":[{"href":"https:\/\/www.cudeca.org\/en\/wp-json\/wp\/v2\/posts"}],"about":[{"href":"https:\/\/www.cudeca.org\/en\/wp-json\/wp\/v2\/types\/post"}],"author":[{"embeddable":true,"href":"https:\/\/www.cudeca.org\/en\/wp-json\/wp\/v2\/users\/2"}],"replies":[{"embeddable":true,"href":"https:\/\/www.cudeca.org\/en\/wp-json\/wp\/v2\/comments?post=22102"}],"version-history":[{"count":6,"href":"https:\/\/www.cudeca.org\/en\/wp-json\/wp\/v2\/posts\/22102\/revisions"}],"predecessor-version":[{"id":22151,"href":"https:\/\/www.cudeca.org\/en\/wp-json\/wp\/v2\/posts\/22102\/revisions\/22151"}],"wp:featuredmedia":[{"embeddable":true,"href":"https:\/\/www.cudeca.org\/en\/wp-json\/wp\/v2\/media\/22104"}],"wp:attachment":[{"href":"https:\/\/www.cudeca.org\/en\/wp-json\/wp\/v2\/media?parent=22102"}],"wp:term":[{"taxonomy":"category","embeddable":true,"href":"https:\/\/www.cudeca.org\/en\/wp-json\/wp\/v2\/categories?post=22102"},{"taxonomy":"post_tag","embeddable":true,"href":"https:\/\/www.cudeca.org\/en\/wp-json\/wp\/v2\/tags?post=22102"}],"curies":[{"name":"wp","href":"https:\/\/api.w.org\/{rel}","templated":true}]}}