{"id":21941,"date":"2019-09-17T10:33:40","date_gmt":"2019-09-17T10:33:40","guid":{"rendered":"https:\/\/www.cudeca.org\/?p=21941"},"modified":"2019-10-07T15:02:47","modified_gmt":"2019-10-07T15:02:47","slug":"una-noche-de-cine-con-la-orquesta-sinfonica-provincial-de-malaga-a-beneficio-de-cudeca","status":"publish","type":"post","link":"https:\/\/www.cudeca.org\/en\/actualidad\/una-noche-de-cine-con-la-orquesta-sinfonica-provincial-de-malaga-a-beneficio-de-cudeca\/","title":{"rendered":"\u201cA night at the Movies\u201d  With the Malaga Symphony Orchestra in Marbella"},"content":{"rendered":"<div class=\"wpb-content-wrapper\"><p>[vc_row][vc_column][vc_column_text]To mark <strong>World Hospice and Palliative Care Day 2019<\/strong> (12 October 2019) we will celebrate on <strong>11th October<\/strong> at the Ciudad de Marbella Theatre a C<strong>harity Concert called \u201cA night at the Movies\u201d<\/strong> thanks to the M\u00e1laga Provincial Symphony Orchestra with the aim to raise funds and offer professional medical care to patients suffering from cancer and other advanced illnesses, as well as support to their families.<\/p>\n<p>\u201c<span style=\"color: #008000;\"><strong>A night at the Movies\u201d<\/strong><\/span><\/p>\n<p>The concert will start at 21h, and the orchestra, conducted by Pablo Urbina, will perform the best contemporary movie soundtracks:<\/p>\n<p>Star Trek \u2013 Jerry Goldsmith<br \/>\nE.T., the Extraterrestrial \u2013 John Williams<br \/>\nTotal Recall \u2013 Jerry Goldsmith<br \/>\nPirates of the Caribbean \u2013 Hans Zimmer<br \/>\nGladiator \u2013 Hans Zimmer<br \/>\nSuperman \u2013 John Williams<br \/>\nIndiana Jones: Raiders of the lost Ark \u2013 John Williams<br \/>\nAnd much more!<\/p>\n<p>The <strong>M\u00e1laga Provincial Symphony Orchestra<\/strong> is a Spanish symphony orchestra based in the city of M\u00e1laga. Founded in 1945 by D. Pedro Guti\u00e9rrez Lapuente and composed of musicians born or residents in M\u00e1laga, it is one of the oldest orchestras in Spain. Its main aims are music diffusion and to support the training of new artistic values.<\/p>\n<p>Pablo Urbina (b.1988, Vitoria- Gasteiz, Spain), is a young Spanish conductor graduate from the Royal College of Music London, semifinalist of the 2017 Maestro Solti International Conducting Competition and a 2018 Nominee for the Nestl\u00e9 &amp; Salzburg Young Conductors Award. Currently the Music Director of the London City Orchestra, he was recently appointed Principal Conductor of London based Orchestra Vitae. In 2019 he was associate conductor at the Al Bustan Festival in Lebanon, and remains as Associate Conductor of the festival Suoni dal Golfo in Italy.<\/p>\n<p>Tickets cost 15 euros and are available at:<\/p>\n<p>&#8211;\u00a0\u00a0\u00a0\u00a0\u00a0\u00a0\u00a0 Web page: <a href=\"https:\/\/www.mientrada.net\/evento\/una-noche-de-cine\/\">https:\/\/www.mientrada.net\/evento\/una-noche-de-cine\/<\/a><\/p>\n<p>&#8211;\u00a0\u00a0\u00a0\u00a0\u00a0\u00a0\u00a0 Theatre \u201cCiudad de Marbella\u201d ticket office in Plaza Ram\u00f3n Martinez, 3 Marbella<br \/>\nOpening hours: from 10:00 hours to 14:00 hours and from 18:00hours to 21:00 hours from Tuesday to Saturday.<\/p>\n<p>Entry ticket is required from 3 years of age.<\/p>\n<p>If you cannot attend the concert but you wish to collaborate with Cudeca Cancer Care Hospice, there is also a \u201cNon-attendance ticket\u201d(contributing without attending) which can be paid\u00a0 into the following bank account: La Caixa\u00a0 ES48 2100 7681 3523 00060031\u00a0 Concept: Charity Cinema.<\/p>\n<p>This concert has been possible thanks to the collaboration of Ayuntamiento de Marbella (Marbella Town Hall) y la Diputaci\u00f3n Provincial de M\u00e1laga (Provincial County of M\u00e1laga)<\/p>\n<p>&nbsp;<\/p>\n<p><span style=\"color: #008000;\"><strong>World Hospice &amp; Palliative Care Day<\/strong><\/span><\/p>\n<p>This year\u2019s World Hospice and Palliative Care Day theme is \u2018My Care, My Right\u2019 and aims to communicate that palliative care can be demanded by the public &#8211; and that, together, every person impacted by a life limiting illness can influence their policy makers to prioritise palliative care financing under Universal Health Coverage.<\/p>\n<p>\u2022Worldwide, more than 25.5 million people die every year with serious health suffering that requires palliative care.<\/p>\n<p>\u2022the number of people who experience serious health-related suffering is much higher, with an additional 35.5 million people requiring some degree of palliative care outside of end-of-life care.<\/p>\n<p>\u2022Family carers and volunteers are a key component of palliative care services as they provide essential support. Governments have a responsibility under Universal Health Coverage to provide resources for care delivery to ensure patients have palliative care services per this year\u2019s theme: \u2018my care, my right\u2019.<\/p>\n<p>\u2022Less than 10% of the overall need for palliative care is being met globally.<\/p>\n<p>\u2022More than 80% of these cases are in low- and middle-income countries, where access to immediate release oral morphine, an essential and inexpensive medicine to alleviate pain, as well any other type of palliative care, is severely lacking.<\/p>\n<p>\u2022Global policies restricting access to opioids mean that millions of people are denied medicines to relieve pain linked to illness or injury.<\/p>\n<p>Dr Stephen Connor, Executive Director of the WHPCA, explains: \u201cThe numbers are huge and so is the unmet need as only a minority of countries have implemented equitable palliative care programs through a public health approach. This year\u2019s World Hospice and Palliative Care Day is about collectively saying, palliative care is the right of every man, woman and child. Together we can stop unnecessary pain and distress during illness and at the end of life.\u201d<\/p>\n<p>Campaign activities around the world include a 500 person Voices for Hospices concert in the United Kingdom, a TEDx style public speech in Shanghai, China, a public hearing on palliative care in the Sorcoba court of law in Sao Paulo, Brazil, as well as public events and celebrations across the world.<\/p>\n<p>To find out more about World Hospice and Palliative Care Day 2019, visit www.worldday.org[\/vc_column_text][\/vc_column][\/vc_row]<\/p>\n<\/div>","protected":false},"excerpt":{"rendered":"<p>[vc_row][vc_column][vc_column_text]To mark World Hospice and Palliative Care Day 2019 (12 October 2019) we will celebrate on 11th October at the Ciudad de Marbella Theatre a Charity Concert called \u201cA night at the Movies\u201d thanks to the M\u00e1laga Provincial Symphony Orchestra with the aim to raise funds and offer professional medical care to patients suffering from [&hellip;]<\/p>\n","protected":false},"author":5,"featured_media":21943,"comment_status":"open","ping_status":"open","sticky":false,"template":"","format":"standard","meta":[],"categories":[12],"tags":[],"yoast_head":"<!-- This site is optimized with the Yoast SEO plugin v19.4 - https:\/\/yoast.com\/wordpress\/plugins\/seo\/ -->\n<title>\u201cA night at the Movies\u201d With the Malaga Symphony Orchestra in Marbella - Cudeca Cancer Care Hospice<\/title>\n<meta name=\"robots\" content=\"index, follow, max-snippet:-1, max-image-preview:large, max-video-preview:-1\" \/>\n<link rel=\"canonical\" href=\"https:\/\/www.cudeca.org\/en\/actualidad\/una-noche-de-cine-con-la-orquesta-sinfonica-provincial-de-malaga-a-beneficio-de-cudeca\/\" \/>\n<meta property=\"og:locale\" content=\"en_US\" \/>\n<meta property=\"og:type\" content=\"article\" \/>\n<meta property=\"og:title\" content=\"\u201cA night at the Movies\u201d With the Malaga Symphony Orchestra in Marbella - Cudeca Cancer Care Hospice\" \/>\n<meta property=\"og:description\" content=\"[vc_row][vc_column][vc_column_text]To mark World Hospice and Palliative Care Day 2019 (12 October 2019) we will celebrate on 11th October at the Ciudad de Marbella Theatre a Charity Concert called \u201cA night at the Movies\u201d thanks to the M\u00e1laga Provincial Symphony Orchestra with the aim to raise funds and offer professional medical care to patients suffering from [&hellip;]\" \/>\n<meta property=\"og:url\" content=\"https:\/\/www.cudeca.org\/en\/actualidad\/una-noche-de-cine-con-la-orquesta-sinfonica-provincial-de-malaga-a-beneficio-de-cudeca\/\" \/>\n<meta property=\"og:site_name\" content=\"Cudeca Cancer Care Hospice\" \/>\n<meta property=\"article:publisher\" content=\"https:\/\/www.facebook.com\/AmigosDeCudeca\" \/>\n<meta property=\"article:published_time\" content=\"2019-09-17T10:33:40+00:00\" \/>\n<meta property=\"article:modified_time\" content=\"2019-10-07T15:02:47+00:00\" \/>\n<meta property=\"og:image\" content=\"https:\/\/www.cudeca.org\/wp-content\/uploads\/2019\/09\/cartel-def-724x1024.jpg\" \/>\n\t<meta property=\"og:image:width\" content=\"724\" \/>\n\t<meta property=\"og:image:height\" content=\"1024\" \/>\n\t<meta property=\"og:image:type\" content=\"image\/jpeg\" \/>\n<meta name=\"author\" content=\"Jorge Lopez\" \/>\n<meta name=\"twitter:card\" content=\"summary_large_image\" \/>\n<meta name=\"twitter:creator\" content=\"@cudeca\" \/>\n<meta name=\"twitter:site\" content=\"@cudeca\" \/>\n<meta name=\"twitter:label1\" content=\"Written by\" \/>\n\t<meta name=\"twitter:data1\" content=\"Jorge Lopez\" \/>\n\t<meta name=\"twitter:label2\" content=\"Est. reading time\" \/>\n\t<meta name=\"twitter:data2\" content=\"9 minutes\" \/>\n<script type=\"application\/ld+json\" class=\"yoast-schema-graph\">{\"@context\":\"https:\/\/schema.org\",\"@graph\":[{\"@type\":\"Organization\",\"@id\":\"https:\/\/www.cudeca.org\/#organization\",\"name\":\"Fundaci\u00f3n Cudeca\",\"url\":\"https:\/\/www.cudeca.org\/\",\"sameAs\":[\"https:\/\/www.youtube.com\/c\/cudecamalaga\",\"https:\/\/www.facebook.com\/AmigosDeCudeca\",\"https:\/\/twitter.com\/cudeca\"],\"logo\":{\"@type\":\"ImageObject\",\"inLanguage\":\"en-US\",\"@id\":\"https:\/\/www.cudeca.org\/#\/schema\/logo\/image\/\",\"url\":\"https:\/\/www.cudeca.org\/wp-content\/uploads\/2018\/02\/cudeca-logo.png\",\"contentUrl\":\"https:\/\/www.cudeca.org\/wp-content\/uploads\/2018\/02\/cudeca-logo.png\",\"width\":2121,\"height\":984,\"caption\":\"Fundaci\u00f3n Cudeca\"},\"image\":{\"@id\":\"https:\/\/www.cudeca.org\/#\/schema\/logo\/image\/\"}},{\"@type\":\"WebSite\",\"@id\":\"https:\/\/www.cudeca.org\/#website\",\"url\":\"https:\/\/www.cudeca.org\/\",\"name\":\"Fundaci\u00f3n Cudeca\",\"description\":\"Cudeca Hospice\",\"publisher\":{\"@id\":\"https:\/\/www.cudeca.org\/#organization\"},\"potentialAction\":[{\"@type\":\"SearchAction\",\"target\":{\"@type\":\"EntryPoint\",\"urlTemplate\":\"https:\/\/www.cudeca.org\/?s={search_term_string}\"},\"query-input\":\"required name=search_term_string\"}],\"inLanguage\":\"en-US\"},{\"@type\":\"WebPage\",\"@id\":\"https:\/\/www.cudeca.org\/en\/actualidad\/una-noche-de-cine-con-la-orquesta-sinfonica-provincial-de-malaga-a-beneficio-de-cudeca\/\",\"url\":\"https:\/\/www.cudeca.org\/en\/actualidad\/una-noche-de-cine-con-la-orquesta-sinfonica-provincial-de-malaga-a-beneficio-de-cudeca\/\",\"name\":\"\u201cA night at the Movies\u201d With the Malaga Symphony Orchestra in Marbella - Cudeca Cancer Care Hospice\",\"isPartOf\":{\"@id\":\"https:\/\/www.cudeca.org\/#website\"},\"datePublished\":\"2019-09-17T10:33:40+00:00\",\"dateModified\":\"2019-10-07T15:02:47+00:00\",\"breadcrumb\":{\"@id\":\"https:\/\/www.cudeca.org\/en\/actualidad\/una-noche-de-cine-con-la-orquesta-sinfonica-provincial-de-malaga-a-beneficio-de-cudeca\/#breadcrumb\"},\"inLanguage\":\"en-US\",\"potentialAction\":[{\"@type\":\"ReadAction\",\"target\":[\"https:\/\/www.cudeca.org\/en\/actualidad\/una-noche-de-cine-con-la-orquesta-sinfonica-provincial-de-malaga-a-beneficio-de-cudeca\/\"]}]},{\"@type\":\"BreadcrumbList\",\"@id\":\"https:\/\/www.cudeca.org\/en\/actualidad\/una-noche-de-cine-con-la-orquesta-sinfonica-provincial-de-malaga-a-beneficio-de-cudeca\/#breadcrumb\",\"itemListElement\":[{\"@type\":\"ListItem\",\"position\":1,\"name\":\"Portada\",\"item\":\"https:\/\/www.cudeca.org\/\"},{\"@type\":\"ListItem\",\"position\":2,\"name\":\"\u201cA night at the Movies\u201d With the Malaga Symphony Orchestra in Marbella\"}]},{\"@type\":\"Article\",\"@id\":\"https:\/\/www.cudeca.org\/en\/actualidad\/una-noche-de-cine-con-la-orquesta-sinfonica-provincial-de-malaga-a-beneficio-de-cudeca\/#article\",\"isPartOf\":{\"@id\":\"https:\/\/www.cudeca.org\/en\/actualidad\/una-noche-de-cine-con-la-orquesta-sinfonica-provincial-de-malaga-a-beneficio-de-cudeca\/\"},\"author\":{\"name\":\"Jorge Lopez\",\"@id\":\"https:\/\/www.cudeca.org\/#\/schema\/person\/ef584faee50c55adf49de08e703741fd\"},\"headline\":\"\u201cA night at the Movies\u201d With the Malaga Symphony Orchestra in Marbella\",\"datePublished\":\"2019-09-17T10:33:40+00:00\",\"dateModified\":\"2019-10-07T15:02:47+00:00\",\"mainEntityOfPage\":{\"@id\":\"https:\/\/www.cudeca.org\/en\/actualidad\/una-noche-de-cine-con-la-orquesta-sinfonica-provincial-de-malaga-a-beneficio-de-cudeca\/\"},\"wordCount\":1731,\"commentCount\":0,\"publisher\":{\"@id\":\"https:\/\/www.cudeca.org\/#organization\"},\"articleSection\":[\"\"],\"inLanguage\":\"en-US\",\"potentialAction\":[{\"@type\":\"CommentAction\",\"name\":\"Comment\",\"target\":[\"https:\/\/www.cudeca.org\/en\/actualidad\/una-noche-de-cine-con-la-orquesta-sinfonica-provincial-de-malaga-a-beneficio-de-cudeca\/#respond\"]}]},{\"@type\":\"Person\",\"@id\":\"https:\/\/www.cudeca.org\/#\/schema\/person\/ef584faee50c55adf49de08e703741fd\",\"name\":\"Jorge Lopez\",\"image\":{\"@type\":\"ImageObject\",\"inLanguage\":\"en-US\",\"@id\":\"https:\/\/www.cudeca.org\/#\/schema\/person\/image\/\",\"url\":\"https:\/\/secure.gravatar.com\/avatar\/f861e8975d384d76728a2976bb1626da?s=96&d=mm&r=g\",\"contentUrl\":\"https:\/\/secure.gravatar.com\/avatar\/f861e8975d384d76728a2976bb1626da?s=96&d=mm&r=g\",\"caption\":\"Jorge Lopez\"}}]}<\/script>\n<!-- \/ Yoast SEO plugin. -->","yoast_head_json":{"title":"\u201cA night at the Movies\u201d With the Malaga Symphony Orchestra in Marbella - Cudeca Cancer Care Hospice","robots":{"index":"index","follow":"follow","max-snippet":"max-snippet:-1","max-image-preview":"max-image-preview:large","max-video-preview":"max-video-preview:-1"},"canonical":"https:\/\/www.cudeca.org\/en\/actualidad\/una-noche-de-cine-con-la-orquesta-sinfonica-provincial-de-malaga-a-beneficio-de-cudeca\/","og_locale":"en_US","og_type":"article","og_title":"\u201cA night at the Movies\u201d With the Malaga Symphony Orchestra in Marbella - Cudeca Cancer Care Hospice","og_description":"[vc_row][vc_column][vc_column_text]To mark World Hospice and Palliative Care Day 2019 (12 October 2019) we will celebrate on 11th October at the Ciudad de Marbella Theatre a Charity Concert called \u201cA night at the Movies\u201d thanks to the M\u00e1laga Provincial Symphony Orchestra with the aim to raise funds and offer professional medical care to patients suffering from [&hellip;]","og_url":"https:\/\/www.cudeca.org\/en\/actualidad\/una-noche-de-cine-con-la-orquesta-sinfonica-provincial-de-malaga-a-beneficio-de-cudeca\/","og_site_name":"Cudeca Cancer Care Hospice","article_publisher":"https:\/\/www.facebook.com\/AmigosDeCudeca","article_published_time":"2019-09-17T10:33:40+00:00","article_modified_time":"2019-10-07T15:02:47+00:00","og_image":[{"width":724,"height":1024,"url":"https:\/\/www.cudeca.org\/wp-content\/uploads\/2019\/09\/cartel-def-724x1024.jpg","type":"image\/jpeg"}],"author":"Jorge Lopez","twitter_card":"summary_large_image","twitter_creator":"@cudeca","twitter_site":"@cudeca","twitter_misc":{"Written by":"Jorge Lopez","Est. reading time":"9 minutes"},"schema":{"@context":"https:\/\/schema.org","@graph":[{"@type":"Organization","@id":"https:\/\/www.cudeca.org\/#organization","name":"Fundaci\u00f3n Cudeca","url":"https:\/\/www.cudeca.org\/","sameAs":["https:\/\/www.youtube.com\/c\/cudecamalaga","https:\/\/www.facebook.com\/AmigosDeCudeca","https:\/\/twitter.com\/cudeca"],"logo":{"@type":"ImageObject","inLanguage":"en-US","@id":"https:\/\/www.cudeca.org\/#\/schema\/logo\/image\/","url":"https:\/\/www.cudeca.org\/wp-content\/uploads\/2018\/02\/cudeca-logo.png","contentUrl":"https:\/\/www.cudeca.org\/wp-content\/uploads\/2018\/02\/cudeca-logo.png","width":2121,"height":984,"caption":"Fundaci\u00f3n Cudeca"},"image":{"@id":"https:\/\/www.cudeca.org\/#\/schema\/logo\/image\/"}},{"@type":"WebSite","@id":"https:\/\/www.cudeca.org\/#website","url":"https:\/\/www.cudeca.org\/","name":"Fundaci\u00f3n Cudeca","description":"Cudeca Hospice","publisher":{"@id":"https:\/\/www.cudeca.org\/#organization"},"potentialAction":[{"@type":"SearchAction","target":{"@type":"EntryPoint","urlTemplate":"https:\/\/www.cudeca.org\/?s={search_term_string}"},"query-input":"required name=search_term_string"}],"inLanguage":"en-US"},{"@type":"WebPage","@id":"https:\/\/www.cudeca.org\/en\/actualidad\/una-noche-de-cine-con-la-orquesta-sinfonica-provincial-de-malaga-a-beneficio-de-cudeca\/","url":"https:\/\/www.cudeca.org\/en\/actualidad\/una-noche-de-cine-con-la-orquesta-sinfonica-provincial-de-malaga-a-beneficio-de-cudeca\/","name":"\u201cA night at the Movies\u201d With the Malaga Symphony Orchestra in Marbella - Cudeca Cancer Care Hospice","isPartOf":{"@id":"https:\/\/www.cudeca.org\/#website"},"datePublished":"2019-09-17T10:33:40+00:00","dateModified":"2019-10-07T15:02:47+00:00","breadcrumb":{"@id":"https:\/\/www.cudeca.org\/en\/actualidad\/una-noche-de-cine-con-la-orquesta-sinfonica-provincial-de-malaga-a-beneficio-de-cudeca\/#breadcrumb"},"inLanguage":"en-US","potentialAction":[{"@type":"ReadAction","target":["https:\/\/www.cudeca.org\/en\/actualidad\/una-noche-de-cine-con-la-orquesta-sinfonica-provincial-de-malaga-a-beneficio-de-cudeca\/"]}]},{"@type":"BreadcrumbList","@id":"https:\/\/www.cudeca.org\/en\/actualidad\/una-noche-de-cine-con-la-orquesta-sinfonica-provincial-de-malaga-a-beneficio-de-cudeca\/#breadcrumb","itemListElement":[{"@type":"ListItem","position":1,"name":"Portada","item":"https:\/\/www.cudeca.org\/"},{"@type":"ListItem","position":2,"name":"\u201cA night at the Movies\u201d With the Malaga Symphony Orchestra in Marbella"}]},{"@type":"Article","@id":"https:\/\/www.cudeca.org\/en\/actualidad\/una-noche-de-cine-con-la-orquesta-sinfonica-provincial-de-malaga-a-beneficio-de-cudeca\/#article","isPartOf":{"@id":"https:\/\/www.cudeca.org\/en\/actualidad\/una-noche-de-cine-con-la-orquesta-sinfonica-provincial-de-malaga-a-beneficio-de-cudeca\/"},"author":{"name":"Jorge Lopez","@id":"https:\/\/www.cudeca.org\/#\/schema\/person\/ef584faee50c55adf49de08e703741fd"},"headline":"\u201cA night at the Movies\u201d With the Malaga Symphony Orchestra in Marbella","datePublished":"2019-09-17T10:33:40+00:00","dateModified":"2019-10-07T15:02:47+00:00","mainEntityOfPage":{"@id":"https:\/\/www.cudeca.org\/en\/actualidad\/una-noche-de-cine-con-la-orquesta-sinfonica-provincial-de-malaga-a-beneficio-de-cudeca\/"},"wordCount":1731,"commentCount":0,"publisher":{"@id":"https:\/\/www.cudeca.org\/#organization"},"articleSection":[""],"inLanguage":"en-US","potentialAction":[{"@type":"CommentAction","name":"Comment","target":["https:\/\/www.cudeca.org\/en\/actualidad\/una-noche-de-cine-con-la-orquesta-sinfonica-provincial-de-malaga-a-beneficio-de-cudeca\/#respond"]}]},{"@type":"Person","@id":"https:\/\/www.cudeca.org\/#\/schema\/person\/ef584faee50c55adf49de08e703741fd","name":"Jorge Lopez","image":{"@type":"ImageObject","inLanguage":"en-US","@id":"https:\/\/www.cudeca.org\/#\/schema\/person\/image\/","url":"https:\/\/secure.gravatar.com\/avatar\/f861e8975d384d76728a2976bb1626da?s=96&d=mm&r=g","contentUrl":"https:\/\/secure.gravatar.com\/avatar\/f861e8975d384d76728a2976bb1626da?s=96&d=mm&r=g","caption":"Jorge Lopez"}}]}},"_links":{"self":[{"href":"https:\/\/www.cudeca.org\/en\/wp-json\/wp\/v2\/posts\/21941"}],"collection":[{"href":"https:\/\/www.cudeca.org\/en\/wp-json\/wp\/v2\/posts"}],"about":[{"href":"https:\/\/www.cudeca.org\/en\/wp-json\/wp\/v2\/types\/post"}],"author":[{"embeddable":true,"href":"https:\/\/www.cudeca.org\/en\/wp-json\/wp\/v2\/users\/5"}],"replies":[{"embeddable":true,"href":"https:\/\/www.cudeca.org\/en\/wp-json\/wp\/v2\/comments?post=21941"}],"version-history":[{"count":8,"href":"https:\/\/www.cudeca.org\/en\/wp-json\/wp\/v2\/posts\/21941\/revisions"}],"predecessor-version":[{"id":22190,"href":"https:\/\/www.cudeca.org\/en\/wp-json\/wp\/v2\/posts\/21941\/revisions\/22190"}],"wp:featuredmedia":[{"embeddable":true,"href":"https:\/\/www.cudeca.org\/en\/wp-json\/wp\/v2\/media\/21943"}],"wp:attachment":[{"href":"https:\/\/www.cudeca.org\/en\/wp-json\/wp\/v2\/media?parent=21941"}],"wp:term":[{"taxonomy":"category","embeddable":true,"href":"https:\/\/www.cudeca.org\/en\/wp-json\/wp\/v2\/categories?post=21941"},{"taxonomy":"post_tag","embeddable":true,"href":"https:\/\/www.cudeca.org\/en\/wp-json\/wp\/v2\/tags?post=21941"}],"curies":[{"name":"wp","href":"https:\/\/api.w.org\/{rel}","templated":true}]}}