{"id":21855,"date":"2019-09-11T14:07:48","date_gmt":"2019-09-11T14:07:48","guid":{"rendered":"https:\/\/www.cudeca.org\/?p=21855"},"modified":"2019-09-11T14:54:23","modified_gmt":"2019-09-11T14:54:23","slug":"visita-de-la-concejala-bienestar-social-de-mijas","status":"publish","type":"post","link":"https:\/\/www.cudeca.org\/en\/actualidad\/visita-de-la-concejala-bienestar-social-de-mijas\/","title":{"rendered":"Important support from Mijas Town Hall"},"content":{"rendered":"<div class=\"wpb-content-wrapper\"><p>[vc_row][vc_column][vc_column_text]On the 10<sup>th<\/sup> of September , Hip\u00f3lito Zapico, Councillor for Social Welfare of Mijas Town Hall, met our Executive Chief and Medical Director, Mar\u00eda Luisa Mart\u00edn, and with our Manager of Institutional Relations, \u00c1urea Peralta, taking an interest in the projects and needs of the Cudeca Hospice. Likewise, on September 11, the Health Councillor, M\u00aa Carmen Gonz\u00e1lez, visited the Cudeca Centre to know our facilities and medical staff.<\/p>\n<p>&nbsp;<\/p>\n<p>Mijas Town Hall has been supporting CUDECA since 2014 with an economic contribution through a nominative subsidy. The current government confirms the aid of 40,000 euros for the home care program in palliative care for Mijas citizens during 2019.<\/p>\n<p>&nbsp;<\/p>\n<p>It is estimated that in this year, CUDECA will treat 75 patients and their families who are residents of the municipality of Mijas, through its home care programs, Day Care and Rehabilitation Unit, In-Patient Unit and Psychosocial Care.[\/vc_column_text][\/vc_column][\/vc_row][vc_row][vc_column][vc_empty_space][vc_single_image image=&#8221;21856&#8243; img_size=&#8221;medium&#8221;][\/vc_column][\/vc_row]<\/p>\n<\/div>","protected":false},"excerpt":{"rendered":"<p>[vc_row][vc_column][vc_column_text]On the 10th of September , Hip\u00f3lito Zapico, Councillor for Social Welfare of Mijas Town Hall, met our Executive Chief and Medical Director, Mar\u00eda Luisa Mart\u00edn, and with our Manager of Institutional Relations, \u00c1urea Peralta, taking an interest in the projects and needs of the Cudeca Hospice. Likewise, on September 11, the Health Councillor, M\u00aa [&hellip;]<\/p>\n","protected":false},"author":2,"featured_media":21857,"comment_status":"open","ping_status":"open","sticky":false,"template":"","format":"standard","meta":[],"categories":[15],"tags":[],"yoast_head":"<!-- This site is optimized with the Yoast SEO plugin v19.4 - https:\/\/yoast.com\/wordpress\/plugins\/seo\/ -->\n<title>Important support from Mijas Town Hall - Cudeca Cancer Care Hospice<\/title>\n<meta name=\"robots\" content=\"index, follow, max-snippet:-1, max-image-preview:large, max-video-preview:-1\" \/>\n<link rel=\"canonical\" href=\"https:\/\/www.cudeca.org\/actualidad\/visita-de-la-concejala-bienestar-social-de-mijas\/\" \/>\n<meta property=\"og:locale\" content=\"en_US\" \/>\n<meta property=\"og:type\" content=\"article\" \/>\n<meta property=\"og:title\" content=\"Important support from Mijas Town Hall - Cudeca Cancer Care Hospice\" \/>\n<meta property=\"og:description\" content=\"[vc_row][vc_column][vc_column_text]On the 10th of September , Hip\u00f3lito Zapico, Councillor for Social Welfare of Mijas Town Hall, met our Executive Chief and Medical Director, Mar\u00eda Luisa Mart\u00edn, and with our Manager of Institutional Relations, \u00c1urea Peralta, taking an interest in the projects and needs of the Cudeca Hospice. Likewise, on September 11, the Health Councillor, M\u00aa [&hellip;]\" \/>\n<meta property=\"og:url\" content=\"https:\/\/www.cudeca.org\/actualidad\/visita-de-la-concejala-bienestar-social-de-mijas\/\" \/>\n<meta property=\"og:site_name\" content=\"Cudeca Cancer Care Hospice\" \/>\n<meta property=\"article:publisher\" content=\"https:\/\/www.facebook.com\/AmigosDeCudeca\" \/>\n<meta property=\"article:published_time\" content=\"2019-09-11T14:07:48+00:00\" \/>\n<meta property=\"article:modified_time\" content=\"2019-09-11T14:54:23+00:00\" \/>\n<meta property=\"og:image\" content=\"https:\/\/www.cudeca.org\/wp-content\/uploads\/2019\/09\/100919-Ayuntamiento-Mijas-REUNION-HIPOLITOZAPICO.jpg\" \/>\n\t<meta property=\"og:image:width\" content=\"1600\" \/>\n\t<meta property=\"og:image:height\" content=\"1200\" \/>\n\t<meta property=\"og:image:type\" content=\"image\/jpeg\" \/>\n<meta name=\"author\" content=\"angel\" \/>\n<meta name=\"twitter:card\" content=\"summary_large_image\" \/>\n<meta name=\"twitter:creator\" content=\"@cudeca\" \/>\n<meta name=\"twitter:site\" content=\"@cudeca\" \/>\n<meta name=\"twitter:label1\" content=\"Written by\" \/>\n\t<meta name=\"twitter:data1\" content=\"angel\" \/>\n\t<meta name=\"twitter:label2\" content=\"Est. reading time\" \/>\n\t<meta name=\"twitter:data2\" content=\"2 minutes\" \/>\n<script type=\"application\/ld+json\" class=\"yoast-schema-graph\">{\"@context\":\"https:\/\/schema.org\",\"@graph\":[{\"@type\":\"Organization\",\"@id\":\"https:\/\/www.cudeca.org\/#organization\",\"name\":\"Fundaci\u00f3n Cudeca\",\"url\":\"https:\/\/www.cudeca.org\/\",\"sameAs\":[\"https:\/\/www.youtube.com\/c\/cudecamalaga\",\"https:\/\/www.facebook.com\/AmigosDeCudeca\",\"https:\/\/twitter.com\/cudeca\"],\"logo\":{\"@type\":\"ImageObject\",\"inLanguage\":\"en-US\",\"@id\":\"https:\/\/www.cudeca.org\/#\/schema\/logo\/image\/\",\"url\":\"https:\/\/www.cudeca.org\/wp-content\/uploads\/2018\/02\/cudeca-logo.png\",\"contentUrl\":\"https:\/\/www.cudeca.org\/wp-content\/uploads\/2018\/02\/cudeca-logo.png\",\"width\":2121,\"height\":984,\"caption\":\"Fundaci\u00f3n Cudeca\"},\"image\":{\"@id\":\"https:\/\/www.cudeca.org\/#\/schema\/logo\/image\/\"}},{\"@type\":\"WebSite\",\"@id\":\"https:\/\/www.cudeca.org\/#website\",\"url\":\"https:\/\/www.cudeca.org\/\",\"name\":\"Fundaci\u00f3n Cudeca\",\"description\":\"Cudeca Hospice\",\"publisher\":{\"@id\":\"https:\/\/www.cudeca.org\/#organization\"},\"potentialAction\":[{\"@type\":\"SearchAction\",\"target\":{\"@type\":\"EntryPoint\",\"urlTemplate\":\"https:\/\/www.cudeca.org\/?s={search_term_string}\"},\"query-input\":\"required name=search_term_string\"}],\"inLanguage\":\"en-US\"},{\"@type\":\"WebPage\",\"@id\":\"https:\/\/www.cudeca.org\/actualidad\/visita-de-la-concejala-bienestar-social-de-mijas\/\",\"url\":\"https:\/\/www.cudeca.org\/actualidad\/visita-de-la-concejala-bienestar-social-de-mijas\/\",\"name\":\"Important support from Mijas Town Hall - Cudeca Cancer Care Hospice\",\"isPartOf\":{\"@id\":\"https:\/\/www.cudeca.org\/#website\"},\"datePublished\":\"2019-09-11T14:07:48+00:00\",\"dateModified\":\"2019-09-11T14:54:23+00:00\",\"breadcrumb\":{\"@id\":\"https:\/\/www.cudeca.org\/actualidad\/visita-de-la-concejala-bienestar-social-de-mijas\/#breadcrumb\"},\"inLanguage\":\"en-US\",\"potentialAction\":[{\"@type\":\"ReadAction\",\"target\":[\"https:\/\/www.cudeca.org\/actualidad\/visita-de-la-concejala-bienestar-social-de-mijas\/\"]}]},{\"@type\":\"BreadcrumbList\",\"@id\":\"https:\/\/www.cudeca.org\/actualidad\/visita-de-la-concejala-bienestar-social-de-mijas\/#breadcrumb\",\"itemListElement\":[{\"@type\":\"ListItem\",\"position\":1,\"name\":\"Portada\",\"item\":\"https:\/\/www.cudeca.org\/\"},{\"@type\":\"ListItem\",\"position\":2,\"name\":\"Importante apoyo del Ayuntamiento de Mijas\"}]},{\"@type\":\"Article\",\"@id\":\"https:\/\/www.cudeca.org\/actualidad\/visita-de-la-concejala-bienestar-social-de-mijas\/#article\",\"isPartOf\":{\"@id\":\"https:\/\/www.cudeca.org\/actualidad\/visita-de-la-concejala-bienestar-social-de-mijas\/\"},\"author\":{\"name\":\"angel\",\"@id\":\"https:\/\/www.cudeca.org\/#\/schema\/person\/320934aa099c37e69d4148721ba3e4be\"},\"headline\":\"Important support from Mijas Town Hall\",\"datePublished\":\"2019-09-11T14:07:48+00:00\",\"dateModified\":\"2019-09-11T14:54:23+00:00\",\"mainEntityOfPage\":{\"@id\":\"https:\/\/www.cudeca.org\/actualidad\/visita-de-la-concejala-bienestar-social-de-mijas\/\"},\"wordCount\":410,\"commentCount\":0,\"publisher\":{\"@id\":\"https:\/\/www.cudeca.org\/#organization\"},\"articleSection\":[\"\"],\"inLanguage\":\"en-US\",\"potentialAction\":[{\"@type\":\"CommentAction\",\"name\":\"Comment\",\"target\":[\"https:\/\/www.cudeca.org\/actualidad\/visita-de-la-concejala-bienestar-social-de-mijas\/#respond\"]}]},{\"@type\":\"Person\",\"@id\":\"https:\/\/www.cudeca.org\/#\/schema\/person\/320934aa099c37e69d4148721ba3e4be\",\"name\":\"angel\",\"image\":{\"@type\":\"ImageObject\",\"inLanguage\":\"en-US\",\"@id\":\"https:\/\/www.cudeca.org\/#\/schema\/person\/image\/\",\"url\":\"https:\/\/secure.gravatar.com\/avatar\/91b6f0e62d069005f36feb58e1ffda2c?s=96&d=mm&r=g\",\"contentUrl\":\"https:\/\/secure.gravatar.com\/avatar\/91b6f0e62d069005f36feb58e1ffda2c?s=96&d=mm&r=g\",\"caption\":\"angel\"}}]}<\/script>\n<!-- \/ Yoast SEO plugin. -->","yoast_head_json":{"title":"Important support from Mijas Town Hall - Cudeca Cancer Care Hospice","robots":{"index":"index","follow":"follow","max-snippet":"max-snippet:-1","max-image-preview":"max-image-preview:large","max-video-preview":"max-video-preview:-1"},"canonical":"https:\/\/www.cudeca.org\/actualidad\/visita-de-la-concejala-bienestar-social-de-mijas\/","og_locale":"en_US","og_type":"article","og_title":"Important support from Mijas Town Hall - Cudeca Cancer Care Hospice","og_description":"[vc_row][vc_column][vc_column_text]On the 10th of September , Hip\u00f3lito Zapico, Councillor for Social Welfare of Mijas Town Hall, met our Executive Chief and Medical Director, Mar\u00eda Luisa Mart\u00edn, and with our Manager of Institutional Relations, \u00c1urea Peralta, taking an interest in the projects and needs of the Cudeca Hospice. Likewise, on September 11, the Health Councillor, M\u00aa [&hellip;]","og_url":"https:\/\/www.cudeca.org\/actualidad\/visita-de-la-concejala-bienestar-social-de-mijas\/","og_site_name":"Cudeca Cancer Care Hospice","article_publisher":"https:\/\/www.facebook.com\/AmigosDeCudeca","article_published_time":"2019-09-11T14:07:48+00:00","article_modified_time":"2019-09-11T14:54:23+00:00","og_image":[{"width":1600,"height":1200,"url":"https:\/\/www.cudeca.org\/wp-content\/uploads\/2019\/09\/100919-Ayuntamiento-Mijas-REUNION-HIPOLITOZAPICO.jpg","type":"image\/jpeg"}],"author":"angel","twitter_card":"summary_large_image","twitter_creator":"@cudeca","twitter_site":"@cudeca","twitter_misc":{"Written by":"angel","Est. reading time":"2 minutes"},"schema":{"@context":"https:\/\/schema.org","@graph":[{"@type":"Organization","@id":"https:\/\/www.cudeca.org\/#organization","name":"Fundaci\u00f3n Cudeca","url":"https:\/\/www.cudeca.org\/","sameAs":["https:\/\/www.youtube.com\/c\/cudecamalaga","https:\/\/www.facebook.com\/AmigosDeCudeca","https:\/\/twitter.com\/cudeca"],"logo":{"@type":"ImageObject","inLanguage":"en-US","@id":"https:\/\/www.cudeca.org\/#\/schema\/logo\/image\/","url":"https:\/\/www.cudeca.org\/wp-content\/uploads\/2018\/02\/cudeca-logo.png","contentUrl":"https:\/\/www.cudeca.org\/wp-content\/uploads\/2018\/02\/cudeca-logo.png","width":2121,"height":984,"caption":"Fundaci\u00f3n Cudeca"},"image":{"@id":"https:\/\/www.cudeca.org\/#\/schema\/logo\/image\/"}},{"@type":"WebSite","@id":"https:\/\/www.cudeca.org\/#website","url":"https:\/\/www.cudeca.org\/","name":"Fundaci\u00f3n Cudeca","description":"Cudeca Hospice","publisher":{"@id":"https:\/\/www.cudeca.org\/#organization"},"potentialAction":[{"@type":"SearchAction","target":{"@type":"EntryPoint","urlTemplate":"https:\/\/www.cudeca.org\/?s={search_term_string}"},"query-input":"required name=search_term_string"}],"inLanguage":"en-US"},{"@type":"WebPage","@id":"https:\/\/www.cudeca.org\/actualidad\/visita-de-la-concejala-bienestar-social-de-mijas\/","url":"https:\/\/www.cudeca.org\/actualidad\/visita-de-la-concejala-bienestar-social-de-mijas\/","name":"Important support from Mijas Town Hall - Cudeca Cancer Care Hospice","isPartOf":{"@id":"https:\/\/www.cudeca.org\/#website"},"datePublished":"2019-09-11T14:07:48+00:00","dateModified":"2019-09-11T14:54:23+00:00","breadcrumb":{"@id":"https:\/\/www.cudeca.org\/actualidad\/visita-de-la-concejala-bienestar-social-de-mijas\/#breadcrumb"},"inLanguage":"en-US","potentialAction":[{"@type":"ReadAction","target":["https:\/\/www.cudeca.org\/actualidad\/visita-de-la-concejala-bienestar-social-de-mijas\/"]}]},{"@type":"BreadcrumbList","@id":"https:\/\/www.cudeca.org\/actualidad\/visita-de-la-concejala-bienestar-social-de-mijas\/#breadcrumb","itemListElement":[{"@type":"ListItem","position":1,"name":"Portada","item":"https:\/\/www.cudeca.org\/"},{"@type":"ListItem","position":2,"name":"Importante apoyo del Ayuntamiento de Mijas"}]},{"@type":"Article","@id":"https:\/\/www.cudeca.org\/actualidad\/visita-de-la-concejala-bienestar-social-de-mijas\/#article","isPartOf":{"@id":"https:\/\/www.cudeca.org\/actualidad\/visita-de-la-concejala-bienestar-social-de-mijas\/"},"author":{"name":"angel","@id":"https:\/\/www.cudeca.org\/#\/schema\/person\/320934aa099c37e69d4148721ba3e4be"},"headline":"Important support from Mijas Town Hall","datePublished":"2019-09-11T14:07:48+00:00","dateModified":"2019-09-11T14:54:23+00:00","mainEntityOfPage":{"@id":"https:\/\/www.cudeca.org\/actualidad\/visita-de-la-concejala-bienestar-social-de-mijas\/"},"wordCount":410,"commentCount":0,"publisher":{"@id":"https:\/\/www.cudeca.org\/#organization"},"articleSection":[""],"inLanguage":"en-US","potentialAction":[{"@type":"CommentAction","name":"Comment","target":["https:\/\/www.cudeca.org\/actualidad\/visita-de-la-concejala-bienestar-social-de-mijas\/#respond"]}]},{"@type":"Person","@id":"https:\/\/www.cudeca.org\/#\/schema\/person\/320934aa099c37e69d4148721ba3e4be","name":"angel","image":{"@type":"ImageObject","inLanguage":"en-US","@id":"https:\/\/www.cudeca.org\/#\/schema\/person\/image\/","url":"https:\/\/secure.gravatar.com\/avatar\/91b6f0e62d069005f36feb58e1ffda2c?s=96&d=mm&r=g","contentUrl":"https:\/\/secure.gravatar.com\/avatar\/91b6f0e62d069005f36feb58e1ffda2c?s=96&d=mm&r=g","caption":"angel"}}]}},"_links":{"self":[{"href":"https:\/\/www.cudeca.org\/en\/wp-json\/wp\/v2\/posts\/21855"}],"collection":[{"href":"https:\/\/www.cudeca.org\/en\/wp-json\/wp\/v2\/posts"}],"about":[{"href":"https:\/\/www.cudeca.org\/en\/wp-json\/wp\/v2\/types\/post"}],"author":[{"embeddable":true,"href":"https:\/\/www.cudeca.org\/en\/wp-json\/wp\/v2\/users\/2"}],"replies":[{"embeddable":true,"href":"https:\/\/www.cudeca.org\/en\/wp-json\/wp\/v2\/comments?post=21855"}],"version-history":[{"count":7,"href":"https:\/\/www.cudeca.org\/en\/wp-json\/wp\/v2\/posts\/21855\/revisions"}],"predecessor-version":[{"id":21865,"href":"https:\/\/www.cudeca.org\/en\/wp-json\/wp\/v2\/posts\/21855\/revisions\/21865"}],"wp:featuredmedia":[{"embeddable":true,"href":"https:\/\/www.cudeca.org\/en\/wp-json\/wp\/v2\/media\/21857"}],"wp:attachment":[{"href":"https:\/\/www.cudeca.org\/en\/wp-json\/wp\/v2\/media?parent=21855"}],"wp:term":[{"taxonomy":"category","embeddable":true,"href":"https:\/\/www.cudeca.org\/en\/wp-json\/wp\/v2\/categories?post=21855"},{"taxonomy":"post_tag","embeddable":true,"href":"https:\/\/www.cudeca.org\/en\/wp-json\/wp\/v2\/tags?post=21855"}],"curies":[{"name":"wp","href":"https:\/\/api.w.org\/{rel}","templated":true}]}}