{"id":21820,"date":"2019-09-06T08:42:18","date_gmt":"2019-09-06T08:42:18","guid":{"rendered":"https:\/\/www.cudeca.org\/?p=21820"},"modified":"2019-10-03T08:39:34","modified_gmt":"2019-10-03T08:39:34","slug":"festival-ojen-solidario-por-cudeca","status":"publish","type":"post","link":"https:\/\/www.cudeca.org\/en\/actualidad\/festival-ojen-solidario-por-cudeca\/","title":{"rendered":"Festival Oj\u00e9n Solidario"},"content":{"rendered":"<p><strong>El pr\u00f3ximo 21 de septiembre se celebrar\u00e1 en Oj\u00e9n el segundo Festival Solidario a beneficio de la Fundaci\u00f3n Cudeca, un evento que congregar\u00e1 a cerca de una veintena de artistas de diferentes estilos musicales y que tiene como objetivo la recaudaci\u00f3n de fondos para esta Fundaci\u00f3n que trabaja ofreciendo cuidados profesionales a personas con c\u00e1ncer.<\/strong><\/p>\n<p>La jornada comenzar\u00e1 a las 12.00 horas en la Pe\u00f1a Flamenca que, durante todo el d\u00eda y la noche y de manera ininterrumpida, se llenar\u00e1 de artistas locales y de la zona que desinteresadamente ofrecer\u00e1n su m\u00fasica para amenizar una velada en la que adem\u00e1s de recaudar fondos, se dar\u00e1 a conocer la labor que realiza esta fundaci\u00f3n.<\/p>\n<p>Para acceder al recinto se ha establecido un donativo simb\u00f3lico de 5 euros, cantidad que se destinar\u00e1 \u00edntegramente a Cudeca. Adem\u00e1s de la m\u00fasica, se instalar\u00e1 una barra solidaria donde se servir\u00e1 comida y bebida a precios simb\u00f3licos con el objetivo de ayudar a la recaudaci\u00f3n. Una de las grandes sorpresas ser\u00e1 la t\u00f3mbola que incluye regalos para todos los que compren papeletas.<\/p>\n<p>Esta es la tercera edici\u00f3n de un festival que naci\u00f3 por el deseo de un municipio de poner su granito de arena para ayudar. <em>\u201cOj\u00e9n es un pueblo de acogida, solidario, donde ayudamos al vecino y esto es una muestra m\u00e1s<\/em>\u201d, reconoce el regidor.<\/p>\n<p>Cudeca- Cuidados del C\u00e1ncer, inaugur\u00f3 el festival en 2017 y repite en el tercer a\u00f1o. El a\u00f1o pasado, el evento fue a beneficio de Sarah Almagro y la asociaci\u00f3n \u201cSomos tu ola, palante con Sarah\u201d, en el que se recaudaron algo m\u00e1s de 4.000 euros netos destinados a las pr\u00f3tesis que requer\u00eda la joven marbell\u00ed.<\/p>\n<p>La celebraci\u00f3n de eventos como el \u201cFestival de Oj\u00e9n Solidario por CUDECA\u201d contribuyen a la sostenibilidad de los programas asistenciales que Cudeca desarrolla atendiendo a los pacientes desde la filosof\u00eda de los cuidado paliativos, haciendo realidad su especial forma de cuidar donde la persona es m\u00e1s importante que la enfermedad.<\/p>\n<p><strong>\u00a0<\/strong><\/p>\n<p><strong>\u00a0<\/strong><\/p>\n","protected":false},"excerpt":{"rendered":"<p>El pr\u00f3ximo 21 de septiembre se celebrar\u00e1 en Oj\u00e9n el segundo Festival Solidario a beneficio de la Fundaci\u00f3n Cudeca, un evento que congregar\u00e1 a cerca de una veintena de artistas de diferentes estilos musicales y que tiene como objetivo la recaudaci\u00f3n de fondos para esta Fundaci\u00f3n que trabaja ofreciendo cuidados profesionales a personas con c\u00e1ncer. [&hellip;]<\/p>\n","protected":false},"author":6,"featured_media":21823,"comment_status":"open","ping_status":"open","sticky":false,"template":"","format":"standard","meta":[],"categories":[12],"tags":[],"yoast_head":"<!-- This site is optimized with the Yoast SEO plugin v19.4 - https:\/\/yoast.com\/wordpress\/plugins\/seo\/ -->\n<title>Festival Oj\u00e9n Solidario - Cudeca Cancer Care Hospice<\/title>\n<meta name=\"robots\" content=\"index, follow, max-snippet:-1, max-image-preview:large, max-video-preview:-1\" \/>\n<link rel=\"canonical\" href=\"https:\/\/www.cudeca.org\/actualidad\/festival-ojen-solidario-por-cudeca\/\" \/>\n<meta property=\"og:locale\" content=\"en_US\" \/>\n<meta property=\"og:type\" content=\"article\" \/>\n<meta property=\"og:title\" content=\"Festival Oj\u00e9n Solidario - Cudeca Cancer Care Hospice\" \/>\n<meta property=\"og:description\" content=\"El pr\u00f3ximo 21 de septiembre se celebrar\u00e1 en Oj\u00e9n el segundo Festival Solidario a beneficio de la Fundaci\u00f3n Cudeca, un evento que congregar\u00e1 a cerca de una veintena de artistas de diferentes estilos musicales y que tiene como objetivo la recaudaci\u00f3n de fondos para esta Fundaci\u00f3n que trabaja ofreciendo cuidados profesionales a personas con c\u00e1ncer. [&hellip;]\" \/>\n<meta property=\"og:url\" content=\"https:\/\/www.cudeca.org\/actualidad\/festival-ojen-solidario-por-cudeca\/\" \/>\n<meta property=\"og:site_name\" content=\"Cudeca Cancer Care Hospice\" \/>\n<meta property=\"article:publisher\" content=\"https:\/\/www.facebook.com\/AmigosDeCudeca\" \/>\n<meta property=\"article:published_time\" content=\"2019-09-06T08:42:18+00:00\" \/>\n<meta property=\"article:modified_time\" content=\"2019-10-03T08:39:34+00:00\" \/>\n<meta property=\"og:image\" content=\"https:\/\/www.cudeca.org\/wp-content\/uploads\/2019\/09\/cartel-Ojen-solidaria-02.jpg\" \/>\n\t<meta property=\"og:image:width\" content=\"2480\" \/>\n\t<meta property=\"og:image:height\" content=\"3508\" \/>\n\t<meta property=\"og:image:type\" content=\"image\/jpeg\" \/>\n<meta name=\"author\" content=\"Esther\" \/>\n<meta name=\"twitter:card\" content=\"summary_large_image\" \/>\n<meta name=\"twitter:creator\" content=\"@cudeca\" \/>\n<meta name=\"twitter:site\" content=\"@cudeca\" \/>\n<meta name=\"twitter:label1\" content=\"Written by\" \/>\n\t<meta name=\"twitter:data1\" content=\"Esther\" \/>\n\t<meta name=\"twitter:label2\" content=\"Est. reading time\" \/>\n\t<meta name=\"twitter:data2\" content=\"2 minutes\" \/>\n<script type=\"application\/ld+json\" class=\"yoast-schema-graph\">{\"@context\":\"https:\/\/schema.org\",\"@graph\":[{\"@type\":\"Organization\",\"@id\":\"https:\/\/www.cudeca.org\/#organization\",\"name\":\"Fundaci\u00f3n Cudeca\",\"url\":\"https:\/\/www.cudeca.org\/\",\"sameAs\":[\"https:\/\/www.youtube.com\/c\/cudecamalaga\",\"https:\/\/www.facebook.com\/AmigosDeCudeca\",\"https:\/\/twitter.com\/cudeca\"],\"logo\":{\"@type\":\"ImageObject\",\"inLanguage\":\"en-US\",\"@id\":\"https:\/\/www.cudeca.org\/#\/schema\/logo\/image\/\",\"url\":\"https:\/\/www.cudeca.org\/wp-content\/uploads\/2018\/02\/cudeca-logo.png\",\"contentUrl\":\"https:\/\/www.cudeca.org\/wp-content\/uploads\/2018\/02\/cudeca-logo.png\",\"width\":2121,\"height\":984,\"caption\":\"Fundaci\u00f3n Cudeca\"},\"image\":{\"@id\":\"https:\/\/www.cudeca.org\/#\/schema\/logo\/image\/\"}},{\"@type\":\"WebSite\",\"@id\":\"https:\/\/www.cudeca.org\/#website\",\"url\":\"https:\/\/www.cudeca.org\/\",\"name\":\"Fundaci\u00f3n Cudeca\",\"description\":\"Cudeca Hospice\",\"publisher\":{\"@id\":\"https:\/\/www.cudeca.org\/#organization\"},\"potentialAction\":[{\"@type\":\"SearchAction\",\"target\":{\"@type\":\"EntryPoint\",\"urlTemplate\":\"https:\/\/www.cudeca.org\/?s={search_term_string}\"},\"query-input\":\"required name=search_term_string\"}],\"inLanguage\":\"en-US\"},{\"@type\":\"WebPage\",\"@id\":\"https:\/\/www.cudeca.org\/actualidad\/festival-ojen-solidario-por-cudeca\/\",\"url\":\"https:\/\/www.cudeca.org\/actualidad\/festival-ojen-solidario-por-cudeca\/\",\"name\":\"Festival Oj\u00e9n Solidario - Cudeca Cancer Care Hospice\",\"isPartOf\":{\"@id\":\"https:\/\/www.cudeca.org\/#website\"},\"datePublished\":\"2019-09-06T08:42:18+00:00\",\"dateModified\":\"2019-10-03T08:39:34+00:00\",\"breadcrumb\":{\"@id\":\"https:\/\/www.cudeca.org\/actualidad\/festival-ojen-solidario-por-cudeca\/#breadcrumb\"},\"inLanguage\":\"en-US\",\"potentialAction\":[{\"@type\":\"ReadAction\",\"target\":[\"https:\/\/www.cudeca.org\/actualidad\/festival-ojen-solidario-por-cudeca\/\"]}]},{\"@type\":\"BreadcrumbList\",\"@id\":\"https:\/\/www.cudeca.org\/actualidad\/festival-ojen-solidario-por-cudeca\/#breadcrumb\",\"itemListElement\":[{\"@type\":\"ListItem\",\"position\":1,\"name\":\"Portada\",\"item\":\"https:\/\/www.cudeca.org\/\"},{\"@type\":\"ListItem\",\"position\":2,\"name\":\"Festival Oj\u00e9n Solidario\"}]},{\"@type\":\"Article\",\"@id\":\"https:\/\/www.cudeca.org\/actualidad\/festival-ojen-solidario-por-cudeca\/#article\",\"isPartOf\":{\"@id\":\"https:\/\/www.cudeca.org\/actualidad\/festival-ojen-solidario-por-cudeca\/\"},\"author\":{\"name\":\"Esther\",\"@id\":\"https:\/\/www.cudeca.org\/#\/schema\/person\/0a250b4dd0c3a661b9e843eec8eb190f\"},\"headline\":\"Festival Oj\u00e9n Solidario\",\"datePublished\":\"2019-09-06T08:42:18+00:00\",\"dateModified\":\"2019-10-03T08:39:34+00:00\",\"mainEntityOfPage\":{\"@id\":\"https:\/\/www.cudeca.org\/actualidad\/festival-ojen-solidario-por-cudeca\/\"},\"wordCount\":356,\"commentCount\":0,\"publisher\":{\"@id\":\"https:\/\/www.cudeca.org\/#organization\"},\"articleSection\":[\"\"],\"inLanguage\":\"en-US\",\"potentialAction\":[{\"@type\":\"CommentAction\",\"name\":\"Comment\",\"target\":[\"https:\/\/www.cudeca.org\/actualidad\/festival-ojen-solidario-por-cudeca\/#respond\"]}]},{\"@type\":\"Person\",\"@id\":\"https:\/\/www.cudeca.org\/#\/schema\/person\/0a250b4dd0c3a661b9e843eec8eb190f\",\"name\":\"Esther\",\"image\":{\"@type\":\"ImageObject\",\"inLanguage\":\"en-US\",\"@id\":\"https:\/\/www.cudeca.org\/#\/schema\/person\/image\/\",\"url\":\"https:\/\/secure.gravatar.com\/avatar\/b4d1f8d9c1e0ea63e4c07e4fcefb9157?s=96&d=mm&r=g\",\"contentUrl\":\"https:\/\/secure.gravatar.com\/avatar\/b4d1f8d9c1e0ea63e4c07e4fcefb9157?s=96&d=mm&r=g\",\"caption\":\"Esther\"}}]}<\/script>\n<!-- \/ Yoast SEO plugin. -->","yoast_head_json":{"title":"Festival Oj\u00e9n Solidario - Cudeca Cancer Care Hospice","robots":{"index":"index","follow":"follow","max-snippet":"max-snippet:-1","max-image-preview":"max-image-preview:large","max-video-preview":"max-video-preview:-1"},"canonical":"https:\/\/www.cudeca.org\/actualidad\/festival-ojen-solidario-por-cudeca\/","og_locale":"en_US","og_type":"article","og_title":"Festival Oj\u00e9n Solidario - Cudeca Cancer Care Hospice","og_description":"El pr\u00f3ximo 21 de septiembre se celebrar\u00e1 en Oj\u00e9n el segundo Festival Solidario a beneficio de la Fundaci\u00f3n Cudeca, un evento que congregar\u00e1 a cerca de una veintena de artistas de diferentes estilos musicales y que tiene como objetivo la recaudaci\u00f3n de fondos para esta Fundaci\u00f3n que trabaja ofreciendo cuidados profesionales a personas con c\u00e1ncer. [&hellip;]","og_url":"https:\/\/www.cudeca.org\/actualidad\/festival-ojen-solidario-por-cudeca\/","og_site_name":"Cudeca Cancer Care Hospice","article_publisher":"https:\/\/www.facebook.com\/AmigosDeCudeca","article_published_time":"2019-09-06T08:42:18+00:00","article_modified_time":"2019-10-03T08:39:34+00:00","og_image":[{"width":2480,"height":3508,"url":"https:\/\/www.cudeca.org\/wp-content\/uploads\/2019\/09\/cartel-Ojen-solidaria-02.jpg","type":"image\/jpeg"}],"author":"Esther","twitter_card":"summary_large_image","twitter_creator":"@cudeca","twitter_site":"@cudeca","twitter_misc":{"Written by":"Esther","Est. reading time":"2 minutes"},"schema":{"@context":"https:\/\/schema.org","@graph":[{"@type":"Organization","@id":"https:\/\/www.cudeca.org\/#organization","name":"Fundaci\u00f3n Cudeca","url":"https:\/\/www.cudeca.org\/","sameAs":["https:\/\/www.youtube.com\/c\/cudecamalaga","https:\/\/www.facebook.com\/AmigosDeCudeca","https:\/\/twitter.com\/cudeca"],"logo":{"@type":"ImageObject","inLanguage":"en-US","@id":"https:\/\/www.cudeca.org\/#\/schema\/logo\/image\/","url":"https:\/\/www.cudeca.org\/wp-content\/uploads\/2018\/02\/cudeca-logo.png","contentUrl":"https:\/\/www.cudeca.org\/wp-content\/uploads\/2018\/02\/cudeca-logo.png","width":2121,"height":984,"caption":"Fundaci\u00f3n Cudeca"},"image":{"@id":"https:\/\/www.cudeca.org\/#\/schema\/logo\/image\/"}},{"@type":"WebSite","@id":"https:\/\/www.cudeca.org\/#website","url":"https:\/\/www.cudeca.org\/","name":"Fundaci\u00f3n Cudeca","description":"Cudeca Hospice","publisher":{"@id":"https:\/\/www.cudeca.org\/#organization"},"potentialAction":[{"@type":"SearchAction","target":{"@type":"EntryPoint","urlTemplate":"https:\/\/www.cudeca.org\/?s={search_term_string}"},"query-input":"required name=search_term_string"}],"inLanguage":"en-US"},{"@type":"WebPage","@id":"https:\/\/www.cudeca.org\/actualidad\/festival-ojen-solidario-por-cudeca\/","url":"https:\/\/www.cudeca.org\/actualidad\/festival-ojen-solidario-por-cudeca\/","name":"Festival Oj\u00e9n Solidario - Cudeca Cancer Care Hospice","isPartOf":{"@id":"https:\/\/www.cudeca.org\/#website"},"datePublished":"2019-09-06T08:42:18+00:00","dateModified":"2019-10-03T08:39:34+00:00","breadcrumb":{"@id":"https:\/\/www.cudeca.org\/actualidad\/festival-ojen-solidario-por-cudeca\/#breadcrumb"},"inLanguage":"en-US","potentialAction":[{"@type":"ReadAction","target":["https:\/\/www.cudeca.org\/actualidad\/festival-ojen-solidario-por-cudeca\/"]}]},{"@type":"BreadcrumbList","@id":"https:\/\/www.cudeca.org\/actualidad\/festival-ojen-solidario-por-cudeca\/#breadcrumb","itemListElement":[{"@type":"ListItem","position":1,"name":"Portada","item":"https:\/\/www.cudeca.org\/"},{"@type":"ListItem","position":2,"name":"Festival Oj\u00e9n Solidario"}]},{"@type":"Article","@id":"https:\/\/www.cudeca.org\/actualidad\/festival-ojen-solidario-por-cudeca\/#article","isPartOf":{"@id":"https:\/\/www.cudeca.org\/actualidad\/festival-ojen-solidario-por-cudeca\/"},"author":{"name":"Esther","@id":"https:\/\/www.cudeca.org\/#\/schema\/person\/0a250b4dd0c3a661b9e843eec8eb190f"},"headline":"Festival Oj\u00e9n Solidario","datePublished":"2019-09-06T08:42:18+00:00","dateModified":"2019-10-03T08:39:34+00:00","mainEntityOfPage":{"@id":"https:\/\/www.cudeca.org\/actualidad\/festival-ojen-solidario-por-cudeca\/"},"wordCount":356,"commentCount":0,"publisher":{"@id":"https:\/\/www.cudeca.org\/#organization"},"articleSection":[""],"inLanguage":"en-US","potentialAction":[{"@type":"CommentAction","name":"Comment","target":["https:\/\/www.cudeca.org\/actualidad\/festival-ojen-solidario-por-cudeca\/#respond"]}]},{"@type":"Person","@id":"https:\/\/www.cudeca.org\/#\/schema\/person\/0a250b4dd0c3a661b9e843eec8eb190f","name":"Esther","image":{"@type":"ImageObject","inLanguage":"en-US","@id":"https:\/\/www.cudeca.org\/#\/schema\/person\/image\/","url":"https:\/\/secure.gravatar.com\/avatar\/b4d1f8d9c1e0ea63e4c07e4fcefb9157?s=96&d=mm&r=g","contentUrl":"https:\/\/secure.gravatar.com\/avatar\/b4d1f8d9c1e0ea63e4c07e4fcefb9157?s=96&d=mm&r=g","caption":"Esther"}}]}},"_links":{"self":[{"href":"https:\/\/www.cudeca.org\/en\/wp-json\/wp\/v2\/posts\/21820"}],"collection":[{"href":"https:\/\/www.cudeca.org\/en\/wp-json\/wp\/v2\/posts"}],"about":[{"href":"https:\/\/www.cudeca.org\/en\/wp-json\/wp\/v2\/types\/post"}],"author":[{"embeddable":true,"href":"https:\/\/www.cudeca.org\/en\/wp-json\/wp\/v2\/users\/6"}],"replies":[{"embeddable":true,"href":"https:\/\/www.cudeca.org\/en\/wp-json\/wp\/v2\/comments?post=21820"}],"version-history":[{"count":6,"href":"https:\/\/www.cudeca.org\/en\/wp-json\/wp\/v2\/posts\/21820\/revisions"}],"predecessor-version":[{"id":22143,"href":"https:\/\/www.cudeca.org\/en\/wp-json\/wp\/v2\/posts\/21820\/revisions\/22143"}],"wp:featuredmedia":[{"embeddable":true,"href":"https:\/\/www.cudeca.org\/en\/wp-json\/wp\/v2\/media\/21823"}],"wp:attachment":[{"href":"https:\/\/www.cudeca.org\/en\/wp-json\/wp\/v2\/media?parent=21820"}],"wp:term":[{"taxonomy":"category","embeddable":true,"href":"https:\/\/www.cudeca.org\/en\/wp-json\/wp\/v2\/categories?post=21820"},{"taxonomy":"post_tag","embeddable":true,"href":"https:\/\/www.cudeca.org\/en\/wp-json\/wp\/v2\/tags?post=21820"}],"curies":[{"name":"wp","href":"https:\/\/api.w.org\/{rel}","templated":true}]}}