{"id":21593,"date":"2019-07-30T11:49:33","date_gmt":"2019-07-30T11:49:33","guid":{"rendered":"https:\/\/www.cudeca.org\/?p=21593"},"modified":"2019-08-06T13:27:03","modified_gmt":"2019-08-06T13:27:03","slug":"abierto-el-plazo-de-inscripcion-al-master-interdisciplinar-en-cuidados-paliativos","status":"publish","type":"post","link":"https:\/\/www.cudeca.org\/en\/actualidad\/abierto-el-plazo-de-inscripcion-al-master-interdisciplinar-en-cuidados-paliativos\/","title":{"rendered":"Abierto el plazo de inscripci\u00f3n al M\u00e1ster Interdisciplinar en Cuidados Paliativos"},"content":{"rendered":"<div class=\"wpb-content-wrapper\">\r\n<p>La Universidad de M\u00e1laga y Cudeca convocan por cuarto a\u00f1o consecutivo un m\u00e1ster para la formaci\u00f3n avanzada para la atenci\u00f3n cl\u00ednica, ps\u00edquica, social y espiritual de las personas en situaci\u00f3n de enfermedad avanzada y terminal. <\/p>\r\n\r\n\r\n\r\n<p>De un a\u00f1o de duraci\u00f3n, este M\u00e1ster semipresencial comenzar\u00e1 el octubre. L\u00e1s pr\u00e1cticas se realizar\u00e1n en Cudeca, el primer Hospice de Espa\u00f1a.<\/p>\r\n\r\n\r\n\r\n<p>M\u00e1s informaci\u00f3n <strong>aqu\u00ed<\/strong>.<\/p>\r\n<\/div>","protected":false},"excerpt":{"rendered":"<p>La Universidad de M\u00e1laga y Cudeca convocan por cuarto a\u00f1o consecutivo un m\u00e1ster para la formaci\u00f3n avanzada para la atenci\u00f3n cl\u00ednica, ps\u00edquica, social y espiritual de las personas en situaci\u00f3n de enfermedad avanzada y terminal. De un a\u00f1o de duraci\u00f3n, este M\u00e1ster semipresencial comenzar\u00e1 el octubre. L\u00e1s pr\u00e1cticas se realizar\u00e1n en Cudeca, el primer Hospice [&hellip;]<\/p>\n","protected":false},"author":101015,"featured_media":21600,"comment_status":"open","ping_status":"open","sticky":false,"template":"","format":"standard","meta":[],"categories":[15],"tags":[],"yoast_head":"<!-- This site is optimized with the Yoast SEO plugin v19.4 - https:\/\/yoast.com\/wordpress\/plugins\/seo\/ -->\n<title>Abierto el plazo de inscripci\u00f3n al M\u00e1ster Interdisciplinar en Cuidados Paliativos - Cudeca Cancer Care Hospice<\/title>\n<meta name=\"robots\" content=\"index, follow, max-snippet:-1, max-image-preview:large, max-video-preview:-1\" \/>\n<link rel=\"canonical\" href=\"https:\/\/www.cudeca.org\/en\/actualidad\/abierto-el-plazo-de-inscripcion-al-master-interdisciplinar-en-cuidados-paliativos\/\" \/>\n<meta property=\"og:locale\" content=\"en_US\" \/>\n<meta property=\"og:type\" content=\"article\" \/>\n<meta property=\"og:title\" content=\"Abierto el plazo de inscripci\u00f3n al M\u00e1ster Interdisciplinar en Cuidados Paliativos - Cudeca Cancer Care Hospice\" \/>\n<meta property=\"og:description\" content=\"La Universidad de M\u00e1laga y Cudeca convocan por cuarto a\u00f1o consecutivo un m\u00e1ster para la formaci\u00f3n avanzada para la atenci\u00f3n cl\u00ednica, ps\u00edquica, social y espiritual de las personas en situaci\u00f3n de enfermedad avanzada y terminal. De un a\u00f1o de duraci\u00f3n, este M\u00e1ster semipresencial comenzar\u00e1 el octubre. L\u00e1s pr\u00e1cticas se realizar\u00e1n en Cudeca, el primer Hospice [&hellip;]\" \/>\n<meta property=\"og:url\" content=\"https:\/\/www.cudeca.org\/en\/actualidad\/abierto-el-plazo-de-inscripcion-al-master-interdisciplinar-en-cuidados-paliativos\/\" \/>\n<meta property=\"og:site_name\" content=\"Cudeca Cancer Care Hospice\" \/>\n<meta property=\"article:publisher\" content=\"https:\/\/www.facebook.com\/AmigosDeCudeca\" \/>\n<meta property=\"article:published_time\" content=\"2019-07-30T11:49:33+00:00\" \/>\n<meta property=\"article:modified_time\" content=\"2019-08-06T13:27:03+00:00\" \/>\n<meta property=\"og:image\" content=\"https:\/\/www.cudeca.org\/wp-content\/uploads\/2019\/07\/Banner-Web-Master-UMA-CUDECA-19-20.jpg\" \/>\n\t<meta property=\"og:image:width\" content=\"1772\" \/>\n\t<meta property=\"og:image:height\" content=\"753\" \/>\n\t<meta property=\"og:image:type\" content=\"image\/jpeg\" \/>\n<meta name=\"author\" content=\"Bel\u00e9n Moncada\" \/>\n<meta name=\"twitter:card\" content=\"summary_large_image\" \/>\n<meta name=\"twitter:creator\" content=\"@cudeca\" \/>\n<meta name=\"twitter:site\" content=\"@cudeca\" \/>\n<meta name=\"twitter:label1\" content=\"Written by\" \/>\n\t<meta name=\"twitter:data1\" content=\"Bel\u00e9n Moncada\" \/>\n\t<meta name=\"twitter:label2\" content=\"Est. reading time\" \/>\n\t<meta name=\"twitter:data2\" content=\"4 minutes\" \/>\n<script type=\"application\/ld+json\" class=\"yoast-schema-graph\">{\"@context\":\"https:\/\/schema.org\",\"@graph\":[{\"@type\":\"Organization\",\"@id\":\"https:\/\/www.cudeca.org\/#organization\",\"name\":\"Fundaci\u00f3n Cudeca\",\"url\":\"https:\/\/www.cudeca.org\/\",\"sameAs\":[\"https:\/\/www.youtube.com\/c\/cudecamalaga\",\"https:\/\/www.facebook.com\/AmigosDeCudeca\",\"https:\/\/twitter.com\/cudeca\"],\"logo\":{\"@type\":\"ImageObject\",\"inLanguage\":\"en-US\",\"@id\":\"https:\/\/www.cudeca.org\/#\/schema\/logo\/image\/\",\"url\":\"https:\/\/www.cudeca.org\/wp-content\/uploads\/2018\/02\/cudeca-logo.png\",\"contentUrl\":\"https:\/\/www.cudeca.org\/wp-content\/uploads\/2018\/02\/cudeca-logo.png\",\"width\":2121,\"height\":984,\"caption\":\"Fundaci\u00f3n Cudeca\"},\"image\":{\"@id\":\"https:\/\/www.cudeca.org\/#\/schema\/logo\/image\/\"}},{\"@type\":\"WebSite\",\"@id\":\"https:\/\/www.cudeca.org\/#website\",\"url\":\"https:\/\/www.cudeca.org\/\",\"name\":\"Fundaci\u00f3n Cudeca\",\"description\":\"Cudeca Hospice\",\"publisher\":{\"@id\":\"https:\/\/www.cudeca.org\/#organization\"},\"potentialAction\":[{\"@type\":\"SearchAction\",\"target\":{\"@type\":\"EntryPoint\",\"urlTemplate\":\"https:\/\/www.cudeca.org\/?s={search_term_string}\"},\"query-input\":\"required name=search_term_string\"}],\"inLanguage\":\"en-US\"},{\"@type\":\"WebPage\",\"@id\":\"https:\/\/www.cudeca.org\/en\/actualidad\/abierto-el-plazo-de-inscripcion-al-master-interdisciplinar-en-cuidados-paliativos\/\",\"url\":\"https:\/\/www.cudeca.org\/en\/actualidad\/abierto-el-plazo-de-inscripcion-al-master-interdisciplinar-en-cuidados-paliativos\/\",\"name\":\"Abierto el plazo de inscripci\u00f3n al M\u00e1ster Interdisciplinar en Cuidados Paliativos - Cudeca Cancer Care Hospice\",\"isPartOf\":{\"@id\":\"https:\/\/www.cudeca.org\/#website\"},\"datePublished\":\"2019-07-30T11:49:33+00:00\",\"dateModified\":\"2019-08-06T13:27:03+00:00\",\"breadcrumb\":{\"@id\":\"https:\/\/www.cudeca.org\/en\/actualidad\/abierto-el-plazo-de-inscripcion-al-master-interdisciplinar-en-cuidados-paliativos\/#breadcrumb\"},\"inLanguage\":\"en-US\",\"potentialAction\":[{\"@type\":\"ReadAction\",\"target\":[\"https:\/\/www.cudeca.org\/en\/actualidad\/abierto-el-plazo-de-inscripcion-al-master-interdisciplinar-en-cuidados-paliativos\/\"]}]},{\"@type\":\"BreadcrumbList\",\"@id\":\"https:\/\/www.cudeca.org\/en\/actualidad\/abierto-el-plazo-de-inscripcion-al-master-interdisciplinar-en-cuidados-paliativos\/#breadcrumb\",\"itemListElement\":[{\"@type\":\"ListItem\",\"position\":1,\"name\":\"Portada\",\"item\":\"https:\/\/www.cudeca.org\/\"},{\"@type\":\"ListItem\",\"position\":2,\"name\":\"Abierto el plazo de inscripci\u00f3n al M\u00e1ster Interdisciplinar en Cuidados Paliativos\"}]},{\"@type\":\"Article\",\"@id\":\"https:\/\/www.cudeca.org\/en\/actualidad\/abierto-el-plazo-de-inscripcion-al-master-interdisciplinar-en-cuidados-paliativos\/#article\",\"isPartOf\":{\"@id\":\"https:\/\/www.cudeca.org\/en\/actualidad\/abierto-el-plazo-de-inscripcion-al-master-interdisciplinar-en-cuidados-paliativos\/\"},\"author\":{\"name\":\"Bel\u00e9n Moncada\",\"@id\":\"https:\/\/www.cudeca.org\/#\/schema\/person\/62f47d4be3f8d5010a1d6faacdf26649\"},\"headline\":\"Abierto el plazo de inscripci\u00f3n al M\u00e1ster Interdisciplinar en Cuidados Paliativos\",\"datePublished\":\"2019-07-30T11:49:33+00:00\",\"dateModified\":\"2019-08-06T13:27:03+00:00\",\"mainEntityOfPage\":{\"@id\":\"https:\/\/www.cudeca.org\/en\/actualidad\/abierto-el-plazo-de-inscripcion-al-master-interdisciplinar-en-cuidados-paliativos\/\"},\"wordCount\":764,\"commentCount\":0,\"publisher\":{\"@id\":\"https:\/\/www.cudeca.org\/#organization\"},\"articleSection\":[\"\"],\"inLanguage\":\"en-US\",\"potentialAction\":[{\"@type\":\"CommentAction\",\"name\":\"Comment\",\"target\":[\"https:\/\/www.cudeca.org\/en\/actualidad\/abierto-el-plazo-de-inscripcion-al-master-interdisciplinar-en-cuidados-paliativos\/#respond\"]}]},{\"@type\":\"Person\",\"@id\":\"https:\/\/www.cudeca.org\/#\/schema\/person\/62f47d4be3f8d5010a1d6faacdf26649\",\"name\":\"Bel\u00e9n Moncada\",\"image\":{\"@type\":\"ImageObject\",\"inLanguage\":\"en-US\",\"@id\":\"https:\/\/www.cudeca.org\/#\/schema\/person\/image\/\",\"url\":\"https:\/\/secure.gravatar.com\/avatar\/963e1d4b2e93b3d5c64378df8b218e60?s=96&d=mm&r=g\",\"contentUrl\":\"https:\/\/secure.gravatar.com\/avatar\/963e1d4b2e93b3d5c64378df8b218e60?s=96&d=mm&r=g\",\"caption\":\"Bel\u00e9n Moncada\"}}]}<\/script>\n<!-- \/ Yoast SEO plugin. -->","yoast_head_json":{"title":"Abierto el plazo de inscripci\u00f3n al M\u00e1ster Interdisciplinar en Cuidados Paliativos - Cudeca Cancer Care Hospice","robots":{"index":"index","follow":"follow","max-snippet":"max-snippet:-1","max-image-preview":"max-image-preview:large","max-video-preview":"max-video-preview:-1"},"canonical":"https:\/\/www.cudeca.org\/en\/actualidad\/abierto-el-plazo-de-inscripcion-al-master-interdisciplinar-en-cuidados-paliativos\/","og_locale":"en_US","og_type":"article","og_title":"Abierto el plazo de inscripci\u00f3n al M\u00e1ster Interdisciplinar en Cuidados Paliativos - Cudeca Cancer Care Hospice","og_description":"La Universidad de M\u00e1laga y Cudeca convocan por cuarto a\u00f1o consecutivo un m\u00e1ster para la formaci\u00f3n avanzada para la atenci\u00f3n cl\u00ednica, ps\u00edquica, social y espiritual de las personas en situaci\u00f3n de enfermedad avanzada y terminal. De un a\u00f1o de duraci\u00f3n, este M\u00e1ster semipresencial comenzar\u00e1 el octubre. L\u00e1s pr\u00e1cticas se realizar\u00e1n en Cudeca, el primer Hospice [&hellip;]","og_url":"https:\/\/www.cudeca.org\/en\/actualidad\/abierto-el-plazo-de-inscripcion-al-master-interdisciplinar-en-cuidados-paliativos\/","og_site_name":"Cudeca Cancer Care Hospice","article_publisher":"https:\/\/www.facebook.com\/AmigosDeCudeca","article_published_time":"2019-07-30T11:49:33+00:00","article_modified_time":"2019-08-06T13:27:03+00:00","og_image":[{"width":1772,"height":753,"url":"https:\/\/www.cudeca.org\/wp-content\/uploads\/2019\/07\/Banner-Web-Master-UMA-CUDECA-19-20.jpg","type":"image\/jpeg"}],"author":"Bel\u00e9n Moncada","twitter_card":"summary_large_image","twitter_creator":"@cudeca","twitter_site":"@cudeca","twitter_misc":{"Written by":"Bel\u00e9n Moncada","Est. reading time":"4 minutes"},"schema":{"@context":"https:\/\/schema.org","@graph":[{"@type":"Organization","@id":"https:\/\/www.cudeca.org\/#organization","name":"Fundaci\u00f3n Cudeca","url":"https:\/\/www.cudeca.org\/","sameAs":["https:\/\/www.youtube.com\/c\/cudecamalaga","https:\/\/www.facebook.com\/AmigosDeCudeca","https:\/\/twitter.com\/cudeca"],"logo":{"@type":"ImageObject","inLanguage":"en-US","@id":"https:\/\/www.cudeca.org\/#\/schema\/logo\/image\/","url":"https:\/\/www.cudeca.org\/wp-content\/uploads\/2018\/02\/cudeca-logo.png","contentUrl":"https:\/\/www.cudeca.org\/wp-content\/uploads\/2018\/02\/cudeca-logo.png","width":2121,"height":984,"caption":"Fundaci\u00f3n Cudeca"},"image":{"@id":"https:\/\/www.cudeca.org\/#\/schema\/logo\/image\/"}},{"@type":"WebSite","@id":"https:\/\/www.cudeca.org\/#website","url":"https:\/\/www.cudeca.org\/","name":"Fundaci\u00f3n Cudeca","description":"Cudeca Hospice","publisher":{"@id":"https:\/\/www.cudeca.org\/#organization"},"potentialAction":[{"@type":"SearchAction","target":{"@type":"EntryPoint","urlTemplate":"https:\/\/www.cudeca.org\/?s={search_term_string}"},"query-input":"required name=search_term_string"}],"inLanguage":"en-US"},{"@type":"WebPage","@id":"https:\/\/www.cudeca.org\/en\/actualidad\/abierto-el-plazo-de-inscripcion-al-master-interdisciplinar-en-cuidados-paliativos\/","url":"https:\/\/www.cudeca.org\/en\/actualidad\/abierto-el-plazo-de-inscripcion-al-master-interdisciplinar-en-cuidados-paliativos\/","name":"Abierto el plazo de inscripci\u00f3n al M\u00e1ster Interdisciplinar en Cuidados Paliativos - Cudeca Cancer Care Hospice","isPartOf":{"@id":"https:\/\/www.cudeca.org\/#website"},"datePublished":"2019-07-30T11:49:33+00:00","dateModified":"2019-08-06T13:27:03+00:00","breadcrumb":{"@id":"https:\/\/www.cudeca.org\/en\/actualidad\/abierto-el-plazo-de-inscripcion-al-master-interdisciplinar-en-cuidados-paliativos\/#breadcrumb"},"inLanguage":"en-US","potentialAction":[{"@type":"ReadAction","target":["https:\/\/www.cudeca.org\/en\/actualidad\/abierto-el-plazo-de-inscripcion-al-master-interdisciplinar-en-cuidados-paliativos\/"]}]},{"@type":"BreadcrumbList","@id":"https:\/\/www.cudeca.org\/en\/actualidad\/abierto-el-plazo-de-inscripcion-al-master-interdisciplinar-en-cuidados-paliativos\/#breadcrumb","itemListElement":[{"@type":"ListItem","position":1,"name":"Portada","item":"https:\/\/www.cudeca.org\/"},{"@type":"ListItem","position":2,"name":"Abierto el plazo de inscripci\u00f3n al M\u00e1ster Interdisciplinar en Cuidados Paliativos"}]},{"@type":"Article","@id":"https:\/\/www.cudeca.org\/en\/actualidad\/abierto-el-plazo-de-inscripcion-al-master-interdisciplinar-en-cuidados-paliativos\/#article","isPartOf":{"@id":"https:\/\/www.cudeca.org\/en\/actualidad\/abierto-el-plazo-de-inscripcion-al-master-interdisciplinar-en-cuidados-paliativos\/"},"author":{"name":"Bel\u00e9n Moncada","@id":"https:\/\/www.cudeca.org\/#\/schema\/person\/62f47d4be3f8d5010a1d6faacdf26649"},"headline":"Abierto el plazo de inscripci\u00f3n al M\u00e1ster Interdisciplinar en Cuidados Paliativos","datePublished":"2019-07-30T11:49:33+00:00","dateModified":"2019-08-06T13:27:03+00:00","mainEntityOfPage":{"@id":"https:\/\/www.cudeca.org\/en\/actualidad\/abierto-el-plazo-de-inscripcion-al-master-interdisciplinar-en-cuidados-paliativos\/"},"wordCount":764,"commentCount":0,"publisher":{"@id":"https:\/\/www.cudeca.org\/#organization"},"articleSection":[""],"inLanguage":"en-US","potentialAction":[{"@type":"CommentAction","name":"Comment","target":["https:\/\/www.cudeca.org\/en\/actualidad\/abierto-el-plazo-de-inscripcion-al-master-interdisciplinar-en-cuidados-paliativos\/#respond"]}]},{"@type":"Person","@id":"https:\/\/www.cudeca.org\/#\/schema\/person\/62f47d4be3f8d5010a1d6faacdf26649","name":"Bel\u00e9n Moncada","image":{"@type":"ImageObject","inLanguage":"en-US","@id":"https:\/\/www.cudeca.org\/#\/schema\/person\/image\/","url":"https:\/\/secure.gravatar.com\/avatar\/963e1d4b2e93b3d5c64378df8b218e60?s=96&d=mm&r=g","contentUrl":"https:\/\/secure.gravatar.com\/avatar\/963e1d4b2e93b3d5c64378df8b218e60?s=96&d=mm&r=g","caption":"Bel\u00e9n Moncada"}}]}},"_links":{"self":[{"href":"https:\/\/www.cudeca.org\/en\/wp-json\/wp\/v2\/posts\/21593"}],"collection":[{"href":"https:\/\/www.cudeca.org\/en\/wp-json\/wp\/v2\/posts"}],"about":[{"href":"https:\/\/www.cudeca.org\/en\/wp-json\/wp\/v2\/types\/post"}],"author":[{"embeddable":true,"href":"https:\/\/www.cudeca.org\/en\/wp-json\/wp\/v2\/users\/101015"}],"replies":[{"embeddable":true,"href":"https:\/\/www.cudeca.org\/en\/wp-json\/wp\/v2\/comments?post=21593"}],"version-history":[{"count":4,"href":"https:\/\/www.cudeca.org\/en\/wp-json\/wp\/v2\/posts\/21593\/revisions"}],"predecessor-version":[{"id":21653,"href":"https:\/\/www.cudeca.org\/en\/wp-json\/wp\/v2\/posts\/21593\/revisions\/21653"}],"wp:featuredmedia":[{"embeddable":true,"href":"https:\/\/www.cudeca.org\/en\/wp-json\/wp\/v2\/media\/21600"}],"wp:attachment":[{"href":"https:\/\/www.cudeca.org\/en\/wp-json\/wp\/v2\/media?parent=21593"}],"wp:term":[{"taxonomy":"category","embeddable":true,"href":"https:\/\/www.cudeca.org\/en\/wp-json\/wp\/v2\/categories?post=21593"},{"taxonomy":"post_tag","embeddable":true,"href":"https:\/\/www.cudeca.org\/en\/wp-json\/wp\/v2\/tags?post=21593"}],"curies":[{"name":"wp","href":"https:\/\/api.w.org\/{rel}","templated":true}]}}