{"id":21564,"date":"2019-07-26T10:50:40","date_gmt":"2019-07-26T10:50:40","guid":{"rendered":"https:\/\/www.cudeca.org\/?p=21564"},"modified":"2019-08-08T15:27:37","modified_gmt":"2019-08-08T15:27:37","slug":"el-sueno-de-una-noche-en-el-botanico-a-beneficio-de-cudeca","status":"publish","type":"post","link":"https:\/\/www.cudeca.org\/en\/actualidad\/el-sueno-de-una-noche-en-el-botanico-a-beneficio-de-cudeca\/","title":{"rendered":"&#8221;A Night&#8217;s Dream at the Botanical Garden&#8221; in aid of CUDECA"},"content":{"rendered":"<div class=\"wpb-content-wrapper\"><p>[vc_row][vc_column][vc_column_text]Next August 26th we will hold a <strong>zarzuela lyric gala at the Concepcion Botanical Garden<\/strong> with the aim of raising funds to continue offering our professional medical care completely free of charge.<\/p>\n<p>The artistic cast is made up of <strong>soprano Sonia Garc\u00eda and Lourdes Mart\u00edn, mezzo-soprano Carmen Ariza, tenors Diego Morales and Luis Pacetti, baritone Jos\u00e9 Antonio Ariza and pianist Jose Manuel Padilla, all artists from M\u00e1laga<\/strong>.<\/p>\n<p>A <strong>repertoire of Spanish zarzuela<\/strong> will be developed and each work will be interpreted individually, duets etc, by the artists. The environment of the botanical garden and the stage, a subtropical jungle, make this event unique and unrepeatable. Cudeca Hospice encourages everyone to attend this wonderful concert to help them to raise funds.<\/p>\n<p><strong>Tickets cost 15 euros. Tickets are now available on this link:<\/strong><br \/>\n<a href=\"https:\/\/entradium.com\/events\/gala-lirica-a-beneficio-de-fundacion-cudeca\">https:\/\/entradium.com\/events\/gala-lirica-a-beneficio-de-fundacion-cudeca<\/a><\/p>\n<p>The entrance ticket is obligatory from the age of 3.<\/p>\n<p>Our sponsors are\u00a0 Sector Alarm and Copicentro, in addition to the collaboration of the City of Malaga, Botanical Garden of the Conception, Music Master, Macro Music, Remote Control, Royal Pianos, Victoria Beers and Coca Cola.If you cannot attend the concert but want to collaborate with us, we also have the &#8220;fila cero&#8221; (contribution without assistance). Entradium collaborates with 100% of the management costs.<\/p>\n<p>The fundraising gala &#8220;El sue\u00f1o de una noche en el bot\u00e1nico&#8221; (A Night\u00b4s Dream at the Botanical Garden) was born as an opportunity to use a grandstand with a capacity for 450 people that will be installed for the musicals &#8220;Hara el esp\u00edritu de la selva&#8221; (Hara the spirit of the jungle) and &#8220;El tributo al rey le\u00f3n&#8221; (The tribute to the Lion King) and has been kindly collaborated by both musical producers to Cudeca Hospice for its use on the 26th.[\/vc_column_text][\/vc_column][\/vc_row][vc_row][vc_column][vc_single_image image=&#8221;21657&#8243; img_size=&#8221;large&#8221;][\/vc_column][\/vc_row]<\/p>\n<\/div>","protected":false},"excerpt":{"rendered":"<p>[vc_row][vc_column][vc_column_text]Next August 26th we will hold a zarzuela lyric gala at the Concepcion Botanical Garden with the aim of raising funds to continue offering our professional medical care completely free of charge. The artistic cast is made up of soprano Sonia Garc\u00eda and Lourdes Mart\u00edn, mezzo-soprano Carmen Ariza, tenors Diego Morales and Luis Pacetti, baritone [&hellip;]<\/p>\n","protected":false},"author":5,"featured_media":21566,"comment_status":"open","ping_status":"open","sticky":false,"template":"","format":"standard","meta":[],"categories":[12],"tags":[],"yoast_head":"<!-- This site is optimized with the Yoast SEO plugin v19.4 - https:\/\/yoast.com\/wordpress\/plugins\/seo\/ -->\n<title>&quot;A Night&#039;s Dream at the Botanical Garden&quot; in aid of CUDECA - Cudeca Cancer Care Hospice<\/title>\n<meta name=\"robots\" content=\"index, follow, max-snippet:-1, max-image-preview:large, max-video-preview:-1\" \/>\n<link rel=\"canonical\" href=\"https:\/\/www.cudeca.org\/actualidad\/el-sueno-de-una-noche-en-el-botanico-a-beneficio-de-cudeca\/\" \/>\n<meta property=\"og:locale\" content=\"en_US\" \/>\n<meta property=\"og:type\" content=\"article\" \/>\n<meta property=\"og:title\" content=\"&quot;A Night&#039;s Dream at the Botanical Garden&quot; in aid of CUDECA - Cudeca Cancer Care Hospice\" \/>\n<meta property=\"og:description\" content=\"[vc_row][vc_column][vc_column_text]Next August 26th we will hold a zarzuela lyric gala at the Concepcion Botanical Garden with the aim of raising funds to continue offering our professional medical care completely free of charge. The artistic cast is made up of soprano Sonia Garc\u00eda and Lourdes Mart\u00edn, mezzo-soprano Carmen Ariza, tenors Diego Morales and Luis Pacetti, baritone [&hellip;]\" \/>\n<meta property=\"og:url\" content=\"https:\/\/www.cudeca.org\/actualidad\/el-sueno-de-una-noche-en-el-botanico-a-beneficio-de-cudeca\/\" \/>\n<meta property=\"og:site_name\" content=\"Cudeca Cancer Care Hospice\" \/>\n<meta property=\"article:publisher\" content=\"https:\/\/www.facebook.com\/AmigosDeCudeca\" \/>\n<meta property=\"article:published_time\" content=\"2019-07-26T10:50:40+00:00\" \/>\n<meta property=\"article:modified_time\" content=\"2019-08-08T15:27:37+00:00\" \/>\n<meta property=\"og:image\" content=\"https:\/\/www.cudeca.org\/wp-content\/uploads\/2019\/07\/Suen\u0303o-de-una-noche-en-el-botanico-DEF-724x1024.jpg\" \/>\n\t<meta property=\"og:image:width\" content=\"724\" \/>\n\t<meta property=\"og:image:height\" content=\"1024\" \/>\n\t<meta property=\"og:image:type\" content=\"image\/jpeg\" \/>\n<meta name=\"author\" content=\"Jorge Lopez\" \/>\n<meta name=\"twitter:card\" content=\"summary_large_image\" \/>\n<meta name=\"twitter:creator\" content=\"@cudeca\" \/>\n<meta name=\"twitter:site\" content=\"@cudeca\" \/>\n<meta name=\"twitter:label1\" content=\"Written by\" \/>\n\t<meta name=\"twitter:data1\" content=\"Jorge Lopez\" \/>\n\t<meta name=\"twitter:label2\" content=\"Est. reading time\" \/>\n\t<meta name=\"twitter:data2\" content=\"3 minutes\" \/>\n<script type=\"application\/ld+json\" class=\"yoast-schema-graph\">{\"@context\":\"https:\/\/schema.org\",\"@graph\":[{\"@type\":\"Organization\",\"@id\":\"https:\/\/www.cudeca.org\/#organization\",\"name\":\"Fundaci\u00f3n Cudeca\",\"url\":\"https:\/\/www.cudeca.org\/\",\"sameAs\":[\"https:\/\/www.youtube.com\/c\/cudecamalaga\",\"https:\/\/www.facebook.com\/AmigosDeCudeca\",\"https:\/\/twitter.com\/cudeca\"],\"logo\":{\"@type\":\"ImageObject\",\"inLanguage\":\"en-US\",\"@id\":\"https:\/\/www.cudeca.org\/#\/schema\/logo\/image\/\",\"url\":\"https:\/\/www.cudeca.org\/wp-content\/uploads\/2018\/02\/cudeca-logo.png\",\"contentUrl\":\"https:\/\/www.cudeca.org\/wp-content\/uploads\/2018\/02\/cudeca-logo.png\",\"width\":2121,\"height\":984,\"caption\":\"Fundaci\u00f3n Cudeca\"},\"image\":{\"@id\":\"https:\/\/www.cudeca.org\/#\/schema\/logo\/image\/\"}},{\"@type\":\"WebSite\",\"@id\":\"https:\/\/www.cudeca.org\/#website\",\"url\":\"https:\/\/www.cudeca.org\/\",\"name\":\"Fundaci\u00f3n Cudeca\",\"description\":\"Cudeca Hospice\",\"publisher\":{\"@id\":\"https:\/\/www.cudeca.org\/#organization\"},\"potentialAction\":[{\"@type\":\"SearchAction\",\"target\":{\"@type\":\"EntryPoint\",\"urlTemplate\":\"https:\/\/www.cudeca.org\/?s={search_term_string}\"},\"query-input\":\"required name=search_term_string\"}],\"inLanguage\":\"en-US\"},{\"@type\":\"WebPage\",\"@id\":\"https:\/\/www.cudeca.org\/actualidad\/el-sueno-de-una-noche-en-el-botanico-a-beneficio-de-cudeca\/\",\"url\":\"https:\/\/www.cudeca.org\/actualidad\/el-sueno-de-una-noche-en-el-botanico-a-beneficio-de-cudeca\/\",\"name\":\"\\\"A Night's Dream at the Botanical Garden\\\" in aid of CUDECA - Cudeca Cancer Care Hospice\",\"isPartOf\":{\"@id\":\"https:\/\/www.cudeca.org\/#website\"},\"datePublished\":\"2019-07-26T10:50:40+00:00\",\"dateModified\":\"2019-08-08T15:27:37+00:00\",\"breadcrumb\":{\"@id\":\"https:\/\/www.cudeca.org\/actualidad\/el-sueno-de-una-noche-en-el-botanico-a-beneficio-de-cudeca\/#breadcrumb\"},\"inLanguage\":\"en-US\",\"potentialAction\":[{\"@type\":\"ReadAction\",\"target\":[\"https:\/\/www.cudeca.org\/actualidad\/el-sueno-de-una-noche-en-el-botanico-a-beneficio-de-cudeca\/\"]}]},{\"@type\":\"BreadcrumbList\",\"@id\":\"https:\/\/www.cudeca.org\/actualidad\/el-sueno-de-una-noche-en-el-botanico-a-beneficio-de-cudeca\/#breadcrumb\",\"itemListElement\":[{\"@type\":\"ListItem\",\"position\":1,\"name\":\"Portada\",\"item\":\"https:\/\/www.cudeca.org\/\"},{\"@type\":\"ListItem\",\"position\":2,\"name\":\"\u00bbEl sue\u00f1o de una noche en el Bot\u00e1nico\u00bb a beneficio de CUDECA\"}]},{\"@type\":\"Article\",\"@id\":\"https:\/\/www.cudeca.org\/actualidad\/el-sueno-de-una-noche-en-el-botanico-a-beneficio-de-cudeca\/#article\",\"isPartOf\":{\"@id\":\"https:\/\/www.cudeca.org\/actualidad\/el-sueno-de-una-noche-en-el-botanico-a-beneficio-de-cudeca\/\"},\"author\":{\"name\":\"Jorge Lopez\",\"@id\":\"https:\/\/www.cudeca.org\/#\/schema\/person\/ef584faee50c55adf49de08e703741fd\"},\"headline\":\"&#8221;A Night&#8217;s Dream at the Botanical Garden&#8221; in aid of CUDECA\",\"datePublished\":\"2019-07-26T10:50:40+00:00\",\"dateModified\":\"2019-08-08T15:27:37+00:00\",\"mainEntityOfPage\":{\"@id\":\"https:\/\/www.cudeca.org\/actualidad\/el-sueno-de-una-noche-en-el-botanico-a-beneficio-de-cudeca\/\"},\"wordCount\":721,\"commentCount\":0,\"publisher\":{\"@id\":\"https:\/\/www.cudeca.org\/#organization\"},\"articleSection\":[\"\"],\"inLanguage\":\"en-US\",\"potentialAction\":[{\"@type\":\"CommentAction\",\"name\":\"Comment\",\"target\":[\"https:\/\/www.cudeca.org\/actualidad\/el-sueno-de-una-noche-en-el-botanico-a-beneficio-de-cudeca\/#respond\"]}]},{\"@type\":\"Person\",\"@id\":\"https:\/\/www.cudeca.org\/#\/schema\/person\/ef584faee50c55adf49de08e703741fd\",\"name\":\"Jorge Lopez\",\"image\":{\"@type\":\"ImageObject\",\"inLanguage\":\"en-US\",\"@id\":\"https:\/\/www.cudeca.org\/#\/schema\/person\/image\/\",\"url\":\"https:\/\/secure.gravatar.com\/avatar\/f861e8975d384d76728a2976bb1626da?s=96&d=mm&r=g\",\"contentUrl\":\"https:\/\/secure.gravatar.com\/avatar\/f861e8975d384d76728a2976bb1626da?s=96&d=mm&r=g\",\"caption\":\"Jorge Lopez\"}}]}<\/script>\n<!-- \/ Yoast SEO plugin. -->","yoast_head_json":{"title":"\"A Night's Dream at the Botanical Garden\" in aid of CUDECA - Cudeca Cancer Care Hospice","robots":{"index":"index","follow":"follow","max-snippet":"max-snippet:-1","max-image-preview":"max-image-preview:large","max-video-preview":"max-video-preview:-1"},"canonical":"https:\/\/www.cudeca.org\/actualidad\/el-sueno-de-una-noche-en-el-botanico-a-beneficio-de-cudeca\/","og_locale":"en_US","og_type":"article","og_title":"\"A Night's Dream at the Botanical Garden\" in aid of CUDECA - Cudeca Cancer Care Hospice","og_description":"[vc_row][vc_column][vc_column_text]Next August 26th we will hold a zarzuela lyric gala at the Concepcion Botanical Garden with the aim of raising funds to continue offering our professional medical care completely free of charge. The artistic cast is made up of soprano Sonia Garc\u00eda and Lourdes Mart\u00edn, mezzo-soprano Carmen Ariza, tenors Diego Morales and Luis Pacetti, baritone [&hellip;]","og_url":"https:\/\/www.cudeca.org\/actualidad\/el-sueno-de-una-noche-en-el-botanico-a-beneficio-de-cudeca\/","og_site_name":"Cudeca Cancer Care Hospice","article_publisher":"https:\/\/www.facebook.com\/AmigosDeCudeca","article_published_time":"2019-07-26T10:50:40+00:00","article_modified_time":"2019-08-08T15:27:37+00:00","og_image":[{"width":724,"height":1024,"url":"https:\/\/www.cudeca.org\/wp-content\/uploads\/2019\/07\/Suen\u0303o-de-una-noche-en-el-botanico-DEF-724x1024.jpg","type":"image\/jpeg"}],"author":"Jorge Lopez","twitter_card":"summary_large_image","twitter_creator":"@cudeca","twitter_site":"@cudeca","twitter_misc":{"Written by":"Jorge Lopez","Est. reading time":"3 minutes"},"schema":{"@context":"https:\/\/schema.org","@graph":[{"@type":"Organization","@id":"https:\/\/www.cudeca.org\/#organization","name":"Fundaci\u00f3n Cudeca","url":"https:\/\/www.cudeca.org\/","sameAs":["https:\/\/www.youtube.com\/c\/cudecamalaga","https:\/\/www.facebook.com\/AmigosDeCudeca","https:\/\/twitter.com\/cudeca"],"logo":{"@type":"ImageObject","inLanguage":"en-US","@id":"https:\/\/www.cudeca.org\/#\/schema\/logo\/image\/","url":"https:\/\/www.cudeca.org\/wp-content\/uploads\/2018\/02\/cudeca-logo.png","contentUrl":"https:\/\/www.cudeca.org\/wp-content\/uploads\/2018\/02\/cudeca-logo.png","width":2121,"height":984,"caption":"Fundaci\u00f3n Cudeca"},"image":{"@id":"https:\/\/www.cudeca.org\/#\/schema\/logo\/image\/"}},{"@type":"WebSite","@id":"https:\/\/www.cudeca.org\/#website","url":"https:\/\/www.cudeca.org\/","name":"Fundaci\u00f3n Cudeca","description":"Cudeca Hospice","publisher":{"@id":"https:\/\/www.cudeca.org\/#organization"},"potentialAction":[{"@type":"SearchAction","target":{"@type":"EntryPoint","urlTemplate":"https:\/\/www.cudeca.org\/?s={search_term_string}"},"query-input":"required name=search_term_string"}],"inLanguage":"en-US"},{"@type":"WebPage","@id":"https:\/\/www.cudeca.org\/actualidad\/el-sueno-de-una-noche-en-el-botanico-a-beneficio-de-cudeca\/","url":"https:\/\/www.cudeca.org\/actualidad\/el-sueno-de-una-noche-en-el-botanico-a-beneficio-de-cudeca\/","name":"\"A Night's Dream at the Botanical Garden\" in aid of CUDECA - Cudeca Cancer Care Hospice","isPartOf":{"@id":"https:\/\/www.cudeca.org\/#website"},"datePublished":"2019-07-26T10:50:40+00:00","dateModified":"2019-08-08T15:27:37+00:00","breadcrumb":{"@id":"https:\/\/www.cudeca.org\/actualidad\/el-sueno-de-una-noche-en-el-botanico-a-beneficio-de-cudeca\/#breadcrumb"},"inLanguage":"en-US","potentialAction":[{"@type":"ReadAction","target":["https:\/\/www.cudeca.org\/actualidad\/el-sueno-de-una-noche-en-el-botanico-a-beneficio-de-cudeca\/"]}]},{"@type":"BreadcrumbList","@id":"https:\/\/www.cudeca.org\/actualidad\/el-sueno-de-una-noche-en-el-botanico-a-beneficio-de-cudeca\/#breadcrumb","itemListElement":[{"@type":"ListItem","position":1,"name":"Portada","item":"https:\/\/www.cudeca.org\/"},{"@type":"ListItem","position":2,"name":"\u00bbEl sue\u00f1o de una noche en el Bot\u00e1nico\u00bb a beneficio de CUDECA"}]},{"@type":"Article","@id":"https:\/\/www.cudeca.org\/actualidad\/el-sueno-de-una-noche-en-el-botanico-a-beneficio-de-cudeca\/#article","isPartOf":{"@id":"https:\/\/www.cudeca.org\/actualidad\/el-sueno-de-una-noche-en-el-botanico-a-beneficio-de-cudeca\/"},"author":{"name":"Jorge Lopez","@id":"https:\/\/www.cudeca.org\/#\/schema\/person\/ef584faee50c55adf49de08e703741fd"},"headline":"&#8221;A Night&#8217;s Dream at the Botanical Garden&#8221; in aid of CUDECA","datePublished":"2019-07-26T10:50:40+00:00","dateModified":"2019-08-08T15:27:37+00:00","mainEntityOfPage":{"@id":"https:\/\/www.cudeca.org\/actualidad\/el-sueno-de-una-noche-en-el-botanico-a-beneficio-de-cudeca\/"},"wordCount":721,"commentCount":0,"publisher":{"@id":"https:\/\/www.cudeca.org\/#organization"},"articleSection":[""],"inLanguage":"en-US","potentialAction":[{"@type":"CommentAction","name":"Comment","target":["https:\/\/www.cudeca.org\/actualidad\/el-sueno-de-una-noche-en-el-botanico-a-beneficio-de-cudeca\/#respond"]}]},{"@type":"Person","@id":"https:\/\/www.cudeca.org\/#\/schema\/person\/ef584faee50c55adf49de08e703741fd","name":"Jorge Lopez","image":{"@type":"ImageObject","inLanguage":"en-US","@id":"https:\/\/www.cudeca.org\/#\/schema\/person\/image\/","url":"https:\/\/secure.gravatar.com\/avatar\/f861e8975d384d76728a2976bb1626da?s=96&d=mm&r=g","contentUrl":"https:\/\/secure.gravatar.com\/avatar\/f861e8975d384d76728a2976bb1626da?s=96&d=mm&r=g","caption":"Jorge Lopez"}}]}},"_links":{"self":[{"href":"https:\/\/www.cudeca.org\/en\/wp-json\/wp\/v2\/posts\/21564"}],"collection":[{"href":"https:\/\/www.cudeca.org\/en\/wp-json\/wp\/v2\/posts"}],"about":[{"href":"https:\/\/www.cudeca.org\/en\/wp-json\/wp\/v2\/types\/post"}],"author":[{"embeddable":true,"href":"https:\/\/www.cudeca.org\/en\/wp-json\/wp\/v2\/users\/5"}],"replies":[{"embeddable":true,"href":"https:\/\/www.cudeca.org\/en\/wp-json\/wp\/v2\/comments?post=21564"}],"version-history":[{"count":12,"href":"https:\/\/www.cudeca.org\/en\/wp-json\/wp\/v2\/posts\/21564\/revisions"}],"predecessor-version":[{"id":21684,"href":"https:\/\/www.cudeca.org\/en\/wp-json\/wp\/v2\/posts\/21564\/revisions\/21684"}],"wp:featuredmedia":[{"embeddable":true,"href":"https:\/\/www.cudeca.org\/en\/wp-json\/wp\/v2\/media\/21566"}],"wp:attachment":[{"href":"https:\/\/www.cudeca.org\/en\/wp-json\/wp\/v2\/media?parent=21564"}],"wp:term":[{"taxonomy":"category","embeddable":true,"href":"https:\/\/www.cudeca.org\/en\/wp-json\/wp\/v2\/categories?post=21564"},{"taxonomy":"post_tag","embeddable":true,"href":"https:\/\/www.cudeca.org\/en\/wp-json\/wp\/v2\/tags?post=21564"}],"curies":[{"name":"wp","href":"https:\/\/api.w.org\/{rel}","templated":true}]}}