{"id":21533,"date":"2019-07-23T14:35:27","date_gmt":"2019-07-23T14:35:27","guid":{"rendered":"https:\/\/www.cudeca.org\/?p=21533"},"modified":"2019-07-24T13:58:09","modified_gmt":"2019-07-24T13:58:09","slug":"barra-solidaria-en-los-musicales-del-botanico-a-beneficio-de-cudeca","status":"publish","type":"post","link":"https:\/\/www.cudeca.org\/en\/actualidad\/barra-solidaria-en-los-musicales-del-botanico-a-beneficio-de-cudeca\/","title":{"rendered":"Solidarity bar at Botanical Nights to benefit Cudeca"},"content":{"rendered":"<div class=\"wpb-content-wrapper\"><p>Today have been presented at a press conference in the Malaga City Council , the two musicals that will be represented in the Botanical Garden of the Conception next August where the Cudeca Foundation will manage the bar solidarity 100% for the benefit of the foundation and will be served by staff of the Hospice and volunteers.<\/p>\r\n<p>During four nights in August, two fantastic musicals will be performed that will delight both adults and children. It premieres, for the first time in the Botanical, on 27 and 28 August, &#8216;The Lion King, The tribute&#8217;, and the days before, 24 and 25, returns, for the third consecutive year &#8216;Hara, The spirit of the jungle&#8217; which is like a second part of the Jungle Book, productions created by Malague\u00f1os.<\/p>\r\n<p>The presentation was attended by the councillor for Environmental Sustainability, Gemma del Corral, general advisor for Parks and Gardens, Javier Gutierrez, Eduardo Mart\u00edn (&#8216;Hara, el Esp\u00edritu de la Selva&#8217;) and Antonio Mart\u00edn (&#8216;El Rey Le\u00f3n, El Tributo&#8217;), on behalf of Fundaci\u00f3n Cudeca, our communication technique Vanessa Morales.<\/p>\r\n<p>The Foundation hopes to raise funds in this solidarity bar thanks to the help of Cocacola, Victoria beers and the support of the Malaga City Council.<\/p>\r\n<!-- \/wp:paragraph -->\r\n<p>The links of sale of the tickets of the musicals are:<\/p>\r\n<!-- wp:paragraph -->\r\n<p><a href=\"https:\/\/www.elcorteingles.es\/entradas\/en-familia\/entradas-hara-el-espiritu-de-la-selva-malaga-0000087cl0000087Bl0000085Ao\/?fbclid=IwAR1Df1Wv8K8-7SeuBSTLhKceenrm5XFVs2PoGZas1aDzNfgC531UAMH4Jrg\">&#8220;Hara, el esp\u00edritu de la selva.&#8221;<\/a><\/p>\r\n<!-- \/wp:paragraph -->\r\n<p>&nbsp;<\/p>\r\n<!-- wp:paragraph -->\r\n<p><a href=\"http:\/\/www.entradasonbeat.com\/es\/evento\/-tributo-del-rey-leon-en-malaga?fbclid=IwAR1okpL3LGctTbpuQ3MSFgDqh4135enzqhEYCO8LFhQfSIknwf05cBeGW84\">De Simba a Kiara, tributo al rey le\u00f3n<\/a><\/p>\r\n<!-- \/wp:paragraph -->\r\n<p>&nbsp;<\/p>\r\n<!-- wp:paragraph -->\r\n<p>&nbsp;<\/p>\r\n<!-- \/wp:paragraph -->\r\n<p>&nbsp;<\/p>\r\n<!-- wp:paragraph -->\r\n<p>&nbsp;<\/p>\r\n<!-- \/wp:paragraph -->\r\n<p>&nbsp;<\/p>\r\n<p>&nbsp;<\/p><\/div>","protected":false},"excerpt":{"rendered":"<p>Today have been presented at a press conference in the Malaga City Council , the two musicals that will be represented in the Botanical Garden of the Conception next August where the Cudeca Foundation will manage the bar solidarity 100% for the benefit of the foundation and will be served by staff of the Hospice [&hellip;]<\/p>\n","protected":false},"author":5,"featured_media":21535,"comment_status":"open","ping_status":"open","sticky":false,"template":"","format":"standard","meta":[],"categories":[12],"tags":[],"yoast_head":"<!-- This site is optimized with the Yoast SEO plugin v19.4 - https:\/\/yoast.com\/wordpress\/plugins\/seo\/ -->\n<title>Solidarity bar at Botanical Nights to benefit Cudeca - Cudeca Cancer Care Hospice<\/title>\n<meta name=\"robots\" content=\"index, follow, max-snippet:-1, max-image-preview:large, max-video-preview:-1\" \/>\n<link rel=\"canonical\" href=\"https:\/\/www.cudeca.org\/actualidad\/barra-solidaria-en-los-musicales-del-botanico-a-beneficio-de-cudeca\/\" \/>\n<meta property=\"og:locale\" content=\"en_US\" \/>\n<meta property=\"og:type\" content=\"article\" \/>\n<meta property=\"og:title\" content=\"Solidarity bar at Botanical Nights to benefit Cudeca - Cudeca Cancer Care Hospice\" \/>\n<meta property=\"og:description\" content=\"Today have been presented at a press conference in the Malaga City Council , the two musicals that will be represented in the Botanical Garden of the Conception next August where the Cudeca Foundation will manage the bar solidarity 100% for the benefit of the foundation and will be served by staff of the Hospice [&hellip;]\" \/>\n<meta property=\"og:url\" content=\"https:\/\/www.cudeca.org\/actualidad\/barra-solidaria-en-los-musicales-del-botanico-a-beneficio-de-cudeca\/\" \/>\n<meta property=\"og:site_name\" content=\"Cudeca Cancer Care Hospice\" \/>\n<meta property=\"article:publisher\" content=\"https:\/\/www.facebook.com\/AmigosDeCudeca\" \/>\n<meta property=\"article:published_time\" content=\"2019-07-23T14:35:27+00:00\" \/>\n<meta property=\"article:modified_time\" content=\"2019-07-24T13:58:09+00:00\" \/>\n<meta property=\"og:image\" content=\"https:\/\/www.cudeca.org\/wp-content\/uploads\/2019\/07\/fotonoticia_20190723154955_420.jpg\" \/>\n\t<meta property=\"og:image:width\" content=\"420\" \/>\n\t<meta property=\"og:image:height\" content=\"281\" \/>\n\t<meta property=\"og:image:type\" content=\"image\/jpeg\" \/>\n<meta name=\"author\" content=\"Jorge Lopez\" \/>\n<meta name=\"twitter:card\" content=\"summary_large_image\" \/>\n<meta name=\"twitter:creator\" content=\"@cudeca\" \/>\n<meta name=\"twitter:site\" content=\"@cudeca\" \/>\n<meta name=\"twitter:label1\" content=\"Written by\" \/>\n\t<meta name=\"twitter:data1\" content=\"Jorge Lopez\" \/>\n\t<meta name=\"twitter:label2\" content=\"Est. reading time\" \/>\n\t<meta name=\"twitter:data2\" content=\"3 minutes\" \/>\n<script type=\"application\/ld+json\" class=\"yoast-schema-graph\">{\"@context\":\"https:\/\/schema.org\",\"@graph\":[{\"@type\":\"Organization\",\"@id\":\"https:\/\/www.cudeca.org\/#organization\",\"name\":\"Fundaci\u00f3n Cudeca\",\"url\":\"https:\/\/www.cudeca.org\/\",\"sameAs\":[\"https:\/\/www.youtube.com\/c\/cudecamalaga\",\"https:\/\/www.facebook.com\/AmigosDeCudeca\",\"https:\/\/twitter.com\/cudeca\"],\"logo\":{\"@type\":\"ImageObject\",\"inLanguage\":\"en-US\",\"@id\":\"https:\/\/www.cudeca.org\/#\/schema\/logo\/image\/\",\"url\":\"https:\/\/www.cudeca.org\/wp-content\/uploads\/2018\/02\/cudeca-logo.png\",\"contentUrl\":\"https:\/\/www.cudeca.org\/wp-content\/uploads\/2018\/02\/cudeca-logo.png\",\"width\":2121,\"height\":984,\"caption\":\"Fundaci\u00f3n Cudeca\"},\"image\":{\"@id\":\"https:\/\/www.cudeca.org\/#\/schema\/logo\/image\/\"}},{\"@type\":\"WebSite\",\"@id\":\"https:\/\/www.cudeca.org\/#website\",\"url\":\"https:\/\/www.cudeca.org\/\",\"name\":\"Fundaci\u00f3n Cudeca\",\"description\":\"Cudeca Hospice\",\"publisher\":{\"@id\":\"https:\/\/www.cudeca.org\/#organization\"},\"potentialAction\":[{\"@type\":\"SearchAction\",\"target\":{\"@type\":\"EntryPoint\",\"urlTemplate\":\"https:\/\/www.cudeca.org\/?s={search_term_string}\"},\"query-input\":\"required name=search_term_string\"}],\"inLanguage\":\"en-US\"},{\"@type\":\"WebPage\",\"@id\":\"https:\/\/www.cudeca.org\/actualidad\/barra-solidaria-en-los-musicales-del-botanico-a-beneficio-de-cudeca\/\",\"url\":\"https:\/\/www.cudeca.org\/actualidad\/barra-solidaria-en-los-musicales-del-botanico-a-beneficio-de-cudeca\/\",\"name\":\"Solidarity bar at Botanical Nights to benefit Cudeca - Cudeca Cancer Care Hospice\",\"isPartOf\":{\"@id\":\"https:\/\/www.cudeca.org\/#website\"},\"datePublished\":\"2019-07-23T14:35:27+00:00\",\"dateModified\":\"2019-07-24T13:58:09+00:00\",\"breadcrumb\":{\"@id\":\"https:\/\/www.cudeca.org\/actualidad\/barra-solidaria-en-los-musicales-del-botanico-a-beneficio-de-cudeca\/#breadcrumb\"},\"inLanguage\":\"en-US\",\"potentialAction\":[{\"@type\":\"ReadAction\",\"target\":[\"https:\/\/www.cudeca.org\/actualidad\/barra-solidaria-en-los-musicales-del-botanico-a-beneficio-de-cudeca\/\"]}]},{\"@type\":\"BreadcrumbList\",\"@id\":\"https:\/\/www.cudeca.org\/actualidad\/barra-solidaria-en-los-musicales-del-botanico-a-beneficio-de-cudeca\/#breadcrumb\",\"itemListElement\":[{\"@type\":\"ListItem\",\"position\":1,\"name\":\"Portada\",\"item\":\"https:\/\/www.cudeca.org\/\"},{\"@type\":\"ListItem\",\"position\":2,\"name\":\"Barra solidaria en las Noches del Bot\u00e1nico a beneficio de Cudeca\"}]},{\"@type\":\"Article\",\"@id\":\"https:\/\/www.cudeca.org\/actualidad\/barra-solidaria-en-los-musicales-del-botanico-a-beneficio-de-cudeca\/#article\",\"isPartOf\":{\"@id\":\"https:\/\/www.cudeca.org\/actualidad\/barra-solidaria-en-los-musicales-del-botanico-a-beneficio-de-cudeca\/\"},\"author\":{\"name\":\"Jorge Lopez\",\"@id\":\"https:\/\/www.cudeca.org\/#\/schema\/person\/ef584faee50c55adf49de08e703741fd\"},\"headline\":\"Solidarity bar at Botanical Nights to benefit Cudeca\",\"datePublished\":\"2019-07-23T14:35:27+00:00\",\"dateModified\":\"2019-07-24T13:58:09+00:00\",\"mainEntityOfPage\":{\"@id\":\"https:\/\/www.cudeca.org\/actualidad\/barra-solidaria-en-los-musicales-del-botanico-a-beneficio-de-cudeca\/\"},\"wordCount\":538,\"commentCount\":0,\"publisher\":{\"@id\":\"https:\/\/www.cudeca.org\/#organization\"},\"articleSection\":[\"\"],\"inLanguage\":\"en-US\",\"potentialAction\":[{\"@type\":\"CommentAction\",\"name\":\"Comment\",\"target\":[\"https:\/\/www.cudeca.org\/actualidad\/barra-solidaria-en-los-musicales-del-botanico-a-beneficio-de-cudeca\/#respond\"]}]},{\"@type\":\"Person\",\"@id\":\"https:\/\/www.cudeca.org\/#\/schema\/person\/ef584faee50c55adf49de08e703741fd\",\"name\":\"Jorge Lopez\",\"image\":{\"@type\":\"ImageObject\",\"inLanguage\":\"en-US\",\"@id\":\"https:\/\/www.cudeca.org\/#\/schema\/person\/image\/\",\"url\":\"https:\/\/secure.gravatar.com\/avatar\/f861e8975d384d76728a2976bb1626da?s=96&d=mm&r=g\",\"contentUrl\":\"https:\/\/secure.gravatar.com\/avatar\/f861e8975d384d76728a2976bb1626da?s=96&d=mm&r=g\",\"caption\":\"Jorge Lopez\"}}]}<\/script>\n<!-- \/ Yoast SEO plugin. -->","yoast_head_json":{"title":"Solidarity bar at Botanical Nights to benefit Cudeca - Cudeca Cancer Care Hospice","robots":{"index":"index","follow":"follow","max-snippet":"max-snippet:-1","max-image-preview":"max-image-preview:large","max-video-preview":"max-video-preview:-1"},"canonical":"https:\/\/www.cudeca.org\/actualidad\/barra-solidaria-en-los-musicales-del-botanico-a-beneficio-de-cudeca\/","og_locale":"en_US","og_type":"article","og_title":"Solidarity bar at Botanical Nights to benefit Cudeca - Cudeca Cancer Care Hospice","og_description":"Today have been presented at a press conference in the Malaga City Council , the two musicals that will be represented in the Botanical Garden of the Conception next August where the Cudeca Foundation will manage the bar solidarity 100% for the benefit of the foundation and will be served by staff of the Hospice [&hellip;]","og_url":"https:\/\/www.cudeca.org\/actualidad\/barra-solidaria-en-los-musicales-del-botanico-a-beneficio-de-cudeca\/","og_site_name":"Cudeca Cancer Care Hospice","article_publisher":"https:\/\/www.facebook.com\/AmigosDeCudeca","article_published_time":"2019-07-23T14:35:27+00:00","article_modified_time":"2019-07-24T13:58:09+00:00","og_image":[{"width":420,"height":281,"url":"https:\/\/www.cudeca.org\/wp-content\/uploads\/2019\/07\/fotonoticia_20190723154955_420.jpg","type":"image\/jpeg"}],"author":"Jorge Lopez","twitter_card":"summary_large_image","twitter_creator":"@cudeca","twitter_site":"@cudeca","twitter_misc":{"Written by":"Jorge Lopez","Est. reading time":"3 minutes"},"schema":{"@context":"https:\/\/schema.org","@graph":[{"@type":"Organization","@id":"https:\/\/www.cudeca.org\/#organization","name":"Fundaci\u00f3n Cudeca","url":"https:\/\/www.cudeca.org\/","sameAs":["https:\/\/www.youtube.com\/c\/cudecamalaga","https:\/\/www.facebook.com\/AmigosDeCudeca","https:\/\/twitter.com\/cudeca"],"logo":{"@type":"ImageObject","inLanguage":"en-US","@id":"https:\/\/www.cudeca.org\/#\/schema\/logo\/image\/","url":"https:\/\/www.cudeca.org\/wp-content\/uploads\/2018\/02\/cudeca-logo.png","contentUrl":"https:\/\/www.cudeca.org\/wp-content\/uploads\/2018\/02\/cudeca-logo.png","width":2121,"height":984,"caption":"Fundaci\u00f3n Cudeca"},"image":{"@id":"https:\/\/www.cudeca.org\/#\/schema\/logo\/image\/"}},{"@type":"WebSite","@id":"https:\/\/www.cudeca.org\/#website","url":"https:\/\/www.cudeca.org\/","name":"Fundaci\u00f3n Cudeca","description":"Cudeca Hospice","publisher":{"@id":"https:\/\/www.cudeca.org\/#organization"},"potentialAction":[{"@type":"SearchAction","target":{"@type":"EntryPoint","urlTemplate":"https:\/\/www.cudeca.org\/?s={search_term_string}"},"query-input":"required name=search_term_string"}],"inLanguage":"en-US"},{"@type":"WebPage","@id":"https:\/\/www.cudeca.org\/actualidad\/barra-solidaria-en-los-musicales-del-botanico-a-beneficio-de-cudeca\/","url":"https:\/\/www.cudeca.org\/actualidad\/barra-solidaria-en-los-musicales-del-botanico-a-beneficio-de-cudeca\/","name":"Solidarity bar at Botanical Nights to benefit Cudeca - Cudeca Cancer Care Hospice","isPartOf":{"@id":"https:\/\/www.cudeca.org\/#website"},"datePublished":"2019-07-23T14:35:27+00:00","dateModified":"2019-07-24T13:58:09+00:00","breadcrumb":{"@id":"https:\/\/www.cudeca.org\/actualidad\/barra-solidaria-en-los-musicales-del-botanico-a-beneficio-de-cudeca\/#breadcrumb"},"inLanguage":"en-US","potentialAction":[{"@type":"ReadAction","target":["https:\/\/www.cudeca.org\/actualidad\/barra-solidaria-en-los-musicales-del-botanico-a-beneficio-de-cudeca\/"]}]},{"@type":"BreadcrumbList","@id":"https:\/\/www.cudeca.org\/actualidad\/barra-solidaria-en-los-musicales-del-botanico-a-beneficio-de-cudeca\/#breadcrumb","itemListElement":[{"@type":"ListItem","position":1,"name":"Portada","item":"https:\/\/www.cudeca.org\/"},{"@type":"ListItem","position":2,"name":"Barra solidaria en las Noches del Bot\u00e1nico a beneficio de Cudeca"}]},{"@type":"Article","@id":"https:\/\/www.cudeca.org\/actualidad\/barra-solidaria-en-los-musicales-del-botanico-a-beneficio-de-cudeca\/#article","isPartOf":{"@id":"https:\/\/www.cudeca.org\/actualidad\/barra-solidaria-en-los-musicales-del-botanico-a-beneficio-de-cudeca\/"},"author":{"name":"Jorge Lopez","@id":"https:\/\/www.cudeca.org\/#\/schema\/person\/ef584faee50c55adf49de08e703741fd"},"headline":"Solidarity bar at Botanical Nights to benefit Cudeca","datePublished":"2019-07-23T14:35:27+00:00","dateModified":"2019-07-24T13:58:09+00:00","mainEntityOfPage":{"@id":"https:\/\/www.cudeca.org\/actualidad\/barra-solidaria-en-los-musicales-del-botanico-a-beneficio-de-cudeca\/"},"wordCount":538,"commentCount":0,"publisher":{"@id":"https:\/\/www.cudeca.org\/#organization"},"articleSection":[""],"inLanguage":"en-US","potentialAction":[{"@type":"CommentAction","name":"Comment","target":["https:\/\/www.cudeca.org\/actualidad\/barra-solidaria-en-los-musicales-del-botanico-a-beneficio-de-cudeca\/#respond"]}]},{"@type":"Person","@id":"https:\/\/www.cudeca.org\/#\/schema\/person\/ef584faee50c55adf49de08e703741fd","name":"Jorge Lopez","image":{"@type":"ImageObject","inLanguage":"en-US","@id":"https:\/\/www.cudeca.org\/#\/schema\/person\/image\/","url":"https:\/\/secure.gravatar.com\/avatar\/f861e8975d384d76728a2976bb1626da?s=96&d=mm&r=g","contentUrl":"https:\/\/secure.gravatar.com\/avatar\/f861e8975d384d76728a2976bb1626da?s=96&d=mm&r=g","caption":"Jorge Lopez"}}]}},"_links":{"self":[{"href":"https:\/\/www.cudeca.org\/en\/wp-json\/wp\/v2\/posts\/21533"}],"collection":[{"href":"https:\/\/www.cudeca.org\/en\/wp-json\/wp\/v2\/posts"}],"about":[{"href":"https:\/\/www.cudeca.org\/en\/wp-json\/wp\/v2\/types\/post"}],"author":[{"embeddable":true,"href":"https:\/\/www.cudeca.org\/en\/wp-json\/wp\/v2\/users\/5"}],"replies":[{"embeddable":true,"href":"https:\/\/www.cudeca.org\/en\/wp-json\/wp\/v2\/comments?post=21533"}],"version-history":[{"count":16,"href":"https:\/\/www.cudeca.org\/en\/wp-json\/wp\/v2\/posts\/21533\/revisions"}],"predecessor-version":[{"id":21559,"href":"https:\/\/www.cudeca.org\/en\/wp-json\/wp\/v2\/posts\/21533\/revisions\/21559"}],"wp:featuredmedia":[{"embeddable":true,"href":"https:\/\/www.cudeca.org\/en\/wp-json\/wp\/v2\/media\/21535"}],"wp:attachment":[{"href":"https:\/\/www.cudeca.org\/en\/wp-json\/wp\/v2\/media?parent=21533"}],"wp:term":[{"taxonomy":"category","embeddable":true,"href":"https:\/\/www.cudeca.org\/en\/wp-json\/wp\/v2\/categories?post=21533"},{"taxonomy":"post_tag","embeddable":true,"href":"https:\/\/www.cudeca.org\/en\/wp-json\/wp\/v2\/tags?post=21533"}],"curies":[{"name":"wp","href":"https:\/\/api.w.org\/{rel}","templated":true}]}}