{"id":21520,"date":"2019-07-18T08:15:37","date_gmt":"2019-07-18T08:15:37","guid":{"rendered":"https:\/\/www.cudeca.org\/?p=21520"},"modified":"2019-07-18T08:15:37","modified_gmt":"2019-07-18T08:15:37","slug":"donacion-solidaria-de-hiagora-formacion-en-ventas-y-consultoria-avanzada","status":"publish","type":"post","link":"https:\/\/www.cudeca.org\/en\/actualidad\/donacion-solidaria-de-hiagora-formacion-en-ventas-y-consultoria-avanzada\/","title":{"rendered":"Donaci\u00f3n solidaria de Hi\u00c1gora, formaci\u00f3n en ventas y consultor\u00eda avanzada"},"content":{"rendered":"<div class=\"wpb-content-wrapper\"><p>[vc_row][vc_column][vc_column_text]<a href=\"https:\/\/hiagora.com\/\">Hi \u00c1gora<\/a> has donated 200\u20ac as part of its corporate social responsibility policy to Cudeca Hospice.<\/p>\n<p>Hi \u00c1gora, specialised sales training centre for executives, salespeople or managers who want to achieve business excellence and catapult the economy of their business.<\/p>\n<p>We would like to thank Hi \u00c1gora for their important donation.[\/vc_column_text][\/vc_column][\/vc_row]<\/p>\n<\/div>","protected":false},"excerpt":{"rendered":"<p>[vc_row][vc_column][vc_column_text]Hi \u00c1gora has donated 200\u20ac as part of its corporate social responsibility policy to Cudeca Hospice. Hi \u00c1gora, specialised sales training centre for executives, salespeople or managers who want to achieve business excellence and catapult the economy of their business. We would like to thank Hi \u00c1gora for their important donation.[\/vc_column_text][\/vc_column][\/vc_row]<\/p>\n","protected":false},"author":2,"featured_media":21521,"comment_status":"open","ping_status":"open","sticky":false,"template":"","format":"standard","meta":[],"categories":[15],"tags":[],"yoast_head":"<!-- This site is optimized with the Yoast SEO plugin v19.4 - https:\/\/yoast.com\/wordpress\/plugins\/seo\/ -->\n<title>Donaci\u00f3n solidaria de Hi\u00c1gora, formaci\u00f3n en ventas y consultor\u00eda avanzada - Cudeca Cancer Care Hospice<\/title>\n<meta name=\"robots\" content=\"index, follow, max-snippet:-1, max-image-preview:large, max-video-preview:-1\" \/>\n<link rel=\"canonical\" href=\"https:\/\/www.cudeca.org\/actualidad\/donacion-solidaria-de-hiagora-formacion-en-ventas-y-consultoria-avanzada\/\" \/>\n<meta property=\"og:locale\" content=\"en_US\" \/>\n<meta property=\"og:type\" content=\"article\" \/>\n<meta property=\"og:title\" content=\"Donaci\u00f3n solidaria de Hi\u00c1gora, formaci\u00f3n en ventas y consultor\u00eda avanzada - Cudeca Cancer Care Hospice\" \/>\n<meta property=\"og:description\" content=\"[vc_row][vc_column][vc_column_text]Hi \u00c1gora has donated 200\u20ac as part of its corporate social responsibility policy to Cudeca Hospice. Hi \u00c1gora, specialised sales training centre for executives, salespeople or managers who want to achieve business excellence and catapult the economy of their business. We would like to thank Hi \u00c1gora for their important donation.[\/vc_column_text][\/vc_column][\/vc_row]\" \/>\n<meta property=\"og:url\" content=\"https:\/\/www.cudeca.org\/actualidad\/donacion-solidaria-de-hiagora-formacion-en-ventas-y-consultoria-avanzada\/\" \/>\n<meta property=\"og:site_name\" content=\"Cudeca Cancer Care Hospice\" \/>\n<meta property=\"article:publisher\" content=\"https:\/\/www.facebook.com\/AmigosDeCudeca\" \/>\n<meta property=\"article:published_time\" content=\"2019-07-18T08:15:37+00:00\" \/>\n<meta property=\"og:image\" content=\"https:\/\/www.cudeca.org\/wp-content\/uploads\/2019\/07\/19-Hi-Agora.png\" \/>\n\t<meta property=\"og:image:width\" content=\"338\" \/>\n\t<meta property=\"og:image:height\" content=\"149\" \/>\n\t<meta property=\"og:image:type\" content=\"image\/png\" \/>\n<meta name=\"author\" content=\"angel\" \/>\n<meta name=\"twitter:card\" content=\"summary_large_image\" \/>\n<meta name=\"twitter:creator\" content=\"@cudeca\" \/>\n<meta name=\"twitter:site\" content=\"@cudeca\" \/>\n<meta name=\"twitter:label1\" content=\"Written by\" \/>\n\t<meta name=\"twitter:data1\" content=\"angel\" \/>\n\t<meta name=\"twitter:label2\" content=\"Est. reading time\" \/>\n\t<meta name=\"twitter:data2\" content=\"1 minute\" \/>\n<script type=\"application\/ld+json\" class=\"yoast-schema-graph\">{\"@context\":\"https:\/\/schema.org\",\"@graph\":[{\"@type\":\"Organization\",\"@id\":\"https:\/\/www.cudeca.org\/#organization\",\"name\":\"Fundaci\u00f3n Cudeca\",\"url\":\"https:\/\/www.cudeca.org\/\",\"sameAs\":[\"https:\/\/www.youtube.com\/c\/cudecamalaga\",\"https:\/\/www.facebook.com\/AmigosDeCudeca\",\"https:\/\/twitter.com\/cudeca\"],\"logo\":{\"@type\":\"ImageObject\",\"inLanguage\":\"en-US\",\"@id\":\"https:\/\/www.cudeca.org\/#\/schema\/logo\/image\/\",\"url\":\"https:\/\/www.cudeca.org\/wp-content\/uploads\/2018\/02\/cudeca-logo.png\",\"contentUrl\":\"https:\/\/www.cudeca.org\/wp-content\/uploads\/2018\/02\/cudeca-logo.png\",\"width\":2121,\"height\":984,\"caption\":\"Fundaci\u00f3n Cudeca\"},\"image\":{\"@id\":\"https:\/\/www.cudeca.org\/#\/schema\/logo\/image\/\"}},{\"@type\":\"WebSite\",\"@id\":\"https:\/\/www.cudeca.org\/#website\",\"url\":\"https:\/\/www.cudeca.org\/\",\"name\":\"Fundaci\u00f3n Cudeca\",\"description\":\"Cudeca Hospice\",\"publisher\":{\"@id\":\"https:\/\/www.cudeca.org\/#organization\"},\"potentialAction\":[{\"@type\":\"SearchAction\",\"target\":{\"@type\":\"EntryPoint\",\"urlTemplate\":\"https:\/\/www.cudeca.org\/?s={search_term_string}\"},\"query-input\":\"required name=search_term_string\"}],\"inLanguage\":\"en-US\"},{\"@type\":\"WebPage\",\"@id\":\"https:\/\/www.cudeca.org\/actualidad\/donacion-solidaria-de-hiagora-formacion-en-ventas-y-consultoria-avanzada\/\",\"url\":\"https:\/\/www.cudeca.org\/actualidad\/donacion-solidaria-de-hiagora-formacion-en-ventas-y-consultoria-avanzada\/\",\"name\":\"Donaci\u00f3n solidaria de Hi\u00c1gora, formaci\u00f3n en ventas y consultor\u00eda avanzada - Cudeca Cancer Care Hospice\",\"isPartOf\":{\"@id\":\"https:\/\/www.cudeca.org\/#website\"},\"datePublished\":\"2019-07-18T08:15:37+00:00\",\"dateModified\":\"2019-07-18T08:15:37+00:00\",\"breadcrumb\":{\"@id\":\"https:\/\/www.cudeca.org\/actualidad\/donacion-solidaria-de-hiagora-formacion-en-ventas-y-consultoria-avanzada\/#breadcrumb\"},\"inLanguage\":\"en-US\",\"potentialAction\":[{\"@type\":\"ReadAction\",\"target\":[\"https:\/\/www.cudeca.org\/actualidad\/donacion-solidaria-de-hiagora-formacion-en-ventas-y-consultoria-avanzada\/\"]}]},{\"@type\":\"BreadcrumbList\",\"@id\":\"https:\/\/www.cudeca.org\/actualidad\/donacion-solidaria-de-hiagora-formacion-en-ventas-y-consultoria-avanzada\/#breadcrumb\",\"itemListElement\":[{\"@type\":\"ListItem\",\"position\":1,\"name\":\"Portada\",\"item\":\"https:\/\/www.cudeca.org\/\"},{\"@type\":\"ListItem\",\"position\":2,\"name\":\"Donaci\u00f3n solidaria de Hi\u00c1gora, formaci\u00f3n en ventas y consultor\u00eda avanzada\"}]},{\"@type\":\"Article\",\"@id\":\"https:\/\/www.cudeca.org\/actualidad\/donacion-solidaria-de-hiagora-formacion-en-ventas-y-consultoria-avanzada\/#article\",\"isPartOf\":{\"@id\":\"https:\/\/www.cudeca.org\/actualidad\/donacion-solidaria-de-hiagora-formacion-en-ventas-y-consultoria-avanzada\/\"},\"author\":{\"name\":\"angel\",\"@id\":\"https:\/\/www.cudeca.org\/#\/schema\/person\/320934aa099c37e69d4148721ba3e4be\"},\"headline\":\"Donaci\u00f3n solidaria de Hi\u00c1gora, formaci\u00f3n en ventas y consultor\u00eda avanzada\",\"datePublished\":\"2019-07-18T08:15:37+00:00\",\"dateModified\":\"2019-07-18T08:15:37+00:00\",\"mainEntityOfPage\":{\"@id\":\"https:\/\/www.cudeca.org\/actualidad\/donacion-solidaria-de-hiagora-formacion-en-ventas-y-consultoria-avanzada\/\"},\"wordCount\":165,\"commentCount\":0,\"publisher\":{\"@id\":\"https:\/\/www.cudeca.org\/#organization\"},\"articleSection\":[\"\"],\"inLanguage\":\"en-US\",\"potentialAction\":[{\"@type\":\"CommentAction\",\"name\":\"Comment\",\"target\":[\"https:\/\/www.cudeca.org\/actualidad\/donacion-solidaria-de-hiagora-formacion-en-ventas-y-consultoria-avanzada\/#respond\"]}]},{\"@type\":\"Person\",\"@id\":\"https:\/\/www.cudeca.org\/#\/schema\/person\/320934aa099c37e69d4148721ba3e4be\",\"name\":\"angel\",\"image\":{\"@type\":\"ImageObject\",\"inLanguage\":\"en-US\",\"@id\":\"https:\/\/www.cudeca.org\/#\/schema\/person\/image\/\",\"url\":\"https:\/\/secure.gravatar.com\/avatar\/91b6f0e62d069005f36feb58e1ffda2c?s=96&d=mm&r=g\",\"contentUrl\":\"https:\/\/secure.gravatar.com\/avatar\/91b6f0e62d069005f36feb58e1ffda2c?s=96&d=mm&r=g\",\"caption\":\"angel\"}}]}<\/script>\n<!-- \/ Yoast SEO plugin. -->","yoast_head_json":{"title":"Donaci\u00f3n solidaria de Hi\u00c1gora, formaci\u00f3n en ventas y consultor\u00eda avanzada - Cudeca Cancer Care Hospice","robots":{"index":"index","follow":"follow","max-snippet":"max-snippet:-1","max-image-preview":"max-image-preview:large","max-video-preview":"max-video-preview:-1"},"canonical":"https:\/\/www.cudeca.org\/actualidad\/donacion-solidaria-de-hiagora-formacion-en-ventas-y-consultoria-avanzada\/","og_locale":"en_US","og_type":"article","og_title":"Donaci\u00f3n solidaria de Hi\u00c1gora, formaci\u00f3n en ventas y consultor\u00eda avanzada - Cudeca Cancer Care Hospice","og_description":"[vc_row][vc_column][vc_column_text]Hi \u00c1gora has donated 200\u20ac as part of its corporate social responsibility policy to Cudeca Hospice. Hi \u00c1gora, specialised sales training centre for executives, salespeople or managers who want to achieve business excellence and catapult the economy of their business. We would like to thank Hi \u00c1gora for their important donation.[\/vc_column_text][\/vc_column][\/vc_row]","og_url":"https:\/\/www.cudeca.org\/actualidad\/donacion-solidaria-de-hiagora-formacion-en-ventas-y-consultoria-avanzada\/","og_site_name":"Cudeca Cancer Care Hospice","article_publisher":"https:\/\/www.facebook.com\/AmigosDeCudeca","article_published_time":"2019-07-18T08:15:37+00:00","og_image":[{"width":338,"height":149,"url":"https:\/\/www.cudeca.org\/wp-content\/uploads\/2019\/07\/19-Hi-Agora.png","type":"image\/png"}],"author":"angel","twitter_card":"summary_large_image","twitter_creator":"@cudeca","twitter_site":"@cudeca","twitter_misc":{"Written by":"angel","Est. reading time":"1 minute"},"schema":{"@context":"https:\/\/schema.org","@graph":[{"@type":"Organization","@id":"https:\/\/www.cudeca.org\/#organization","name":"Fundaci\u00f3n Cudeca","url":"https:\/\/www.cudeca.org\/","sameAs":["https:\/\/www.youtube.com\/c\/cudecamalaga","https:\/\/www.facebook.com\/AmigosDeCudeca","https:\/\/twitter.com\/cudeca"],"logo":{"@type":"ImageObject","inLanguage":"en-US","@id":"https:\/\/www.cudeca.org\/#\/schema\/logo\/image\/","url":"https:\/\/www.cudeca.org\/wp-content\/uploads\/2018\/02\/cudeca-logo.png","contentUrl":"https:\/\/www.cudeca.org\/wp-content\/uploads\/2018\/02\/cudeca-logo.png","width":2121,"height":984,"caption":"Fundaci\u00f3n Cudeca"},"image":{"@id":"https:\/\/www.cudeca.org\/#\/schema\/logo\/image\/"}},{"@type":"WebSite","@id":"https:\/\/www.cudeca.org\/#website","url":"https:\/\/www.cudeca.org\/","name":"Fundaci\u00f3n Cudeca","description":"Cudeca Hospice","publisher":{"@id":"https:\/\/www.cudeca.org\/#organization"},"potentialAction":[{"@type":"SearchAction","target":{"@type":"EntryPoint","urlTemplate":"https:\/\/www.cudeca.org\/?s={search_term_string}"},"query-input":"required name=search_term_string"}],"inLanguage":"en-US"},{"@type":"WebPage","@id":"https:\/\/www.cudeca.org\/actualidad\/donacion-solidaria-de-hiagora-formacion-en-ventas-y-consultoria-avanzada\/","url":"https:\/\/www.cudeca.org\/actualidad\/donacion-solidaria-de-hiagora-formacion-en-ventas-y-consultoria-avanzada\/","name":"Donaci\u00f3n solidaria de Hi\u00c1gora, formaci\u00f3n en ventas y consultor\u00eda avanzada - Cudeca Cancer Care Hospice","isPartOf":{"@id":"https:\/\/www.cudeca.org\/#website"},"datePublished":"2019-07-18T08:15:37+00:00","dateModified":"2019-07-18T08:15:37+00:00","breadcrumb":{"@id":"https:\/\/www.cudeca.org\/actualidad\/donacion-solidaria-de-hiagora-formacion-en-ventas-y-consultoria-avanzada\/#breadcrumb"},"inLanguage":"en-US","potentialAction":[{"@type":"ReadAction","target":["https:\/\/www.cudeca.org\/actualidad\/donacion-solidaria-de-hiagora-formacion-en-ventas-y-consultoria-avanzada\/"]}]},{"@type":"BreadcrumbList","@id":"https:\/\/www.cudeca.org\/actualidad\/donacion-solidaria-de-hiagora-formacion-en-ventas-y-consultoria-avanzada\/#breadcrumb","itemListElement":[{"@type":"ListItem","position":1,"name":"Portada","item":"https:\/\/www.cudeca.org\/"},{"@type":"ListItem","position":2,"name":"Donaci\u00f3n solidaria de Hi\u00c1gora, formaci\u00f3n en ventas y consultor\u00eda avanzada"}]},{"@type":"Article","@id":"https:\/\/www.cudeca.org\/actualidad\/donacion-solidaria-de-hiagora-formacion-en-ventas-y-consultoria-avanzada\/#article","isPartOf":{"@id":"https:\/\/www.cudeca.org\/actualidad\/donacion-solidaria-de-hiagora-formacion-en-ventas-y-consultoria-avanzada\/"},"author":{"name":"angel","@id":"https:\/\/www.cudeca.org\/#\/schema\/person\/320934aa099c37e69d4148721ba3e4be"},"headline":"Donaci\u00f3n solidaria de Hi\u00c1gora, formaci\u00f3n en ventas y consultor\u00eda avanzada","datePublished":"2019-07-18T08:15:37+00:00","dateModified":"2019-07-18T08:15:37+00:00","mainEntityOfPage":{"@id":"https:\/\/www.cudeca.org\/actualidad\/donacion-solidaria-de-hiagora-formacion-en-ventas-y-consultoria-avanzada\/"},"wordCount":165,"commentCount":0,"publisher":{"@id":"https:\/\/www.cudeca.org\/#organization"},"articleSection":[""],"inLanguage":"en-US","potentialAction":[{"@type":"CommentAction","name":"Comment","target":["https:\/\/www.cudeca.org\/actualidad\/donacion-solidaria-de-hiagora-formacion-en-ventas-y-consultoria-avanzada\/#respond"]}]},{"@type":"Person","@id":"https:\/\/www.cudeca.org\/#\/schema\/person\/320934aa099c37e69d4148721ba3e4be","name":"angel","image":{"@type":"ImageObject","inLanguage":"en-US","@id":"https:\/\/www.cudeca.org\/#\/schema\/person\/image\/","url":"https:\/\/secure.gravatar.com\/avatar\/91b6f0e62d069005f36feb58e1ffda2c?s=96&d=mm&r=g","contentUrl":"https:\/\/secure.gravatar.com\/avatar\/91b6f0e62d069005f36feb58e1ffda2c?s=96&d=mm&r=g","caption":"angel"}}]}},"_links":{"self":[{"href":"https:\/\/www.cudeca.org\/en\/wp-json\/wp\/v2\/posts\/21520"}],"collection":[{"href":"https:\/\/www.cudeca.org\/en\/wp-json\/wp\/v2\/posts"}],"about":[{"href":"https:\/\/www.cudeca.org\/en\/wp-json\/wp\/v2\/types\/post"}],"author":[{"embeddable":true,"href":"https:\/\/www.cudeca.org\/en\/wp-json\/wp\/v2\/users\/2"}],"replies":[{"embeddable":true,"href":"https:\/\/www.cudeca.org\/en\/wp-json\/wp\/v2\/comments?post=21520"}],"version-history":[{"count":1,"href":"https:\/\/www.cudeca.org\/en\/wp-json\/wp\/v2\/posts\/21520\/revisions"}],"predecessor-version":[{"id":21522,"href":"https:\/\/www.cudeca.org\/en\/wp-json\/wp\/v2\/posts\/21520\/revisions\/21522"}],"wp:featuredmedia":[{"embeddable":true,"href":"https:\/\/www.cudeca.org\/en\/wp-json\/wp\/v2\/media\/21521"}],"wp:attachment":[{"href":"https:\/\/www.cudeca.org\/en\/wp-json\/wp\/v2\/media?parent=21520"}],"wp:term":[{"taxonomy":"category","embeddable":true,"href":"https:\/\/www.cudeca.org\/en\/wp-json\/wp\/v2\/categories?post=21520"},{"taxonomy":"post_tag","embeddable":true,"href":"https:\/\/www.cudeca.org\/en\/wp-json\/wp\/v2\/tags?post=21520"}],"curies":[{"name":"wp","href":"https:\/\/api.w.org\/{rel}","templated":true}]}}