{"id":21491,"date":"2019-07-12T09:33:26","date_gmt":"2019-07-12T09:33:26","guid":{"rendered":"https:\/\/www.cudeca.org\/?p=21491"},"modified":"2019-07-12T09:33:30","modified_gmt":"2019-07-12T09:33:30","slug":"festival-solidario-fguma-a-beneficio-de-cudeca","status":"publish","type":"post","link":"https:\/\/www.cudeca.org\/en\/actualidad\/festival-solidario-fguma-a-beneficio-de-cudeca\/","title":{"rendered":"Festival Solidario FGUMA a beneficio de Cudeca"},"content":{"rendered":"\n<p>Jueves, 18 julio de 2019 | 20.00<br>Balneario de los Ba\u00f1os del Carmen, M\u00e1laga<br>\ud83c\udf9f Entrada solidaria: 15 \u20ac  &gt;&gt; <a target=\"_blank\" href=\"https:\/\/l.facebook.com\/l.php?u=https%3A%2F%2Fbit.ly%2F2WEou36%3Ffbclid%3DIwAR1P7aVsS15NY8nxHcaNO-gYsQZ2dHUcZJl4ou6--bJUUdGnqUi1Z8UdTTg&amp;h=AT1mCxeee1uGDkjl1zNnltvmwUHHaNXXo5SuhPqra0963N_TwpVEEYCGSVLN9RmL3lrNkbkyprICB3bqNwW-SMrQiDlQgeGw18xtVZNwkbVQ5nlq1KbQF1E3haGWRXYshsvBh2M\" rel=\"noreferrer noopener\">http:\/\/bit.ly\/2WEou36<\/a><\/p>\n\n\n\n<p><a rel=\"noreferrer noopener\" target=\"_blank\" href=\"https:\/\/www.facebook.com\/Juliamartinmusic1\">Julia Mart\u00edn<\/a> y la <a rel=\"noreferrer noopener\" target=\"_blank\" href=\"https:\/\/www.facebook.com\/Freesoulband\/\">Free Soul Band<\/a> se dar\u00e1n cita en El Balneario en el festival solidario con motivo de los Cursos de Verano UMA 2019 en beneficio de <a rel=\"noreferrer noopener\" target=\"_blank\" href=\"https:\/\/www.facebook.com\/AmigosDeCudeca\/\">Fundaci\u00f3n Cudeca<\/a> y <a rel=\"noreferrer noopener\" target=\"_blank\" href=\"https:\/\/www.facebook.com\/CooperacionHonduras\/\">Cooperaci\u00f3n Honduras<\/a>. La actuaci\u00f3n estar\u00e1 acompa\u00f1ada de una sesi\u00f3n a cargo de <a rel=\"noreferrer noopener\" target=\"_blank\" href=\"https:\/\/www.facebook.com\/MESTIZZOS\/\">Los Mestizzos Dj Set<\/a>.<\/p>\n\n\n\n<p>M\u00e1s informaci\u00f3n y entradas en: <a target=\"_blank\" href=\"https:\/\/l.facebook.com\/l.php?u=https%3A%2F%2Ffguma.es%2Fcursos-verano-actividades-2019%2F%3Ffbclid%3DIwAR1Bj6G7xSA4yXn8c9Ra7VeTOYII0oXXZXIi9jpB8JMOYi8woBLt8USU5NA%23solidario&amp;h=AT26NCtOe5ABOK2B7lC7JXH6cyywUlxuBFkdfoWl4PXe-NEO7AYqm7W0oFXXhJQFTFXDXHIHHzdd3e9n37YYt0cqbDGfEkVLjrPkxW1ym5JbzSWMVbUGa0ut7U0mEfcPvsyDrcg\" rel=\"noreferrer noopener\">https:\/\/fguma.es\/cursos-verano-actividades-2019\/#solidario<\/a><\/p>\n\n\n\n<p><a target=\"_blank\" href=\"https:\/\/www.facebook.com\/hashtag\/veranouma2019\" rel=\"noreferrer noopener\">#veranoUMA2019<\/a><\/p>\n\n\n\n<p>&#8212;&#8212;&#8212;&#8212;&#8212;&#8212;&#8212;<\/p>\n\n\n\n<p>\/\/ FREE SOUL BAND \/\/<\/p>\n\n\n\n<p>Free Soul Band, es una formaci\u00f3n creada en 1999 y que est\u00e1 considerada como la mejor banda de soul de la Costa del Sol. Curtida en los mas variopintos escenarios de toda Espa\u00f1a, est\u00e1 integrada por m\u00fasicos de amplia experiencia, que en los \u00faltimos 20 a\u00f1os han formado parte de muchas de las bandas mas significativas del panorama andaluz, dentro del mundo del rock, el funk, el jazz o el rhythm &amp; blues.<\/p>\n\n\n\n<p>Su repertorio est\u00e1 basado en el m\u00e1s puro estilo soul, con temas cl\u00e1sicos como Sex machine de James Brown, My Girl de The Temptations o I can\u00b4t turn you loose de Otis Redding. Artistas de la talla de Smokey Robinson, Eddie Floyd, Wilson Picket o Sam &amp; Dave, y m\u00e1s actuales como Amy Winehouse y Sharon Jones.<\/p>\n\n\n\n<p>El sonido de Free Soul Band se encuentra a mitad de camino entre los Blues Brothers y The Commitments, haciendo al mismo tiempo justo homenaje al sonido funk de grupos como Kool &amp; the Gang o Earth, Wind &amp; Fire.<\/p>\n\n\n\n<p>\/\/ JULIA MART\u00cdN \/\/<\/p>\n\n\n\n<p>Julia Mart\u00edn es una cantante, compositora y actriz malague\u00f1a. Tras terminar sus estudios en Rennes (Francia) se traslad\u00f3 a Londres, donde vivi\u00f3 durante dos a\u00f1os. All\u00ed trabaj\u00f3 en un estudio musical y comenz\u00f3 su trayectoria como compositora. De vuelta a M\u00e1laga, Julia Mart\u00edn empez\u00f3 cantando en la calle y m\u00e1s tarde trabaj\u00f3 con varias bandas de varios formatos, en principio haciendo versiones de grandes cl\u00e1sicos de la m\u00fasica jazz, R&amp;B y soul principalmente. M\u00e1s tarde se interesa por el live looping, t\u00e9cnica que usa en sus conciertos, sampleando sonidos, modificando la voz, etc.<\/p>\n\n\n\n<p>En 2018 lanz\u00f3 su primer \u00e1lbum, S.U.P.E.R.R.E.A.L., compuesto y escrito por ella, que consta de nueve canciones con colaboraciones de otros artistas como Elphomega, Gordomaster y Des Marks. Su sello caracter\u00edstico es pop, R&amp;B y hip-hop, aunque a ella le gusta definir su m\u00fasica como daily music (m\u00fasica diaria), porque seg\u00fan la situaci\u00f3n, el momento y las vivencias su m\u00fasica va variando aunque es f\u00e1cil reconocer su estilo caracter\u00edstico en todas ellas.<\/p>\n\n\n\n<p>\/\/ LOS MESTIZZOS DJ SET \/\/<\/p>\n\n\n\n<p>Los Mestizzos Dj Set son un grupo de cuatro amigos amigos que pinchan discos uno detr\u00e1s de otro con cuatro estilos muy diferenciados de m\u00fasica: Remember, Folk, Bogaloo y clasicazos.<br>Ellos son Dj Moon Safari, Dj Melias, Dj Markes y Dj Colpaso.<\/p>\n","protected":false},"excerpt":{"rendered":"<p>Jueves, 18 julio de 2019 | 20.00Balneario de los Ba\u00f1os del Carmen, M\u00e1laga\ud83c\udf9f Entrada solidaria: 15 \u20ac &gt;&gt; http:\/\/bit.ly\/2WEou36 Julia Mart\u00edn y la Free Soul Band se dar\u00e1n cita en El Balneario en el festival solidario con motivo de los Cursos de Verano UMA 2019 en beneficio de Fundaci\u00f3n Cudeca y Cooperaci\u00f3n Honduras. La actuaci\u00f3n [&hellip;]<\/p>\n","protected":false},"author":5,"featured_media":21493,"comment_status":"open","ping_status":"open","sticky":false,"template":"","format":"standard","meta":[],"categories":[12],"tags":[],"yoast_head":"<!-- This site is optimized with the Yoast SEO plugin v19.4 - https:\/\/yoast.com\/wordpress\/plugins\/seo\/ -->\n<title>Festival Solidario FGUMA a beneficio de Cudeca - Cudeca Cancer Care Hospice<\/title>\n<meta name=\"robots\" content=\"index, follow, max-snippet:-1, max-image-preview:large, max-video-preview:-1\" \/>\n<link rel=\"canonical\" href=\"https:\/\/www.cudeca.org\/en\/actualidad\/festival-solidario-fguma-a-beneficio-de-cudeca\/\" \/>\n<meta property=\"og:locale\" content=\"en_US\" \/>\n<meta property=\"og:type\" content=\"article\" \/>\n<meta property=\"og:title\" content=\"Festival Solidario FGUMA a beneficio de Cudeca - Cudeca Cancer Care Hospice\" \/>\n<meta property=\"og:description\" content=\"Jueves, 18 julio de 2019 | 20.00Balneario de los Ba\u00f1os del Carmen, M\u00e1laga\ud83c\udf9f Entrada solidaria: 15 \u20ac &gt;&gt; http:\/\/bit.ly\/2WEou36 Julia Mart\u00edn y la Free Soul Band se dar\u00e1n cita en El Balneario en el festival solidario con motivo de los Cursos de Verano UMA 2019 en beneficio de Fundaci\u00f3n Cudeca y Cooperaci\u00f3n Honduras. La actuaci\u00f3n [&hellip;]\" \/>\n<meta property=\"og:url\" content=\"https:\/\/www.cudeca.org\/en\/actualidad\/festival-solidario-fguma-a-beneficio-de-cudeca\/\" \/>\n<meta property=\"og:site_name\" content=\"Cudeca Cancer Care Hospice\" \/>\n<meta property=\"article:publisher\" content=\"https:\/\/www.facebook.com\/AmigosDeCudeca\" \/>\n<meta property=\"article:published_time\" content=\"2019-07-12T09:33:26+00:00\" \/>\n<meta property=\"article:modified_time\" content=\"2019-07-12T09:33:30+00:00\" \/>\n<meta property=\"og:image\" content=\"https:\/\/www.cudeca.org\/wp-content\/uploads\/2019\/07\/CARTEL_CV2019_FESTIVALSOLIDARIO-web.png\" \/>\n\t<meta property=\"og:image:width\" content=\"842\" \/>\n\t<meta property=\"og:image:height\" content=\"1191\" \/>\n\t<meta property=\"og:image:type\" content=\"image\/png\" \/>\n<meta name=\"author\" content=\"Jorge Lopez\" \/>\n<meta name=\"twitter:card\" content=\"summary_large_image\" \/>\n<meta name=\"twitter:creator\" content=\"@cudeca\" \/>\n<meta name=\"twitter:site\" content=\"@cudeca\" \/>\n<meta name=\"twitter:label1\" content=\"Written by\" \/>\n\t<meta name=\"twitter:data1\" content=\"Jorge Lopez\" \/>\n\t<meta name=\"twitter:label2\" content=\"Est. reading time\" \/>\n\t<meta name=\"twitter:data2\" content=\"3 minutes\" \/>\n<script type=\"application\/ld+json\" class=\"yoast-schema-graph\">{\"@context\":\"https:\/\/schema.org\",\"@graph\":[{\"@type\":\"Organization\",\"@id\":\"https:\/\/www.cudeca.org\/#organization\",\"name\":\"Fundaci\u00f3n Cudeca\",\"url\":\"https:\/\/www.cudeca.org\/\",\"sameAs\":[\"https:\/\/www.youtube.com\/c\/cudecamalaga\",\"https:\/\/www.facebook.com\/AmigosDeCudeca\",\"https:\/\/twitter.com\/cudeca\"],\"logo\":{\"@type\":\"ImageObject\",\"inLanguage\":\"en-US\",\"@id\":\"https:\/\/www.cudeca.org\/#\/schema\/logo\/image\/\",\"url\":\"https:\/\/www.cudeca.org\/wp-content\/uploads\/2018\/02\/cudeca-logo.png\",\"contentUrl\":\"https:\/\/www.cudeca.org\/wp-content\/uploads\/2018\/02\/cudeca-logo.png\",\"width\":2121,\"height\":984,\"caption\":\"Fundaci\u00f3n Cudeca\"},\"image\":{\"@id\":\"https:\/\/www.cudeca.org\/#\/schema\/logo\/image\/\"}},{\"@type\":\"WebSite\",\"@id\":\"https:\/\/www.cudeca.org\/#website\",\"url\":\"https:\/\/www.cudeca.org\/\",\"name\":\"Fundaci\u00f3n Cudeca\",\"description\":\"Cudeca Hospice\",\"publisher\":{\"@id\":\"https:\/\/www.cudeca.org\/#organization\"},\"potentialAction\":[{\"@type\":\"SearchAction\",\"target\":{\"@type\":\"EntryPoint\",\"urlTemplate\":\"https:\/\/www.cudeca.org\/?s={search_term_string}\"},\"query-input\":\"required name=search_term_string\"}],\"inLanguage\":\"en-US\"},{\"@type\":\"WebPage\",\"@id\":\"https:\/\/www.cudeca.org\/en\/actualidad\/festival-solidario-fguma-a-beneficio-de-cudeca\/\",\"url\":\"https:\/\/www.cudeca.org\/en\/actualidad\/festival-solidario-fguma-a-beneficio-de-cudeca\/\",\"name\":\"Festival Solidario FGUMA a beneficio de Cudeca - Cudeca Cancer Care Hospice\",\"isPartOf\":{\"@id\":\"https:\/\/www.cudeca.org\/#website\"},\"datePublished\":\"2019-07-12T09:33:26+00:00\",\"dateModified\":\"2019-07-12T09:33:30+00:00\",\"breadcrumb\":{\"@id\":\"https:\/\/www.cudeca.org\/en\/actualidad\/festival-solidario-fguma-a-beneficio-de-cudeca\/#breadcrumb\"},\"inLanguage\":\"en-US\",\"potentialAction\":[{\"@type\":\"ReadAction\",\"target\":[\"https:\/\/www.cudeca.org\/en\/actualidad\/festival-solidario-fguma-a-beneficio-de-cudeca\/\"]}]},{\"@type\":\"BreadcrumbList\",\"@id\":\"https:\/\/www.cudeca.org\/en\/actualidad\/festival-solidario-fguma-a-beneficio-de-cudeca\/#breadcrumb\",\"itemListElement\":[{\"@type\":\"ListItem\",\"position\":1,\"name\":\"Portada\",\"item\":\"https:\/\/www.cudeca.org\/\"},{\"@type\":\"ListItem\",\"position\":2,\"name\":\"Festival Solidario FGUMA a beneficio de Cudeca\"}]},{\"@type\":\"Article\",\"@id\":\"https:\/\/www.cudeca.org\/en\/actualidad\/festival-solidario-fguma-a-beneficio-de-cudeca\/#article\",\"isPartOf\":{\"@id\":\"https:\/\/www.cudeca.org\/en\/actualidad\/festival-solidario-fguma-a-beneficio-de-cudeca\/\"},\"author\":{\"name\":\"Jorge Lopez\",\"@id\":\"https:\/\/www.cudeca.org\/#\/schema\/person\/ef584faee50c55adf49de08e703741fd\"},\"headline\":\"Festival Solidario FGUMA a beneficio de Cudeca\",\"datePublished\":\"2019-07-12T09:33:26+00:00\",\"dateModified\":\"2019-07-12T09:33:30+00:00\",\"mainEntityOfPage\":{\"@id\":\"https:\/\/www.cudeca.org\/en\/actualidad\/festival-solidario-fguma-a-beneficio-de-cudeca\/\"},\"wordCount\":519,\"commentCount\":0,\"publisher\":{\"@id\":\"https:\/\/www.cudeca.org\/#organization\"},\"articleSection\":[\"\"],\"inLanguage\":\"en-US\",\"potentialAction\":[{\"@type\":\"CommentAction\",\"name\":\"Comment\",\"target\":[\"https:\/\/www.cudeca.org\/en\/actualidad\/festival-solidario-fguma-a-beneficio-de-cudeca\/#respond\"]}]},{\"@type\":\"Person\",\"@id\":\"https:\/\/www.cudeca.org\/#\/schema\/person\/ef584faee50c55adf49de08e703741fd\",\"name\":\"Jorge Lopez\",\"image\":{\"@type\":\"ImageObject\",\"inLanguage\":\"en-US\",\"@id\":\"https:\/\/www.cudeca.org\/#\/schema\/person\/image\/\",\"url\":\"https:\/\/secure.gravatar.com\/avatar\/f861e8975d384d76728a2976bb1626da?s=96&d=mm&r=g\",\"contentUrl\":\"https:\/\/secure.gravatar.com\/avatar\/f861e8975d384d76728a2976bb1626da?s=96&d=mm&r=g\",\"caption\":\"Jorge Lopez\"}}]}<\/script>\n<!-- \/ Yoast SEO plugin. -->","yoast_head_json":{"title":"Festival Solidario FGUMA a beneficio de Cudeca - Cudeca Cancer Care Hospice","robots":{"index":"index","follow":"follow","max-snippet":"max-snippet:-1","max-image-preview":"max-image-preview:large","max-video-preview":"max-video-preview:-1"},"canonical":"https:\/\/www.cudeca.org\/en\/actualidad\/festival-solidario-fguma-a-beneficio-de-cudeca\/","og_locale":"en_US","og_type":"article","og_title":"Festival Solidario FGUMA a beneficio de Cudeca - Cudeca Cancer Care Hospice","og_description":"Jueves, 18 julio de 2019 | 20.00Balneario de los Ba\u00f1os del Carmen, M\u00e1laga\ud83c\udf9f Entrada solidaria: 15 \u20ac &gt;&gt; http:\/\/bit.ly\/2WEou36 Julia Mart\u00edn y la Free Soul Band se dar\u00e1n cita en El Balneario en el festival solidario con motivo de los Cursos de Verano UMA 2019 en beneficio de Fundaci\u00f3n Cudeca y Cooperaci\u00f3n Honduras. La actuaci\u00f3n [&hellip;]","og_url":"https:\/\/www.cudeca.org\/en\/actualidad\/festival-solidario-fguma-a-beneficio-de-cudeca\/","og_site_name":"Cudeca Cancer Care Hospice","article_publisher":"https:\/\/www.facebook.com\/AmigosDeCudeca","article_published_time":"2019-07-12T09:33:26+00:00","article_modified_time":"2019-07-12T09:33:30+00:00","og_image":[{"width":842,"height":1191,"url":"https:\/\/www.cudeca.org\/wp-content\/uploads\/2019\/07\/CARTEL_CV2019_FESTIVALSOLIDARIO-web.png","type":"image\/png"}],"author":"Jorge Lopez","twitter_card":"summary_large_image","twitter_creator":"@cudeca","twitter_site":"@cudeca","twitter_misc":{"Written by":"Jorge Lopez","Est. reading time":"3 minutes"},"schema":{"@context":"https:\/\/schema.org","@graph":[{"@type":"Organization","@id":"https:\/\/www.cudeca.org\/#organization","name":"Fundaci\u00f3n Cudeca","url":"https:\/\/www.cudeca.org\/","sameAs":["https:\/\/www.youtube.com\/c\/cudecamalaga","https:\/\/www.facebook.com\/AmigosDeCudeca","https:\/\/twitter.com\/cudeca"],"logo":{"@type":"ImageObject","inLanguage":"en-US","@id":"https:\/\/www.cudeca.org\/#\/schema\/logo\/image\/","url":"https:\/\/www.cudeca.org\/wp-content\/uploads\/2018\/02\/cudeca-logo.png","contentUrl":"https:\/\/www.cudeca.org\/wp-content\/uploads\/2018\/02\/cudeca-logo.png","width":2121,"height":984,"caption":"Fundaci\u00f3n Cudeca"},"image":{"@id":"https:\/\/www.cudeca.org\/#\/schema\/logo\/image\/"}},{"@type":"WebSite","@id":"https:\/\/www.cudeca.org\/#website","url":"https:\/\/www.cudeca.org\/","name":"Fundaci\u00f3n Cudeca","description":"Cudeca Hospice","publisher":{"@id":"https:\/\/www.cudeca.org\/#organization"},"potentialAction":[{"@type":"SearchAction","target":{"@type":"EntryPoint","urlTemplate":"https:\/\/www.cudeca.org\/?s={search_term_string}"},"query-input":"required name=search_term_string"}],"inLanguage":"en-US"},{"@type":"WebPage","@id":"https:\/\/www.cudeca.org\/en\/actualidad\/festival-solidario-fguma-a-beneficio-de-cudeca\/","url":"https:\/\/www.cudeca.org\/en\/actualidad\/festival-solidario-fguma-a-beneficio-de-cudeca\/","name":"Festival Solidario FGUMA a beneficio de Cudeca - Cudeca Cancer Care Hospice","isPartOf":{"@id":"https:\/\/www.cudeca.org\/#website"},"datePublished":"2019-07-12T09:33:26+00:00","dateModified":"2019-07-12T09:33:30+00:00","breadcrumb":{"@id":"https:\/\/www.cudeca.org\/en\/actualidad\/festival-solidario-fguma-a-beneficio-de-cudeca\/#breadcrumb"},"inLanguage":"en-US","potentialAction":[{"@type":"ReadAction","target":["https:\/\/www.cudeca.org\/en\/actualidad\/festival-solidario-fguma-a-beneficio-de-cudeca\/"]}]},{"@type":"BreadcrumbList","@id":"https:\/\/www.cudeca.org\/en\/actualidad\/festival-solidario-fguma-a-beneficio-de-cudeca\/#breadcrumb","itemListElement":[{"@type":"ListItem","position":1,"name":"Portada","item":"https:\/\/www.cudeca.org\/"},{"@type":"ListItem","position":2,"name":"Festival Solidario FGUMA a beneficio de Cudeca"}]},{"@type":"Article","@id":"https:\/\/www.cudeca.org\/en\/actualidad\/festival-solidario-fguma-a-beneficio-de-cudeca\/#article","isPartOf":{"@id":"https:\/\/www.cudeca.org\/en\/actualidad\/festival-solidario-fguma-a-beneficio-de-cudeca\/"},"author":{"name":"Jorge Lopez","@id":"https:\/\/www.cudeca.org\/#\/schema\/person\/ef584faee50c55adf49de08e703741fd"},"headline":"Festival Solidario FGUMA a beneficio de Cudeca","datePublished":"2019-07-12T09:33:26+00:00","dateModified":"2019-07-12T09:33:30+00:00","mainEntityOfPage":{"@id":"https:\/\/www.cudeca.org\/en\/actualidad\/festival-solidario-fguma-a-beneficio-de-cudeca\/"},"wordCount":519,"commentCount":0,"publisher":{"@id":"https:\/\/www.cudeca.org\/#organization"},"articleSection":[""],"inLanguage":"en-US","potentialAction":[{"@type":"CommentAction","name":"Comment","target":["https:\/\/www.cudeca.org\/en\/actualidad\/festival-solidario-fguma-a-beneficio-de-cudeca\/#respond"]}]},{"@type":"Person","@id":"https:\/\/www.cudeca.org\/#\/schema\/person\/ef584faee50c55adf49de08e703741fd","name":"Jorge Lopez","image":{"@type":"ImageObject","inLanguage":"en-US","@id":"https:\/\/www.cudeca.org\/#\/schema\/person\/image\/","url":"https:\/\/secure.gravatar.com\/avatar\/f861e8975d384d76728a2976bb1626da?s=96&d=mm&r=g","contentUrl":"https:\/\/secure.gravatar.com\/avatar\/f861e8975d384d76728a2976bb1626da?s=96&d=mm&r=g","caption":"Jorge Lopez"}}]}},"_links":{"self":[{"href":"https:\/\/www.cudeca.org\/en\/wp-json\/wp\/v2\/posts\/21491"}],"collection":[{"href":"https:\/\/www.cudeca.org\/en\/wp-json\/wp\/v2\/posts"}],"about":[{"href":"https:\/\/www.cudeca.org\/en\/wp-json\/wp\/v2\/types\/post"}],"author":[{"embeddable":true,"href":"https:\/\/www.cudeca.org\/en\/wp-json\/wp\/v2\/users\/5"}],"replies":[{"embeddable":true,"href":"https:\/\/www.cudeca.org\/en\/wp-json\/wp\/v2\/comments?post=21491"}],"version-history":[{"count":1,"href":"https:\/\/www.cudeca.org\/en\/wp-json\/wp\/v2\/posts\/21491\/revisions"}],"predecessor-version":[{"id":21492,"href":"https:\/\/www.cudeca.org\/en\/wp-json\/wp\/v2\/posts\/21491\/revisions\/21492"}],"wp:featuredmedia":[{"embeddable":true,"href":"https:\/\/www.cudeca.org\/en\/wp-json\/wp\/v2\/media\/21493"}],"wp:attachment":[{"href":"https:\/\/www.cudeca.org\/en\/wp-json\/wp\/v2\/media?parent=21491"}],"wp:term":[{"taxonomy":"category","embeddable":true,"href":"https:\/\/www.cudeca.org\/en\/wp-json\/wp\/v2\/categories?post=21491"},{"taxonomy":"post_tag","embeddable":true,"href":"https:\/\/www.cudeca.org\/en\/wp-json\/wp\/v2\/tags?post=21491"}],"curies":[{"name":"wp","href":"https:\/\/api.w.org\/{rel}","templated":true}]}}