{"id":21429,"date":"2019-07-04T11:20:56","date_gmt":"2019-07-04T11:20:56","guid":{"rendered":"https:\/\/www.cudeca.org\/?p=21429"},"modified":"2019-07-04T14:35:58","modified_gmt":"2019-07-04T14:35:58","slug":"convenio-con-la-fundacion-las-canteras","status":"publish","type":"post","link":"https:\/\/www.cudeca.org\/en\/actualidad\/convenio-con-la-fundacion-las-canteras\/","title":{"rendered":"Agreement with Las Canteras Foundation"},"content":{"rendered":"<div class=\"wpb-content-wrapper\"><p>[vc_row][vc_column][vc_column_text]On 3 July we signed a collaboration agreement with <strong>Fundaci\u00f3n Las Canteras de Alhaur\u00edn de la Torre<\/strong> (the Social and Environmental Foundation Las Canteras de Alhaur\u00edn de la Torre) with the aim of them helping us to finance, with 1,220.80 euros, the acquisition of sound equipment \u00a0which will be used in the charity concerts that we organize as they are one of the main ways of income of our organization.<\/p>\n<p>The mayor of Alhaur\u00edn de la Torre, Joaqu\u00edn Villanova; the councillor for Social Affairs and Equality, Mar\u00eda del Carmen Molina; the manager of the Las Canteras Foundation, Lu\u00eds Bravo; and on the part of Cudeca, manager of communication and fundraising, \u00c1ngel Krebbers; and the coordinator of the Volunteer Programme, \u00c1urea Peralta, were present at the signing of the agreement.<\/p>\n<p>In this act, the City Council and the Las Canteras Foundation also signed an agreement with Proyecto Hombre M\u00e1laga; and the members of the Virgen de la Candelaria parish group.<\/p>\n<p>We would like to thank both the Town Hall of Alhaur\u00edn de la Torre and the Las Canteras Foundation for the important support they give us so that we can continue caring for people with cancer and other advanced illnesses.<\/p>\n<p>[\/vc_column_text][\/vc_column][\/vc_row]<\/p>\n<\/div>","protected":false},"excerpt":{"rendered":"<p>[vc_row][vc_column][vc_column_text]On 3 July we signed a collaboration agreement with Fundaci\u00f3n Las Canteras de Alhaur\u00edn de la Torre (the Social and Environmental Foundation Las Canteras de Alhaur\u00edn de la Torre) with the aim of them helping us to finance, with 1,220.80 euros, the acquisition of sound equipment \u00a0which will be used in the charity concerts that [&hellip;]<\/p>\n","protected":false},"author":2,"featured_media":21431,"comment_status":"open","ping_status":"open","sticky":false,"template":"","format":"standard","meta":[],"categories":[15],"tags":[],"yoast_head":"<!-- This site is optimized with the Yoast SEO plugin v19.4 - https:\/\/yoast.com\/wordpress\/plugins\/seo\/ -->\n<title>Agreement with Las Canteras Foundation - Cudeca Cancer Care Hospice<\/title>\n<meta name=\"robots\" content=\"index, follow, max-snippet:-1, max-image-preview:large, max-video-preview:-1\" \/>\n<link rel=\"canonical\" href=\"https:\/\/www.cudeca.org\/en\/actualidad\/convenio-con-la-fundacion-las-canteras\/\" \/>\n<meta property=\"og:locale\" content=\"en_US\" \/>\n<meta property=\"og:type\" content=\"article\" \/>\n<meta property=\"og:title\" content=\"Agreement with Las Canteras Foundation - Cudeca Cancer Care Hospice\" \/>\n<meta property=\"og:description\" content=\"[vc_row][vc_column][vc_column_text]On 3 July we signed a collaboration agreement with Fundaci\u00f3n Las Canteras de Alhaur\u00edn de la Torre (the Social and Environmental Foundation Las Canteras de Alhaur\u00edn de la Torre) with the aim of them helping us to finance, with 1,220.80 euros, the acquisition of sound equipment \u00a0which will be used in the charity concerts that [&hellip;]\" \/>\n<meta property=\"og:url\" content=\"https:\/\/www.cudeca.org\/en\/actualidad\/convenio-con-la-fundacion-las-canteras\/\" \/>\n<meta property=\"og:site_name\" content=\"Cudeca Cancer Care Hospice\" \/>\n<meta property=\"article:publisher\" content=\"https:\/\/www.facebook.com\/AmigosDeCudeca\" \/>\n<meta property=\"article:published_time\" content=\"2019-07-04T11:20:56+00:00\" \/>\n<meta property=\"article:modified_time\" content=\"2019-07-04T14:35:58+00:00\" \/>\n<meta property=\"og:image\" content=\"https:\/\/www.cudeca.org\/wp-content\/uploads\/2019\/07\/Las-Canteras-donacion-Cudeca.jpg\" \/>\n\t<meta property=\"og:image:width\" content=\"2992\" \/>\n\t<meta property=\"og:image:height\" content=\"2000\" \/>\n\t<meta property=\"og:image:type\" content=\"image\/jpeg\" \/>\n<meta name=\"author\" content=\"angel\" \/>\n<meta name=\"twitter:card\" content=\"summary_large_image\" \/>\n<meta name=\"twitter:creator\" content=\"@cudeca\" \/>\n<meta name=\"twitter:site\" content=\"@cudeca\" \/>\n<meta name=\"twitter:label1\" content=\"Written by\" \/>\n\t<meta name=\"twitter:data1\" content=\"angel\" \/>\n\t<meta name=\"twitter:label2\" content=\"Est. reading time\" \/>\n\t<meta name=\"twitter:data2\" content=\"2 minutes\" \/>\n<script type=\"application\/ld+json\" class=\"yoast-schema-graph\">{\"@context\":\"https:\/\/schema.org\",\"@graph\":[{\"@type\":\"Organization\",\"@id\":\"https:\/\/www.cudeca.org\/#organization\",\"name\":\"Fundaci\u00f3n Cudeca\",\"url\":\"https:\/\/www.cudeca.org\/\",\"sameAs\":[\"https:\/\/www.youtube.com\/c\/cudecamalaga\",\"https:\/\/www.facebook.com\/AmigosDeCudeca\",\"https:\/\/twitter.com\/cudeca\"],\"logo\":{\"@type\":\"ImageObject\",\"inLanguage\":\"en-US\",\"@id\":\"https:\/\/www.cudeca.org\/#\/schema\/logo\/image\/\",\"url\":\"https:\/\/www.cudeca.org\/wp-content\/uploads\/2018\/02\/cudeca-logo.png\",\"contentUrl\":\"https:\/\/www.cudeca.org\/wp-content\/uploads\/2018\/02\/cudeca-logo.png\",\"width\":2121,\"height\":984,\"caption\":\"Fundaci\u00f3n Cudeca\"},\"image\":{\"@id\":\"https:\/\/www.cudeca.org\/#\/schema\/logo\/image\/\"}},{\"@type\":\"WebSite\",\"@id\":\"https:\/\/www.cudeca.org\/#website\",\"url\":\"https:\/\/www.cudeca.org\/\",\"name\":\"Fundaci\u00f3n Cudeca\",\"description\":\"Cudeca Hospice\",\"publisher\":{\"@id\":\"https:\/\/www.cudeca.org\/#organization\"},\"potentialAction\":[{\"@type\":\"SearchAction\",\"target\":{\"@type\":\"EntryPoint\",\"urlTemplate\":\"https:\/\/www.cudeca.org\/?s={search_term_string}\"},\"query-input\":\"required name=search_term_string\"}],\"inLanguage\":\"en-US\"},{\"@type\":\"WebPage\",\"@id\":\"https:\/\/www.cudeca.org\/en\/actualidad\/convenio-con-la-fundacion-las-canteras\/\",\"url\":\"https:\/\/www.cudeca.org\/en\/actualidad\/convenio-con-la-fundacion-las-canteras\/\",\"name\":\"Agreement with Las Canteras Foundation - Cudeca Cancer Care Hospice\",\"isPartOf\":{\"@id\":\"https:\/\/www.cudeca.org\/#website\"},\"datePublished\":\"2019-07-04T11:20:56+00:00\",\"dateModified\":\"2019-07-04T14:35:58+00:00\",\"breadcrumb\":{\"@id\":\"https:\/\/www.cudeca.org\/en\/actualidad\/convenio-con-la-fundacion-las-canteras\/#breadcrumb\"},\"inLanguage\":\"en-US\",\"potentialAction\":[{\"@type\":\"ReadAction\",\"target\":[\"https:\/\/www.cudeca.org\/en\/actualidad\/convenio-con-la-fundacion-las-canteras\/\"]}]},{\"@type\":\"BreadcrumbList\",\"@id\":\"https:\/\/www.cudeca.org\/en\/actualidad\/convenio-con-la-fundacion-las-canteras\/#breadcrumb\",\"itemListElement\":[{\"@type\":\"ListItem\",\"position\":1,\"name\":\"Portada\",\"item\":\"https:\/\/www.cudeca.org\/\"},{\"@type\":\"ListItem\",\"position\":2,\"name\":\"Agreement with Las Canteras Foundation\"}]},{\"@type\":\"Article\",\"@id\":\"https:\/\/www.cudeca.org\/en\/actualidad\/convenio-con-la-fundacion-las-canteras\/#article\",\"isPartOf\":{\"@id\":\"https:\/\/www.cudeca.org\/en\/actualidad\/convenio-con-la-fundacion-las-canteras\/\"},\"author\":{\"name\":\"angel\",\"@id\":\"https:\/\/www.cudeca.org\/#\/schema\/person\/320934aa099c37e69d4148721ba3e4be\"},\"headline\":\"Agreement with Las Canteras Foundation\",\"datePublished\":\"2019-07-04T11:20:56+00:00\",\"dateModified\":\"2019-07-04T14:35:58+00:00\",\"mainEntityOfPage\":{\"@id\":\"https:\/\/www.cudeca.org\/en\/actualidad\/convenio-con-la-fundacion-las-canteras\/\"},\"wordCount\":455,\"commentCount\":0,\"publisher\":{\"@id\":\"https:\/\/www.cudeca.org\/#organization\"},\"articleSection\":[\"\"],\"inLanguage\":\"en-US\",\"potentialAction\":[{\"@type\":\"CommentAction\",\"name\":\"Comment\",\"target\":[\"https:\/\/www.cudeca.org\/en\/actualidad\/convenio-con-la-fundacion-las-canteras\/#respond\"]}]},{\"@type\":\"Person\",\"@id\":\"https:\/\/www.cudeca.org\/#\/schema\/person\/320934aa099c37e69d4148721ba3e4be\",\"name\":\"angel\",\"image\":{\"@type\":\"ImageObject\",\"inLanguage\":\"en-US\",\"@id\":\"https:\/\/www.cudeca.org\/#\/schema\/person\/image\/\",\"url\":\"https:\/\/secure.gravatar.com\/avatar\/91b6f0e62d069005f36feb58e1ffda2c?s=96&d=mm&r=g\",\"contentUrl\":\"https:\/\/secure.gravatar.com\/avatar\/91b6f0e62d069005f36feb58e1ffda2c?s=96&d=mm&r=g\",\"caption\":\"angel\"}}]}<\/script>\n<!-- \/ Yoast SEO plugin. -->","yoast_head_json":{"title":"Agreement with Las Canteras Foundation - Cudeca Cancer Care Hospice","robots":{"index":"index","follow":"follow","max-snippet":"max-snippet:-1","max-image-preview":"max-image-preview:large","max-video-preview":"max-video-preview:-1"},"canonical":"https:\/\/www.cudeca.org\/en\/actualidad\/convenio-con-la-fundacion-las-canteras\/","og_locale":"en_US","og_type":"article","og_title":"Agreement with Las Canteras Foundation - Cudeca Cancer Care Hospice","og_description":"[vc_row][vc_column][vc_column_text]On 3 July we signed a collaboration agreement with Fundaci\u00f3n Las Canteras de Alhaur\u00edn de la Torre (the Social and Environmental Foundation Las Canteras de Alhaur\u00edn de la Torre) with the aim of them helping us to finance, with 1,220.80 euros, the acquisition of sound equipment \u00a0which will be used in the charity concerts that [&hellip;]","og_url":"https:\/\/www.cudeca.org\/en\/actualidad\/convenio-con-la-fundacion-las-canteras\/","og_site_name":"Cudeca Cancer Care Hospice","article_publisher":"https:\/\/www.facebook.com\/AmigosDeCudeca","article_published_time":"2019-07-04T11:20:56+00:00","article_modified_time":"2019-07-04T14:35:58+00:00","og_image":[{"width":2992,"height":2000,"url":"https:\/\/www.cudeca.org\/wp-content\/uploads\/2019\/07\/Las-Canteras-donacion-Cudeca.jpg","type":"image\/jpeg"}],"author":"angel","twitter_card":"summary_large_image","twitter_creator":"@cudeca","twitter_site":"@cudeca","twitter_misc":{"Written by":"angel","Est. reading time":"2 minutes"},"schema":{"@context":"https:\/\/schema.org","@graph":[{"@type":"Organization","@id":"https:\/\/www.cudeca.org\/#organization","name":"Fundaci\u00f3n Cudeca","url":"https:\/\/www.cudeca.org\/","sameAs":["https:\/\/www.youtube.com\/c\/cudecamalaga","https:\/\/www.facebook.com\/AmigosDeCudeca","https:\/\/twitter.com\/cudeca"],"logo":{"@type":"ImageObject","inLanguage":"en-US","@id":"https:\/\/www.cudeca.org\/#\/schema\/logo\/image\/","url":"https:\/\/www.cudeca.org\/wp-content\/uploads\/2018\/02\/cudeca-logo.png","contentUrl":"https:\/\/www.cudeca.org\/wp-content\/uploads\/2018\/02\/cudeca-logo.png","width":2121,"height":984,"caption":"Fundaci\u00f3n Cudeca"},"image":{"@id":"https:\/\/www.cudeca.org\/#\/schema\/logo\/image\/"}},{"@type":"WebSite","@id":"https:\/\/www.cudeca.org\/#website","url":"https:\/\/www.cudeca.org\/","name":"Fundaci\u00f3n Cudeca","description":"Cudeca Hospice","publisher":{"@id":"https:\/\/www.cudeca.org\/#organization"},"potentialAction":[{"@type":"SearchAction","target":{"@type":"EntryPoint","urlTemplate":"https:\/\/www.cudeca.org\/?s={search_term_string}"},"query-input":"required name=search_term_string"}],"inLanguage":"en-US"},{"@type":"WebPage","@id":"https:\/\/www.cudeca.org\/en\/actualidad\/convenio-con-la-fundacion-las-canteras\/","url":"https:\/\/www.cudeca.org\/en\/actualidad\/convenio-con-la-fundacion-las-canteras\/","name":"Agreement with Las Canteras Foundation - Cudeca Cancer Care Hospice","isPartOf":{"@id":"https:\/\/www.cudeca.org\/#website"},"datePublished":"2019-07-04T11:20:56+00:00","dateModified":"2019-07-04T14:35:58+00:00","breadcrumb":{"@id":"https:\/\/www.cudeca.org\/en\/actualidad\/convenio-con-la-fundacion-las-canteras\/#breadcrumb"},"inLanguage":"en-US","potentialAction":[{"@type":"ReadAction","target":["https:\/\/www.cudeca.org\/en\/actualidad\/convenio-con-la-fundacion-las-canteras\/"]}]},{"@type":"BreadcrumbList","@id":"https:\/\/www.cudeca.org\/en\/actualidad\/convenio-con-la-fundacion-las-canteras\/#breadcrumb","itemListElement":[{"@type":"ListItem","position":1,"name":"Portada","item":"https:\/\/www.cudeca.org\/"},{"@type":"ListItem","position":2,"name":"Agreement with Las Canteras Foundation"}]},{"@type":"Article","@id":"https:\/\/www.cudeca.org\/en\/actualidad\/convenio-con-la-fundacion-las-canteras\/#article","isPartOf":{"@id":"https:\/\/www.cudeca.org\/en\/actualidad\/convenio-con-la-fundacion-las-canteras\/"},"author":{"name":"angel","@id":"https:\/\/www.cudeca.org\/#\/schema\/person\/320934aa099c37e69d4148721ba3e4be"},"headline":"Agreement with Las Canteras Foundation","datePublished":"2019-07-04T11:20:56+00:00","dateModified":"2019-07-04T14:35:58+00:00","mainEntityOfPage":{"@id":"https:\/\/www.cudeca.org\/en\/actualidad\/convenio-con-la-fundacion-las-canteras\/"},"wordCount":455,"commentCount":0,"publisher":{"@id":"https:\/\/www.cudeca.org\/#organization"},"articleSection":[""],"inLanguage":"en-US","potentialAction":[{"@type":"CommentAction","name":"Comment","target":["https:\/\/www.cudeca.org\/en\/actualidad\/convenio-con-la-fundacion-las-canteras\/#respond"]}]},{"@type":"Person","@id":"https:\/\/www.cudeca.org\/#\/schema\/person\/320934aa099c37e69d4148721ba3e4be","name":"angel","image":{"@type":"ImageObject","inLanguage":"en-US","@id":"https:\/\/www.cudeca.org\/#\/schema\/person\/image\/","url":"https:\/\/secure.gravatar.com\/avatar\/91b6f0e62d069005f36feb58e1ffda2c?s=96&d=mm&r=g","contentUrl":"https:\/\/secure.gravatar.com\/avatar\/91b6f0e62d069005f36feb58e1ffda2c?s=96&d=mm&r=g","caption":"angel"}}]}},"_links":{"self":[{"href":"https:\/\/www.cudeca.org\/en\/wp-json\/wp\/v2\/posts\/21429"}],"collection":[{"href":"https:\/\/www.cudeca.org\/en\/wp-json\/wp\/v2\/posts"}],"about":[{"href":"https:\/\/www.cudeca.org\/en\/wp-json\/wp\/v2\/types\/post"}],"author":[{"embeddable":true,"href":"https:\/\/www.cudeca.org\/en\/wp-json\/wp\/v2\/users\/2"}],"replies":[{"embeddable":true,"href":"https:\/\/www.cudeca.org\/en\/wp-json\/wp\/v2\/comments?post=21429"}],"version-history":[{"count":1,"href":"https:\/\/www.cudeca.org\/en\/wp-json\/wp\/v2\/posts\/21429\/revisions"}],"predecessor-version":[{"id":21444,"href":"https:\/\/www.cudeca.org\/en\/wp-json\/wp\/v2\/posts\/21429\/revisions\/21444"}],"wp:featuredmedia":[{"embeddable":true,"href":"https:\/\/www.cudeca.org\/en\/wp-json\/wp\/v2\/media\/21431"}],"wp:attachment":[{"href":"https:\/\/www.cudeca.org\/en\/wp-json\/wp\/v2\/media?parent=21429"}],"wp:term":[{"taxonomy":"category","embeddable":true,"href":"https:\/\/www.cudeca.org\/en\/wp-json\/wp\/v2\/categories?post=21429"},{"taxonomy":"post_tag","embeddable":true,"href":"https:\/\/www.cudeca.org\/en\/wp-json\/wp\/v2\/tags?post=21429"}],"curies":[{"name":"wp","href":"https:\/\/api.w.org\/{rel}","templated":true}]}}