{"id":21305,"date":"2019-06-27T08:42:52","date_gmt":"2019-06-27T08:42:52","guid":{"rendered":"https:\/\/www.cudeca.org\/?p=21305"},"modified":"2020-01-14T16:00:47","modified_gmt":"2020-01-14T16:00:47","slug":"super-torneo-de-golf-solidario-de-la-cala-resort-por-cudeca","status":"publish","type":"post","link":"https:\/\/www.cudeca.org\/en\/actualidad\/super-torneo-de-golf-solidario-de-la-cala-resort-por-cudeca\/","title":{"rendered":"Great Charity Golf Tournament of La Cala Resort in aid of CUDECA"},"content":{"rendered":"<div class=\"wpb-content-wrapper\"><p><strong>La<a href=\"https:\/\/www.lacala.com\/es\/\"> Cala Resort <\/a>raised\u00a0 11.299\u20ac at the \u201cCudeca Cup\u201d Golf Tournament in aid of Cudeca Cancer Care Hospice. <\/strong><\/p>\n<p><strong>\u00a0<\/strong><strong>On the XXVI edition of the traditional Cudeca tournament celebrated on the 1st of June, the funds raised exceeded the 11.000\u20ac. This means a significant financial injection for Cudeca Hospice dedicated to offer professional medical care to patients suffering from c\u00e1ncer and other advanced illnesses.<\/strong><\/p>\n<p><strong>\u00a0 \u00a0<\/strong>A total of <strong>65 players<\/strong> attended <strong>the Europa Golf Course<\/strong>, very well known for its wide streets and for its exceptional bridges in order to cross the Oj\u00e9n River along its path,as well as tunnels \u00a0to get around with the buggy. The tournament\u00a0 <strong>winner in the male category was Antonio Mar\u00eda Garc\u00eda S\u00e1nchez<\/strong>\u00a0 and the <strong>winner in the female category was M\u00f3nica Peters. <\/strong><\/p>\n<p>Once the competition had finished, around <strong>one hundred<\/strong> <strong>diners<\/strong> joined to enjoy an exquisite lunch offered at <u>The Club\u00a0<\/u>House\u00a0 to support Cudeca Hospice. The day finished with the celebration of an interesting <strong>auction<\/strong> \u00a0with numerous prizes offered by local and national golf courses where the attendees could bid for the ithems whitin a relaxed atmosphere thus increase the economic value raised for \u00a0<strong>Cudeca and its special kind of caring.<\/strong><\/p>\n<p><strong>\u00a0<\/strong><strong>Cudeca Hospice would like to thank La Cala resort for its significant support which helps them to continue offering \u00a0its care totally free of charge as well as to all the players who have participated.<\/strong><\/p>\n<p>&nbsp;<\/p>\n<\/div>","protected":false},"excerpt":{"rendered":"<p>La Cala Resort raised\u00a0 11.299\u20ac at the \u201cCudeca Cup\u201d Golf Tournament in aid of Cudeca Cancer Care Hospice. \u00a0On the XXVI edition of the traditional Cudeca tournament celebrated on the 1st of June, the funds raised exceeded the 11.000\u20ac. This means a significant financial injection for Cudeca Hospice dedicated to offer professional medical care to [&hellip;]<\/p>\n","protected":false},"author":6,"featured_media":21309,"comment_status":"open","ping_status":"open","sticky":false,"template":"","format":"standard","meta":[],"categories":[15],"tags":[],"yoast_head":"<!-- This site is optimized with the Yoast SEO plugin v19.4 - https:\/\/yoast.com\/wordpress\/plugins\/seo\/ -->\n<title>Great Charity Golf Tournament of La Cala Resort in aid of CUDECA - Cudeca Cancer Care Hospice<\/title>\n<meta name=\"robots\" content=\"index, follow, max-snippet:-1, max-image-preview:large, max-video-preview:-1\" \/>\n<link rel=\"canonical\" href=\"https:\/\/www.cudeca.org\/en\/actualidad\/super-torneo-de-golf-solidario-de-la-cala-resort-por-cudeca\/\" \/>\n<meta property=\"og:locale\" content=\"en_US\" \/>\n<meta property=\"og:type\" content=\"article\" \/>\n<meta property=\"og:title\" content=\"Great Charity Golf Tournament of La Cala Resort in aid of CUDECA - Cudeca Cancer Care Hospice\" \/>\n<meta property=\"og:description\" content=\"La Cala Resort raised\u00a0 11.299\u20ac at the \u201cCudeca Cup\u201d Golf Tournament in aid of Cudeca Cancer Care Hospice. \u00a0On the XXVI edition of the traditional Cudeca tournament celebrated on the 1st of June, the funds raised exceeded the 11.000\u20ac. This means a significant financial injection for Cudeca Hospice dedicated to offer professional medical care to [&hellip;]\" \/>\n<meta property=\"og:url\" content=\"https:\/\/www.cudeca.org\/en\/actualidad\/super-torneo-de-golf-solidario-de-la-cala-resort-por-cudeca\/\" \/>\n<meta property=\"og:site_name\" content=\"Cudeca Cancer Care Hospice\" \/>\n<meta property=\"article:publisher\" content=\"https:\/\/www.facebook.com\/AmigosDeCudeca\" \/>\n<meta property=\"article:published_time\" content=\"2019-06-27T08:42:52+00:00\" \/>\n<meta property=\"article:modified_time\" content=\"2020-01-14T16:00:47+00:00\" \/>\n<meta property=\"og:image\" content=\"https:\/\/www.cudeca.org\/wp-content\/uploads\/2019\/06\/LA-CALA-1.jpg\" \/>\n\t<meta property=\"og:image:width\" content=\"414\" \/>\n\t<meta property=\"og:image:height\" content=\"239\" \/>\n\t<meta property=\"og:image:type\" content=\"image\/jpeg\" \/>\n<meta name=\"author\" content=\"Esther\" \/>\n<meta name=\"twitter:card\" content=\"summary_large_image\" \/>\n<meta name=\"twitter:creator\" content=\"@cudeca\" \/>\n<meta name=\"twitter:site\" content=\"@cudeca\" \/>\n<meta name=\"twitter:label1\" content=\"Written by\" \/>\n\t<meta name=\"twitter:data1\" content=\"Esther\" \/>\n\t<meta name=\"twitter:label2\" content=\"Est. reading time\" \/>\n\t<meta name=\"twitter:data2\" content=\"3 minutes\" \/>\n<script type=\"application\/ld+json\" class=\"yoast-schema-graph\">{\"@context\":\"https:\/\/schema.org\",\"@graph\":[{\"@type\":\"Organization\",\"@id\":\"https:\/\/www.cudeca.org\/#organization\",\"name\":\"Fundaci\u00f3n Cudeca\",\"url\":\"https:\/\/www.cudeca.org\/\",\"sameAs\":[\"https:\/\/www.youtube.com\/c\/cudecamalaga\",\"https:\/\/www.facebook.com\/AmigosDeCudeca\",\"https:\/\/twitter.com\/cudeca\"],\"logo\":{\"@type\":\"ImageObject\",\"inLanguage\":\"en-US\",\"@id\":\"https:\/\/www.cudeca.org\/#\/schema\/logo\/image\/\",\"url\":\"https:\/\/www.cudeca.org\/wp-content\/uploads\/2018\/02\/cudeca-logo.png\",\"contentUrl\":\"https:\/\/www.cudeca.org\/wp-content\/uploads\/2018\/02\/cudeca-logo.png\",\"width\":2121,\"height\":984,\"caption\":\"Fundaci\u00f3n Cudeca\"},\"image\":{\"@id\":\"https:\/\/www.cudeca.org\/#\/schema\/logo\/image\/\"}},{\"@type\":\"WebSite\",\"@id\":\"https:\/\/www.cudeca.org\/#website\",\"url\":\"https:\/\/www.cudeca.org\/\",\"name\":\"Fundaci\u00f3n Cudeca\",\"description\":\"Cudeca Hospice\",\"publisher\":{\"@id\":\"https:\/\/www.cudeca.org\/#organization\"},\"potentialAction\":[{\"@type\":\"SearchAction\",\"target\":{\"@type\":\"EntryPoint\",\"urlTemplate\":\"https:\/\/www.cudeca.org\/?s={search_term_string}\"},\"query-input\":\"required name=search_term_string\"}],\"inLanguage\":\"en-US\"},{\"@type\":\"WebPage\",\"@id\":\"https:\/\/www.cudeca.org\/en\/actualidad\/super-torneo-de-golf-solidario-de-la-cala-resort-por-cudeca\/\",\"url\":\"https:\/\/www.cudeca.org\/en\/actualidad\/super-torneo-de-golf-solidario-de-la-cala-resort-por-cudeca\/\",\"name\":\"Great Charity Golf Tournament of La Cala Resort in aid of CUDECA - Cudeca Cancer Care Hospice\",\"isPartOf\":{\"@id\":\"https:\/\/www.cudeca.org\/#website\"},\"datePublished\":\"2019-06-27T08:42:52+00:00\",\"dateModified\":\"2020-01-14T16:00:47+00:00\",\"breadcrumb\":{\"@id\":\"https:\/\/www.cudeca.org\/en\/actualidad\/super-torneo-de-golf-solidario-de-la-cala-resort-por-cudeca\/#breadcrumb\"},\"inLanguage\":\"en-US\",\"potentialAction\":[{\"@type\":\"ReadAction\",\"target\":[\"https:\/\/www.cudeca.org\/en\/actualidad\/super-torneo-de-golf-solidario-de-la-cala-resort-por-cudeca\/\"]}]},{\"@type\":\"BreadcrumbList\",\"@id\":\"https:\/\/www.cudeca.org\/en\/actualidad\/super-torneo-de-golf-solidario-de-la-cala-resort-por-cudeca\/#breadcrumb\",\"itemListElement\":[{\"@type\":\"ListItem\",\"position\":1,\"name\":\"Portada\",\"item\":\"https:\/\/www.cudeca.org\/\"},{\"@type\":\"ListItem\",\"position\":2,\"name\":\"Great Charity Golf Tournament of La Cala Resort in aid of CUDECA\"}]},{\"@type\":\"Article\",\"@id\":\"https:\/\/www.cudeca.org\/en\/actualidad\/super-torneo-de-golf-solidario-de-la-cala-resort-por-cudeca\/#article\",\"isPartOf\":{\"@id\":\"https:\/\/www.cudeca.org\/en\/actualidad\/super-torneo-de-golf-solidario-de-la-cala-resort-por-cudeca\/\"},\"author\":{\"name\":\"Esther\",\"@id\":\"https:\/\/www.cudeca.org\/#\/schema\/person\/0a250b4dd0c3a661b9e843eec8eb190f\"},\"headline\":\"Great Charity Golf Tournament of La Cala Resort in aid of CUDECA\",\"datePublished\":\"2019-06-27T08:42:52+00:00\",\"dateModified\":\"2020-01-14T16:00:47+00:00\",\"mainEntityOfPage\":{\"@id\":\"https:\/\/www.cudeca.org\/en\/actualidad\/super-torneo-de-golf-solidario-de-la-cala-resort-por-cudeca\/\"},\"wordCount\":527,\"commentCount\":0,\"publisher\":{\"@id\":\"https:\/\/www.cudeca.org\/#organization\"},\"articleSection\":[\"\"],\"inLanguage\":\"en-US\",\"potentialAction\":[{\"@type\":\"CommentAction\",\"name\":\"Comment\",\"target\":[\"https:\/\/www.cudeca.org\/en\/actualidad\/super-torneo-de-golf-solidario-de-la-cala-resort-por-cudeca\/#respond\"]}]},{\"@type\":\"Person\",\"@id\":\"https:\/\/www.cudeca.org\/#\/schema\/person\/0a250b4dd0c3a661b9e843eec8eb190f\",\"name\":\"Esther\",\"image\":{\"@type\":\"ImageObject\",\"inLanguage\":\"en-US\",\"@id\":\"https:\/\/www.cudeca.org\/#\/schema\/person\/image\/\",\"url\":\"https:\/\/secure.gravatar.com\/avatar\/b4d1f8d9c1e0ea63e4c07e4fcefb9157?s=96&d=mm&r=g\",\"contentUrl\":\"https:\/\/secure.gravatar.com\/avatar\/b4d1f8d9c1e0ea63e4c07e4fcefb9157?s=96&d=mm&r=g\",\"caption\":\"Esther\"}}]}<\/script>\n<!-- \/ Yoast SEO plugin. -->","yoast_head_json":{"title":"Great Charity Golf Tournament of La Cala Resort in aid of CUDECA - Cudeca Cancer Care Hospice","robots":{"index":"index","follow":"follow","max-snippet":"max-snippet:-1","max-image-preview":"max-image-preview:large","max-video-preview":"max-video-preview:-1"},"canonical":"https:\/\/www.cudeca.org\/en\/actualidad\/super-torneo-de-golf-solidario-de-la-cala-resort-por-cudeca\/","og_locale":"en_US","og_type":"article","og_title":"Great Charity Golf Tournament of La Cala Resort in aid of CUDECA - Cudeca Cancer Care Hospice","og_description":"La Cala Resort raised\u00a0 11.299\u20ac at the \u201cCudeca Cup\u201d Golf Tournament in aid of Cudeca Cancer Care Hospice. \u00a0On the XXVI edition of the traditional Cudeca tournament celebrated on the 1st of June, the funds raised exceeded the 11.000\u20ac. This means a significant financial injection for Cudeca Hospice dedicated to offer professional medical care to [&hellip;]","og_url":"https:\/\/www.cudeca.org\/en\/actualidad\/super-torneo-de-golf-solidario-de-la-cala-resort-por-cudeca\/","og_site_name":"Cudeca Cancer Care Hospice","article_publisher":"https:\/\/www.facebook.com\/AmigosDeCudeca","article_published_time":"2019-06-27T08:42:52+00:00","article_modified_time":"2020-01-14T16:00:47+00:00","og_image":[{"width":414,"height":239,"url":"https:\/\/www.cudeca.org\/wp-content\/uploads\/2019\/06\/LA-CALA-1.jpg","type":"image\/jpeg"}],"author":"Esther","twitter_card":"summary_large_image","twitter_creator":"@cudeca","twitter_site":"@cudeca","twitter_misc":{"Written by":"Esther","Est. reading time":"3 minutes"},"schema":{"@context":"https:\/\/schema.org","@graph":[{"@type":"Organization","@id":"https:\/\/www.cudeca.org\/#organization","name":"Fundaci\u00f3n Cudeca","url":"https:\/\/www.cudeca.org\/","sameAs":["https:\/\/www.youtube.com\/c\/cudecamalaga","https:\/\/www.facebook.com\/AmigosDeCudeca","https:\/\/twitter.com\/cudeca"],"logo":{"@type":"ImageObject","inLanguage":"en-US","@id":"https:\/\/www.cudeca.org\/#\/schema\/logo\/image\/","url":"https:\/\/www.cudeca.org\/wp-content\/uploads\/2018\/02\/cudeca-logo.png","contentUrl":"https:\/\/www.cudeca.org\/wp-content\/uploads\/2018\/02\/cudeca-logo.png","width":2121,"height":984,"caption":"Fundaci\u00f3n Cudeca"},"image":{"@id":"https:\/\/www.cudeca.org\/#\/schema\/logo\/image\/"}},{"@type":"WebSite","@id":"https:\/\/www.cudeca.org\/#website","url":"https:\/\/www.cudeca.org\/","name":"Fundaci\u00f3n Cudeca","description":"Cudeca Hospice","publisher":{"@id":"https:\/\/www.cudeca.org\/#organization"},"potentialAction":[{"@type":"SearchAction","target":{"@type":"EntryPoint","urlTemplate":"https:\/\/www.cudeca.org\/?s={search_term_string}"},"query-input":"required name=search_term_string"}],"inLanguage":"en-US"},{"@type":"WebPage","@id":"https:\/\/www.cudeca.org\/en\/actualidad\/super-torneo-de-golf-solidario-de-la-cala-resort-por-cudeca\/","url":"https:\/\/www.cudeca.org\/en\/actualidad\/super-torneo-de-golf-solidario-de-la-cala-resort-por-cudeca\/","name":"Great Charity Golf Tournament of La Cala Resort in aid of CUDECA - Cudeca Cancer Care Hospice","isPartOf":{"@id":"https:\/\/www.cudeca.org\/#website"},"datePublished":"2019-06-27T08:42:52+00:00","dateModified":"2020-01-14T16:00:47+00:00","breadcrumb":{"@id":"https:\/\/www.cudeca.org\/en\/actualidad\/super-torneo-de-golf-solidario-de-la-cala-resort-por-cudeca\/#breadcrumb"},"inLanguage":"en-US","potentialAction":[{"@type":"ReadAction","target":["https:\/\/www.cudeca.org\/en\/actualidad\/super-torneo-de-golf-solidario-de-la-cala-resort-por-cudeca\/"]}]},{"@type":"BreadcrumbList","@id":"https:\/\/www.cudeca.org\/en\/actualidad\/super-torneo-de-golf-solidario-de-la-cala-resort-por-cudeca\/#breadcrumb","itemListElement":[{"@type":"ListItem","position":1,"name":"Portada","item":"https:\/\/www.cudeca.org\/"},{"@type":"ListItem","position":2,"name":"Great Charity Golf Tournament of La Cala Resort in aid of CUDECA"}]},{"@type":"Article","@id":"https:\/\/www.cudeca.org\/en\/actualidad\/super-torneo-de-golf-solidario-de-la-cala-resort-por-cudeca\/#article","isPartOf":{"@id":"https:\/\/www.cudeca.org\/en\/actualidad\/super-torneo-de-golf-solidario-de-la-cala-resort-por-cudeca\/"},"author":{"name":"Esther","@id":"https:\/\/www.cudeca.org\/#\/schema\/person\/0a250b4dd0c3a661b9e843eec8eb190f"},"headline":"Great Charity Golf Tournament of La Cala Resort in aid of CUDECA","datePublished":"2019-06-27T08:42:52+00:00","dateModified":"2020-01-14T16:00:47+00:00","mainEntityOfPage":{"@id":"https:\/\/www.cudeca.org\/en\/actualidad\/super-torneo-de-golf-solidario-de-la-cala-resort-por-cudeca\/"},"wordCount":527,"commentCount":0,"publisher":{"@id":"https:\/\/www.cudeca.org\/#organization"},"articleSection":[""],"inLanguage":"en-US","potentialAction":[{"@type":"CommentAction","name":"Comment","target":["https:\/\/www.cudeca.org\/en\/actualidad\/super-torneo-de-golf-solidario-de-la-cala-resort-por-cudeca\/#respond"]}]},{"@type":"Person","@id":"https:\/\/www.cudeca.org\/#\/schema\/person\/0a250b4dd0c3a661b9e843eec8eb190f","name":"Esther","image":{"@type":"ImageObject","inLanguage":"en-US","@id":"https:\/\/www.cudeca.org\/#\/schema\/person\/image\/","url":"https:\/\/secure.gravatar.com\/avatar\/b4d1f8d9c1e0ea63e4c07e4fcefb9157?s=96&d=mm&r=g","contentUrl":"https:\/\/secure.gravatar.com\/avatar\/b4d1f8d9c1e0ea63e4c07e4fcefb9157?s=96&d=mm&r=g","caption":"Esther"}}]}},"_links":{"self":[{"href":"https:\/\/www.cudeca.org\/en\/wp-json\/wp\/v2\/posts\/21305"}],"collection":[{"href":"https:\/\/www.cudeca.org\/en\/wp-json\/wp\/v2\/posts"}],"about":[{"href":"https:\/\/www.cudeca.org\/en\/wp-json\/wp\/v2\/types\/post"}],"author":[{"embeddable":true,"href":"https:\/\/www.cudeca.org\/en\/wp-json\/wp\/v2\/users\/6"}],"replies":[{"embeddable":true,"href":"https:\/\/www.cudeca.org\/en\/wp-json\/wp\/v2\/comments?post=21305"}],"version-history":[{"count":8,"href":"https:\/\/www.cudeca.org\/en\/wp-json\/wp\/v2\/posts\/21305\/revisions"}],"predecessor-version":[{"id":23043,"href":"https:\/\/www.cudeca.org\/en\/wp-json\/wp\/v2\/posts\/21305\/revisions\/23043"}],"wp:featuredmedia":[{"embeddable":true,"href":"https:\/\/www.cudeca.org\/en\/wp-json\/wp\/v2\/media\/21309"}],"wp:attachment":[{"href":"https:\/\/www.cudeca.org\/en\/wp-json\/wp\/v2\/media?parent=21305"}],"wp:term":[{"taxonomy":"category","embeddable":true,"href":"https:\/\/www.cudeca.org\/en\/wp-json\/wp\/v2\/categories?post=21305"},{"taxonomy":"post_tag","embeddable":true,"href":"https:\/\/www.cudeca.org\/en\/wp-json\/wp\/v2\/tags?post=21305"}],"curies":[{"name":"wp","href":"https:\/\/api.w.org\/{rel}","templated":true}]}}