{"id":20815,"date":"2019-05-08T12:39:18","date_gmt":"2019-05-08T12:39:18","guid":{"rendered":"https:\/\/www.cudeca.org\/?p=20815"},"modified":"2019-05-08T12:39:18","modified_gmt":"2019-05-08T12:39:18","slug":"vii-marcha-intercentros","status":"publish","type":"post","link":"https:\/\/www.cudeca.org\/en\/actualidad\/vii-march-intercenters-in-aid-of-cudeca\/","title":{"rendered":"VII March Intercenters in aid of CUDECA"},"content":{"rendered":"<p>Yesterday May 7 was held the VII March Intercenters in aid of CUDECA, for the seventh consecutive year, this initiative of schoolchildren aged between 10 and 13 years belonging to the schools Rafael Alberti, Blas Infante, Rosa de G\u00e1lvez, Angel Ganivet, Sagrada Familia, Alegr\u00eda de la Huerta, Colegio Nuestra Se\u00f1ora del Pilar, Colegio Montserrat, Benito P\u00e9rez Gald\u00f3s, IES Ciudad Jard\u00edn and Salvador Rueda. This action in favor of the Cudeca Foundation of Malaga which involves the commitment of solidarity of the district and schools in the area, has been another year the implementation of the values of solidarity and teachings received by students in their classes throughout the school year.<\/p>\n<p>The Ciudad Jard\u00edn district and the Malaga City Council Sports Area together with some companies from Malaga (Urban Dance District, Quir\u00f3n Salud, Lorena Caf\u00e9, Carrefour Alameda ) have collaborated in the celebration, organised by the public school Rafael Alberti. The march in which nearly 900 schoolchildren from up to nine schools in district number 3 of Malaga have participated has had the presence of the Delegate of education Mercedes Garcia Paine, the Councillor District Board No. 3 Jos\u00e9 del Rio, the Director of the area, Julia Guzman Martin and the Sports Technician Pepe Bueno, on behalf of the Cudeca Foundation attended the manager and medical director Marisa Martin Rosell\u00f3, the home care doctor Alvaro Deblas and nurse Rosa Cazorla, an important part in the creation of the event at its inception.<\/p>\n<p>The march started as every year at 11.00 a.m. from the San Telmo Aqueduct and ended in the park of La Alegr\u00eda touring the garden city. At its conclusion, the Cudeca team was given the cheque valued at 4,184 euros, which is the amount collected a few days ago in the different schools of Ciudad Jard\u00edn and which has been donated entirely to support the work of the Foundation.<br \/>\nThe foundation would like to thank all participants, organizers, sponsors and collaborators for this gesture of solidarity and thanks to it can continue their work.<\/p>\n<p>&nbsp;<\/p>","protected":false},"excerpt":{"rendered":"<p>Yesterday May 7 was held the VII March Intercenters in aid of CUDECA, for the seventh consecutive year, this initiative of schoolchildren aged between 10 and 13 years belonging to the schools Rafael Alberti, Blas Infante, Rosa de G\u00e1lvez, Angel Ganivet, Sagrada Familia, Alegr\u00eda de la Huerta, Colegio Nuestra Se\u00f1ora del Pilar, Colegio Montserrat, Benito [&hellip;]<\/p>\n","protected":false},"author":5,"featured_media":20816,"comment_status":"open","ping_status":"open","sticky":false,"template":"","format":"standard","meta":[],"categories":[15],"tags":[],"yoast_head":"<!-- This site is optimized with the Yoast SEO plugin v19.4 - https:\/\/yoast.com\/wordpress\/plugins\/seo\/ -->\n<title>VII March Intercenters in aid of CUDECA - Cudeca Cancer Care Hospice<\/title>\n<meta name=\"robots\" content=\"index, follow, max-snippet:-1, max-image-preview:large, max-video-preview:-1\" \/>\n<link rel=\"canonical\" href=\"https:\/\/www.cudeca.org\/actualidad\/vii-marcha-intercentros\/\" \/>\n<meta property=\"og:locale\" content=\"en_US\" \/>\n<meta property=\"og:type\" content=\"article\" \/>\n<meta property=\"og:title\" content=\"VII March Intercenters in aid of CUDECA - Cudeca Cancer Care Hospice\" \/>\n<meta property=\"og:description\" content=\"Yesterday May 7 was held the VII March Intercenters in aid of CUDECA, for the seventh consecutive year, this initiative of schoolchildren aged between 10 and 13 years belonging to the schools Rafael Alberti, Blas Infante, Rosa de G\u00e1lvez, Angel Ganivet, Sagrada Familia, Alegr\u00eda de la Huerta, Colegio Nuestra Se\u00f1ora del Pilar, Colegio Montserrat, Benito [&hellip;]\" \/>\n<meta property=\"og:url\" content=\"https:\/\/www.cudeca.org\/actualidad\/vii-marcha-intercentros\/\" \/>\n<meta property=\"og:site_name\" content=\"Cudeca Cancer Care Hospice\" \/>\n<meta property=\"article:publisher\" content=\"https:\/\/www.facebook.com\/AmigosDeCudeca\" \/>\n<meta property=\"article:published_time\" content=\"2019-05-08T12:39:18+00:00\" \/>\n<meta property=\"og:image\" content=\"https:\/\/www.cudeca.org\/wp-content\/uploads\/2019\/05\/LF01974b.jpg\" \/>\n\t<meta property=\"og:image:width\" content=\"1417\" \/>\n\t<meta property=\"og:image:height\" content=\"997\" \/>\n\t<meta property=\"og:image:type\" content=\"image\/jpeg\" \/>\n<meta name=\"author\" content=\"Jorge Lopez\" \/>\n<meta name=\"twitter:card\" content=\"summary_large_image\" \/>\n<meta name=\"twitter:creator\" content=\"@cudeca\" \/>\n<meta name=\"twitter:site\" content=\"@cudeca\" \/>\n<meta name=\"twitter:label1\" content=\"Written by\" \/>\n\t<meta name=\"twitter:data1\" content=\"Jorge Lopez\" \/>\n\t<meta name=\"twitter:label2\" content=\"Est. reading time\" \/>\n\t<meta name=\"twitter:data2\" content=\"4 minutes\" \/>\n<script type=\"application\/ld+json\" class=\"yoast-schema-graph\">{\"@context\":\"https:\/\/schema.org\",\"@graph\":[{\"@type\":\"Organization\",\"@id\":\"https:\/\/www.cudeca.org\/#organization\",\"name\":\"Fundaci\u00f3n Cudeca\",\"url\":\"https:\/\/www.cudeca.org\/\",\"sameAs\":[\"https:\/\/www.youtube.com\/c\/cudecamalaga\",\"https:\/\/www.facebook.com\/AmigosDeCudeca\",\"https:\/\/twitter.com\/cudeca\"],\"logo\":{\"@type\":\"ImageObject\",\"inLanguage\":\"en-US\",\"@id\":\"https:\/\/www.cudeca.org\/#\/schema\/logo\/image\/\",\"url\":\"https:\/\/www.cudeca.org\/wp-content\/uploads\/2018\/02\/cudeca-logo.png\",\"contentUrl\":\"https:\/\/www.cudeca.org\/wp-content\/uploads\/2018\/02\/cudeca-logo.png\",\"width\":2121,\"height\":984,\"caption\":\"Fundaci\u00f3n Cudeca\"},\"image\":{\"@id\":\"https:\/\/www.cudeca.org\/#\/schema\/logo\/image\/\"}},{\"@type\":\"WebSite\",\"@id\":\"https:\/\/www.cudeca.org\/#website\",\"url\":\"https:\/\/www.cudeca.org\/\",\"name\":\"Fundaci\u00f3n Cudeca\",\"description\":\"Cudeca Hospice\",\"publisher\":{\"@id\":\"https:\/\/www.cudeca.org\/#organization\"},\"potentialAction\":[{\"@type\":\"SearchAction\",\"target\":{\"@type\":\"EntryPoint\",\"urlTemplate\":\"https:\/\/www.cudeca.org\/?s={search_term_string}\"},\"query-input\":\"required name=search_term_string\"}],\"inLanguage\":\"en-US\"},{\"@type\":\"WebPage\",\"@id\":\"https:\/\/www.cudeca.org\/actualidad\/vii-marcha-intercentros\/\",\"url\":\"https:\/\/www.cudeca.org\/actualidad\/vii-marcha-intercentros\/\",\"name\":\"VII March Intercenters in aid of CUDECA - Cudeca Cancer Care Hospice\",\"isPartOf\":{\"@id\":\"https:\/\/www.cudeca.org\/#website\"},\"datePublished\":\"2019-05-08T12:39:18+00:00\",\"dateModified\":\"2019-05-08T12:39:18+00:00\",\"breadcrumb\":{\"@id\":\"https:\/\/www.cudeca.org\/actualidad\/vii-marcha-intercentros\/#breadcrumb\"},\"inLanguage\":\"en-US\",\"potentialAction\":[{\"@type\":\"ReadAction\",\"target\":[\"https:\/\/www.cudeca.org\/actualidad\/vii-marcha-intercentros\/\"]}]},{\"@type\":\"BreadcrumbList\",\"@id\":\"https:\/\/www.cudeca.org\/actualidad\/vii-marcha-intercentros\/#breadcrumb\",\"itemListElement\":[{\"@type\":\"ListItem\",\"position\":1,\"name\":\"Portada\",\"item\":\"https:\/\/www.cudeca.org\/\"},{\"@type\":\"ListItem\",\"position\":2,\"name\":\"VII Marcha Intercentros\"}]},{\"@type\":\"Article\",\"@id\":\"https:\/\/www.cudeca.org\/actualidad\/vii-marcha-intercentros\/#article\",\"isPartOf\":{\"@id\":\"https:\/\/www.cudeca.org\/actualidad\/vii-marcha-intercentros\/\"},\"author\":{\"name\":\"Jorge Lopez\",\"@id\":\"https:\/\/www.cudeca.org\/#\/schema\/person\/ef584faee50c55adf49de08e703741fd\"},\"headline\":\"VII March Intercenters in aid of CUDECA\",\"datePublished\":\"2019-05-08T12:39:18+00:00\",\"dateModified\":\"2019-05-08T12:39:18+00:00\",\"mainEntityOfPage\":{\"@id\":\"https:\/\/www.cudeca.org\/actualidad\/vii-marcha-intercentros\/\"},\"wordCount\":742,\"commentCount\":0,\"publisher\":{\"@id\":\"https:\/\/www.cudeca.org\/#organization\"},\"articleSection\":[\"\"],\"inLanguage\":\"en-US\",\"potentialAction\":[{\"@type\":\"CommentAction\",\"name\":\"Comment\",\"target\":[\"https:\/\/www.cudeca.org\/actualidad\/vii-marcha-intercentros\/#respond\"]}]},{\"@type\":\"Person\",\"@id\":\"https:\/\/www.cudeca.org\/#\/schema\/person\/ef584faee50c55adf49de08e703741fd\",\"name\":\"Jorge Lopez\",\"image\":{\"@type\":\"ImageObject\",\"inLanguage\":\"en-US\",\"@id\":\"https:\/\/www.cudeca.org\/#\/schema\/person\/image\/\",\"url\":\"https:\/\/secure.gravatar.com\/avatar\/f861e8975d384d76728a2976bb1626da?s=96&d=mm&r=g\",\"contentUrl\":\"https:\/\/secure.gravatar.com\/avatar\/f861e8975d384d76728a2976bb1626da?s=96&d=mm&r=g\",\"caption\":\"Jorge Lopez\"}}]}<\/script>\n<!-- \/ Yoast SEO plugin. -->","yoast_head_json":{"title":"VII March Intercenters in aid of CUDECA - Cudeca Cancer Care Hospice","robots":{"index":"index","follow":"follow","max-snippet":"max-snippet:-1","max-image-preview":"max-image-preview:large","max-video-preview":"max-video-preview:-1"},"canonical":"https:\/\/www.cudeca.org\/actualidad\/vii-marcha-intercentros\/","og_locale":"en_US","og_type":"article","og_title":"VII March Intercenters in aid of CUDECA - Cudeca Cancer Care Hospice","og_description":"Yesterday May 7 was held the VII March Intercenters in aid of CUDECA, for the seventh consecutive year, this initiative of schoolchildren aged between 10 and 13 years belonging to the schools Rafael Alberti, Blas Infante, Rosa de G\u00e1lvez, Angel Ganivet, Sagrada Familia, Alegr\u00eda de la Huerta, Colegio Nuestra Se\u00f1ora del Pilar, Colegio Montserrat, Benito [&hellip;]","og_url":"https:\/\/www.cudeca.org\/actualidad\/vii-marcha-intercentros\/","og_site_name":"Cudeca Cancer Care Hospice","article_publisher":"https:\/\/www.facebook.com\/AmigosDeCudeca","article_published_time":"2019-05-08T12:39:18+00:00","og_image":[{"width":1417,"height":997,"url":"https:\/\/www.cudeca.org\/wp-content\/uploads\/2019\/05\/LF01974b.jpg","type":"image\/jpeg"}],"author":"Jorge Lopez","twitter_card":"summary_large_image","twitter_creator":"@cudeca","twitter_site":"@cudeca","twitter_misc":{"Written by":"Jorge Lopez","Est. reading time":"4 minutes"},"schema":{"@context":"https:\/\/schema.org","@graph":[{"@type":"Organization","@id":"https:\/\/www.cudeca.org\/#organization","name":"Fundaci\u00f3n Cudeca","url":"https:\/\/www.cudeca.org\/","sameAs":["https:\/\/www.youtube.com\/c\/cudecamalaga","https:\/\/www.facebook.com\/AmigosDeCudeca","https:\/\/twitter.com\/cudeca"],"logo":{"@type":"ImageObject","inLanguage":"en-US","@id":"https:\/\/www.cudeca.org\/#\/schema\/logo\/image\/","url":"https:\/\/www.cudeca.org\/wp-content\/uploads\/2018\/02\/cudeca-logo.png","contentUrl":"https:\/\/www.cudeca.org\/wp-content\/uploads\/2018\/02\/cudeca-logo.png","width":2121,"height":984,"caption":"Fundaci\u00f3n Cudeca"},"image":{"@id":"https:\/\/www.cudeca.org\/#\/schema\/logo\/image\/"}},{"@type":"WebSite","@id":"https:\/\/www.cudeca.org\/#website","url":"https:\/\/www.cudeca.org\/","name":"Fundaci\u00f3n Cudeca","description":"Cudeca Hospice","publisher":{"@id":"https:\/\/www.cudeca.org\/#organization"},"potentialAction":[{"@type":"SearchAction","target":{"@type":"EntryPoint","urlTemplate":"https:\/\/www.cudeca.org\/?s={search_term_string}"},"query-input":"required name=search_term_string"}],"inLanguage":"en-US"},{"@type":"WebPage","@id":"https:\/\/www.cudeca.org\/actualidad\/vii-marcha-intercentros\/","url":"https:\/\/www.cudeca.org\/actualidad\/vii-marcha-intercentros\/","name":"VII March Intercenters in aid of CUDECA - Cudeca Cancer Care Hospice","isPartOf":{"@id":"https:\/\/www.cudeca.org\/#website"},"datePublished":"2019-05-08T12:39:18+00:00","dateModified":"2019-05-08T12:39:18+00:00","breadcrumb":{"@id":"https:\/\/www.cudeca.org\/actualidad\/vii-marcha-intercentros\/#breadcrumb"},"inLanguage":"en-US","potentialAction":[{"@type":"ReadAction","target":["https:\/\/www.cudeca.org\/actualidad\/vii-marcha-intercentros\/"]}]},{"@type":"BreadcrumbList","@id":"https:\/\/www.cudeca.org\/actualidad\/vii-marcha-intercentros\/#breadcrumb","itemListElement":[{"@type":"ListItem","position":1,"name":"Portada","item":"https:\/\/www.cudeca.org\/"},{"@type":"ListItem","position":2,"name":"VII Marcha Intercentros"}]},{"@type":"Article","@id":"https:\/\/www.cudeca.org\/actualidad\/vii-marcha-intercentros\/#article","isPartOf":{"@id":"https:\/\/www.cudeca.org\/actualidad\/vii-marcha-intercentros\/"},"author":{"name":"Jorge Lopez","@id":"https:\/\/www.cudeca.org\/#\/schema\/person\/ef584faee50c55adf49de08e703741fd"},"headline":"VII March Intercenters in aid of CUDECA","datePublished":"2019-05-08T12:39:18+00:00","dateModified":"2019-05-08T12:39:18+00:00","mainEntityOfPage":{"@id":"https:\/\/www.cudeca.org\/actualidad\/vii-marcha-intercentros\/"},"wordCount":742,"commentCount":0,"publisher":{"@id":"https:\/\/www.cudeca.org\/#organization"},"articleSection":[""],"inLanguage":"en-US","potentialAction":[{"@type":"CommentAction","name":"Comment","target":["https:\/\/www.cudeca.org\/actualidad\/vii-marcha-intercentros\/#respond"]}]},{"@type":"Person","@id":"https:\/\/www.cudeca.org\/#\/schema\/person\/ef584faee50c55adf49de08e703741fd","name":"Jorge Lopez","image":{"@type":"ImageObject","inLanguage":"en-US","@id":"https:\/\/www.cudeca.org\/#\/schema\/person\/image\/","url":"https:\/\/secure.gravatar.com\/avatar\/f861e8975d384d76728a2976bb1626da?s=96&d=mm&r=g","contentUrl":"https:\/\/secure.gravatar.com\/avatar\/f861e8975d384d76728a2976bb1626da?s=96&d=mm&r=g","caption":"Jorge Lopez"}}]}},"_links":{"self":[{"href":"https:\/\/www.cudeca.org\/en\/wp-json\/wp\/v2\/posts\/20815"}],"collection":[{"href":"https:\/\/www.cudeca.org\/en\/wp-json\/wp\/v2\/posts"}],"about":[{"href":"https:\/\/www.cudeca.org\/en\/wp-json\/wp\/v2\/types\/post"}],"author":[{"embeddable":true,"href":"https:\/\/www.cudeca.org\/en\/wp-json\/wp\/v2\/users\/5"}],"replies":[{"embeddable":true,"href":"https:\/\/www.cudeca.org\/en\/wp-json\/wp\/v2\/comments?post=20815"}],"version-history":[{"count":1,"href":"https:\/\/www.cudeca.org\/en\/wp-json\/wp\/v2\/posts\/20815\/revisions"}],"predecessor-version":[{"id":20817,"href":"https:\/\/www.cudeca.org\/en\/wp-json\/wp\/v2\/posts\/20815\/revisions\/20817"}],"wp:featuredmedia":[{"embeddable":true,"href":"https:\/\/www.cudeca.org\/en\/wp-json\/wp\/v2\/media\/20816"}],"wp:attachment":[{"href":"https:\/\/www.cudeca.org\/en\/wp-json\/wp\/v2\/media?parent=20815"}],"wp:term":[{"taxonomy":"category","embeddable":true,"href":"https:\/\/www.cudeca.org\/en\/wp-json\/wp\/v2\/categories?post=20815"},{"taxonomy":"post_tag","embeddable":true,"href":"https:\/\/www.cudeca.org\/en\/wp-json\/wp\/v2\/tags?post=20815"}],"curies":[{"name":"wp","href":"https:\/\/api.w.org\/{rel}","templated":true}]}}