{"id":20805,"date":"2019-05-06T11:58:08","date_gmt":"2019-05-06T11:58:08","guid":{"rendered":"https:\/\/www.cudeca.org\/?p=20805"},"modified":"2019-05-06T14:49:05","modified_gmt":"2019-05-06T14:49:05","slug":"presentacion-de-la-marcha-por-cudeca-walkathon-2019","status":"publish","type":"post","link":"https:\/\/www.cudeca.org\/en\/actualidad\/presentacion-de-la-marcha-por-cudeca-walkathon-2019\/","title":{"rendered":"Presentation of the Walkathon 2019"},"content":{"rendered":"<div class=\"wpb-content-wrapper\"><p>[vc_row][vc_column][vc_column_text]Today, the official presentation of the Walkathon 2019 (taking place on Sunday 12 May on the Benalmadena promenade) has taken place at the centre of the Cudeca Cancer Care Hospice.<\/p>\n<p>&nbsp;<\/p>\n<p>The Mayor of Benalmadena, V\u00edctor Navas, has been present at the presentation together with the Deputy Chief Executive and Financial Director of CUDECA, Rafael Olalla and the Manager of Communication and Fundraising, Angel Krebbers.<\/p>\n<p>&nbsp;<\/p>\n<p>Rafael Olalla has commented that &#8220;CUDECA needs the support of the community to continue caring at the end of life and participating of our Walkathon is a good way to help us. The registration raises funds to continue caring for people with cancer and other advanced diseases and offer support to their families\u201d.<\/p>\n<p>The mayor of Benalmadena invited all residents of Benalmadena and in the province of Malaga to attend the march and commented that &#8220;the Cudeca Hospice does an important job for many people at the end of life and we need to be part of events such as the Walkathon so that they can continue to assist many people who need the CUDECA \u00a0<em>special kind of caring<\/em>.<\/p>\n<p>&nbsp;<\/p>\n<p>The <strong>charity walk\u00b4s goal<\/strong> is to raise awareness about our special kind of caring; and raise funds so that we can continue assisting each year to more than 1,400 people with cancer and other advanced illnesses, and support to their family, throughout the province of Malaga. Our services are free of charge.<\/p>\n<p>We look forward to seeing you on the <strong>12th May<\/strong> on the seaside promenade in front of <strong>Sunset Beach Club Hotel in Benalmadena <\/strong>(Calle Torrevig\u00eda).<\/p>\n<p>There will be three routes:<\/p>\n<p><strong>10 kilometres.<\/strong> Starts10:30h.<\/p>\n<p><strong>2 &amp; 5 kilometres.<\/strong> Starts 12:00h.<\/p>\n<p>You can register online or on the day itself on the beach promenade next to the Hotel Sunset Beach Club. You should register minimum 30 minutes before the starting of each route.<\/p>\n<p><strong><u>How can you participate?<\/u><\/strong><\/p>\n<p>Very easily, by registering upto two days before the event, in (available on March 2019):<\/p>\n<p>&#8211; Our website <a href=\"http:\/\/www.cudeca.org\/en\">www.cudeca.org\/en<\/a>\/walkathon<\/p>\n<p>&#8211; Our\u00a0<strong>Hospice Centre in Benalm\u00e1dena<\/strong>, Avda. del Cosmos, s\/n.<br \/>\n&#8211; Our\u00a0<strong>Charity Shops\u00a0<\/strong>located throughout the province of Malaga<\/p>\n<p>You can also register on the day itself on the beach promenade next to the Hotel Sunset Beach Club.<br \/>\nYou should register minimum 30 minutes before the starting of each route.<\/p>\n<p>The\u00a0cost of\u00a0<strong>registering<\/strong> is:<\/p>\n<p><strong>Online Inscription before Walkathon:<\/strong> 10\u20ac for adults &amp; 6\u20ac for children.<br \/>\n<strong>Inscription on the day: <\/strong>12\u20ac for adults &amp; 6\u20ac for children.<\/p>\n<p>Upon registration, you will receive a T-shirt, bottle of water, a drink and a super raffle ticket.<\/p>\n<p><strong><u>Big prizes, live music, activities for kids,&#8230;<\/u><\/strong><\/p>\n<p>Come along for a fun-filled day in a unique atmosphere:<strong>\u00a0<\/strong>live music, charity paella, kids activities, and many more surprises await you! Oh, we almost forgot to mention, you can come along with your\u00a0<strong>pet<\/strong>!<\/p>\n<p><strong>Win prizes for the biggest sponsorship &amp; the group with the most participants!<\/strong><\/p>\n<p><strong>Non-attendance tickets<\/strong><br \/>\nAlso,\u00a0<strong>if you cannot attend this event<\/strong>, you can purchase your non-attendance tickets,\u00a0or you make a donation to: <a href=\"http:\/\/www.cudeca.org\/iniciativas-solidarias\/es\/evento\/fila-row-0-marcha-por-cudeca-walkathon-2019\">http:\/\/www.cudeca.org\/iniciativas-solidarias\/es\/evento\/fila-row-0-marcha-por-cudeca-walkathon-2019<\/a> or La Caixa ES48 2100 7681 3523 00060031.<\/p>\n<p>&nbsp;<\/p>\n<p>&nbsp;<\/p>\n<p><strong>CUDECA Walkathon<\/strong> is possible thanks to the official sponsorship of\u00a0<u><a href=\"http:\/\/obrasocial.lacaixa.es\/\"><strong>Obra Social &#8220;La Caixa&#8221;<\/strong><\/a><\/u> and\u00a0thanks to the collaboration of: <strong><a href=\"http:\/\/www.benalmadena.com\/\">Benalm\u00e1dena Townhal<\/a><\/strong><strong>l,<\/strong><strong>\u00a0<\/strong><strong><a href=\"http:\/\/www.pdmbenalmadena.es\/\">Municipal\u00a0Sporting Patron of Benalm\u00e1dena<\/a><\/strong><strong>,<\/strong><strong>\u00a0<\/strong><strong><a href=\"http:\/\/www.sunsetbeachclub.com\/\">Sunset Beach Club Hotel<\/a><\/strong><strong>, <\/strong><strong><a href=\"http:\/\/www.exploramas.es\/\">Exploram\u00e1s<\/a><\/strong><strong>, <\/strong>Diputaci\u00f3n Provincial de M\u00e1laga, Mancomunidad de Municipios de la Costa del Sol Occidental, CLC World Foundation, Helic\u00f3pteros Sanitarios, Coca Cola, Carrefour Torremolinos, Grupo GMG, Los Mellizos Restaurant, Dumher, Quir\u00f3n Hospital, Mijas Comunicaci\u00f3n, Vithas Xanit Internacional Hospital, Cadena Ser, Talk Radio Europe, Diario Sur y Sur in English.<\/p>\n<p>&nbsp;<\/p>\n<p><img loading=\"lazy\" class=\"alignnone wp-image-19777\" src=\"https:\/\/www.cudeca.org\/wp-content\/uploads\/2019\/01\/19-Cartel-Marcha-Walkathon-CUDECA-FINAL-212x300.jpg\" alt=\"\" width=\"352\" height=\"414\" \/>[\/vc_column_text][\/vc_column][\/vc_row]<\/p>\n<\/div>","protected":false},"excerpt":{"rendered":"<p>[vc_row][vc_column][vc_column_text]Today, the official presentation of the Walkathon 2019 (taking place on Sunday 12 May on the Benalmadena promenade) has taken place at the centre of the Cudeca Cancer Care Hospice. &nbsp; The Mayor of Benalmadena, V\u00edctor Navas, has been present at the presentation together with the Deputy Chief Executive and Financial Director of CUDECA, Rafael [&hellip;]<\/p>\n","protected":false},"author":2,"featured_media":20808,"comment_status":"open","ping_status":"open","sticky":false,"template":"","format":"standard","meta":[],"categories":[15],"tags":[52,17],"yoast_head":"<!-- This site is optimized with the Yoast SEO plugin v19.4 - https:\/\/yoast.com\/wordpress\/plugins\/seo\/ -->\n<title>Presentation of the Walkathon 2019 - Cudeca Cancer Care Hospice<\/title>\n<meta name=\"robots\" content=\"index, follow, max-snippet:-1, max-image-preview:large, max-video-preview:-1\" \/>\n<link rel=\"canonical\" href=\"https:\/\/www.cudeca.org\/actualidad\/presentacion-de-la-marcha-por-cudeca-walkathon-2019\/\" \/>\n<meta property=\"og:locale\" content=\"en_US\" \/>\n<meta property=\"og:type\" content=\"article\" \/>\n<meta property=\"og:title\" content=\"Presentation of the Walkathon 2019 - Cudeca Cancer Care Hospice\" \/>\n<meta property=\"og:description\" content=\"[vc_row][vc_column][vc_column_text]Today, the official presentation of the Walkathon 2019 (taking place on Sunday 12 May on the Benalmadena promenade) has taken place at the centre of the Cudeca Cancer Care Hospice. &nbsp; The Mayor of Benalmadena, V\u00edctor Navas, has been present at the presentation together with the Deputy Chief Executive and Financial Director of CUDECA, Rafael [&hellip;]\" \/>\n<meta property=\"og:url\" content=\"https:\/\/www.cudeca.org\/actualidad\/presentacion-de-la-marcha-por-cudeca-walkathon-2019\/\" \/>\n<meta property=\"og:site_name\" content=\"Cudeca Cancer Care Hospice\" \/>\n<meta property=\"article:publisher\" content=\"https:\/\/www.facebook.com\/AmigosDeCudeca\" \/>\n<meta property=\"article:published_time\" content=\"2019-05-06T11:58:08+00:00\" \/>\n<meta property=\"article:modified_time\" content=\"2019-05-06T14:49:05+00:00\" \/>\n<meta property=\"og:image\" content=\"https:\/\/www.cudeca.org\/wp-content\/uploads\/2019\/05\/Marcha-CUDECA-Walkathon-presentacion-peq-1024x683.jpg\" \/>\n\t<meta property=\"og:image:width\" content=\"1024\" \/>\n\t<meta property=\"og:image:height\" content=\"683\" \/>\n\t<meta property=\"og:image:type\" content=\"image\/jpeg\" \/>\n<meta name=\"author\" content=\"angel\" \/>\n<meta name=\"twitter:card\" content=\"summary_large_image\" \/>\n<meta name=\"twitter:creator\" content=\"@cudeca\" \/>\n<meta name=\"twitter:site\" content=\"@cudeca\" \/>\n<meta name=\"twitter:label1\" content=\"Written by\" \/>\n\t<meta name=\"twitter:data1\" content=\"angel\" \/>\n\t<meta name=\"twitter:label2\" content=\"Est. reading time\" \/>\n\t<meta name=\"twitter:data2\" content=\"6 minutes\" \/>\n<script type=\"application\/ld+json\" class=\"yoast-schema-graph\">{\"@context\":\"https:\/\/schema.org\",\"@graph\":[{\"@type\":\"Organization\",\"@id\":\"https:\/\/www.cudeca.org\/#organization\",\"name\":\"Fundaci\u00f3n Cudeca\",\"url\":\"https:\/\/www.cudeca.org\/\",\"sameAs\":[\"https:\/\/www.youtube.com\/c\/cudecamalaga\",\"https:\/\/www.facebook.com\/AmigosDeCudeca\",\"https:\/\/twitter.com\/cudeca\"],\"logo\":{\"@type\":\"ImageObject\",\"inLanguage\":\"en-US\",\"@id\":\"https:\/\/www.cudeca.org\/#\/schema\/logo\/image\/\",\"url\":\"https:\/\/www.cudeca.org\/wp-content\/uploads\/2018\/02\/cudeca-logo.png\",\"contentUrl\":\"https:\/\/www.cudeca.org\/wp-content\/uploads\/2018\/02\/cudeca-logo.png\",\"width\":2121,\"height\":984,\"caption\":\"Fundaci\u00f3n Cudeca\"},\"image\":{\"@id\":\"https:\/\/www.cudeca.org\/#\/schema\/logo\/image\/\"}},{\"@type\":\"WebSite\",\"@id\":\"https:\/\/www.cudeca.org\/#website\",\"url\":\"https:\/\/www.cudeca.org\/\",\"name\":\"Fundaci\u00f3n Cudeca\",\"description\":\"Cudeca Hospice\",\"publisher\":{\"@id\":\"https:\/\/www.cudeca.org\/#organization\"},\"potentialAction\":[{\"@type\":\"SearchAction\",\"target\":{\"@type\":\"EntryPoint\",\"urlTemplate\":\"https:\/\/www.cudeca.org\/?s={search_term_string}\"},\"query-input\":\"required name=search_term_string\"}],\"inLanguage\":\"en-US\"},{\"@type\":\"WebPage\",\"@id\":\"https:\/\/www.cudeca.org\/actualidad\/presentacion-de-la-marcha-por-cudeca-walkathon-2019\/\",\"url\":\"https:\/\/www.cudeca.org\/actualidad\/presentacion-de-la-marcha-por-cudeca-walkathon-2019\/\",\"name\":\"Presentation of the Walkathon 2019 - Cudeca Cancer Care Hospice\",\"isPartOf\":{\"@id\":\"https:\/\/www.cudeca.org\/#website\"},\"datePublished\":\"2019-05-06T11:58:08+00:00\",\"dateModified\":\"2019-05-06T14:49:05+00:00\",\"breadcrumb\":{\"@id\":\"https:\/\/www.cudeca.org\/actualidad\/presentacion-de-la-marcha-por-cudeca-walkathon-2019\/#breadcrumb\"},\"inLanguage\":\"en-US\",\"potentialAction\":[{\"@type\":\"ReadAction\",\"target\":[\"https:\/\/www.cudeca.org\/actualidad\/presentacion-de-la-marcha-por-cudeca-walkathon-2019\/\"]}]},{\"@type\":\"BreadcrumbList\",\"@id\":\"https:\/\/www.cudeca.org\/actualidad\/presentacion-de-la-marcha-por-cudeca-walkathon-2019\/#breadcrumb\",\"itemListElement\":[{\"@type\":\"ListItem\",\"position\":1,\"name\":\"Portada\",\"item\":\"https:\/\/www.cudeca.org\/\"},{\"@type\":\"ListItem\",\"position\":2,\"name\":\"Presentaci\u00f3n de la Marcha por Cudeca &#8211; Walkathon 2019\"}]},{\"@type\":\"Article\",\"@id\":\"https:\/\/www.cudeca.org\/actualidad\/presentacion-de-la-marcha-por-cudeca-walkathon-2019\/#article\",\"isPartOf\":{\"@id\":\"https:\/\/www.cudeca.org\/actualidad\/presentacion-de-la-marcha-por-cudeca-walkathon-2019\/\"},\"author\":{\"name\":\"angel\",\"@id\":\"https:\/\/www.cudeca.org\/#\/schema\/person\/320934aa099c37e69d4148721ba3e4be\"},\"headline\":\"Presentation of the Walkathon 2019\",\"datePublished\":\"2019-05-06T11:58:08+00:00\",\"dateModified\":\"2019-05-06T14:49:05+00:00\",\"mainEntityOfPage\":{\"@id\":\"https:\/\/www.cudeca.org\/actualidad\/presentacion-de-la-marcha-por-cudeca-walkathon-2019\/\"},\"wordCount\":1314,\"commentCount\":0,\"publisher\":{\"@id\":\"https:\/\/www.cudeca.org\/#organization\"},\"keywords\":[\"Cudeca\",\"Marcha Solidaria\"],\"articleSection\":[\"\"],\"inLanguage\":\"en-US\",\"potentialAction\":[{\"@type\":\"CommentAction\",\"name\":\"Comment\",\"target\":[\"https:\/\/www.cudeca.org\/actualidad\/presentacion-de-la-marcha-por-cudeca-walkathon-2019\/#respond\"]}]},{\"@type\":\"Person\",\"@id\":\"https:\/\/www.cudeca.org\/#\/schema\/person\/320934aa099c37e69d4148721ba3e4be\",\"name\":\"angel\",\"image\":{\"@type\":\"ImageObject\",\"inLanguage\":\"en-US\",\"@id\":\"https:\/\/www.cudeca.org\/#\/schema\/person\/image\/\",\"url\":\"https:\/\/secure.gravatar.com\/avatar\/91b6f0e62d069005f36feb58e1ffda2c?s=96&d=mm&r=g\",\"contentUrl\":\"https:\/\/secure.gravatar.com\/avatar\/91b6f0e62d069005f36feb58e1ffda2c?s=96&d=mm&r=g\",\"caption\":\"angel\"}}]}<\/script>\n<!-- \/ Yoast SEO plugin. -->","yoast_head_json":{"title":"Presentation of the Walkathon 2019 - Cudeca Cancer Care Hospice","robots":{"index":"index","follow":"follow","max-snippet":"max-snippet:-1","max-image-preview":"max-image-preview:large","max-video-preview":"max-video-preview:-1"},"canonical":"https:\/\/www.cudeca.org\/actualidad\/presentacion-de-la-marcha-por-cudeca-walkathon-2019\/","og_locale":"en_US","og_type":"article","og_title":"Presentation of the Walkathon 2019 - Cudeca Cancer Care Hospice","og_description":"[vc_row][vc_column][vc_column_text]Today, the official presentation of the Walkathon 2019 (taking place on Sunday 12 May on the Benalmadena promenade) has taken place at the centre of the Cudeca Cancer Care Hospice. &nbsp; The Mayor of Benalmadena, V\u00edctor Navas, has been present at the presentation together with the Deputy Chief Executive and Financial Director of CUDECA, Rafael [&hellip;]","og_url":"https:\/\/www.cudeca.org\/actualidad\/presentacion-de-la-marcha-por-cudeca-walkathon-2019\/","og_site_name":"Cudeca Cancer Care Hospice","article_publisher":"https:\/\/www.facebook.com\/AmigosDeCudeca","article_published_time":"2019-05-06T11:58:08+00:00","article_modified_time":"2019-05-06T14:49:05+00:00","og_image":[{"width":1024,"height":683,"url":"https:\/\/www.cudeca.org\/wp-content\/uploads\/2019\/05\/Marcha-CUDECA-Walkathon-presentacion-peq-1024x683.jpg","type":"image\/jpeg"}],"author":"angel","twitter_card":"summary_large_image","twitter_creator":"@cudeca","twitter_site":"@cudeca","twitter_misc":{"Written by":"angel","Est. reading time":"6 minutes"},"schema":{"@context":"https:\/\/schema.org","@graph":[{"@type":"Organization","@id":"https:\/\/www.cudeca.org\/#organization","name":"Fundaci\u00f3n Cudeca","url":"https:\/\/www.cudeca.org\/","sameAs":["https:\/\/www.youtube.com\/c\/cudecamalaga","https:\/\/www.facebook.com\/AmigosDeCudeca","https:\/\/twitter.com\/cudeca"],"logo":{"@type":"ImageObject","inLanguage":"en-US","@id":"https:\/\/www.cudeca.org\/#\/schema\/logo\/image\/","url":"https:\/\/www.cudeca.org\/wp-content\/uploads\/2018\/02\/cudeca-logo.png","contentUrl":"https:\/\/www.cudeca.org\/wp-content\/uploads\/2018\/02\/cudeca-logo.png","width":2121,"height":984,"caption":"Fundaci\u00f3n Cudeca"},"image":{"@id":"https:\/\/www.cudeca.org\/#\/schema\/logo\/image\/"}},{"@type":"WebSite","@id":"https:\/\/www.cudeca.org\/#website","url":"https:\/\/www.cudeca.org\/","name":"Fundaci\u00f3n Cudeca","description":"Cudeca Hospice","publisher":{"@id":"https:\/\/www.cudeca.org\/#organization"},"potentialAction":[{"@type":"SearchAction","target":{"@type":"EntryPoint","urlTemplate":"https:\/\/www.cudeca.org\/?s={search_term_string}"},"query-input":"required name=search_term_string"}],"inLanguage":"en-US"},{"@type":"WebPage","@id":"https:\/\/www.cudeca.org\/actualidad\/presentacion-de-la-marcha-por-cudeca-walkathon-2019\/","url":"https:\/\/www.cudeca.org\/actualidad\/presentacion-de-la-marcha-por-cudeca-walkathon-2019\/","name":"Presentation of the Walkathon 2019 - Cudeca Cancer Care Hospice","isPartOf":{"@id":"https:\/\/www.cudeca.org\/#website"},"datePublished":"2019-05-06T11:58:08+00:00","dateModified":"2019-05-06T14:49:05+00:00","breadcrumb":{"@id":"https:\/\/www.cudeca.org\/actualidad\/presentacion-de-la-marcha-por-cudeca-walkathon-2019\/#breadcrumb"},"inLanguage":"en-US","potentialAction":[{"@type":"ReadAction","target":["https:\/\/www.cudeca.org\/actualidad\/presentacion-de-la-marcha-por-cudeca-walkathon-2019\/"]}]},{"@type":"BreadcrumbList","@id":"https:\/\/www.cudeca.org\/actualidad\/presentacion-de-la-marcha-por-cudeca-walkathon-2019\/#breadcrumb","itemListElement":[{"@type":"ListItem","position":1,"name":"Portada","item":"https:\/\/www.cudeca.org\/"},{"@type":"ListItem","position":2,"name":"Presentaci\u00f3n de la Marcha por Cudeca &#8211; Walkathon 2019"}]},{"@type":"Article","@id":"https:\/\/www.cudeca.org\/actualidad\/presentacion-de-la-marcha-por-cudeca-walkathon-2019\/#article","isPartOf":{"@id":"https:\/\/www.cudeca.org\/actualidad\/presentacion-de-la-marcha-por-cudeca-walkathon-2019\/"},"author":{"name":"angel","@id":"https:\/\/www.cudeca.org\/#\/schema\/person\/320934aa099c37e69d4148721ba3e4be"},"headline":"Presentation of the Walkathon 2019","datePublished":"2019-05-06T11:58:08+00:00","dateModified":"2019-05-06T14:49:05+00:00","mainEntityOfPage":{"@id":"https:\/\/www.cudeca.org\/actualidad\/presentacion-de-la-marcha-por-cudeca-walkathon-2019\/"},"wordCount":1314,"commentCount":0,"publisher":{"@id":"https:\/\/www.cudeca.org\/#organization"},"keywords":["Cudeca","Marcha Solidaria"],"articleSection":[""],"inLanguage":"en-US","potentialAction":[{"@type":"CommentAction","name":"Comment","target":["https:\/\/www.cudeca.org\/actualidad\/presentacion-de-la-marcha-por-cudeca-walkathon-2019\/#respond"]}]},{"@type":"Person","@id":"https:\/\/www.cudeca.org\/#\/schema\/person\/320934aa099c37e69d4148721ba3e4be","name":"angel","image":{"@type":"ImageObject","inLanguage":"en-US","@id":"https:\/\/www.cudeca.org\/#\/schema\/person\/image\/","url":"https:\/\/secure.gravatar.com\/avatar\/91b6f0e62d069005f36feb58e1ffda2c?s=96&d=mm&r=g","contentUrl":"https:\/\/secure.gravatar.com\/avatar\/91b6f0e62d069005f36feb58e1ffda2c?s=96&d=mm&r=g","caption":"angel"}}]}},"_links":{"self":[{"href":"https:\/\/www.cudeca.org\/en\/wp-json\/wp\/v2\/posts\/20805"}],"collection":[{"href":"https:\/\/www.cudeca.org\/en\/wp-json\/wp\/v2\/posts"}],"about":[{"href":"https:\/\/www.cudeca.org\/en\/wp-json\/wp\/v2\/types\/post"}],"author":[{"embeddable":true,"href":"https:\/\/www.cudeca.org\/en\/wp-json\/wp\/v2\/users\/2"}],"replies":[{"embeddable":true,"href":"https:\/\/www.cudeca.org\/en\/wp-json\/wp\/v2\/comments?post=20805"}],"version-history":[{"count":3,"href":"https:\/\/www.cudeca.org\/en\/wp-json\/wp\/v2\/posts\/20805\/revisions"}],"predecessor-version":[{"id":20812,"href":"https:\/\/www.cudeca.org\/en\/wp-json\/wp\/v2\/posts\/20805\/revisions\/20812"}],"wp:featuredmedia":[{"embeddable":true,"href":"https:\/\/www.cudeca.org\/en\/wp-json\/wp\/v2\/media\/20808"}],"wp:attachment":[{"href":"https:\/\/www.cudeca.org\/en\/wp-json\/wp\/v2\/media?parent=20805"}],"wp:term":[{"taxonomy":"category","embeddable":true,"href":"https:\/\/www.cudeca.org\/en\/wp-json\/wp\/v2\/categories?post=20805"},{"taxonomy":"post_tag","embeddable":true,"href":"https:\/\/www.cudeca.org\/en\/wp-json\/wp\/v2\/tags?post=20805"}],"curies":[{"name":"wp","href":"https:\/\/api.w.org\/{rel}","templated":true}]}}