{"id":20703,"date":"2019-04-22T15:41:11","date_gmt":"2019-04-22T15:41:11","guid":{"rendered":"https:\/\/www.cudeca.org\/?p=20703"},"modified":"2019-04-23T13:31:37","modified_gmt":"2019-04-23T13:31:37","slug":"20703","status":"publish","type":"post","link":"https:\/\/www.cudeca.org\/en\/actualidad\/lagrimas-favores-foundation\/","title":{"rendered":"L\u00e1grimas y Favores Foundation annual donation"},"content":{"rendered":"<div class=\"wpb-content-wrapper\"><p>[vc_row][vc_column][vc_column_text]The<strong> L\u00e1grimas y Favores Foundation<\/strong>, presided over by Antonio Banderas, held its traditional annual Charity Dinner on Holy Friday (viernes de Dolores) and presented us with its annual donation.<\/p>\n<p>&nbsp;<\/p>\n<p>Our Chief Executive and Medical Director, Dr. Marisa Martin received from Antonio Banderas a \u20ac 35,000 cheque, which will be allocated entirely to our home care programs that each year help more than 1,400 people.<\/p>\n<p>&nbsp;<\/p>\n<p>Thanks to the solidarity of the L\u00e1grimas y Favores Foundation, we have achieved a total of more than \u20ac265,000, which has been entirely allocated to our professional and free care at the end of life.<\/p>\n<p>&nbsp;<\/p>\n<p>Likewise, the University of Malaga, Cudeca Hospice, Fundaci\u00f3n Corinto, C\u00e1ritas Parroquial, Seminario Diocesano and Fundaci\u00f3n Diocesana de Ense\u00f1anza de Santa Maria de la Victoria received important donations from the solidarity projects developed by the L\u00e1grimas y Favores Foundation throughout 2018.<\/p>\n<p>&nbsp;<\/p>\n<p>Many well-known faces showed solidarity, including our honorary ambassador, Remedios Cervantes as well as James Rhodes, Daniel Casares, Nieves \u00c1lvarez, Elsa Anka, Sara Baras and Adri\u00e1n Martin. Each year, this Charity Dinner features chefs of the hight of Pablo Gonz\u00e1lez, Alberto Ferruz, Jos\u00e9 Alvarez and Kiko Moya.<\/p>\n<p>&nbsp;<\/p>\n<p>The L\u00e1grimas y Favores Foundation was created in 2010 with the aim of devoting all its efforts to cooperating with the University of M\u00e1laga and the Cudeca Hospice by obtaining economic funds to help the academic insertion of UMA students into curricula in the United States and Canada and to help palliative care for patients with cancer and other advanced illnesses.<\/p>\n<p>&nbsp;<\/p>\n<p>The Cudeca Hospice would like to express its heartfelt gratitude for the important support of the L\u00e1grimas y Favores Foundation, which is so welcome and necessary for our hospice work.[\/vc_column_text][\/vc_column][\/vc_row]<\/p>\n<\/div>","protected":false},"excerpt":{"rendered":"<p>[vc_row][vc_column][vc_column_text]The L\u00e1grimas y Favores Foundation, presided over by Antonio Banderas, held its traditional annual Charity Dinner on Holy Friday (viernes de Dolores) and presented us with its annual donation. &nbsp; Our Chief Executive and Medical Director, Dr. Marisa Martin received from Antonio Banderas a \u20ac 35,000 cheque, which will be allocated entirely to our home [&hellip;]<\/p>\n","protected":false},"author":2,"featured_media":20704,"comment_status":"open","ping_status":"open","sticky":false,"template":"","format":"standard","meta":[],"categories":[15],"tags":[52,53],"yoast_head":"<!-- This site is optimized with the Yoast SEO plugin v19.4 - https:\/\/yoast.com\/wordpress\/plugins\/seo\/ -->\n<title>L\u00e1grimas y Favores Foundation annual donation - Cudeca Cancer Care Hospice<\/title>\n<meta name=\"robots\" content=\"index, follow, max-snippet:-1, max-image-preview:large, max-video-preview:-1\" \/>\n<link rel=\"canonical\" href=\"https:\/\/www.cudeca.org\/actualidad\/fundacion-lagrimas-y-favores\/\" \/>\n<meta property=\"og:locale\" content=\"en_US\" \/>\n<meta property=\"og:type\" content=\"article\" \/>\n<meta property=\"og:title\" content=\"L\u00e1grimas y Favores Foundation annual donation - Cudeca Cancer Care Hospice\" \/>\n<meta property=\"og:description\" content=\"[vc_row][vc_column][vc_column_text]The L\u00e1grimas y Favores Foundation, presided over by Antonio Banderas, held its traditional annual Charity Dinner on Holy Friday (viernes de Dolores) and presented us with its annual donation. &nbsp; Our Chief Executive and Medical Director, Dr. Marisa Martin received from Antonio Banderas a \u20ac 35,000 cheque, which will be allocated entirely to our home [&hellip;]\" \/>\n<meta property=\"og:url\" content=\"https:\/\/www.cudeca.org\/actualidad\/fundacion-lagrimas-y-favores\/\" \/>\n<meta property=\"og:site_name\" content=\"Cudeca Cancer Care Hospice\" \/>\n<meta property=\"article:publisher\" content=\"https:\/\/www.facebook.com\/AmigosDeCudeca\" \/>\n<meta property=\"article:published_time\" content=\"2019-04-22T15:41:11+00:00\" \/>\n<meta property=\"article:modified_time\" content=\"2019-04-23T13:31:37+00:00\" \/>\n<meta property=\"og:image\" content=\"https:\/\/www.cudeca.org\/wp-content\/uploads\/2019\/04\/Lagrimas-y-Favores-2019.jpg\" \/>\n\t<meta property=\"og:image:width\" content=\"1200\" \/>\n\t<meta property=\"og:image:height\" content=\"800\" \/>\n\t<meta property=\"og:image:type\" content=\"image\/jpeg\" \/>\n<meta name=\"author\" content=\"angel\" \/>\n<meta name=\"twitter:card\" content=\"summary_large_image\" \/>\n<meta name=\"twitter:creator\" content=\"@cudeca\" \/>\n<meta name=\"twitter:site\" content=\"@cudeca\" \/>\n<meta name=\"twitter:label1\" content=\"Written by\" \/>\n\t<meta name=\"twitter:data1\" content=\"angel\" \/>\n\t<meta name=\"twitter:label2\" content=\"Est. reading time\" \/>\n\t<meta name=\"twitter:data2\" content=\"3 minutes\" \/>\n<script type=\"application\/ld+json\" class=\"yoast-schema-graph\">{\"@context\":\"https:\/\/schema.org\",\"@graph\":[{\"@type\":\"Organization\",\"@id\":\"https:\/\/www.cudeca.org\/#organization\",\"name\":\"Fundaci\u00f3n Cudeca\",\"url\":\"https:\/\/www.cudeca.org\/\",\"sameAs\":[\"https:\/\/www.youtube.com\/c\/cudecamalaga\",\"https:\/\/www.facebook.com\/AmigosDeCudeca\",\"https:\/\/twitter.com\/cudeca\"],\"logo\":{\"@type\":\"ImageObject\",\"inLanguage\":\"en-US\",\"@id\":\"https:\/\/www.cudeca.org\/#\/schema\/logo\/image\/\",\"url\":\"https:\/\/www.cudeca.org\/wp-content\/uploads\/2018\/02\/cudeca-logo.png\",\"contentUrl\":\"https:\/\/www.cudeca.org\/wp-content\/uploads\/2018\/02\/cudeca-logo.png\",\"width\":2121,\"height\":984,\"caption\":\"Fundaci\u00f3n Cudeca\"},\"image\":{\"@id\":\"https:\/\/www.cudeca.org\/#\/schema\/logo\/image\/\"}},{\"@type\":\"WebSite\",\"@id\":\"https:\/\/www.cudeca.org\/#website\",\"url\":\"https:\/\/www.cudeca.org\/\",\"name\":\"Fundaci\u00f3n Cudeca\",\"description\":\"Cudeca Hospice\",\"publisher\":{\"@id\":\"https:\/\/www.cudeca.org\/#organization\"},\"potentialAction\":[{\"@type\":\"SearchAction\",\"target\":{\"@type\":\"EntryPoint\",\"urlTemplate\":\"https:\/\/www.cudeca.org\/?s={search_term_string}\"},\"query-input\":\"required name=search_term_string\"}],\"inLanguage\":\"en-US\"},{\"@type\":\"WebPage\",\"@id\":\"https:\/\/www.cudeca.org\/actualidad\/fundacion-lagrimas-y-favores\/\",\"url\":\"https:\/\/www.cudeca.org\/actualidad\/fundacion-lagrimas-y-favores\/\",\"name\":\"L\u00e1grimas y Favores Foundation annual donation - Cudeca Cancer Care Hospice\",\"isPartOf\":{\"@id\":\"https:\/\/www.cudeca.org\/#website\"},\"datePublished\":\"2019-04-22T15:41:11+00:00\",\"dateModified\":\"2019-04-23T13:31:37+00:00\",\"breadcrumb\":{\"@id\":\"https:\/\/www.cudeca.org\/actualidad\/fundacion-lagrimas-y-favores\/#breadcrumb\"},\"inLanguage\":\"en-US\",\"potentialAction\":[{\"@type\":\"ReadAction\",\"target\":[\"https:\/\/www.cudeca.org\/actualidad\/fundacion-lagrimas-y-favores\/\"]}]},{\"@type\":\"BreadcrumbList\",\"@id\":\"https:\/\/www.cudeca.org\/actualidad\/fundacion-lagrimas-y-favores\/#breadcrumb\",\"itemListElement\":[{\"@type\":\"ListItem\",\"position\":1,\"name\":\"Portada\",\"item\":\"https:\/\/www.cudeca.org\/\"},{\"@type\":\"ListItem\",\"position\":2,\"name\":\"Gran apoyo de la Fundaci\u00f3n L\u00e1grimas y Favores\"}]},{\"@type\":\"Article\",\"@id\":\"https:\/\/www.cudeca.org\/actualidad\/fundacion-lagrimas-y-favores\/#article\",\"isPartOf\":{\"@id\":\"https:\/\/www.cudeca.org\/actualidad\/fundacion-lagrimas-y-favores\/\"},\"author\":{\"name\":\"angel\",\"@id\":\"https:\/\/www.cudeca.org\/#\/schema\/person\/320934aa099c37e69d4148721ba3e4be\"},\"headline\":\"L\u00e1grimas y Favores Foundation annual donation\",\"datePublished\":\"2019-04-22T15:41:11+00:00\",\"dateModified\":\"2019-04-23T13:31:37+00:00\",\"mainEntityOfPage\":{\"@id\":\"https:\/\/www.cudeca.org\/actualidad\/fundacion-lagrimas-y-favores\/\"},\"wordCount\":667,\"commentCount\":0,\"publisher\":{\"@id\":\"https:\/\/www.cudeca.org\/#organization\"},\"keywords\":[\"Cudeca\",\"Fundaci\u00f3n L\u00e1grimas y Favores\"],\"articleSection\":[\"\"],\"inLanguage\":\"en-US\",\"potentialAction\":[{\"@type\":\"CommentAction\",\"name\":\"Comment\",\"target\":[\"https:\/\/www.cudeca.org\/actualidad\/fundacion-lagrimas-y-favores\/#respond\"]}]},{\"@type\":\"Person\",\"@id\":\"https:\/\/www.cudeca.org\/#\/schema\/person\/320934aa099c37e69d4148721ba3e4be\",\"name\":\"angel\",\"image\":{\"@type\":\"ImageObject\",\"inLanguage\":\"en-US\",\"@id\":\"https:\/\/www.cudeca.org\/#\/schema\/person\/image\/\",\"url\":\"https:\/\/secure.gravatar.com\/avatar\/91b6f0e62d069005f36feb58e1ffda2c?s=96&d=mm&r=g\",\"contentUrl\":\"https:\/\/secure.gravatar.com\/avatar\/91b6f0e62d069005f36feb58e1ffda2c?s=96&d=mm&r=g\",\"caption\":\"angel\"}}]}<\/script>\n<!-- \/ Yoast SEO plugin. -->","yoast_head_json":{"title":"L\u00e1grimas y Favores Foundation annual donation - Cudeca Cancer Care Hospice","robots":{"index":"index","follow":"follow","max-snippet":"max-snippet:-1","max-image-preview":"max-image-preview:large","max-video-preview":"max-video-preview:-1"},"canonical":"https:\/\/www.cudeca.org\/actualidad\/fundacion-lagrimas-y-favores\/","og_locale":"en_US","og_type":"article","og_title":"L\u00e1grimas y Favores Foundation annual donation - Cudeca Cancer Care Hospice","og_description":"[vc_row][vc_column][vc_column_text]The L\u00e1grimas y Favores Foundation, presided over by Antonio Banderas, held its traditional annual Charity Dinner on Holy Friday (viernes de Dolores) and presented us with its annual donation. &nbsp; Our Chief Executive and Medical Director, Dr. Marisa Martin received from Antonio Banderas a \u20ac 35,000 cheque, which will be allocated entirely to our home [&hellip;]","og_url":"https:\/\/www.cudeca.org\/actualidad\/fundacion-lagrimas-y-favores\/","og_site_name":"Cudeca Cancer Care Hospice","article_publisher":"https:\/\/www.facebook.com\/AmigosDeCudeca","article_published_time":"2019-04-22T15:41:11+00:00","article_modified_time":"2019-04-23T13:31:37+00:00","og_image":[{"width":1200,"height":800,"url":"https:\/\/www.cudeca.org\/wp-content\/uploads\/2019\/04\/Lagrimas-y-Favores-2019.jpg","type":"image\/jpeg"}],"author":"angel","twitter_card":"summary_large_image","twitter_creator":"@cudeca","twitter_site":"@cudeca","twitter_misc":{"Written by":"angel","Est. reading time":"3 minutes"},"schema":{"@context":"https:\/\/schema.org","@graph":[{"@type":"Organization","@id":"https:\/\/www.cudeca.org\/#organization","name":"Fundaci\u00f3n Cudeca","url":"https:\/\/www.cudeca.org\/","sameAs":["https:\/\/www.youtube.com\/c\/cudecamalaga","https:\/\/www.facebook.com\/AmigosDeCudeca","https:\/\/twitter.com\/cudeca"],"logo":{"@type":"ImageObject","inLanguage":"en-US","@id":"https:\/\/www.cudeca.org\/#\/schema\/logo\/image\/","url":"https:\/\/www.cudeca.org\/wp-content\/uploads\/2018\/02\/cudeca-logo.png","contentUrl":"https:\/\/www.cudeca.org\/wp-content\/uploads\/2018\/02\/cudeca-logo.png","width":2121,"height":984,"caption":"Fundaci\u00f3n Cudeca"},"image":{"@id":"https:\/\/www.cudeca.org\/#\/schema\/logo\/image\/"}},{"@type":"WebSite","@id":"https:\/\/www.cudeca.org\/#website","url":"https:\/\/www.cudeca.org\/","name":"Fundaci\u00f3n Cudeca","description":"Cudeca Hospice","publisher":{"@id":"https:\/\/www.cudeca.org\/#organization"},"potentialAction":[{"@type":"SearchAction","target":{"@type":"EntryPoint","urlTemplate":"https:\/\/www.cudeca.org\/?s={search_term_string}"},"query-input":"required name=search_term_string"}],"inLanguage":"en-US"},{"@type":"WebPage","@id":"https:\/\/www.cudeca.org\/actualidad\/fundacion-lagrimas-y-favores\/","url":"https:\/\/www.cudeca.org\/actualidad\/fundacion-lagrimas-y-favores\/","name":"L\u00e1grimas y Favores Foundation annual donation - Cudeca Cancer Care Hospice","isPartOf":{"@id":"https:\/\/www.cudeca.org\/#website"},"datePublished":"2019-04-22T15:41:11+00:00","dateModified":"2019-04-23T13:31:37+00:00","breadcrumb":{"@id":"https:\/\/www.cudeca.org\/actualidad\/fundacion-lagrimas-y-favores\/#breadcrumb"},"inLanguage":"en-US","potentialAction":[{"@type":"ReadAction","target":["https:\/\/www.cudeca.org\/actualidad\/fundacion-lagrimas-y-favores\/"]}]},{"@type":"BreadcrumbList","@id":"https:\/\/www.cudeca.org\/actualidad\/fundacion-lagrimas-y-favores\/#breadcrumb","itemListElement":[{"@type":"ListItem","position":1,"name":"Portada","item":"https:\/\/www.cudeca.org\/"},{"@type":"ListItem","position":2,"name":"Gran apoyo de la Fundaci\u00f3n L\u00e1grimas y Favores"}]},{"@type":"Article","@id":"https:\/\/www.cudeca.org\/actualidad\/fundacion-lagrimas-y-favores\/#article","isPartOf":{"@id":"https:\/\/www.cudeca.org\/actualidad\/fundacion-lagrimas-y-favores\/"},"author":{"name":"angel","@id":"https:\/\/www.cudeca.org\/#\/schema\/person\/320934aa099c37e69d4148721ba3e4be"},"headline":"L\u00e1grimas y Favores Foundation annual donation","datePublished":"2019-04-22T15:41:11+00:00","dateModified":"2019-04-23T13:31:37+00:00","mainEntityOfPage":{"@id":"https:\/\/www.cudeca.org\/actualidad\/fundacion-lagrimas-y-favores\/"},"wordCount":667,"commentCount":0,"publisher":{"@id":"https:\/\/www.cudeca.org\/#organization"},"keywords":["Cudeca","Fundaci\u00f3n L\u00e1grimas y Favores"],"articleSection":[""],"inLanguage":"en-US","potentialAction":[{"@type":"CommentAction","name":"Comment","target":["https:\/\/www.cudeca.org\/actualidad\/fundacion-lagrimas-y-favores\/#respond"]}]},{"@type":"Person","@id":"https:\/\/www.cudeca.org\/#\/schema\/person\/320934aa099c37e69d4148721ba3e4be","name":"angel","image":{"@type":"ImageObject","inLanguage":"en-US","@id":"https:\/\/www.cudeca.org\/#\/schema\/person\/image\/","url":"https:\/\/secure.gravatar.com\/avatar\/91b6f0e62d069005f36feb58e1ffda2c?s=96&d=mm&r=g","contentUrl":"https:\/\/secure.gravatar.com\/avatar\/91b6f0e62d069005f36feb58e1ffda2c?s=96&d=mm&r=g","caption":"angel"}}]}},"_links":{"self":[{"href":"https:\/\/www.cudeca.org\/en\/wp-json\/wp\/v2\/posts\/20703"}],"collection":[{"href":"https:\/\/www.cudeca.org\/en\/wp-json\/wp\/v2\/posts"}],"about":[{"href":"https:\/\/www.cudeca.org\/en\/wp-json\/wp\/v2\/types\/post"}],"author":[{"embeddable":true,"href":"https:\/\/www.cudeca.org\/en\/wp-json\/wp\/v2\/users\/2"}],"replies":[{"embeddable":true,"href":"https:\/\/www.cudeca.org\/en\/wp-json\/wp\/v2\/comments?post=20703"}],"version-history":[{"count":1,"href":"https:\/\/www.cudeca.org\/en\/wp-json\/wp\/v2\/posts\/20703\/revisions"}],"predecessor-version":[{"id":20706,"href":"https:\/\/www.cudeca.org\/en\/wp-json\/wp\/v2\/posts\/20703\/revisions\/20706"}],"wp:featuredmedia":[{"embeddable":true,"href":"https:\/\/www.cudeca.org\/en\/wp-json\/wp\/v2\/media\/20704"}],"wp:attachment":[{"href":"https:\/\/www.cudeca.org\/en\/wp-json\/wp\/v2\/media?parent=20703"}],"wp:term":[{"taxonomy":"category","embeddable":true,"href":"https:\/\/www.cudeca.org\/en\/wp-json\/wp\/v2\/categories?post=20703"},{"taxonomy":"post_tag","embeddable":true,"href":"https:\/\/www.cudeca.org\/en\/wp-json\/wp\/v2\/tags?post=20703"}],"curies":[{"name":"wp","href":"https:\/\/api.w.org\/{rel}","templated":true}]}}