{"id":20693,"date":"2019-04-22T15:17:56","date_gmt":"2019-04-22T15:17:56","guid":{"rendered":"https:\/\/www.cudeca.org\/?p=20693"},"modified":"2019-04-23T13:37:33","modified_gmt":"2019-04-23T13:37:33","slug":"galardon-una-vela-de-esperanza","status":"publish","type":"post","link":"https:\/\/www.cudeca.org\/en\/actualidad\/a-candle-of-hope-award\/","title":{"rendered":"&#8221;A Candle of Hope&#8221; Award"},"content":{"rendered":"<div class=\"wpb-content-wrapper\"><p>[vc_row][vc_column][vc_column_text]<\/p>\n<p style=\"text-align: left;\">Last Thursday, April 18, the <strong>Old Archconfraternity of Santa Vera+Cruz, Nuestro Padre Jes\u00fas Nazareno &#8220;El Pobre&#8221; and Mar\u00eda Sant\u00edsima de la Esperanza Iglesia de Santiago, Real Convento de San Francisco V\u00e9lez-M\u00e1laga<\/strong> granted us the award &#8220;Una Vela de Esperanza&#8221; (A Candle of Hope) in recognition of our home care team work in V\u00e9lez-M\u00e1laga.<\/p>\n<p style=\"text-align: left;\">They also allowed us to light a candle with a green ribbon with and our logo on the arch of the bell of the throne of the Virgin of Hope during the Holy Thursday procession.<\/p>\n<p style=\"text-align: left;\">Several of our volunteers were there on behalf of CUDECA and accompanied the members of the Archconfraternity on the processional journey as part of the Presidency.<\/p>\n<p style=\"text-align: left;\">We would like to express our heartfelt gratitude for the recognition of the Archconfraternity as well as the important support of our volunteers.<\/p>\n<p>[\/vc_column_text][\/vc_column][\/vc_row]<\/p>\n<\/div>","protected":false},"excerpt":{"rendered":"<p>[vc_row][vc_column][vc_column_text] Last Thursday, April 18, the Old Archconfraternity of Santa Vera+Cruz, Nuestro Padre Jes\u00fas Nazareno &#8220;El Pobre&#8221; and Mar\u00eda Sant\u00edsima de la Esperanza Iglesia de Santiago, Real Convento de San Francisco V\u00e9lez-M\u00e1laga granted us the award &#8220;Una Vela de Esperanza&#8221; (A Candle of Hope) in recognition of our home care team work in V\u00e9lez-M\u00e1laga. They [&hellip;]<\/p>\n","protected":false},"author":2,"featured_media":20695,"comment_status":"open","ping_status":"open","sticky":false,"template":"","format":"standard","meta":[],"categories":[15],"tags":[52,43],"yoast_head":"<!-- This site is optimized with the Yoast SEO plugin v19.4 - https:\/\/yoast.com\/wordpress\/plugins\/seo\/ -->\n<title>&quot;A Candle of Hope&quot; Award - Cudeca Cancer Care Hospice<\/title>\n<meta name=\"robots\" content=\"index, follow, max-snippet:-1, max-image-preview:large, max-video-preview:-1\" \/>\n<link rel=\"canonical\" href=\"https:\/\/www.cudeca.org\/en\/actualidad\/a-candle-of-hope-award\/\" \/>\n<meta property=\"og:locale\" content=\"en_US\" \/>\n<meta property=\"og:type\" content=\"article\" \/>\n<meta property=\"og:title\" content=\"&quot;A Candle of Hope&quot; Award - Cudeca Cancer Care Hospice\" \/>\n<meta property=\"og:description\" content=\"[vc_row][vc_column][vc_column_text] Last Thursday, April 18, the Old Archconfraternity of Santa Vera+Cruz, Nuestro Padre Jes\u00fas Nazareno &#8220;El Pobre&#8221; and Mar\u00eda Sant\u00edsima de la Esperanza Iglesia de Santiago, Real Convento de San Francisco V\u00e9lez-M\u00e1laga granted us the award &#8220;Una Vela de Esperanza&#8221; (A Candle of Hope) in recognition of our home care team work in V\u00e9lez-M\u00e1laga. They [&hellip;]\" \/>\n<meta property=\"og:url\" content=\"https:\/\/www.cudeca.org\/en\/actualidad\/a-candle-of-hope-award\/\" \/>\n<meta property=\"og:site_name\" content=\"Cudeca Cancer Care Hospice\" \/>\n<meta property=\"article:publisher\" content=\"https:\/\/www.facebook.com\/AmigosDeCudeca\" \/>\n<meta property=\"article:published_time\" content=\"2019-04-22T15:17:56+00:00\" \/>\n<meta property=\"article:modified_time\" content=\"2019-04-23T13:37:33+00:00\" \/>\n<meta property=\"og:image\" content=\"https:\/\/www.cudeca.org\/wp-content\/uploads\/2019\/04\/Archicofradia-V\u00e9lez-01.jpeg\" \/>\n\t<meta property=\"og:image:width\" content=\"1600\" \/>\n\t<meta property=\"og:image:height\" content=\"1200\" \/>\n\t<meta property=\"og:image:type\" content=\"image\/jpeg\" \/>\n<meta name=\"author\" content=\"angel\" \/>\n<meta name=\"twitter:card\" content=\"summary_large_image\" \/>\n<meta name=\"twitter:creator\" content=\"@cudeca\" \/>\n<meta name=\"twitter:site\" content=\"@cudeca\" \/>\n<meta name=\"twitter:label1\" content=\"Written by\" \/>\n\t<meta name=\"twitter:data1\" content=\"angel\" \/>\n\t<meta name=\"twitter:label2\" content=\"Est. reading time\" \/>\n\t<meta name=\"twitter:data2\" content=\"2 minutes\" \/>\n<script type=\"application\/ld+json\" class=\"yoast-schema-graph\">{\"@context\":\"https:\/\/schema.org\",\"@graph\":[{\"@type\":\"Organization\",\"@id\":\"https:\/\/www.cudeca.org\/#organization\",\"name\":\"Fundaci\u00f3n Cudeca\",\"url\":\"https:\/\/www.cudeca.org\/\",\"sameAs\":[\"https:\/\/www.youtube.com\/c\/cudecamalaga\",\"https:\/\/www.facebook.com\/AmigosDeCudeca\",\"https:\/\/twitter.com\/cudeca\"],\"logo\":{\"@type\":\"ImageObject\",\"inLanguage\":\"en-US\",\"@id\":\"https:\/\/www.cudeca.org\/#\/schema\/logo\/image\/\",\"url\":\"https:\/\/www.cudeca.org\/wp-content\/uploads\/2018\/02\/cudeca-logo.png\",\"contentUrl\":\"https:\/\/www.cudeca.org\/wp-content\/uploads\/2018\/02\/cudeca-logo.png\",\"width\":2121,\"height\":984,\"caption\":\"Fundaci\u00f3n Cudeca\"},\"image\":{\"@id\":\"https:\/\/www.cudeca.org\/#\/schema\/logo\/image\/\"}},{\"@type\":\"WebSite\",\"@id\":\"https:\/\/www.cudeca.org\/#website\",\"url\":\"https:\/\/www.cudeca.org\/\",\"name\":\"Fundaci\u00f3n Cudeca\",\"description\":\"Cudeca Hospice\",\"publisher\":{\"@id\":\"https:\/\/www.cudeca.org\/#organization\"},\"potentialAction\":[{\"@type\":\"SearchAction\",\"target\":{\"@type\":\"EntryPoint\",\"urlTemplate\":\"https:\/\/www.cudeca.org\/?s={search_term_string}\"},\"query-input\":\"required name=search_term_string\"}],\"inLanguage\":\"en-US\"},{\"@type\":\"WebPage\",\"@id\":\"https:\/\/www.cudeca.org\/en\/actualidad\/a-candle-of-hope-award\/\",\"url\":\"https:\/\/www.cudeca.org\/en\/actualidad\/a-candle-of-hope-award\/\",\"name\":\"\\\"A Candle of Hope\\\" Award - Cudeca Cancer Care Hospice\",\"isPartOf\":{\"@id\":\"https:\/\/www.cudeca.org\/#website\"},\"datePublished\":\"2019-04-22T15:17:56+00:00\",\"dateModified\":\"2019-04-23T13:37:33+00:00\",\"breadcrumb\":{\"@id\":\"https:\/\/www.cudeca.org\/en\/actualidad\/a-candle-of-hope-award\/#breadcrumb\"},\"inLanguage\":\"en-US\",\"potentialAction\":[{\"@type\":\"ReadAction\",\"target\":[\"https:\/\/www.cudeca.org\/en\/actualidad\/a-candle-of-hope-award\/\"]}]},{\"@type\":\"BreadcrumbList\",\"@id\":\"https:\/\/www.cudeca.org\/en\/actualidad\/a-candle-of-hope-award\/#breadcrumb\",\"itemListElement\":[{\"@type\":\"ListItem\",\"position\":1,\"name\":\"Portada\",\"item\":\"https:\/\/www.cudeca.org\/\"},{\"@type\":\"ListItem\",\"position\":2,\"name\":\"&#8221;A Candle of Hope&#8221; Award\"}]},{\"@type\":\"Article\",\"@id\":\"https:\/\/www.cudeca.org\/en\/actualidad\/a-candle-of-hope-award\/#article\",\"isPartOf\":{\"@id\":\"https:\/\/www.cudeca.org\/en\/actualidad\/a-candle-of-hope-award\/\"},\"author\":{\"name\":\"angel\",\"@id\":\"https:\/\/www.cudeca.org\/#\/schema\/person\/320934aa099c37e69d4148721ba3e4be\"},\"headline\":\"&#8221;A Candle of Hope&#8221; Award\",\"datePublished\":\"2019-04-22T15:17:56+00:00\",\"dateModified\":\"2019-04-23T13:37:33+00:00\",\"mainEntityOfPage\":{\"@id\":\"https:\/\/www.cudeca.org\/en\/actualidad\/a-candle-of-hope-award\/\"},\"wordCount\":332,\"commentCount\":0,\"publisher\":{\"@id\":\"https:\/\/www.cudeca.org\/#organization\"},\"keywords\":[\"Cudeca\",\"Fundaci\u00f3n Cudeca\"],\"articleSection\":[\"\"],\"inLanguage\":\"en-US\",\"potentialAction\":[{\"@type\":\"CommentAction\",\"name\":\"Comment\",\"target\":[\"https:\/\/www.cudeca.org\/en\/actualidad\/a-candle-of-hope-award\/#respond\"]}]},{\"@type\":\"Person\",\"@id\":\"https:\/\/www.cudeca.org\/#\/schema\/person\/320934aa099c37e69d4148721ba3e4be\",\"name\":\"angel\",\"image\":{\"@type\":\"ImageObject\",\"inLanguage\":\"en-US\",\"@id\":\"https:\/\/www.cudeca.org\/#\/schema\/person\/image\/\",\"url\":\"https:\/\/secure.gravatar.com\/avatar\/91b6f0e62d069005f36feb58e1ffda2c?s=96&d=mm&r=g\",\"contentUrl\":\"https:\/\/secure.gravatar.com\/avatar\/91b6f0e62d069005f36feb58e1ffda2c?s=96&d=mm&r=g\",\"caption\":\"angel\"}}]}<\/script>\n<!-- \/ Yoast SEO plugin. -->","yoast_head_json":{"title":"\"A Candle of Hope\" Award - Cudeca Cancer Care Hospice","robots":{"index":"index","follow":"follow","max-snippet":"max-snippet:-1","max-image-preview":"max-image-preview:large","max-video-preview":"max-video-preview:-1"},"canonical":"https:\/\/www.cudeca.org\/en\/actualidad\/a-candle-of-hope-award\/","og_locale":"en_US","og_type":"article","og_title":"\"A Candle of Hope\" Award - Cudeca Cancer Care Hospice","og_description":"[vc_row][vc_column][vc_column_text] Last Thursday, April 18, the Old Archconfraternity of Santa Vera+Cruz, Nuestro Padre Jes\u00fas Nazareno &#8220;El Pobre&#8221; and Mar\u00eda Sant\u00edsima de la Esperanza Iglesia de Santiago, Real Convento de San Francisco V\u00e9lez-M\u00e1laga granted us the award &#8220;Una Vela de Esperanza&#8221; (A Candle of Hope) in recognition of our home care team work in V\u00e9lez-M\u00e1laga. They [&hellip;]","og_url":"https:\/\/www.cudeca.org\/en\/actualidad\/a-candle-of-hope-award\/","og_site_name":"Cudeca Cancer Care Hospice","article_publisher":"https:\/\/www.facebook.com\/AmigosDeCudeca","article_published_time":"2019-04-22T15:17:56+00:00","article_modified_time":"2019-04-23T13:37:33+00:00","og_image":[{"width":1600,"height":1200,"url":"https:\/\/www.cudeca.org\/wp-content\/uploads\/2019\/04\/Archicofradia-V\u00e9lez-01.jpeg","type":"image\/jpeg"}],"author":"angel","twitter_card":"summary_large_image","twitter_creator":"@cudeca","twitter_site":"@cudeca","twitter_misc":{"Written by":"angel","Est. reading time":"2 minutes"},"schema":{"@context":"https:\/\/schema.org","@graph":[{"@type":"Organization","@id":"https:\/\/www.cudeca.org\/#organization","name":"Fundaci\u00f3n Cudeca","url":"https:\/\/www.cudeca.org\/","sameAs":["https:\/\/www.youtube.com\/c\/cudecamalaga","https:\/\/www.facebook.com\/AmigosDeCudeca","https:\/\/twitter.com\/cudeca"],"logo":{"@type":"ImageObject","inLanguage":"en-US","@id":"https:\/\/www.cudeca.org\/#\/schema\/logo\/image\/","url":"https:\/\/www.cudeca.org\/wp-content\/uploads\/2018\/02\/cudeca-logo.png","contentUrl":"https:\/\/www.cudeca.org\/wp-content\/uploads\/2018\/02\/cudeca-logo.png","width":2121,"height":984,"caption":"Fundaci\u00f3n Cudeca"},"image":{"@id":"https:\/\/www.cudeca.org\/#\/schema\/logo\/image\/"}},{"@type":"WebSite","@id":"https:\/\/www.cudeca.org\/#website","url":"https:\/\/www.cudeca.org\/","name":"Fundaci\u00f3n Cudeca","description":"Cudeca Hospice","publisher":{"@id":"https:\/\/www.cudeca.org\/#organization"},"potentialAction":[{"@type":"SearchAction","target":{"@type":"EntryPoint","urlTemplate":"https:\/\/www.cudeca.org\/?s={search_term_string}"},"query-input":"required name=search_term_string"}],"inLanguage":"en-US"},{"@type":"WebPage","@id":"https:\/\/www.cudeca.org\/en\/actualidad\/a-candle-of-hope-award\/","url":"https:\/\/www.cudeca.org\/en\/actualidad\/a-candle-of-hope-award\/","name":"\"A Candle of Hope\" Award - Cudeca Cancer Care Hospice","isPartOf":{"@id":"https:\/\/www.cudeca.org\/#website"},"datePublished":"2019-04-22T15:17:56+00:00","dateModified":"2019-04-23T13:37:33+00:00","breadcrumb":{"@id":"https:\/\/www.cudeca.org\/en\/actualidad\/a-candle-of-hope-award\/#breadcrumb"},"inLanguage":"en-US","potentialAction":[{"@type":"ReadAction","target":["https:\/\/www.cudeca.org\/en\/actualidad\/a-candle-of-hope-award\/"]}]},{"@type":"BreadcrumbList","@id":"https:\/\/www.cudeca.org\/en\/actualidad\/a-candle-of-hope-award\/#breadcrumb","itemListElement":[{"@type":"ListItem","position":1,"name":"Portada","item":"https:\/\/www.cudeca.org\/"},{"@type":"ListItem","position":2,"name":"&#8221;A Candle of Hope&#8221; Award"}]},{"@type":"Article","@id":"https:\/\/www.cudeca.org\/en\/actualidad\/a-candle-of-hope-award\/#article","isPartOf":{"@id":"https:\/\/www.cudeca.org\/en\/actualidad\/a-candle-of-hope-award\/"},"author":{"name":"angel","@id":"https:\/\/www.cudeca.org\/#\/schema\/person\/320934aa099c37e69d4148721ba3e4be"},"headline":"&#8221;A Candle of Hope&#8221; Award","datePublished":"2019-04-22T15:17:56+00:00","dateModified":"2019-04-23T13:37:33+00:00","mainEntityOfPage":{"@id":"https:\/\/www.cudeca.org\/en\/actualidad\/a-candle-of-hope-award\/"},"wordCount":332,"commentCount":0,"publisher":{"@id":"https:\/\/www.cudeca.org\/#organization"},"keywords":["Cudeca","Fundaci\u00f3n Cudeca"],"articleSection":[""],"inLanguage":"en-US","potentialAction":[{"@type":"CommentAction","name":"Comment","target":["https:\/\/www.cudeca.org\/en\/actualidad\/a-candle-of-hope-award\/#respond"]}]},{"@type":"Person","@id":"https:\/\/www.cudeca.org\/#\/schema\/person\/320934aa099c37e69d4148721ba3e4be","name":"angel","image":{"@type":"ImageObject","inLanguage":"en-US","@id":"https:\/\/www.cudeca.org\/#\/schema\/person\/image\/","url":"https:\/\/secure.gravatar.com\/avatar\/91b6f0e62d069005f36feb58e1ffda2c?s=96&d=mm&r=g","contentUrl":"https:\/\/secure.gravatar.com\/avatar\/91b6f0e62d069005f36feb58e1ffda2c?s=96&d=mm&r=g","caption":"angel"}}]}},"_links":{"self":[{"href":"https:\/\/www.cudeca.org\/en\/wp-json\/wp\/v2\/posts\/20693"}],"collection":[{"href":"https:\/\/www.cudeca.org\/en\/wp-json\/wp\/v2\/posts"}],"about":[{"href":"https:\/\/www.cudeca.org\/en\/wp-json\/wp\/v2\/types\/post"}],"author":[{"embeddable":true,"href":"https:\/\/www.cudeca.org\/en\/wp-json\/wp\/v2\/users\/2"}],"replies":[{"embeddable":true,"href":"https:\/\/www.cudeca.org\/en\/wp-json\/wp\/v2\/comments?post=20693"}],"version-history":[{"count":4,"href":"https:\/\/www.cudeca.org\/en\/wp-json\/wp\/v2\/posts\/20693\/revisions"}],"predecessor-version":[{"id":20710,"href":"https:\/\/www.cudeca.org\/en\/wp-json\/wp\/v2\/posts\/20693\/revisions\/20710"}],"wp:featuredmedia":[{"embeddable":true,"href":"https:\/\/www.cudeca.org\/en\/wp-json\/wp\/v2\/media\/20695"}],"wp:attachment":[{"href":"https:\/\/www.cudeca.org\/en\/wp-json\/wp\/v2\/media?parent=20693"}],"wp:term":[{"taxonomy":"category","embeddable":true,"href":"https:\/\/www.cudeca.org\/en\/wp-json\/wp\/v2\/categories?post=20693"},{"taxonomy":"post_tag","embeddable":true,"href":"https:\/\/www.cudeca.org\/en\/wp-json\/wp\/v2\/tags?post=20693"}],"curies":[{"name":"wp","href":"https:\/\/api.w.org\/{rel}","templated":true}]}}