{"id":20607,"date":"2019-04-10T09:27:48","date_gmt":"2019-04-10T09:27:48","guid":{"rendered":"https:\/\/www.cudeca.org\/?p=20607"},"modified":"2019-04-10T14:19:14","modified_gmt":"2019-04-10T14:19:14","slug":"cudeca-firma-con-convenio-de-colaboracion-con-el-ayuntamiento-de-torremolinos-para-el-2019","status":"publish","type":"post","link":"https:\/\/www.cudeca.org\/en\/actualidad\/cudeca-firma-con-convenio-de-colaboracion-con-el-ayuntamiento-de-torremolinos-para-el-2019\/","title":{"rendered":"Torremolinos Town Hall Subvention 2019"},"content":{"rendered":"<div class=\"wpb-content-wrapper\"><p>[vc_row][vc_column][vc_column_text]<\/p>\n<div>We have signed a collaboration agreement with the Torremolinos Town Hall\u00a0for the year 2019. Since 2017, Torremolinos Town Hall has been supporting our work through the Social Services area. Last Friday, March 15, our Chief Executive\u00a0and Medical Director, M\u00aa Luisa Mart\u00edn Rosell\u00f3 signed a collaboration agreement with the Councillor for Social Services, Pedro P\u00e9rez Ram\u00edrez, to support our work in the municipality of Torremolinos during 2019, with 10,000 euros.<\/div>\n<div><\/div>\n<div>Last year in Torremolinos we cared for 119, of which 83 were patients from\u00a02018.<\/div>\n<div>Since\u00a01992, we have cared for 894 patients in the municipality of Torremolinos.<\/div>\n<div><\/div>\n<div>The patients of Torremolinos, due to their proximity to the facilities of the Cudeca Hospice, not only benefit from home care in palliative care, they can also benefit from the Day Unit and Rehabilitation Program.<\/div>\n<p>[\/vc_column_text][\/vc_column][\/vc_row]<\/p>\n<\/div>","protected":false},"excerpt":{"rendered":"<p>[vc_row][vc_column][vc_column_text] We have signed a collaboration agreement with the Torremolinos Town Hall\u00a0for the year 2019. Since 2017, Torremolinos Town Hall has been supporting our work through the Social Services area. Last Friday, March 15, our Chief Executive\u00a0and Medical Director, M\u00aa Luisa Mart\u00edn Rosell\u00f3 signed a collaboration agreement with the Councillor for Social Services, Pedro P\u00e9rez [&hellip;]<\/p>\n","protected":false},"author":2,"featured_media":20608,"comment_status":"open","ping_status":"open","sticky":false,"template":"","format":"standard","meta":[],"categories":[15],"tags":[],"yoast_head":"<!-- This site is optimized with the Yoast SEO plugin v19.4 - https:\/\/yoast.com\/wordpress\/plugins\/seo\/ -->\n<title>Torremolinos Town Hall Subvention 2019 - Cudeca Cancer Care Hospice<\/title>\n<meta name=\"robots\" content=\"index, follow, max-snippet:-1, max-image-preview:large, max-video-preview:-1\" \/>\n<link rel=\"canonical\" href=\"https:\/\/www.cudeca.org\/actualidad\/cudeca-firma-con-convenio-de-colaboracion-con-el-ayuntamiento-de-torremolinos-para-el-2019\/\" \/>\n<meta property=\"og:locale\" content=\"en_US\" \/>\n<meta property=\"og:type\" content=\"article\" \/>\n<meta property=\"og:title\" content=\"Torremolinos Town Hall Subvention 2019 - Cudeca Cancer Care Hospice\" \/>\n<meta property=\"og:description\" content=\"[vc_row][vc_column][vc_column_text] We have signed a collaboration agreement with the Torremolinos Town Hall\u00a0for the year 2019. Since 2017, Torremolinos Town Hall has been supporting our work through the Social Services area. Last Friday, March 15, our Chief Executive\u00a0and Medical Director, M\u00aa Luisa Mart\u00edn Rosell\u00f3 signed a collaboration agreement with the Councillor for Social Services, Pedro P\u00e9rez [&hellip;]\" \/>\n<meta property=\"og:url\" content=\"https:\/\/www.cudeca.org\/actualidad\/cudeca-firma-con-convenio-de-colaboracion-con-el-ayuntamiento-de-torremolinos-para-el-2019\/\" \/>\n<meta property=\"og:site_name\" content=\"Cudeca Cancer Care Hospice\" \/>\n<meta property=\"article:publisher\" content=\"https:\/\/www.facebook.com\/AmigosDeCudeca\" \/>\n<meta property=\"article:published_time\" content=\"2019-04-10T09:27:48+00:00\" \/>\n<meta property=\"article:modified_time\" content=\"2019-04-10T14:19:14+00:00\" \/>\n<meta property=\"og:image\" content=\"https:\/\/www.cudeca.org\/wp-content\/uploads\/2019\/04\/Ayto-Torremolinos-2019-Subvenci\u00f3n.jpg\" \/>\n\t<meta property=\"og:image:width\" content=\"1600\" \/>\n\t<meta property=\"og:image:height\" content=\"1200\" \/>\n\t<meta property=\"og:image:type\" content=\"image\/jpeg\" \/>\n<meta name=\"author\" content=\"angel\" \/>\n<meta name=\"twitter:card\" content=\"summary_large_image\" \/>\n<meta name=\"twitter:creator\" content=\"@cudeca\" \/>\n<meta name=\"twitter:site\" content=\"@cudeca\" \/>\n<meta name=\"twitter:label1\" content=\"Written by\" \/>\n\t<meta name=\"twitter:data1\" content=\"angel\" \/>\n\t<meta name=\"twitter:label2\" content=\"Est. reading time\" \/>\n\t<meta name=\"twitter:data2\" content=\"2 minutes\" \/>\n<script type=\"application\/ld+json\" class=\"yoast-schema-graph\">{\"@context\":\"https:\/\/schema.org\",\"@graph\":[{\"@type\":\"Organization\",\"@id\":\"https:\/\/www.cudeca.org\/#organization\",\"name\":\"Fundaci\u00f3n Cudeca\",\"url\":\"https:\/\/www.cudeca.org\/\",\"sameAs\":[\"https:\/\/www.youtube.com\/c\/cudecamalaga\",\"https:\/\/www.facebook.com\/AmigosDeCudeca\",\"https:\/\/twitter.com\/cudeca\"],\"logo\":{\"@type\":\"ImageObject\",\"inLanguage\":\"en-US\",\"@id\":\"https:\/\/www.cudeca.org\/#\/schema\/logo\/image\/\",\"url\":\"https:\/\/www.cudeca.org\/wp-content\/uploads\/2018\/02\/cudeca-logo.png\",\"contentUrl\":\"https:\/\/www.cudeca.org\/wp-content\/uploads\/2018\/02\/cudeca-logo.png\",\"width\":2121,\"height\":984,\"caption\":\"Fundaci\u00f3n Cudeca\"},\"image\":{\"@id\":\"https:\/\/www.cudeca.org\/#\/schema\/logo\/image\/\"}},{\"@type\":\"WebSite\",\"@id\":\"https:\/\/www.cudeca.org\/#website\",\"url\":\"https:\/\/www.cudeca.org\/\",\"name\":\"Fundaci\u00f3n Cudeca\",\"description\":\"Cudeca Hospice\",\"publisher\":{\"@id\":\"https:\/\/www.cudeca.org\/#organization\"},\"potentialAction\":[{\"@type\":\"SearchAction\",\"target\":{\"@type\":\"EntryPoint\",\"urlTemplate\":\"https:\/\/www.cudeca.org\/?s={search_term_string}\"},\"query-input\":\"required name=search_term_string\"}],\"inLanguage\":\"en-US\"},{\"@type\":\"WebPage\",\"@id\":\"https:\/\/www.cudeca.org\/actualidad\/cudeca-firma-con-convenio-de-colaboracion-con-el-ayuntamiento-de-torremolinos-para-el-2019\/\",\"url\":\"https:\/\/www.cudeca.org\/actualidad\/cudeca-firma-con-convenio-de-colaboracion-con-el-ayuntamiento-de-torremolinos-para-el-2019\/\",\"name\":\"Torremolinos Town Hall Subvention 2019 - Cudeca Cancer Care Hospice\",\"isPartOf\":{\"@id\":\"https:\/\/www.cudeca.org\/#website\"},\"datePublished\":\"2019-04-10T09:27:48+00:00\",\"dateModified\":\"2019-04-10T14:19:14+00:00\",\"breadcrumb\":{\"@id\":\"https:\/\/www.cudeca.org\/actualidad\/cudeca-firma-con-convenio-de-colaboracion-con-el-ayuntamiento-de-torremolinos-para-el-2019\/#breadcrumb\"},\"inLanguage\":\"en-US\",\"potentialAction\":[{\"@type\":\"ReadAction\",\"target\":[\"https:\/\/www.cudeca.org\/actualidad\/cudeca-firma-con-convenio-de-colaboracion-con-el-ayuntamiento-de-torremolinos-para-el-2019\/\"]}]},{\"@type\":\"BreadcrumbList\",\"@id\":\"https:\/\/www.cudeca.org\/actualidad\/cudeca-firma-con-convenio-de-colaboracion-con-el-ayuntamiento-de-torremolinos-para-el-2019\/#breadcrumb\",\"itemListElement\":[{\"@type\":\"ListItem\",\"position\":1,\"name\":\"Portada\",\"item\":\"https:\/\/www.cudeca.org\/\"},{\"@type\":\"ListItem\",\"position\":2,\"name\":\"CUDECA firma con Convenio de Colaboraci\u00f3n con el Ayuntamiento de Torremolinos para el 2019\"}]},{\"@type\":\"Article\",\"@id\":\"https:\/\/www.cudeca.org\/actualidad\/cudeca-firma-con-convenio-de-colaboracion-con-el-ayuntamiento-de-torremolinos-para-el-2019\/#article\",\"isPartOf\":{\"@id\":\"https:\/\/www.cudeca.org\/actualidad\/cudeca-firma-con-convenio-de-colaboracion-con-el-ayuntamiento-de-torremolinos-para-el-2019\/\"},\"author\":{\"name\":\"angel\",\"@id\":\"https:\/\/www.cudeca.org\/#\/schema\/person\/320934aa099c37e69d4148721ba3e4be\"},\"headline\":\"Torremolinos Town Hall Subvention 2019\",\"datePublished\":\"2019-04-10T09:27:48+00:00\",\"dateModified\":\"2019-04-10T14:19:14+00:00\",\"mainEntityOfPage\":{\"@id\":\"https:\/\/www.cudeca.org\/actualidad\/cudeca-firma-con-convenio-de-colaboracion-con-el-ayuntamiento-de-torremolinos-para-el-2019\/\"},\"wordCount\":329,\"commentCount\":0,\"publisher\":{\"@id\":\"https:\/\/www.cudeca.org\/#organization\"},\"articleSection\":[\"\"],\"inLanguage\":\"en-US\",\"potentialAction\":[{\"@type\":\"CommentAction\",\"name\":\"Comment\",\"target\":[\"https:\/\/www.cudeca.org\/actualidad\/cudeca-firma-con-convenio-de-colaboracion-con-el-ayuntamiento-de-torremolinos-para-el-2019\/#respond\"]}]},{\"@type\":\"Person\",\"@id\":\"https:\/\/www.cudeca.org\/#\/schema\/person\/320934aa099c37e69d4148721ba3e4be\",\"name\":\"angel\",\"image\":{\"@type\":\"ImageObject\",\"inLanguage\":\"en-US\",\"@id\":\"https:\/\/www.cudeca.org\/#\/schema\/person\/image\/\",\"url\":\"https:\/\/secure.gravatar.com\/avatar\/91b6f0e62d069005f36feb58e1ffda2c?s=96&d=mm&r=g\",\"contentUrl\":\"https:\/\/secure.gravatar.com\/avatar\/91b6f0e62d069005f36feb58e1ffda2c?s=96&d=mm&r=g\",\"caption\":\"angel\"}}]}<\/script>\n<!-- \/ Yoast SEO plugin. -->","yoast_head_json":{"title":"Torremolinos Town Hall Subvention 2019 - Cudeca Cancer Care Hospice","robots":{"index":"index","follow":"follow","max-snippet":"max-snippet:-1","max-image-preview":"max-image-preview:large","max-video-preview":"max-video-preview:-1"},"canonical":"https:\/\/www.cudeca.org\/actualidad\/cudeca-firma-con-convenio-de-colaboracion-con-el-ayuntamiento-de-torremolinos-para-el-2019\/","og_locale":"en_US","og_type":"article","og_title":"Torremolinos Town Hall Subvention 2019 - Cudeca Cancer Care Hospice","og_description":"[vc_row][vc_column][vc_column_text] We have signed a collaboration agreement with the Torremolinos Town Hall\u00a0for the year 2019. Since 2017, Torremolinos Town Hall has been supporting our work through the Social Services area. Last Friday, March 15, our Chief Executive\u00a0and Medical Director, M\u00aa Luisa Mart\u00edn Rosell\u00f3 signed a collaboration agreement with the Councillor for Social Services, Pedro P\u00e9rez [&hellip;]","og_url":"https:\/\/www.cudeca.org\/actualidad\/cudeca-firma-con-convenio-de-colaboracion-con-el-ayuntamiento-de-torremolinos-para-el-2019\/","og_site_name":"Cudeca Cancer Care Hospice","article_publisher":"https:\/\/www.facebook.com\/AmigosDeCudeca","article_published_time":"2019-04-10T09:27:48+00:00","article_modified_time":"2019-04-10T14:19:14+00:00","og_image":[{"width":1600,"height":1200,"url":"https:\/\/www.cudeca.org\/wp-content\/uploads\/2019\/04\/Ayto-Torremolinos-2019-Subvenci\u00f3n.jpg","type":"image\/jpeg"}],"author":"angel","twitter_card":"summary_large_image","twitter_creator":"@cudeca","twitter_site":"@cudeca","twitter_misc":{"Written by":"angel","Est. reading time":"2 minutes"},"schema":{"@context":"https:\/\/schema.org","@graph":[{"@type":"Organization","@id":"https:\/\/www.cudeca.org\/#organization","name":"Fundaci\u00f3n Cudeca","url":"https:\/\/www.cudeca.org\/","sameAs":["https:\/\/www.youtube.com\/c\/cudecamalaga","https:\/\/www.facebook.com\/AmigosDeCudeca","https:\/\/twitter.com\/cudeca"],"logo":{"@type":"ImageObject","inLanguage":"en-US","@id":"https:\/\/www.cudeca.org\/#\/schema\/logo\/image\/","url":"https:\/\/www.cudeca.org\/wp-content\/uploads\/2018\/02\/cudeca-logo.png","contentUrl":"https:\/\/www.cudeca.org\/wp-content\/uploads\/2018\/02\/cudeca-logo.png","width":2121,"height":984,"caption":"Fundaci\u00f3n Cudeca"},"image":{"@id":"https:\/\/www.cudeca.org\/#\/schema\/logo\/image\/"}},{"@type":"WebSite","@id":"https:\/\/www.cudeca.org\/#website","url":"https:\/\/www.cudeca.org\/","name":"Fundaci\u00f3n Cudeca","description":"Cudeca Hospice","publisher":{"@id":"https:\/\/www.cudeca.org\/#organization"},"potentialAction":[{"@type":"SearchAction","target":{"@type":"EntryPoint","urlTemplate":"https:\/\/www.cudeca.org\/?s={search_term_string}"},"query-input":"required name=search_term_string"}],"inLanguage":"en-US"},{"@type":"WebPage","@id":"https:\/\/www.cudeca.org\/actualidad\/cudeca-firma-con-convenio-de-colaboracion-con-el-ayuntamiento-de-torremolinos-para-el-2019\/","url":"https:\/\/www.cudeca.org\/actualidad\/cudeca-firma-con-convenio-de-colaboracion-con-el-ayuntamiento-de-torremolinos-para-el-2019\/","name":"Torremolinos Town Hall Subvention 2019 - Cudeca Cancer Care Hospice","isPartOf":{"@id":"https:\/\/www.cudeca.org\/#website"},"datePublished":"2019-04-10T09:27:48+00:00","dateModified":"2019-04-10T14:19:14+00:00","breadcrumb":{"@id":"https:\/\/www.cudeca.org\/actualidad\/cudeca-firma-con-convenio-de-colaboracion-con-el-ayuntamiento-de-torremolinos-para-el-2019\/#breadcrumb"},"inLanguage":"en-US","potentialAction":[{"@type":"ReadAction","target":["https:\/\/www.cudeca.org\/actualidad\/cudeca-firma-con-convenio-de-colaboracion-con-el-ayuntamiento-de-torremolinos-para-el-2019\/"]}]},{"@type":"BreadcrumbList","@id":"https:\/\/www.cudeca.org\/actualidad\/cudeca-firma-con-convenio-de-colaboracion-con-el-ayuntamiento-de-torremolinos-para-el-2019\/#breadcrumb","itemListElement":[{"@type":"ListItem","position":1,"name":"Portada","item":"https:\/\/www.cudeca.org\/"},{"@type":"ListItem","position":2,"name":"CUDECA firma con Convenio de Colaboraci\u00f3n con el Ayuntamiento de Torremolinos para el 2019"}]},{"@type":"Article","@id":"https:\/\/www.cudeca.org\/actualidad\/cudeca-firma-con-convenio-de-colaboracion-con-el-ayuntamiento-de-torremolinos-para-el-2019\/#article","isPartOf":{"@id":"https:\/\/www.cudeca.org\/actualidad\/cudeca-firma-con-convenio-de-colaboracion-con-el-ayuntamiento-de-torremolinos-para-el-2019\/"},"author":{"name":"angel","@id":"https:\/\/www.cudeca.org\/#\/schema\/person\/320934aa099c37e69d4148721ba3e4be"},"headline":"Torremolinos Town Hall Subvention 2019","datePublished":"2019-04-10T09:27:48+00:00","dateModified":"2019-04-10T14:19:14+00:00","mainEntityOfPage":{"@id":"https:\/\/www.cudeca.org\/actualidad\/cudeca-firma-con-convenio-de-colaboracion-con-el-ayuntamiento-de-torremolinos-para-el-2019\/"},"wordCount":329,"commentCount":0,"publisher":{"@id":"https:\/\/www.cudeca.org\/#organization"},"articleSection":[""],"inLanguage":"en-US","potentialAction":[{"@type":"CommentAction","name":"Comment","target":["https:\/\/www.cudeca.org\/actualidad\/cudeca-firma-con-convenio-de-colaboracion-con-el-ayuntamiento-de-torremolinos-para-el-2019\/#respond"]}]},{"@type":"Person","@id":"https:\/\/www.cudeca.org\/#\/schema\/person\/320934aa099c37e69d4148721ba3e4be","name":"angel","image":{"@type":"ImageObject","inLanguage":"en-US","@id":"https:\/\/www.cudeca.org\/#\/schema\/person\/image\/","url":"https:\/\/secure.gravatar.com\/avatar\/91b6f0e62d069005f36feb58e1ffda2c?s=96&d=mm&r=g","contentUrl":"https:\/\/secure.gravatar.com\/avatar\/91b6f0e62d069005f36feb58e1ffda2c?s=96&d=mm&r=g","caption":"angel"}}]}},"_links":{"self":[{"href":"https:\/\/www.cudeca.org\/en\/wp-json\/wp\/v2\/posts\/20607"}],"collection":[{"href":"https:\/\/www.cudeca.org\/en\/wp-json\/wp\/v2\/posts"}],"about":[{"href":"https:\/\/www.cudeca.org\/en\/wp-json\/wp\/v2\/types\/post"}],"author":[{"embeddable":true,"href":"https:\/\/www.cudeca.org\/en\/wp-json\/wp\/v2\/users\/2"}],"replies":[{"embeddable":true,"href":"https:\/\/www.cudeca.org\/en\/wp-json\/wp\/v2\/comments?post=20607"}],"version-history":[{"count":2,"href":"https:\/\/www.cudeca.org\/en\/wp-json\/wp\/v2\/posts\/20607\/revisions"}],"predecessor-version":[{"id":20611,"href":"https:\/\/www.cudeca.org\/en\/wp-json\/wp\/v2\/posts\/20607\/revisions\/20611"}],"wp:featuredmedia":[{"embeddable":true,"href":"https:\/\/www.cudeca.org\/en\/wp-json\/wp\/v2\/media\/20608"}],"wp:attachment":[{"href":"https:\/\/www.cudeca.org\/en\/wp-json\/wp\/v2\/media?parent=20607"}],"wp:term":[{"taxonomy":"category","embeddable":true,"href":"https:\/\/www.cudeca.org\/en\/wp-json\/wp\/v2\/categories?post=20607"},{"taxonomy":"post_tag","embeddable":true,"href":"https:\/\/www.cudeca.org\/en\/wp-json\/wp\/v2\/tags?post=20607"}],"curies":[{"name":"wp","href":"https:\/\/api.w.org\/{rel}","templated":true}]}}