{"id":20414,"date":"2019-03-28T15:20:43","date_gmt":"2019-03-28T15:20:43","guid":{"rendered":"https:\/\/www.cudeca.org\/?p=20414"},"modified":"2019-03-29T13:39:48","modified_gmt":"2019-03-29T13:39:48","slug":"presentacion-gorras-oficiales-de-la-marcha-por-cudeca-2019","status":"publish","type":"post","link":"https:\/\/www.cudeca.org\/en\/actualidad\/presentacion-gorras-oficiales-de-la-marcha-por-cudeca-2019\/","title":{"rendered":"Official Caps for the CUDECA Walkathon 2019"},"content":{"rendered":"<div class=\"wpb-content-wrapper\"><p>[vc_row][vc_column][vc_column_text]On 28th March, the Cudeca Cancer Care Hospice presented, together with the <strong><a href=\"https:\/\/www.clcworld.com\/\">CLC World Foundation<\/a><\/strong>, the official caps of the CUDECA Walkathon 2019.<\/p>\n<p>These caps have been sponsored entirely by the CLC World Foundation with the aim of helping the hospice organizing the CUDECA Walkathon 2019 and raise more funds to continue caring for people with cancer and other advanced illenesses, as well as offer support to their families in the province of Malaga.<\/p>\n<p>The event was attended by the Chief Executive\u00a0 &amp; Financial Director of CUDECA, Rafael Olalla and the CLC World Foundation President, Juan Miguel Marcos and ambassadors Jos\u00e9 Sede\u00f1o, Hern\u00e1n Lara and Dr. Juan Luis Cortes.<\/p>\n<p>CUDECA Walkathon 2019<br \/>\nIt will take place on Sunday 12 May from 10am on the Benalm\u00e1dena promenade, in front of Sunset Beach Club Hotel (Torrevigia street).<\/p>\n<p>This charity walk aims to raise funds for the Cudeca Hospice. Every year, CUDECA cares for more than 1,400 people with cancer and other advanced illenesses, and offers support to their family, completely free of charge.<\/p>\n<p><strong>Routes and lots of fun<\/strong><br \/>\nCUDECA Walkathon is available for all audiences in any physical condition. There are 3 routes to choose from:<\/p>\n<p>10 kilometers (start 10.30am)<\/p>\n<p>5 kilometers (start 12am)<\/p>\n<p>2 kilometres (start 12am)<\/p>\n<p>Once the walks are finished, different leisure activities will be carried out thanks to the collaboration of Exploram\u00e1s. Also, live music, face painting for kids, charity <em>paella<\/em>, games for children, charity raffle and many more surprises.<\/p>\n<p><strong>Registration<\/strong><br \/>\nPre-registration (before 12th May):\u00a0<a href=\"http:\/\/www.cudeca.org\/en\/walkathon\">www.cudeca.org\/en\/walkathon<\/a>.<br \/>\nFrom mid-April, at the CUDECA shops and the CUDECA Centre in Benalm\u00e1dena.<\/p>\n<p>\u20ac10 for adults and \u20ac6 for children (0 to 12 years-old).<\/p>\n<p>You can also register on the day of the Walkathon at the registration tables located next to the promenade in front of the Sunset Beach Hotel (<a href=\"https:\/\/www.google.com\/maps\/place\/Calle+Torrevig%C3%ADa,+29630+Benalm%C3%A1dena,+M%C3%A1laga\/data=!4m2!3m1!1s0xd72fcee9bbadebb:0x4eb9565c7cf307b0?sa=X&amp;ved=2ahUKEwis_OLvlqXhAhUFLqwKHT8NBpEQ8gEwAHoECAoQAQ\">calle Torrevigia, Benalm\u00e1dena<\/a>): \u20ac12 adult and \u20ac6 child<\/p>\n<p><strong>The Cudeca Walkathon<\/strong> is possible thanks to the official sponsorship of &#8220;La Caixa&#8221; Foundation\u00a0and\u00a0thanks to the collaboration of: Benalmadena Town Hall, The municipal Sport Board of Benalm\u00e1dena, <a href=\"http:\/\/www.malaga.es\">M\u00e1laga\u00b4s Provincial Council<\/a>,\u00a0<a href=\"http:\/\/www.mancomunidad.org\">Mancomunidad de Municipios de la Costa del Sol Occidental<\/a>, <a href=\"http:\/\/www.sunsetbeachclub.com\">Sunset Beach Club Hotel<\/a>, <a href=\"https:\/\/www.fundacionclcworld.com\/\">CLC World Foundation<\/a>, <a href=\"http:\/\/www.exploramas.com\">Exploram\u00e1s<\/a>, <a href=\"https:\/\/www.helicopterossanitarios.com\">Helic\u00f3pteros Sanitarios<\/a>, <a href=\"http:\/\/www.cocacola.es\">Coca Cola<\/a>, <a href=\"http:\/\/www.carrefour.es\">Carrefour Torremolinos<\/a>, <a href=\"http:\/\/www.grupo-gmg.com\">Grupo GMG<\/a>, <a href=\"http:\/\/www.losmellizos.net\">Los Mellizos<\/a>\u00a0Restaurant, <a href=\"http:\/\/www.dumher.com\/\">Dumher<\/a>, <a href=\"http:\/\/www.quiron.es\">Quir\u00f3n Hospital<\/a>, <a href=\"http:\/\/www.mijascomunicacion.org\">Mijas Comunicaci\u00f3n<\/a>, <a href=\"http:\/\/www.xanit.es\">Vithas Xanit Internacional Hospital<\/a>, <a href=\"http:\/\/www.cadenaser.es\">Cadena Ser<\/a>, <a href=\"https:\/\/www.talkradioeurope.com\/\">Talk Radio Europe<\/a>, <a href=\"http:\/\/www.diariosur.es\">Diario Sur<\/a> y <a href=\"http:\/\/www.surinenglish.com\">Sur in English.<\/a><\/p>\n<p><strong>The Cudeca Walkathon<\/strong> is possible thanks to the official sponsorship of &#8220;La Caixa&#8221; Foundation\u00a0and\u00a0thanks to the collaboration of: Benalmadena Town Hall, The municiapl Sport Board of Benalm\u00e1dena, <a href=\"http:\/\/www.malaga.es\">M\u00e1laga\u00b4s Provincial Council<\/a>,\u00a0<a href=\"http:\/\/www.mancomunidad.org\">Mancomunidad de Municipios de la Costa del Sol Occidental<\/a>, <a href=\"http:\/\/www.sunsetbeachclub.com\">Sunset Beach Club Hotel<\/a>, <a href=\"https:\/\/www.fundacionclcworld.com\/\">CLC World Foundation<\/a>, <a href=\"http:\/\/www.exploramas.com\">Exploram\u00e1s<\/a>, <a href=\"https:\/\/www.helicopterossanitarios.com\">Helic\u00f3pteros Sanitarios<\/a>, <a href=\"http:\/\/www.cocacola.es\">Coca Cola<\/a>, <a href=\"http:\/\/www.carrefour.es\">Carrefour Torremolinos<\/a>, <a href=\"http:\/\/www.grupo-gmg.com\">Grupo GMG<\/a>, <a href=\"http:\/\/www.losmellizos.net\">Los Mellizos<\/a>\u00a0Restaurant, <a href=\"http:\/\/www.dumher.com\/\">Dumher<\/a>, <a href=\"http:\/\/www.quiron.es\">Quir\u00f3n Hospital<\/a>, <a href=\"http:\/\/www.mijascomunicacion.org\">Mijas Comunicaci\u00f3n<\/a>, <a href=\"http:\/\/www.xanit.es\">Vithas Xanit Internacional Hospital<\/a>, <a href=\"http:\/\/www.cadenaser.es\">Cadena Ser<\/a>, <a href=\"https:\/\/www.talkradioeurope.com\/\">Talk Radio Europe<\/a>, <a href=\"http:\/\/www.diariosur.es\">Diario Sur<\/a> y <a href=\"http:\/\/www.surinenglish.com\">Sur in English.<\/a>[\/vc_column_text][\/vc_column][\/vc_row]<\/p>\n<\/div>","protected":false},"excerpt":{"rendered":"<p>[vc_row][vc_column][vc_column_text]On 28th March, the Cudeca Cancer Care Hospice presented, together with the CLC World Foundation, the official caps of the CUDECA Walkathon 2019. These caps have been sponsored entirely by the CLC World Foundation with the aim of helping the hospice organizing the CUDECA Walkathon 2019 and raise more funds to continue caring for people [&hellip;]<\/p>\n","protected":false},"author":2,"featured_media":20415,"comment_status":"open","ping_status":"open","sticky":false,"template":"","format":"standard","meta":[],"categories":[15],"tags":[],"yoast_head":"<!-- This site is optimized with the Yoast SEO plugin v19.4 - https:\/\/yoast.com\/wordpress\/plugins\/seo\/ -->\n<title>Official Caps for the CUDECA Walkathon 2019 - Cudeca Cancer Care Hospice<\/title>\n<meta name=\"robots\" content=\"index, follow, max-snippet:-1, max-image-preview:large, max-video-preview:-1\" \/>\n<link rel=\"canonical\" href=\"https:\/\/www.cudeca.org\/actualidad\/presentacion-gorras-oficiales-de-la-marcha-por-cudeca-2019\/\" \/>\n<meta property=\"og:locale\" content=\"en_US\" \/>\n<meta property=\"og:type\" content=\"article\" \/>\n<meta property=\"og:title\" content=\"Official Caps for the CUDECA Walkathon 2019 - Cudeca Cancer Care Hospice\" \/>\n<meta property=\"og:description\" content=\"[vc_row][vc_column][vc_column_text]On 28th March, the Cudeca Cancer Care Hospice presented, together with the CLC World Foundation, the official caps of the CUDECA Walkathon 2019. These caps have been sponsored entirely by the CLC World Foundation with the aim of helping the hospice organizing the CUDECA Walkathon 2019 and raise more funds to continue caring for people [&hellip;]\" \/>\n<meta property=\"og:url\" content=\"https:\/\/www.cudeca.org\/actualidad\/presentacion-gorras-oficiales-de-la-marcha-por-cudeca-2019\/\" \/>\n<meta property=\"og:site_name\" content=\"Cudeca Cancer Care Hospice\" \/>\n<meta property=\"article:publisher\" content=\"https:\/\/www.facebook.com\/AmigosDeCudeca\" \/>\n<meta property=\"article:published_time\" content=\"2019-03-28T15:20:43+00:00\" \/>\n<meta property=\"article:modified_time\" content=\"2019-03-29T13:39:48+00:00\" \/>\n<meta property=\"og:image\" content=\"https:\/\/www.cudeca.org\/wp-content\/uploads\/2019\/03\/MARCHA-CUDECA-CLC-WORLD-01.jpg\" \/>\n\t<meta property=\"og:image:width\" content=\"1772\" \/>\n\t<meta property=\"og:image:height\" content=\"1181\" \/>\n\t<meta property=\"og:image:type\" content=\"image\/jpeg\" \/>\n<meta name=\"author\" content=\"angel\" \/>\n<meta name=\"twitter:card\" content=\"summary_large_image\" \/>\n<meta name=\"twitter:creator\" content=\"@cudeca\" \/>\n<meta name=\"twitter:site\" content=\"@cudeca\" \/>\n<meta name=\"twitter:label1\" content=\"Written by\" \/>\n\t<meta name=\"twitter:data1\" content=\"angel\" \/>\n\t<meta name=\"twitter:label2\" content=\"Est. reading time\" \/>\n\t<meta name=\"twitter:data2\" content=\"5 minutes\" \/>\n<script type=\"application\/ld+json\" class=\"yoast-schema-graph\">{\"@context\":\"https:\/\/schema.org\",\"@graph\":[{\"@type\":\"Organization\",\"@id\":\"https:\/\/www.cudeca.org\/#organization\",\"name\":\"Fundaci\u00f3n Cudeca\",\"url\":\"https:\/\/www.cudeca.org\/\",\"sameAs\":[\"https:\/\/www.youtube.com\/c\/cudecamalaga\",\"https:\/\/www.facebook.com\/AmigosDeCudeca\",\"https:\/\/twitter.com\/cudeca\"],\"logo\":{\"@type\":\"ImageObject\",\"inLanguage\":\"en-US\",\"@id\":\"https:\/\/www.cudeca.org\/#\/schema\/logo\/image\/\",\"url\":\"https:\/\/www.cudeca.org\/wp-content\/uploads\/2018\/02\/cudeca-logo.png\",\"contentUrl\":\"https:\/\/www.cudeca.org\/wp-content\/uploads\/2018\/02\/cudeca-logo.png\",\"width\":2121,\"height\":984,\"caption\":\"Fundaci\u00f3n Cudeca\"},\"image\":{\"@id\":\"https:\/\/www.cudeca.org\/#\/schema\/logo\/image\/\"}},{\"@type\":\"WebSite\",\"@id\":\"https:\/\/www.cudeca.org\/#website\",\"url\":\"https:\/\/www.cudeca.org\/\",\"name\":\"Fundaci\u00f3n Cudeca\",\"description\":\"Cudeca Hospice\",\"publisher\":{\"@id\":\"https:\/\/www.cudeca.org\/#organization\"},\"potentialAction\":[{\"@type\":\"SearchAction\",\"target\":{\"@type\":\"EntryPoint\",\"urlTemplate\":\"https:\/\/www.cudeca.org\/?s={search_term_string}\"},\"query-input\":\"required name=search_term_string\"}],\"inLanguage\":\"en-US\"},{\"@type\":\"WebPage\",\"@id\":\"https:\/\/www.cudeca.org\/actualidad\/presentacion-gorras-oficiales-de-la-marcha-por-cudeca-2019\/\",\"url\":\"https:\/\/www.cudeca.org\/actualidad\/presentacion-gorras-oficiales-de-la-marcha-por-cudeca-2019\/\",\"name\":\"Official Caps for the CUDECA Walkathon 2019 - Cudeca Cancer Care Hospice\",\"isPartOf\":{\"@id\":\"https:\/\/www.cudeca.org\/#website\"},\"datePublished\":\"2019-03-28T15:20:43+00:00\",\"dateModified\":\"2019-03-29T13:39:48+00:00\",\"breadcrumb\":{\"@id\":\"https:\/\/www.cudeca.org\/actualidad\/presentacion-gorras-oficiales-de-la-marcha-por-cudeca-2019\/#breadcrumb\"},\"inLanguage\":\"en-US\",\"potentialAction\":[{\"@type\":\"ReadAction\",\"target\":[\"https:\/\/www.cudeca.org\/actualidad\/presentacion-gorras-oficiales-de-la-marcha-por-cudeca-2019\/\"]}]},{\"@type\":\"BreadcrumbList\",\"@id\":\"https:\/\/www.cudeca.org\/actualidad\/presentacion-gorras-oficiales-de-la-marcha-por-cudeca-2019\/#breadcrumb\",\"itemListElement\":[{\"@type\":\"ListItem\",\"position\":1,\"name\":\"Portada\",\"item\":\"https:\/\/www.cudeca.org\/\"},{\"@type\":\"ListItem\",\"position\":2,\"name\":\"Presentaci\u00f3n Gorras Oficiales de la Marcha por CUDECA 2019\"}]},{\"@type\":\"Article\",\"@id\":\"https:\/\/www.cudeca.org\/actualidad\/presentacion-gorras-oficiales-de-la-marcha-por-cudeca-2019\/#article\",\"isPartOf\":{\"@id\":\"https:\/\/www.cudeca.org\/actualidad\/presentacion-gorras-oficiales-de-la-marcha-por-cudeca-2019\/\"},\"author\":{\"name\":\"angel\",\"@id\":\"https:\/\/www.cudeca.org\/#\/schema\/person\/320934aa099c37e69d4148721ba3e4be\"},\"headline\":\"Official Caps for the CUDECA Walkathon 2019\",\"datePublished\":\"2019-03-28T15:20:43+00:00\",\"dateModified\":\"2019-03-29T13:39:48+00:00\",\"mainEntityOfPage\":{\"@id\":\"https:\/\/www.cudeca.org\/actualidad\/presentacion-gorras-oficiales-de-la-marcha-por-cudeca-2019\/\"},\"wordCount\":1034,\"commentCount\":0,\"publisher\":{\"@id\":\"https:\/\/www.cudeca.org\/#organization\"},\"articleSection\":[\"\"],\"inLanguage\":\"en-US\",\"potentialAction\":[{\"@type\":\"CommentAction\",\"name\":\"Comment\",\"target\":[\"https:\/\/www.cudeca.org\/actualidad\/presentacion-gorras-oficiales-de-la-marcha-por-cudeca-2019\/#respond\"]}]},{\"@type\":\"Person\",\"@id\":\"https:\/\/www.cudeca.org\/#\/schema\/person\/320934aa099c37e69d4148721ba3e4be\",\"name\":\"angel\",\"image\":{\"@type\":\"ImageObject\",\"inLanguage\":\"en-US\",\"@id\":\"https:\/\/www.cudeca.org\/#\/schema\/person\/image\/\",\"url\":\"https:\/\/secure.gravatar.com\/avatar\/91b6f0e62d069005f36feb58e1ffda2c?s=96&d=mm&r=g\",\"contentUrl\":\"https:\/\/secure.gravatar.com\/avatar\/91b6f0e62d069005f36feb58e1ffda2c?s=96&d=mm&r=g\",\"caption\":\"angel\"}}]}<\/script>\n<!-- \/ Yoast SEO plugin. -->","yoast_head_json":{"title":"Official Caps for the CUDECA Walkathon 2019 - Cudeca Cancer Care Hospice","robots":{"index":"index","follow":"follow","max-snippet":"max-snippet:-1","max-image-preview":"max-image-preview:large","max-video-preview":"max-video-preview:-1"},"canonical":"https:\/\/www.cudeca.org\/actualidad\/presentacion-gorras-oficiales-de-la-marcha-por-cudeca-2019\/","og_locale":"en_US","og_type":"article","og_title":"Official Caps for the CUDECA Walkathon 2019 - Cudeca Cancer Care Hospice","og_description":"[vc_row][vc_column][vc_column_text]On 28th March, the Cudeca Cancer Care Hospice presented, together with the CLC World Foundation, the official caps of the CUDECA Walkathon 2019. These caps have been sponsored entirely by the CLC World Foundation with the aim of helping the hospice organizing the CUDECA Walkathon 2019 and raise more funds to continue caring for people [&hellip;]","og_url":"https:\/\/www.cudeca.org\/actualidad\/presentacion-gorras-oficiales-de-la-marcha-por-cudeca-2019\/","og_site_name":"Cudeca Cancer Care Hospice","article_publisher":"https:\/\/www.facebook.com\/AmigosDeCudeca","article_published_time":"2019-03-28T15:20:43+00:00","article_modified_time":"2019-03-29T13:39:48+00:00","og_image":[{"width":1772,"height":1181,"url":"https:\/\/www.cudeca.org\/wp-content\/uploads\/2019\/03\/MARCHA-CUDECA-CLC-WORLD-01.jpg","type":"image\/jpeg"}],"author":"angel","twitter_card":"summary_large_image","twitter_creator":"@cudeca","twitter_site":"@cudeca","twitter_misc":{"Written by":"angel","Est. reading time":"5 minutes"},"schema":{"@context":"https:\/\/schema.org","@graph":[{"@type":"Organization","@id":"https:\/\/www.cudeca.org\/#organization","name":"Fundaci\u00f3n Cudeca","url":"https:\/\/www.cudeca.org\/","sameAs":["https:\/\/www.youtube.com\/c\/cudecamalaga","https:\/\/www.facebook.com\/AmigosDeCudeca","https:\/\/twitter.com\/cudeca"],"logo":{"@type":"ImageObject","inLanguage":"en-US","@id":"https:\/\/www.cudeca.org\/#\/schema\/logo\/image\/","url":"https:\/\/www.cudeca.org\/wp-content\/uploads\/2018\/02\/cudeca-logo.png","contentUrl":"https:\/\/www.cudeca.org\/wp-content\/uploads\/2018\/02\/cudeca-logo.png","width":2121,"height":984,"caption":"Fundaci\u00f3n Cudeca"},"image":{"@id":"https:\/\/www.cudeca.org\/#\/schema\/logo\/image\/"}},{"@type":"WebSite","@id":"https:\/\/www.cudeca.org\/#website","url":"https:\/\/www.cudeca.org\/","name":"Fundaci\u00f3n Cudeca","description":"Cudeca Hospice","publisher":{"@id":"https:\/\/www.cudeca.org\/#organization"},"potentialAction":[{"@type":"SearchAction","target":{"@type":"EntryPoint","urlTemplate":"https:\/\/www.cudeca.org\/?s={search_term_string}"},"query-input":"required name=search_term_string"}],"inLanguage":"en-US"},{"@type":"WebPage","@id":"https:\/\/www.cudeca.org\/actualidad\/presentacion-gorras-oficiales-de-la-marcha-por-cudeca-2019\/","url":"https:\/\/www.cudeca.org\/actualidad\/presentacion-gorras-oficiales-de-la-marcha-por-cudeca-2019\/","name":"Official Caps for the CUDECA Walkathon 2019 - Cudeca Cancer Care Hospice","isPartOf":{"@id":"https:\/\/www.cudeca.org\/#website"},"datePublished":"2019-03-28T15:20:43+00:00","dateModified":"2019-03-29T13:39:48+00:00","breadcrumb":{"@id":"https:\/\/www.cudeca.org\/actualidad\/presentacion-gorras-oficiales-de-la-marcha-por-cudeca-2019\/#breadcrumb"},"inLanguage":"en-US","potentialAction":[{"@type":"ReadAction","target":["https:\/\/www.cudeca.org\/actualidad\/presentacion-gorras-oficiales-de-la-marcha-por-cudeca-2019\/"]}]},{"@type":"BreadcrumbList","@id":"https:\/\/www.cudeca.org\/actualidad\/presentacion-gorras-oficiales-de-la-marcha-por-cudeca-2019\/#breadcrumb","itemListElement":[{"@type":"ListItem","position":1,"name":"Portada","item":"https:\/\/www.cudeca.org\/"},{"@type":"ListItem","position":2,"name":"Presentaci\u00f3n Gorras Oficiales de la Marcha por CUDECA 2019"}]},{"@type":"Article","@id":"https:\/\/www.cudeca.org\/actualidad\/presentacion-gorras-oficiales-de-la-marcha-por-cudeca-2019\/#article","isPartOf":{"@id":"https:\/\/www.cudeca.org\/actualidad\/presentacion-gorras-oficiales-de-la-marcha-por-cudeca-2019\/"},"author":{"name":"angel","@id":"https:\/\/www.cudeca.org\/#\/schema\/person\/320934aa099c37e69d4148721ba3e4be"},"headline":"Official Caps for the CUDECA Walkathon 2019","datePublished":"2019-03-28T15:20:43+00:00","dateModified":"2019-03-29T13:39:48+00:00","mainEntityOfPage":{"@id":"https:\/\/www.cudeca.org\/actualidad\/presentacion-gorras-oficiales-de-la-marcha-por-cudeca-2019\/"},"wordCount":1034,"commentCount":0,"publisher":{"@id":"https:\/\/www.cudeca.org\/#organization"},"articleSection":[""],"inLanguage":"en-US","potentialAction":[{"@type":"CommentAction","name":"Comment","target":["https:\/\/www.cudeca.org\/actualidad\/presentacion-gorras-oficiales-de-la-marcha-por-cudeca-2019\/#respond"]}]},{"@type":"Person","@id":"https:\/\/www.cudeca.org\/#\/schema\/person\/320934aa099c37e69d4148721ba3e4be","name":"angel","image":{"@type":"ImageObject","inLanguage":"en-US","@id":"https:\/\/www.cudeca.org\/#\/schema\/person\/image\/","url":"https:\/\/secure.gravatar.com\/avatar\/91b6f0e62d069005f36feb58e1ffda2c?s=96&d=mm&r=g","contentUrl":"https:\/\/secure.gravatar.com\/avatar\/91b6f0e62d069005f36feb58e1ffda2c?s=96&d=mm&r=g","caption":"angel"}}]}},"_links":{"self":[{"href":"https:\/\/www.cudeca.org\/en\/wp-json\/wp\/v2\/posts\/20414"}],"collection":[{"href":"https:\/\/www.cudeca.org\/en\/wp-json\/wp\/v2\/posts"}],"about":[{"href":"https:\/\/www.cudeca.org\/en\/wp-json\/wp\/v2\/types\/post"}],"author":[{"embeddable":true,"href":"https:\/\/www.cudeca.org\/en\/wp-json\/wp\/v2\/users\/2"}],"replies":[{"embeddable":true,"href":"https:\/\/www.cudeca.org\/en\/wp-json\/wp\/v2\/comments?post=20414"}],"version-history":[{"count":4,"href":"https:\/\/www.cudeca.org\/en\/wp-json\/wp\/v2\/posts\/20414\/revisions"}],"predecessor-version":[{"id":20529,"href":"https:\/\/www.cudeca.org\/en\/wp-json\/wp\/v2\/posts\/20414\/revisions\/20529"}],"wp:featuredmedia":[{"embeddable":true,"href":"https:\/\/www.cudeca.org\/en\/wp-json\/wp\/v2\/media\/20415"}],"wp:attachment":[{"href":"https:\/\/www.cudeca.org\/en\/wp-json\/wp\/v2\/media?parent=20414"}],"wp:term":[{"taxonomy":"category","embeddable":true,"href":"https:\/\/www.cudeca.org\/en\/wp-json\/wp\/v2\/categories?post=20414"},{"taxonomy":"post_tag","embeddable":true,"href":"https:\/\/www.cudeca.org\/en\/wp-json\/wp\/v2\/tags?post=20414"}],"curies":[{"name":"wp","href":"https:\/\/api.w.org\/{rel}","templated":true}]}}