{"id":18838,"date":"2018-10-31T11:21:49","date_gmt":"2018-10-31T11:21:49","guid":{"rendered":"https:\/\/www.cudeca.org\/?p=18838"},"modified":"2018-10-31T11:21:49","modified_gmt":"2018-10-31T11:21:49","slug":"subvencion-del-ayuntamiento-del-rincon-de-la-victoria-2018","status":"publish","type":"post","link":"https:\/\/www.cudeca.org\/en\/actualidad\/subsidy-from-rincon-de-la-victoria-town-hall-2018\/","title":{"rendered":"Subsidy from Rinc\u00f3n de la Victoria Town Hall 2018"},"content":{"rendered":"<div class=\"wpb-content-wrapper\"><p>[vc_row][vc_column][vc_column_text]The <strong>Town Hall of Rincon de la Victoria<\/strong> has approved in government meeting another 20,000 euros for the Program &#8220;Home Care in Palliative Care to patients and families of the municipality of Rincon de la Victoria in 2018&#8221;.<\/p>\n<p>We would like to thank the solidarity of Rinc\u00f3n de la Victoria Town Hall and its mayor, Don Jos\u00e9 Francisco Salado Esca\u00f1o and M\u00aa Pilar Delgado Escalante, Councillor Delegate of the Area of Social Policies, Equality, Elderly, Childhood and Women and the team coordinated by Gerardo L\u00f3pez P\u00e9rez.[\/vc_column_text][\/vc_column][\/vc_row]<\/p>\n<\/div>","protected":false},"excerpt":{"rendered":"<p>[vc_row][vc_column][vc_column_text]The Town Hall of Rincon de la Victoria has approved in government meeting another 20,000 euros for the Program &#8220;Home Care in Palliative Care to patients and families of the municipality of Rincon de la Victoria in 2018&#8221;. We would like to thank the solidarity of Rinc\u00f3n de la Victoria Town Hall and its mayor, [&hellip;]<\/p>\n","protected":false},"author":2,"featured_media":18592,"comment_status":"open","ping_status":"open","sticky":false,"template":"","format":"standard","meta":[],"categories":[15],"tags":[],"yoast_head":"<!-- This site is optimized with the Yoast SEO plugin v19.4 - https:\/\/yoast.com\/wordpress\/plugins\/seo\/ -->\n<title>Subsidy from Rinc\u00f3n de la Victoria Town Hall 2018 - Cudeca Cancer Care Hospice<\/title>\n<meta name=\"robots\" content=\"index, follow, max-snippet:-1, max-image-preview:large, max-video-preview:-1\" \/>\n<link rel=\"canonical\" href=\"https:\/\/www.cudeca.org\/actualidad\/subvencion-del-ayuntamiento-del-rincon-de-la-victoria-2018\/\" \/>\n<meta property=\"og:locale\" content=\"en_US\" \/>\n<meta property=\"og:type\" content=\"article\" \/>\n<meta property=\"og:title\" content=\"Subsidy from Rinc\u00f3n de la Victoria Town Hall 2018 - Cudeca Cancer Care Hospice\" \/>\n<meta property=\"og:description\" content=\"[vc_row][vc_column][vc_column_text]The Town Hall of Rincon de la Victoria has approved in government meeting another 20,000 euros for the Program &#8220;Home Care in Palliative Care to patients and families of the municipality of Rincon de la Victoria in 2018&#8221;. We would like to thank the solidarity of Rinc\u00f3n de la Victoria Town Hall and its mayor, [&hellip;]\" \/>\n<meta property=\"og:url\" content=\"https:\/\/www.cudeca.org\/actualidad\/subvencion-del-ayuntamiento-del-rincon-de-la-victoria-2018\/\" \/>\n<meta property=\"og:site_name\" content=\"Cudeca Cancer Care Hospice\" \/>\n<meta property=\"article:publisher\" content=\"https:\/\/www.facebook.com\/AmigosDeCudeca\" \/>\n<meta property=\"article:published_time\" content=\"2018-10-31T11:21:49+00:00\" \/>\n<meta property=\"og:image\" content=\"https:\/\/www.cudeca.org\/wp-content\/uploads\/2018\/10\/ayuntamiento-de-rincon-de-la-victoria.jpg\" \/>\n\t<meta property=\"og:image:width\" content=\"630\" \/>\n\t<meta property=\"og:image:height\" content=\"320\" \/>\n\t<meta property=\"og:image:type\" content=\"image\/jpeg\" \/>\n<meta name=\"author\" content=\"angel\" \/>\n<meta name=\"twitter:card\" content=\"summary_large_image\" \/>\n<meta name=\"twitter:creator\" content=\"@cudeca\" \/>\n<meta name=\"twitter:site\" content=\"@cudeca\" \/>\n<meta name=\"twitter:label1\" content=\"Written by\" \/>\n\t<meta name=\"twitter:data1\" content=\"angel\" \/>\n\t<meta name=\"twitter:label2\" content=\"Est. reading time\" \/>\n\t<meta name=\"twitter:data2\" content=\"1 minute\" \/>\n<script type=\"application\/ld+json\" class=\"yoast-schema-graph\">{\"@context\":\"https:\/\/schema.org\",\"@graph\":[{\"@type\":\"Organization\",\"@id\":\"https:\/\/www.cudeca.org\/#organization\",\"name\":\"Fundaci\u00f3n Cudeca\",\"url\":\"https:\/\/www.cudeca.org\/\",\"sameAs\":[\"https:\/\/www.youtube.com\/c\/cudecamalaga\",\"https:\/\/www.facebook.com\/AmigosDeCudeca\",\"https:\/\/twitter.com\/cudeca\"],\"logo\":{\"@type\":\"ImageObject\",\"inLanguage\":\"en-US\",\"@id\":\"https:\/\/www.cudeca.org\/#\/schema\/logo\/image\/\",\"url\":\"https:\/\/www.cudeca.org\/wp-content\/uploads\/2018\/02\/cudeca-logo.png\",\"contentUrl\":\"https:\/\/www.cudeca.org\/wp-content\/uploads\/2018\/02\/cudeca-logo.png\",\"width\":2121,\"height\":984,\"caption\":\"Fundaci\u00f3n Cudeca\"},\"image\":{\"@id\":\"https:\/\/www.cudeca.org\/#\/schema\/logo\/image\/\"}},{\"@type\":\"WebSite\",\"@id\":\"https:\/\/www.cudeca.org\/#website\",\"url\":\"https:\/\/www.cudeca.org\/\",\"name\":\"Fundaci\u00f3n Cudeca\",\"description\":\"Cudeca Hospice\",\"publisher\":{\"@id\":\"https:\/\/www.cudeca.org\/#organization\"},\"potentialAction\":[{\"@type\":\"SearchAction\",\"target\":{\"@type\":\"EntryPoint\",\"urlTemplate\":\"https:\/\/www.cudeca.org\/?s={search_term_string}\"},\"query-input\":\"required name=search_term_string\"}],\"inLanguage\":\"en-US\"},{\"@type\":\"WebPage\",\"@id\":\"https:\/\/www.cudeca.org\/actualidad\/subvencion-del-ayuntamiento-del-rincon-de-la-victoria-2018\/\",\"url\":\"https:\/\/www.cudeca.org\/actualidad\/subvencion-del-ayuntamiento-del-rincon-de-la-victoria-2018\/\",\"name\":\"Subsidy from Rinc\u00f3n de la Victoria Town Hall 2018 - Cudeca Cancer Care Hospice\",\"isPartOf\":{\"@id\":\"https:\/\/www.cudeca.org\/#website\"},\"datePublished\":\"2018-10-31T11:21:49+00:00\",\"dateModified\":\"2018-10-31T11:21:49+00:00\",\"breadcrumb\":{\"@id\":\"https:\/\/www.cudeca.org\/actualidad\/subvencion-del-ayuntamiento-del-rincon-de-la-victoria-2018\/#breadcrumb\"},\"inLanguage\":\"en-US\",\"potentialAction\":[{\"@type\":\"ReadAction\",\"target\":[\"https:\/\/www.cudeca.org\/actualidad\/subvencion-del-ayuntamiento-del-rincon-de-la-victoria-2018\/\"]}]},{\"@type\":\"BreadcrumbList\",\"@id\":\"https:\/\/www.cudeca.org\/actualidad\/subvencion-del-ayuntamiento-del-rincon-de-la-victoria-2018\/#breadcrumb\",\"itemListElement\":[{\"@type\":\"ListItem\",\"position\":1,\"name\":\"Portada\",\"item\":\"https:\/\/www.cudeca.org\/\"},{\"@type\":\"ListItem\",\"position\":2,\"name\":\"Subvenci\u00f3n del Ayuntamiento del Rinc\u00f3n de la Victoria 2018\"}]},{\"@type\":\"Article\",\"@id\":\"https:\/\/www.cudeca.org\/actualidad\/subvencion-del-ayuntamiento-del-rincon-de-la-victoria-2018\/#article\",\"isPartOf\":{\"@id\":\"https:\/\/www.cudeca.org\/actualidad\/subvencion-del-ayuntamiento-del-rincon-de-la-victoria-2018\/\"},\"author\":{\"name\":\"angel\",\"@id\":\"https:\/\/www.cudeca.org\/#\/schema\/person\/320934aa099c37e69d4148721ba3e4be\"},\"headline\":\"Subsidy from Rinc\u00f3n de la Victoria Town Hall 2018\",\"datePublished\":\"2018-10-31T11:21:49+00:00\",\"dateModified\":\"2018-10-31T11:21:49+00:00\",\"mainEntityOfPage\":{\"@id\":\"https:\/\/www.cudeca.org\/actualidad\/subvencion-del-ayuntamiento-del-rincon-de-la-victoria-2018\/\"},\"wordCount\":232,\"commentCount\":0,\"publisher\":{\"@id\":\"https:\/\/www.cudeca.org\/#organization\"},\"articleSection\":[\"\"],\"inLanguage\":\"en-US\",\"potentialAction\":[{\"@type\":\"CommentAction\",\"name\":\"Comment\",\"target\":[\"https:\/\/www.cudeca.org\/actualidad\/subvencion-del-ayuntamiento-del-rincon-de-la-victoria-2018\/#respond\"]}]},{\"@type\":\"Person\",\"@id\":\"https:\/\/www.cudeca.org\/#\/schema\/person\/320934aa099c37e69d4148721ba3e4be\",\"name\":\"angel\",\"image\":{\"@type\":\"ImageObject\",\"inLanguage\":\"en-US\",\"@id\":\"https:\/\/www.cudeca.org\/#\/schema\/person\/image\/\",\"url\":\"https:\/\/secure.gravatar.com\/avatar\/91b6f0e62d069005f36feb58e1ffda2c?s=96&d=mm&r=g\",\"contentUrl\":\"https:\/\/secure.gravatar.com\/avatar\/91b6f0e62d069005f36feb58e1ffda2c?s=96&d=mm&r=g\",\"caption\":\"angel\"}}]}<\/script>\n<!-- \/ Yoast SEO plugin. -->","yoast_head_json":{"title":"Subsidy from Rinc\u00f3n de la Victoria Town Hall 2018 - Cudeca Cancer Care Hospice","robots":{"index":"index","follow":"follow","max-snippet":"max-snippet:-1","max-image-preview":"max-image-preview:large","max-video-preview":"max-video-preview:-1"},"canonical":"https:\/\/www.cudeca.org\/actualidad\/subvencion-del-ayuntamiento-del-rincon-de-la-victoria-2018\/","og_locale":"en_US","og_type":"article","og_title":"Subsidy from Rinc\u00f3n de la Victoria Town Hall 2018 - Cudeca Cancer Care Hospice","og_description":"[vc_row][vc_column][vc_column_text]The Town Hall of Rincon de la Victoria has approved in government meeting another 20,000 euros for the Program &#8220;Home Care in Palliative Care to patients and families of the municipality of Rincon de la Victoria in 2018&#8221;. We would like to thank the solidarity of Rinc\u00f3n de la Victoria Town Hall and its mayor, [&hellip;]","og_url":"https:\/\/www.cudeca.org\/actualidad\/subvencion-del-ayuntamiento-del-rincon-de-la-victoria-2018\/","og_site_name":"Cudeca Cancer Care Hospice","article_publisher":"https:\/\/www.facebook.com\/AmigosDeCudeca","article_published_time":"2018-10-31T11:21:49+00:00","og_image":[{"width":630,"height":320,"url":"https:\/\/www.cudeca.org\/wp-content\/uploads\/2018\/10\/ayuntamiento-de-rincon-de-la-victoria.jpg","type":"image\/jpeg"}],"author":"angel","twitter_card":"summary_large_image","twitter_creator":"@cudeca","twitter_site":"@cudeca","twitter_misc":{"Written by":"angel","Est. reading time":"1 minute"},"schema":{"@context":"https:\/\/schema.org","@graph":[{"@type":"Organization","@id":"https:\/\/www.cudeca.org\/#organization","name":"Fundaci\u00f3n Cudeca","url":"https:\/\/www.cudeca.org\/","sameAs":["https:\/\/www.youtube.com\/c\/cudecamalaga","https:\/\/www.facebook.com\/AmigosDeCudeca","https:\/\/twitter.com\/cudeca"],"logo":{"@type":"ImageObject","inLanguage":"en-US","@id":"https:\/\/www.cudeca.org\/#\/schema\/logo\/image\/","url":"https:\/\/www.cudeca.org\/wp-content\/uploads\/2018\/02\/cudeca-logo.png","contentUrl":"https:\/\/www.cudeca.org\/wp-content\/uploads\/2018\/02\/cudeca-logo.png","width":2121,"height":984,"caption":"Fundaci\u00f3n Cudeca"},"image":{"@id":"https:\/\/www.cudeca.org\/#\/schema\/logo\/image\/"}},{"@type":"WebSite","@id":"https:\/\/www.cudeca.org\/#website","url":"https:\/\/www.cudeca.org\/","name":"Fundaci\u00f3n Cudeca","description":"Cudeca Hospice","publisher":{"@id":"https:\/\/www.cudeca.org\/#organization"},"potentialAction":[{"@type":"SearchAction","target":{"@type":"EntryPoint","urlTemplate":"https:\/\/www.cudeca.org\/?s={search_term_string}"},"query-input":"required name=search_term_string"}],"inLanguage":"en-US"},{"@type":"WebPage","@id":"https:\/\/www.cudeca.org\/actualidad\/subvencion-del-ayuntamiento-del-rincon-de-la-victoria-2018\/","url":"https:\/\/www.cudeca.org\/actualidad\/subvencion-del-ayuntamiento-del-rincon-de-la-victoria-2018\/","name":"Subsidy from Rinc\u00f3n de la Victoria Town Hall 2018 - Cudeca Cancer Care Hospice","isPartOf":{"@id":"https:\/\/www.cudeca.org\/#website"},"datePublished":"2018-10-31T11:21:49+00:00","dateModified":"2018-10-31T11:21:49+00:00","breadcrumb":{"@id":"https:\/\/www.cudeca.org\/actualidad\/subvencion-del-ayuntamiento-del-rincon-de-la-victoria-2018\/#breadcrumb"},"inLanguage":"en-US","potentialAction":[{"@type":"ReadAction","target":["https:\/\/www.cudeca.org\/actualidad\/subvencion-del-ayuntamiento-del-rincon-de-la-victoria-2018\/"]}]},{"@type":"BreadcrumbList","@id":"https:\/\/www.cudeca.org\/actualidad\/subvencion-del-ayuntamiento-del-rincon-de-la-victoria-2018\/#breadcrumb","itemListElement":[{"@type":"ListItem","position":1,"name":"Portada","item":"https:\/\/www.cudeca.org\/"},{"@type":"ListItem","position":2,"name":"Subvenci\u00f3n del Ayuntamiento del Rinc\u00f3n de la Victoria 2018"}]},{"@type":"Article","@id":"https:\/\/www.cudeca.org\/actualidad\/subvencion-del-ayuntamiento-del-rincon-de-la-victoria-2018\/#article","isPartOf":{"@id":"https:\/\/www.cudeca.org\/actualidad\/subvencion-del-ayuntamiento-del-rincon-de-la-victoria-2018\/"},"author":{"name":"angel","@id":"https:\/\/www.cudeca.org\/#\/schema\/person\/320934aa099c37e69d4148721ba3e4be"},"headline":"Subsidy from Rinc\u00f3n de la Victoria Town Hall 2018","datePublished":"2018-10-31T11:21:49+00:00","dateModified":"2018-10-31T11:21:49+00:00","mainEntityOfPage":{"@id":"https:\/\/www.cudeca.org\/actualidad\/subvencion-del-ayuntamiento-del-rincon-de-la-victoria-2018\/"},"wordCount":232,"commentCount":0,"publisher":{"@id":"https:\/\/www.cudeca.org\/#organization"},"articleSection":[""],"inLanguage":"en-US","potentialAction":[{"@type":"CommentAction","name":"Comment","target":["https:\/\/www.cudeca.org\/actualidad\/subvencion-del-ayuntamiento-del-rincon-de-la-victoria-2018\/#respond"]}]},{"@type":"Person","@id":"https:\/\/www.cudeca.org\/#\/schema\/person\/320934aa099c37e69d4148721ba3e4be","name":"angel","image":{"@type":"ImageObject","inLanguage":"en-US","@id":"https:\/\/www.cudeca.org\/#\/schema\/person\/image\/","url":"https:\/\/secure.gravatar.com\/avatar\/91b6f0e62d069005f36feb58e1ffda2c?s=96&d=mm&r=g","contentUrl":"https:\/\/secure.gravatar.com\/avatar\/91b6f0e62d069005f36feb58e1ffda2c?s=96&d=mm&r=g","caption":"angel"}}]}},"_links":{"self":[{"href":"https:\/\/www.cudeca.org\/en\/wp-json\/wp\/v2\/posts\/18838"}],"collection":[{"href":"https:\/\/www.cudeca.org\/en\/wp-json\/wp\/v2\/posts"}],"about":[{"href":"https:\/\/www.cudeca.org\/en\/wp-json\/wp\/v2\/types\/post"}],"author":[{"embeddable":true,"href":"https:\/\/www.cudeca.org\/en\/wp-json\/wp\/v2\/users\/2"}],"replies":[{"embeddable":true,"href":"https:\/\/www.cudeca.org\/en\/wp-json\/wp\/v2\/comments?post=18838"}],"version-history":[{"count":1,"href":"https:\/\/www.cudeca.org\/en\/wp-json\/wp\/v2\/posts\/18838\/revisions"}],"predecessor-version":[{"id":18839,"href":"https:\/\/www.cudeca.org\/en\/wp-json\/wp\/v2\/posts\/18838\/revisions\/18839"}],"wp:featuredmedia":[{"embeddable":true,"href":"https:\/\/www.cudeca.org\/en\/wp-json\/wp\/v2\/media\/18592"}],"wp:attachment":[{"href":"https:\/\/www.cudeca.org\/en\/wp-json\/wp\/v2\/media?parent=18838"}],"wp:term":[{"taxonomy":"category","embeddable":true,"href":"https:\/\/www.cudeca.org\/en\/wp-json\/wp\/v2\/categories?post=18838"},{"taxonomy":"post_tag","embeddable":true,"href":"https:\/\/www.cudeca.org\/en\/wp-json\/wp\/v2\/tags?post=18838"}],"curies":[{"name":"wp","href":"https:\/\/api.w.org\/{rel}","templated":true}]}}