{"id":18805,"date":"2018-10-30T10:06:50","date_gmt":"2018-10-30T10:06:50","guid":{"rendered":"https:\/\/www.cudeca.org\/?p=18805"},"modified":"2018-10-31T12:22:29","modified_gmt":"2018-10-31T12:22:29","slug":"el-ayuntamiento-de-marbella-ayuda-a-fundacion-cudeca","status":"publish","type":"post","link":"https:\/\/www.cudeca.org\/en\/actualidad\/el-ayuntamiento-de-marbella-ayuda-a-fundacion-cudeca\/","title":{"rendered":"Marbella Town Hall in aid of CUDECA"},"content":{"rendered":"<p>This year, <a href=\"http:\/\/www.marbella.es\/\"><strong>Marbella Town Hall<\/strong> <\/a>has granted us 20,000 euros for the Project<strong> &#8220;Home Care in Palliative Care for patients with advanced disease and their families in the municipality of Marbella in 2018&#8221;.<\/strong><\/p>\n<p>We would like to thank from the bottom of our hearts the solidarity of the Marbella City Council, the Marbella City Council&#8217;s Social Rights team, its councillor Isabel Cintado and the mayoress Do\u00f1a \u00c1ngeles Mu\u00f1oz Uriol, for all their support.<\/p>\n<p>Last year CUDECA attended in Marbella 51 people and a total of 678 since 1992.<\/p>","protected":false},"excerpt":{"rendered":"<p>This year, Marbella Town Hall has granted us 20,000 euros for the Project &#8220;Home Care in Palliative Care for patients with advanced disease and their families in the municipality of Marbella in 2018&#8221;. We would like to thank from the bottom of our hearts the solidarity of the Marbella City Council, the Marbella City Council&#8217;s [&hellip;]<\/p>\n","protected":false},"author":5,"featured_media":18807,"comment_status":"open","ping_status":"open","sticky":false,"template":"","format":"standard","meta":[],"categories":[15],"tags":[],"yoast_head":"<!-- This site is optimized with the Yoast SEO plugin v19.4 - https:\/\/yoast.com\/wordpress\/plugins\/seo\/ -->\n<title>Marbella Town Hall in aid of CUDECA - Cudeca Cancer Care Hospice<\/title>\n<meta name=\"robots\" content=\"index, follow, max-snippet:-1, max-image-preview:large, max-video-preview:-1\" \/>\n<link rel=\"canonical\" href=\"https:\/\/www.cudeca.org\/en\/actualidad\/el-ayuntamiento-de-marbella-ayuda-a-fundacion-cudeca\/\" \/>\n<meta property=\"og:locale\" content=\"en_US\" \/>\n<meta property=\"og:type\" content=\"article\" \/>\n<meta property=\"og:title\" content=\"Marbella Town Hall in aid of CUDECA - Cudeca Cancer Care Hospice\" \/>\n<meta property=\"og:description\" content=\"This year, Marbella Town Hall has granted us 20,000 euros for the Project &#8220;Home Care in Palliative Care for patients with advanced disease and their families in the municipality of Marbella in 2018&#8221;. We would like to thank from the bottom of our hearts the solidarity of the Marbella City Council, the Marbella City Council&#8217;s [&hellip;]\" \/>\n<meta property=\"og:url\" content=\"https:\/\/www.cudeca.org\/en\/actualidad\/el-ayuntamiento-de-marbella-ayuda-a-fundacion-cudeca\/\" \/>\n<meta property=\"og:site_name\" content=\"Cudeca Cancer Care Hospice\" \/>\n<meta property=\"article:publisher\" content=\"https:\/\/www.facebook.com\/AmigosDeCudeca\" \/>\n<meta property=\"article:published_time\" content=\"2018-10-30T10:06:50+00:00\" \/>\n<meta property=\"article:modified_time\" content=\"2018-10-31T12:22:29+00:00\" \/>\n<meta property=\"og:image\" content=\"https:\/\/www.cudeca.org\/wp-content\/uploads\/2018\/10\/fotonoticia_20181029170959_640.jpg\" \/>\n\t<meta property=\"og:image:width\" content=\"640\" \/>\n\t<meta property=\"og:image:height\" content=\"427\" \/>\n\t<meta property=\"og:image:type\" content=\"image\/jpeg\" \/>\n<meta name=\"author\" content=\"Jorge Lopez\" \/>\n<meta name=\"twitter:card\" content=\"summary_large_image\" \/>\n<meta name=\"twitter:creator\" content=\"@cudeca\" \/>\n<meta name=\"twitter:site\" content=\"@cudeca\" \/>\n<meta name=\"twitter:label1\" content=\"Written by\" \/>\n\t<meta name=\"twitter:data1\" content=\"Jorge Lopez\" \/>\n\t<meta name=\"twitter:label2\" content=\"Est. reading time\" \/>\n\t<meta name=\"twitter:data2\" content=\"1 minute\" \/>\n<script type=\"application\/ld+json\" class=\"yoast-schema-graph\">{\"@context\":\"https:\/\/schema.org\",\"@graph\":[{\"@type\":\"Organization\",\"@id\":\"https:\/\/www.cudeca.org\/#organization\",\"name\":\"Fundaci\u00f3n Cudeca\",\"url\":\"https:\/\/www.cudeca.org\/\",\"sameAs\":[\"https:\/\/www.youtube.com\/c\/cudecamalaga\",\"https:\/\/www.facebook.com\/AmigosDeCudeca\",\"https:\/\/twitter.com\/cudeca\"],\"logo\":{\"@type\":\"ImageObject\",\"inLanguage\":\"en-US\",\"@id\":\"https:\/\/www.cudeca.org\/#\/schema\/logo\/image\/\",\"url\":\"https:\/\/www.cudeca.org\/wp-content\/uploads\/2018\/02\/cudeca-logo.png\",\"contentUrl\":\"https:\/\/www.cudeca.org\/wp-content\/uploads\/2018\/02\/cudeca-logo.png\",\"width\":2121,\"height\":984,\"caption\":\"Fundaci\u00f3n Cudeca\"},\"image\":{\"@id\":\"https:\/\/www.cudeca.org\/#\/schema\/logo\/image\/\"}},{\"@type\":\"WebSite\",\"@id\":\"https:\/\/www.cudeca.org\/#website\",\"url\":\"https:\/\/www.cudeca.org\/\",\"name\":\"Fundaci\u00f3n Cudeca\",\"description\":\"Cudeca Hospice\",\"publisher\":{\"@id\":\"https:\/\/www.cudeca.org\/#organization\"},\"potentialAction\":[{\"@type\":\"SearchAction\",\"target\":{\"@type\":\"EntryPoint\",\"urlTemplate\":\"https:\/\/www.cudeca.org\/?s={search_term_string}\"},\"query-input\":\"required name=search_term_string\"}],\"inLanguage\":\"en-US\"},{\"@type\":\"WebPage\",\"@id\":\"https:\/\/www.cudeca.org\/en\/actualidad\/el-ayuntamiento-de-marbella-ayuda-a-fundacion-cudeca\/\",\"url\":\"https:\/\/www.cudeca.org\/en\/actualidad\/el-ayuntamiento-de-marbella-ayuda-a-fundacion-cudeca\/\",\"name\":\"Marbella Town Hall in aid of CUDECA - Cudeca Cancer Care Hospice\",\"isPartOf\":{\"@id\":\"https:\/\/www.cudeca.org\/#website\"},\"datePublished\":\"2018-10-30T10:06:50+00:00\",\"dateModified\":\"2018-10-31T12:22:29+00:00\",\"breadcrumb\":{\"@id\":\"https:\/\/www.cudeca.org\/en\/actualidad\/el-ayuntamiento-de-marbella-ayuda-a-fundacion-cudeca\/#breadcrumb\"},\"inLanguage\":\"en-US\",\"potentialAction\":[{\"@type\":\"ReadAction\",\"target\":[\"https:\/\/www.cudeca.org\/en\/actualidad\/el-ayuntamiento-de-marbella-ayuda-a-fundacion-cudeca\/\"]}]},{\"@type\":\"BreadcrumbList\",\"@id\":\"https:\/\/www.cudeca.org\/en\/actualidad\/el-ayuntamiento-de-marbella-ayuda-a-fundacion-cudeca\/#breadcrumb\",\"itemListElement\":[{\"@type\":\"ListItem\",\"position\":1,\"name\":\"Portada\",\"item\":\"https:\/\/www.cudeca.org\/\"},{\"@type\":\"ListItem\",\"position\":2,\"name\":\"Marbella Town Hall in aid of CUDECA\"}]},{\"@type\":\"Article\",\"@id\":\"https:\/\/www.cudeca.org\/en\/actualidad\/el-ayuntamiento-de-marbella-ayuda-a-fundacion-cudeca\/#article\",\"isPartOf\":{\"@id\":\"https:\/\/www.cudeca.org\/en\/actualidad\/el-ayuntamiento-de-marbella-ayuda-a-fundacion-cudeca\/\"},\"author\":{\"name\":\"Jorge Lopez\",\"@id\":\"https:\/\/www.cudeca.org\/#\/schema\/person\/ef584faee50c55adf49de08e703741fd\"},\"headline\":\"Marbella Town Hall in aid of CUDECA\",\"datePublished\":\"2018-10-30T10:06:50+00:00\",\"dateModified\":\"2018-10-31T12:22:29+00:00\",\"mainEntityOfPage\":{\"@id\":\"https:\/\/www.cudeca.org\/en\/actualidad\/el-ayuntamiento-de-marbella-ayuda-a-fundacion-cudeca\/\"},\"wordCount\":193,\"commentCount\":0,\"publisher\":{\"@id\":\"https:\/\/www.cudeca.org\/#organization\"},\"articleSection\":[\"\"],\"inLanguage\":\"en-US\",\"potentialAction\":[{\"@type\":\"CommentAction\",\"name\":\"Comment\",\"target\":[\"https:\/\/www.cudeca.org\/en\/actualidad\/el-ayuntamiento-de-marbella-ayuda-a-fundacion-cudeca\/#respond\"]}]},{\"@type\":\"Person\",\"@id\":\"https:\/\/www.cudeca.org\/#\/schema\/person\/ef584faee50c55adf49de08e703741fd\",\"name\":\"Jorge Lopez\",\"image\":{\"@type\":\"ImageObject\",\"inLanguage\":\"en-US\",\"@id\":\"https:\/\/www.cudeca.org\/#\/schema\/person\/image\/\",\"url\":\"https:\/\/secure.gravatar.com\/avatar\/f861e8975d384d76728a2976bb1626da?s=96&d=mm&r=g\",\"contentUrl\":\"https:\/\/secure.gravatar.com\/avatar\/f861e8975d384d76728a2976bb1626da?s=96&d=mm&r=g\",\"caption\":\"Jorge Lopez\"}}]}<\/script>\n<!-- \/ Yoast SEO plugin. -->","yoast_head_json":{"title":"Marbella Town Hall in aid of CUDECA - Cudeca Cancer Care Hospice","robots":{"index":"index","follow":"follow","max-snippet":"max-snippet:-1","max-image-preview":"max-image-preview:large","max-video-preview":"max-video-preview:-1"},"canonical":"https:\/\/www.cudeca.org\/en\/actualidad\/el-ayuntamiento-de-marbella-ayuda-a-fundacion-cudeca\/","og_locale":"en_US","og_type":"article","og_title":"Marbella Town Hall in aid of CUDECA - Cudeca Cancer Care Hospice","og_description":"This year, Marbella Town Hall has granted us 20,000 euros for the Project &#8220;Home Care in Palliative Care for patients with advanced disease and their families in the municipality of Marbella in 2018&#8221;. We would like to thank from the bottom of our hearts the solidarity of the Marbella City Council, the Marbella City Council&#8217;s [&hellip;]","og_url":"https:\/\/www.cudeca.org\/en\/actualidad\/el-ayuntamiento-de-marbella-ayuda-a-fundacion-cudeca\/","og_site_name":"Cudeca Cancer Care Hospice","article_publisher":"https:\/\/www.facebook.com\/AmigosDeCudeca","article_published_time":"2018-10-30T10:06:50+00:00","article_modified_time":"2018-10-31T12:22:29+00:00","og_image":[{"width":640,"height":427,"url":"https:\/\/www.cudeca.org\/wp-content\/uploads\/2018\/10\/fotonoticia_20181029170959_640.jpg","type":"image\/jpeg"}],"author":"Jorge Lopez","twitter_card":"summary_large_image","twitter_creator":"@cudeca","twitter_site":"@cudeca","twitter_misc":{"Written by":"Jorge Lopez","Est. reading time":"1 minute"},"schema":{"@context":"https:\/\/schema.org","@graph":[{"@type":"Organization","@id":"https:\/\/www.cudeca.org\/#organization","name":"Fundaci\u00f3n Cudeca","url":"https:\/\/www.cudeca.org\/","sameAs":["https:\/\/www.youtube.com\/c\/cudecamalaga","https:\/\/www.facebook.com\/AmigosDeCudeca","https:\/\/twitter.com\/cudeca"],"logo":{"@type":"ImageObject","inLanguage":"en-US","@id":"https:\/\/www.cudeca.org\/#\/schema\/logo\/image\/","url":"https:\/\/www.cudeca.org\/wp-content\/uploads\/2018\/02\/cudeca-logo.png","contentUrl":"https:\/\/www.cudeca.org\/wp-content\/uploads\/2018\/02\/cudeca-logo.png","width":2121,"height":984,"caption":"Fundaci\u00f3n Cudeca"},"image":{"@id":"https:\/\/www.cudeca.org\/#\/schema\/logo\/image\/"}},{"@type":"WebSite","@id":"https:\/\/www.cudeca.org\/#website","url":"https:\/\/www.cudeca.org\/","name":"Fundaci\u00f3n Cudeca","description":"Cudeca Hospice","publisher":{"@id":"https:\/\/www.cudeca.org\/#organization"},"potentialAction":[{"@type":"SearchAction","target":{"@type":"EntryPoint","urlTemplate":"https:\/\/www.cudeca.org\/?s={search_term_string}"},"query-input":"required name=search_term_string"}],"inLanguage":"en-US"},{"@type":"WebPage","@id":"https:\/\/www.cudeca.org\/en\/actualidad\/el-ayuntamiento-de-marbella-ayuda-a-fundacion-cudeca\/","url":"https:\/\/www.cudeca.org\/en\/actualidad\/el-ayuntamiento-de-marbella-ayuda-a-fundacion-cudeca\/","name":"Marbella Town Hall in aid of CUDECA - Cudeca Cancer Care Hospice","isPartOf":{"@id":"https:\/\/www.cudeca.org\/#website"},"datePublished":"2018-10-30T10:06:50+00:00","dateModified":"2018-10-31T12:22:29+00:00","breadcrumb":{"@id":"https:\/\/www.cudeca.org\/en\/actualidad\/el-ayuntamiento-de-marbella-ayuda-a-fundacion-cudeca\/#breadcrumb"},"inLanguage":"en-US","potentialAction":[{"@type":"ReadAction","target":["https:\/\/www.cudeca.org\/en\/actualidad\/el-ayuntamiento-de-marbella-ayuda-a-fundacion-cudeca\/"]}]},{"@type":"BreadcrumbList","@id":"https:\/\/www.cudeca.org\/en\/actualidad\/el-ayuntamiento-de-marbella-ayuda-a-fundacion-cudeca\/#breadcrumb","itemListElement":[{"@type":"ListItem","position":1,"name":"Portada","item":"https:\/\/www.cudeca.org\/"},{"@type":"ListItem","position":2,"name":"Marbella Town Hall in aid of CUDECA"}]},{"@type":"Article","@id":"https:\/\/www.cudeca.org\/en\/actualidad\/el-ayuntamiento-de-marbella-ayuda-a-fundacion-cudeca\/#article","isPartOf":{"@id":"https:\/\/www.cudeca.org\/en\/actualidad\/el-ayuntamiento-de-marbella-ayuda-a-fundacion-cudeca\/"},"author":{"name":"Jorge Lopez","@id":"https:\/\/www.cudeca.org\/#\/schema\/person\/ef584faee50c55adf49de08e703741fd"},"headline":"Marbella Town Hall in aid of CUDECA","datePublished":"2018-10-30T10:06:50+00:00","dateModified":"2018-10-31T12:22:29+00:00","mainEntityOfPage":{"@id":"https:\/\/www.cudeca.org\/en\/actualidad\/el-ayuntamiento-de-marbella-ayuda-a-fundacion-cudeca\/"},"wordCount":193,"commentCount":0,"publisher":{"@id":"https:\/\/www.cudeca.org\/#organization"},"articleSection":[""],"inLanguage":"en-US","potentialAction":[{"@type":"CommentAction","name":"Comment","target":["https:\/\/www.cudeca.org\/en\/actualidad\/el-ayuntamiento-de-marbella-ayuda-a-fundacion-cudeca\/#respond"]}]},{"@type":"Person","@id":"https:\/\/www.cudeca.org\/#\/schema\/person\/ef584faee50c55adf49de08e703741fd","name":"Jorge Lopez","image":{"@type":"ImageObject","inLanguage":"en-US","@id":"https:\/\/www.cudeca.org\/#\/schema\/person\/image\/","url":"https:\/\/secure.gravatar.com\/avatar\/f861e8975d384d76728a2976bb1626da?s=96&d=mm&r=g","contentUrl":"https:\/\/secure.gravatar.com\/avatar\/f861e8975d384d76728a2976bb1626da?s=96&d=mm&r=g","caption":"Jorge Lopez"}}]}},"_links":{"self":[{"href":"https:\/\/www.cudeca.org\/en\/wp-json\/wp\/v2\/posts\/18805"}],"collection":[{"href":"https:\/\/www.cudeca.org\/en\/wp-json\/wp\/v2\/posts"}],"about":[{"href":"https:\/\/www.cudeca.org\/en\/wp-json\/wp\/v2\/types\/post"}],"author":[{"embeddable":true,"href":"https:\/\/www.cudeca.org\/en\/wp-json\/wp\/v2\/users\/5"}],"replies":[{"embeddable":true,"href":"https:\/\/www.cudeca.org\/en\/wp-json\/wp\/v2\/comments?post=18805"}],"version-history":[{"count":3,"href":"https:\/\/www.cudeca.org\/en\/wp-json\/wp\/v2\/posts\/18805\/revisions"}],"predecessor-version":[{"id":18841,"href":"https:\/\/www.cudeca.org\/en\/wp-json\/wp\/v2\/posts\/18805\/revisions\/18841"}],"wp:featuredmedia":[{"embeddable":true,"href":"https:\/\/www.cudeca.org\/en\/wp-json\/wp\/v2\/media\/18807"}],"wp:attachment":[{"href":"https:\/\/www.cudeca.org\/en\/wp-json\/wp\/v2\/media?parent=18805"}],"wp:term":[{"taxonomy":"category","embeddable":true,"href":"https:\/\/www.cudeca.org\/en\/wp-json\/wp\/v2\/categories?post=18805"},{"taxonomy":"post_tag","embeddable":true,"href":"https:\/\/www.cudeca.org\/en\/wp-json\/wp\/v2\/tags?post=18805"}],"curies":[{"name":"wp","href":"https:\/\/api.w.org\/{rel}","templated":true}]}}