{"id":18683,"date":"2018-10-22T14:24:30","date_gmt":"2018-10-22T14:24:30","guid":{"rendered":"https:\/\/www.cudeca.org\/?p=18683"},"modified":"2018-10-22T14:40:34","modified_gmt":"2018-10-22T14:40:34","slug":"gran-exito-en-la-campana-solidaria-de-quehoteles-y-vayacruceros","status":"publish","type":"post","link":"https:\/\/www.cudeca.org\/en\/actualidad\/gran-exito-en-la-campana-solidaria-de-quehoteles-y-vayacruceros\/","title":{"rendered":"Great success in the Charity Campaign of Quehoteles and Vayacruceros"},"content":{"rendered":"<div class=\"wpb-content-wrapper\"><p>[vc_row][vc_column][vc_column_text]On Friday, 19 October, <strong><a href=\"http:\/\/Vayacruceros.com\">Vayacruceros.com<\/a> <\/strong>and <strong><a href=\"https:\/\/www.quehoteles.com\/\">Quehoteles.com<\/a><\/strong> visited the Cudeca Cancer Care Hospice Centre for Palliative Care to deliver the funds raised in their charity campaign during the month of June in aid of Cudeca Hospice.<\/p>\n<p>The company <a href=\"http:\/\/www.accionviajes.com\/\">Acci\u00f3n Viajes SL<\/a>, through its main websites Vayacruceros.com and Quehoteles.com, organized a solidarity campaign during the month of June to support the work of the Cudeca Hospice.<\/p>\n<p>Thanks to this campaign, consisting of a donation of 1 euro for each hotel and cruise reservation made during the summer holidays, it was made possible to raise \u20ac7,800.<\/p>\n<p>The Vayacruceros and Quehoteles team were present at the act: Cintia Salobre\u00f1a, director of Acci\u00f3n Viajes; Noelia Luque, coordinator of the Booking department of Vaya Cruceros; Alejandra Rodr\u00edguez, customer service and post-sales department of Vaya Cruceros; Macarena Fajardo, marketing department of Vaya Cruceros; Javier Jim\u00e9nez Heredia, IT coordinator of Vaya Cruceros; and Carmen Navarro, Quehoteles business development department; and on behalf of the Cudeca Hospice, Joan Hunt OBE, Founder and Honorary President; and Marisa Mart\u00edn, Manager and Medical Director were also present.<\/p>\n<p><strong>The Cudeca Hospice wish to deeply thank to Vayacruceros.com and Quehoteles.com for their important support.<\/strong>[\/vc_column_text][vc_empty_space][vc_row_inner][vc_column_inner width=&#8221;1\/2&#8243;][vc_single_image image=&#8221;18686&#8243; img_size=&#8221;full&#8221;][\/vc_column_inner][vc_column_inner width=&#8221;1\/2&#8243;][vc_single_image image=&#8221;18685&#8243; img_size=&#8221;full&#8221;][\/vc_column_inner][\/vc_row_inner][\/vc_column][\/vc_row]<\/p>\n<\/div>","protected":false},"excerpt":{"rendered":"<p>[vc_row][vc_column][vc_column_text]On Friday, 19 October, Vayacruceros.com and Quehoteles.com visited the Cudeca Cancer Care Hospice Centre for Palliative Care to deliver the funds raised in their charity campaign during the month of June in aid of Cudeca Hospice. The company Acci\u00f3n Viajes SL, through its main websites Vayacruceros.com and Quehoteles.com, organized a solidarity campaign during the month [&hellip;]<\/p>\n","protected":false},"author":2,"featured_media":18684,"comment_status":"open","ping_status":"open","sticky":false,"template":"","format":"standard","meta":[],"categories":[15],"tags":[],"yoast_head":"<!-- This site is optimized with the Yoast SEO plugin v19.4 - https:\/\/yoast.com\/wordpress\/plugins\/seo\/ -->\n<title>Great success in the Charity Campaign of Quehoteles and Vayacruceros - Cudeca Cancer Care Hospice<\/title>\n<meta name=\"robots\" content=\"index, follow, max-snippet:-1, max-image-preview:large, max-video-preview:-1\" \/>\n<link rel=\"canonical\" href=\"https:\/\/www.cudeca.org\/actualidad\/gran-exito-en-la-campana-solidaria-de-quehoteles-y-vayacruceros\/\" \/>\n<meta property=\"og:locale\" content=\"en_US\" \/>\n<meta property=\"og:type\" content=\"article\" \/>\n<meta property=\"og:title\" content=\"Great success in the Charity Campaign of Quehoteles and Vayacruceros - Cudeca Cancer Care Hospice\" \/>\n<meta property=\"og:description\" content=\"[vc_row][vc_column][vc_column_text]On Friday, 19 October, Vayacruceros.com and Quehoteles.com visited the Cudeca Cancer Care Hospice Centre for Palliative Care to deliver the funds raised in their charity campaign during the month of June in aid of Cudeca Hospice. The company Acci\u00f3n Viajes SL, through its main websites Vayacruceros.com and Quehoteles.com, organized a solidarity campaign during the month [&hellip;]\" \/>\n<meta property=\"og:url\" content=\"https:\/\/www.cudeca.org\/actualidad\/gran-exito-en-la-campana-solidaria-de-quehoteles-y-vayacruceros\/\" \/>\n<meta property=\"og:site_name\" content=\"Cudeca Cancer Care Hospice\" \/>\n<meta property=\"article:publisher\" content=\"https:\/\/www.facebook.com\/AmigosDeCudeca\" \/>\n<meta property=\"article:published_time\" content=\"2018-10-22T14:24:30+00:00\" \/>\n<meta property=\"article:modified_time\" content=\"2018-10-22T14:40:34+00:00\" \/>\n<meta property=\"og:image\" content=\"https:\/\/www.cudeca.org\/wp-content\/uploads\/2018\/10\/181019-QueHoteles-y-CUDECA-02-1024x683.jpg\" \/>\n\t<meta property=\"og:image:width\" content=\"1024\" \/>\n\t<meta property=\"og:image:height\" content=\"683\" \/>\n\t<meta property=\"og:image:type\" content=\"image\/jpeg\" \/>\n<meta name=\"author\" content=\"angel\" \/>\n<meta name=\"twitter:card\" content=\"summary_large_image\" \/>\n<meta name=\"twitter:creator\" content=\"@cudeca\" \/>\n<meta name=\"twitter:site\" content=\"@cudeca\" \/>\n<meta name=\"twitter:label1\" content=\"Written by\" \/>\n\t<meta name=\"twitter:data1\" content=\"angel\" \/>\n\t<meta name=\"twitter:label2\" content=\"Est. reading time\" \/>\n\t<meta name=\"twitter:data2\" content=\"3 minutes\" \/>\n<script type=\"application\/ld+json\" class=\"yoast-schema-graph\">{\"@context\":\"https:\/\/schema.org\",\"@graph\":[{\"@type\":\"Organization\",\"@id\":\"https:\/\/www.cudeca.org\/#organization\",\"name\":\"Fundaci\u00f3n Cudeca\",\"url\":\"https:\/\/www.cudeca.org\/\",\"sameAs\":[\"https:\/\/www.youtube.com\/c\/cudecamalaga\",\"https:\/\/www.facebook.com\/AmigosDeCudeca\",\"https:\/\/twitter.com\/cudeca\"],\"logo\":{\"@type\":\"ImageObject\",\"inLanguage\":\"en-US\",\"@id\":\"https:\/\/www.cudeca.org\/#\/schema\/logo\/image\/\",\"url\":\"https:\/\/www.cudeca.org\/wp-content\/uploads\/2018\/02\/cudeca-logo.png\",\"contentUrl\":\"https:\/\/www.cudeca.org\/wp-content\/uploads\/2018\/02\/cudeca-logo.png\",\"width\":2121,\"height\":984,\"caption\":\"Fundaci\u00f3n Cudeca\"},\"image\":{\"@id\":\"https:\/\/www.cudeca.org\/#\/schema\/logo\/image\/\"}},{\"@type\":\"WebSite\",\"@id\":\"https:\/\/www.cudeca.org\/#website\",\"url\":\"https:\/\/www.cudeca.org\/\",\"name\":\"Fundaci\u00f3n Cudeca\",\"description\":\"Cudeca Hospice\",\"publisher\":{\"@id\":\"https:\/\/www.cudeca.org\/#organization\"},\"potentialAction\":[{\"@type\":\"SearchAction\",\"target\":{\"@type\":\"EntryPoint\",\"urlTemplate\":\"https:\/\/www.cudeca.org\/?s={search_term_string}\"},\"query-input\":\"required name=search_term_string\"}],\"inLanguage\":\"en-US\"},{\"@type\":\"WebPage\",\"@id\":\"https:\/\/www.cudeca.org\/actualidad\/gran-exito-en-la-campana-solidaria-de-quehoteles-y-vayacruceros\/\",\"url\":\"https:\/\/www.cudeca.org\/actualidad\/gran-exito-en-la-campana-solidaria-de-quehoteles-y-vayacruceros\/\",\"name\":\"Great success in the Charity Campaign of Quehoteles and Vayacruceros - Cudeca Cancer Care Hospice\",\"isPartOf\":{\"@id\":\"https:\/\/www.cudeca.org\/#website\"},\"datePublished\":\"2018-10-22T14:24:30+00:00\",\"dateModified\":\"2018-10-22T14:40:34+00:00\",\"breadcrumb\":{\"@id\":\"https:\/\/www.cudeca.org\/actualidad\/gran-exito-en-la-campana-solidaria-de-quehoteles-y-vayacruceros\/#breadcrumb\"},\"inLanguage\":\"en-US\",\"potentialAction\":[{\"@type\":\"ReadAction\",\"target\":[\"https:\/\/www.cudeca.org\/actualidad\/gran-exito-en-la-campana-solidaria-de-quehoteles-y-vayacruceros\/\"]}]},{\"@type\":\"BreadcrumbList\",\"@id\":\"https:\/\/www.cudeca.org\/actualidad\/gran-exito-en-la-campana-solidaria-de-quehoteles-y-vayacruceros\/#breadcrumb\",\"itemListElement\":[{\"@type\":\"ListItem\",\"position\":1,\"name\":\"Portada\",\"item\":\"https:\/\/www.cudeca.org\/\"},{\"@type\":\"ListItem\",\"position\":2,\"name\":\"Gran \u00e9xito en la Campa\u00f1a Solidaria de Quehoteles y Vayacruceros\"}]},{\"@type\":\"Article\",\"@id\":\"https:\/\/www.cudeca.org\/actualidad\/gran-exito-en-la-campana-solidaria-de-quehoteles-y-vayacruceros\/#article\",\"isPartOf\":{\"@id\":\"https:\/\/www.cudeca.org\/actualidad\/gran-exito-en-la-campana-solidaria-de-quehoteles-y-vayacruceros\/\"},\"author\":{\"name\":\"angel\",\"@id\":\"https:\/\/www.cudeca.org\/#\/schema\/person\/320934aa099c37e69d4148721ba3e4be\"},\"headline\":\"Great success in the Charity Campaign of Quehoteles and Vayacruceros\",\"datePublished\":\"2018-10-22T14:24:30+00:00\",\"dateModified\":\"2018-10-22T14:40:34+00:00\",\"mainEntityOfPage\":{\"@id\":\"https:\/\/www.cudeca.org\/actualidad\/gran-exito-en-la-campana-solidaria-de-quehoteles-y-vayacruceros\/\"},\"wordCount\":581,\"commentCount\":0,\"publisher\":{\"@id\":\"https:\/\/www.cudeca.org\/#organization\"},\"articleSection\":[\"\"],\"inLanguage\":\"en-US\",\"potentialAction\":[{\"@type\":\"CommentAction\",\"name\":\"Comment\",\"target\":[\"https:\/\/www.cudeca.org\/actualidad\/gran-exito-en-la-campana-solidaria-de-quehoteles-y-vayacruceros\/#respond\"]}]},{\"@type\":\"Person\",\"@id\":\"https:\/\/www.cudeca.org\/#\/schema\/person\/320934aa099c37e69d4148721ba3e4be\",\"name\":\"angel\",\"image\":{\"@type\":\"ImageObject\",\"inLanguage\":\"en-US\",\"@id\":\"https:\/\/www.cudeca.org\/#\/schema\/person\/image\/\",\"url\":\"https:\/\/secure.gravatar.com\/avatar\/91b6f0e62d069005f36feb58e1ffda2c?s=96&d=mm&r=g\",\"contentUrl\":\"https:\/\/secure.gravatar.com\/avatar\/91b6f0e62d069005f36feb58e1ffda2c?s=96&d=mm&r=g\",\"caption\":\"angel\"}}]}<\/script>\n<!-- \/ Yoast SEO plugin. -->","yoast_head_json":{"title":"Great success in the Charity Campaign of Quehoteles and Vayacruceros - Cudeca Cancer Care Hospice","robots":{"index":"index","follow":"follow","max-snippet":"max-snippet:-1","max-image-preview":"max-image-preview:large","max-video-preview":"max-video-preview:-1"},"canonical":"https:\/\/www.cudeca.org\/actualidad\/gran-exito-en-la-campana-solidaria-de-quehoteles-y-vayacruceros\/","og_locale":"en_US","og_type":"article","og_title":"Great success in the Charity Campaign of Quehoteles and Vayacruceros - Cudeca Cancer Care Hospice","og_description":"[vc_row][vc_column][vc_column_text]On Friday, 19 October, Vayacruceros.com and Quehoteles.com visited the Cudeca Cancer Care Hospice Centre for Palliative Care to deliver the funds raised in their charity campaign during the month of June in aid of Cudeca Hospice. The company Acci\u00f3n Viajes SL, through its main websites Vayacruceros.com and Quehoteles.com, organized a solidarity campaign during the month [&hellip;]","og_url":"https:\/\/www.cudeca.org\/actualidad\/gran-exito-en-la-campana-solidaria-de-quehoteles-y-vayacruceros\/","og_site_name":"Cudeca Cancer Care Hospice","article_publisher":"https:\/\/www.facebook.com\/AmigosDeCudeca","article_published_time":"2018-10-22T14:24:30+00:00","article_modified_time":"2018-10-22T14:40:34+00:00","og_image":[{"width":1024,"height":683,"url":"https:\/\/www.cudeca.org\/wp-content\/uploads\/2018\/10\/181019-QueHoteles-y-CUDECA-02-1024x683.jpg","type":"image\/jpeg"}],"author":"angel","twitter_card":"summary_large_image","twitter_creator":"@cudeca","twitter_site":"@cudeca","twitter_misc":{"Written by":"angel","Est. reading time":"3 minutes"},"schema":{"@context":"https:\/\/schema.org","@graph":[{"@type":"Organization","@id":"https:\/\/www.cudeca.org\/#organization","name":"Fundaci\u00f3n Cudeca","url":"https:\/\/www.cudeca.org\/","sameAs":["https:\/\/www.youtube.com\/c\/cudecamalaga","https:\/\/www.facebook.com\/AmigosDeCudeca","https:\/\/twitter.com\/cudeca"],"logo":{"@type":"ImageObject","inLanguage":"en-US","@id":"https:\/\/www.cudeca.org\/#\/schema\/logo\/image\/","url":"https:\/\/www.cudeca.org\/wp-content\/uploads\/2018\/02\/cudeca-logo.png","contentUrl":"https:\/\/www.cudeca.org\/wp-content\/uploads\/2018\/02\/cudeca-logo.png","width":2121,"height":984,"caption":"Fundaci\u00f3n Cudeca"},"image":{"@id":"https:\/\/www.cudeca.org\/#\/schema\/logo\/image\/"}},{"@type":"WebSite","@id":"https:\/\/www.cudeca.org\/#website","url":"https:\/\/www.cudeca.org\/","name":"Fundaci\u00f3n Cudeca","description":"Cudeca Hospice","publisher":{"@id":"https:\/\/www.cudeca.org\/#organization"},"potentialAction":[{"@type":"SearchAction","target":{"@type":"EntryPoint","urlTemplate":"https:\/\/www.cudeca.org\/?s={search_term_string}"},"query-input":"required name=search_term_string"}],"inLanguage":"en-US"},{"@type":"WebPage","@id":"https:\/\/www.cudeca.org\/actualidad\/gran-exito-en-la-campana-solidaria-de-quehoteles-y-vayacruceros\/","url":"https:\/\/www.cudeca.org\/actualidad\/gran-exito-en-la-campana-solidaria-de-quehoteles-y-vayacruceros\/","name":"Great success in the Charity Campaign of Quehoteles and Vayacruceros - Cudeca Cancer Care Hospice","isPartOf":{"@id":"https:\/\/www.cudeca.org\/#website"},"datePublished":"2018-10-22T14:24:30+00:00","dateModified":"2018-10-22T14:40:34+00:00","breadcrumb":{"@id":"https:\/\/www.cudeca.org\/actualidad\/gran-exito-en-la-campana-solidaria-de-quehoteles-y-vayacruceros\/#breadcrumb"},"inLanguage":"en-US","potentialAction":[{"@type":"ReadAction","target":["https:\/\/www.cudeca.org\/actualidad\/gran-exito-en-la-campana-solidaria-de-quehoteles-y-vayacruceros\/"]}]},{"@type":"BreadcrumbList","@id":"https:\/\/www.cudeca.org\/actualidad\/gran-exito-en-la-campana-solidaria-de-quehoteles-y-vayacruceros\/#breadcrumb","itemListElement":[{"@type":"ListItem","position":1,"name":"Portada","item":"https:\/\/www.cudeca.org\/"},{"@type":"ListItem","position":2,"name":"Gran \u00e9xito en la Campa\u00f1a Solidaria de Quehoteles y Vayacruceros"}]},{"@type":"Article","@id":"https:\/\/www.cudeca.org\/actualidad\/gran-exito-en-la-campana-solidaria-de-quehoteles-y-vayacruceros\/#article","isPartOf":{"@id":"https:\/\/www.cudeca.org\/actualidad\/gran-exito-en-la-campana-solidaria-de-quehoteles-y-vayacruceros\/"},"author":{"name":"angel","@id":"https:\/\/www.cudeca.org\/#\/schema\/person\/320934aa099c37e69d4148721ba3e4be"},"headline":"Great success in the Charity Campaign of Quehoteles and Vayacruceros","datePublished":"2018-10-22T14:24:30+00:00","dateModified":"2018-10-22T14:40:34+00:00","mainEntityOfPage":{"@id":"https:\/\/www.cudeca.org\/actualidad\/gran-exito-en-la-campana-solidaria-de-quehoteles-y-vayacruceros\/"},"wordCount":581,"commentCount":0,"publisher":{"@id":"https:\/\/www.cudeca.org\/#organization"},"articleSection":[""],"inLanguage":"en-US","potentialAction":[{"@type":"CommentAction","name":"Comment","target":["https:\/\/www.cudeca.org\/actualidad\/gran-exito-en-la-campana-solidaria-de-quehoteles-y-vayacruceros\/#respond"]}]},{"@type":"Person","@id":"https:\/\/www.cudeca.org\/#\/schema\/person\/320934aa099c37e69d4148721ba3e4be","name":"angel","image":{"@type":"ImageObject","inLanguage":"en-US","@id":"https:\/\/www.cudeca.org\/#\/schema\/person\/image\/","url":"https:\/\/secure.gravatar.com\/avatar\/91b6f0e62d069005f36feb58e1ffda2c?s=96&d=mm&r=g","contentUrl":"https:\/\/secure.gravatar.com\/avatar\/91b6f0e62d069005f36feb58e1ffda2c?s=96&d=mm&r=g","caption":"angel"}}]}},"_links":{"self":[{"href":"https:\/\/www.cudeca.org\/en\/wp-json\/wp\/v2\/posts\/18683"}],"collection":[{"href":"https:\/\/www.cudeca.org\/en\/wp-json\/wp\/v2\/posts"}],"about":[{"href":"https:\/\/www.cudeca.org\/en\/wp-json\/wp\/v2\/types\/post"}],"author":[{"embeddable":true,"href":"https:\/\/www.cudeca.org\/en\/wp-json\/wp\/v2\/users\/2"}],"replies":[{"embeddable":true,"href":"https:\/\/www.cudeca.org\/en\/wp-json\/wp\/v2\/comments?post=18683"}],"version-history":[{"count":2,"href":"https:\/\/www.cudeca.org\/en\/wp-json\/wp\/v2\/posts\/18683\/revisions"}],"predecessor-version":[{"id":18690,"href":"https:\/\/www.cudeca.org\/en\/wp-json\/wp\/v2\/posts\/18683\/revisions\/18690"}],"wp:featuredmedia":[{"embeddable":true,"href":"https:\/\/www.cudeca.org\/en\/wp-json\/wp\/v2\/media\/18684"}],"wp:attachment":[{"href":"https:\/\/www.cudeca.org\/en\/wp-json\/wp\/v2\/media?parent=18683"}],"wp:term":[{"taxonomy":"category","embeddable":true,"href":"https:\/\/www.cudeca.org\/en\/wp-json\/wp\/v2\/categories?post=18683"},{"taxonomy":"post_tag","embeddable":true,"href":"https:\/\/www.cudeca.org\/en\/wp-json\/wp\/v2\/tags?post=18683"}],"curies":[{"name":"wp","href":"https:\/\/api.w.org\/{rel}","templated":true}]}}