{"id":18680,"date":"2018-10-22T14:01:05","date_gmt":"2018-10-22T14:01:05","guid":{"rendered":"https:\/\/www.cudeca.org\/?p=18680"},"modified":"2018-10-22T14:12:50","modified_gmt":"2018-10-22T14:12:50","slug":"entrega-de-los-fondos-recaudados-en-el-ii-recital-lirico-una-notte-a-napoli","status":"publish","type":"post","link":"https:\/\/www.cudeca.org\/en\/actualidad\/ii-lyric-recital-una-notte-a-napoli\/","title":{"rendered":"II Lyric Recital &#8220;Una Notte a Napoli&#8221;"},"content":{"rendered":"<div class=\"wpb-content-wrapper\"><p>[vc_row][vc_column][vc_column_text]Today, October 22nd, we have received the funds raised in the <strong>II Lyric Recital &#8220;Una Notte a Napoli&#8221; in aid of CUDECA Hospice and Patronato Hogar de Nuestra Se\u00f1ora de los \u00c1ngeles.<\/strong><\/p>\n<p>The II Lyric Recital &#8220;Una Notte a Napoli&#8221; was held last June 30th at the Unicaja Foundation Concert Hall Maria Cristina and featured the charity performance of tenor Rodrigo Orrego, pianist Jos\u00e9 Santofimia and dancer Roc\u00edo Schmitt.<\/p>\n<p>Marisa Mart\u00edn, Chief Executive and medical Director, received a symbolic cheque with the funds raised at the hands of Antonio Ben\u00edtez, President of the Organization Committee of the II Lyric Recital, at the CUDECA centre where Rodrigo Orrego has given a very special performance for the the ones present at the act.<\/p>\n<p>The II Lyric Recital was organized by the &#8220;Fernando Mart\u00edn Pinto&#8221; Organizing Committee and had the collaboration of Deportes 92 Buceo Malaga, Vinos y Eventos, R\u00f3tulos Jes\u00fas Carrasco, Restaurante Bodega Bar El Pimpi, InmArcesible, Fundaci\u00f3n Unicaja, Osteo Device S.L., OTS Clinics, Juanmi -Dise\u00f1o- and Floristeria Terracota -El manojo de rosas.[\/vc_column_text][\/vc_column][\/vc_row]<\/p>\n<\/div>","protected":false},"excerpt":{"rendered":"<p>[vc_row][vc_column][vc_column_text]Today, October 22nd, we have received the funds raised in the II Lyric Recital &#8220;Una Notte a Napoli&#8221; in aid of CUDECA Hospice and Patronato Hogar de Nuestra Se\u00f1ora de los \u00c1ngeles. The II Lyric Recital &#8220;Una Notte a Napoli&#8221; was held last June 30th at the Unicaja Foundation Concert Hall Maria Cristina and featured [&hellip;]<\/p>\n","protected":false},"author":2,"featured_media":18681,"comment_status":"open","ping_status":"open","sticky":false,"template":"","format":"standard","meta":[],"categories":[15],"tags":[],"yoast_head":"<!-- This site is optimized with the Yoast SEO plugin v19.4 - https:\/\/yoast.com\/wordpress\/plugins\/seo\/ -->\n<title>II Lyric Recital &quot;Una Notte a Napoli&quot; - Cudeca Cancer Care Hospice<\/title>\n<meta name=\"robots\" content=\"index, follow, max-snippet:-1, max-image-preview:large, max-video-preview:-1\" \/>\n<link rel=\"canonical\" href=\"https:\/\/www.cudeca.org\/actualidad\/entrega-de-los-fondos-recaudados-en-el-ii-recital-lirico-una-notte-a-napoli\/\" \/>\n<meta property=\"og:locale\" content=\"en_US\" \/>\n<meta property=\"og:type\" content=\"article\" \/>\n<meta property=\"og:title\" content=\"II Lyric Recital &quot;Una Notte a Napoli&quot; - Cudeca Cancer Care Hospice\" \/>\n<meta property=\"og:description\" content=\"[vc_row][vc_column][vc_column_text]Today, October 22nd, we have received the funds raised in the II Lyric Recital &#8220;Una Notte a Napoli&#8221; in aid of CUDECA Hospice and Patronato Hogar de Nuestra Se\u00f1ora de los \u00c1ngeles. The II Lyric Recital &#8220;Una Notte a Napoli&#8221; was held last June 30th at the Unicaja Foundation Concert Hall Maria Cristina and featured [&hellip;]\" \/>\n<meta property=\"og:url\" content=\"https:\/\/www.cudeca.org\/actualidad\/entrega-de-los-fondos-recaudados-en-el-ii-recital-lirico-una-notte-a-napoli\/\" \/>\n<meta property=\"og:site_name\" content=\"Cudeca Cancer Care Hospice\" \/>\n<meta property=\"article:publisher\" content=\"https:\/\/www.facebook.com\/AmigosDeCudeca\" \/>\n<meta property=\"article:published_time\" content=\"2018-10-22T14:01:05+00:00\" \/>\n<meta property=\"article:modified_time\" content=\"2018-10-22T14:12:50+00:00\" \/>\n<meta property=\"og:image\" content=\"https:\/\/www.cudeca.org\/wp-content\/uploads\/2018\/10\/181022_Concierto-Rodrigo-Orrego-CUDECA-1024x768.jpg\" \/>\n\t<meta property=\"og:image:width\" content=\"1024\" \/>\n\t<meta property=\"og:image:height\" content=\"768\" \/>\n\t<meta property=\"og:image:type\" content=\"image\/jpeg\" \/>\n<meta name=\"author\" content=\"angel\" \/>\n<meta name=\"twitter:card\" content=\"summary_large_image\" \/>\n<meta name=\"twitter:creator\" content=\"@cudeca\" \/>\n<meta name=\"twitter:site\" content=\"@cudeca\" \/>\n<meta name=\"twitter:label1\" content=\"Written by\" \/>\n\t<meta name=\"twitter:data1\" content=\"angel\" \/>\n\t<meta name=\"twitter:label2\" content=\"Est. reading time\" \/>\n\t<meta name=\"twitter:data2\" content=\"2 minutes\" \/>\n<script type=\"application\/ld+json\" class=\"yoast-schema-graph\">{\"@context\":\"https:\/\/schema.org\",\"@graph\":[{\"@type\":\"Organization\",\"@id\":\"https:\/\/www.cudeca.org\/#organization\",\"name\":\"Fundaci\u00f3n Cudeca\",\"url\":\"https:\/\/www.cudeca.org\/\",\"sameAs\":[\"https:\/\/www.youtube.com\/c\/cudecamalaga\",\"https:\/\/www.facebook.com\/AmigosDeCudeca\",\"https:\/\/twitter.com\/cudeca\"],\"logo\":{\"@type\":\"ImageObject\",\"inLanguage\":\"en-US\",\"@id\":\"https:\/\/www.cudeca.org\/#\/schema\/logo\/image\/\",\"url\":\"https:\/\/www.cudeca.org\/wp-content\/uploads\/2018\/02\/cudeca-logo.png\",\"contentUrl\":\"https:\/\/www.cudeca.org\/wp-content\/uploads\/2018\/02\/cudeca-logo.png\",\"width\":2121,\"height\":984,\"caption\":\"Fundaci\u00f3n Cudeca\"},\"image\":{\"@id\":\"https:\/\/www.cudeca.org\/#\/schema\/logo\/image\/\"}},{\"@type\":\"WebSite\",\"@id\":\"https:\/\/www.cudeca.org\/#website\",\"url\":\"https:\/\/www.cudeca.org\/\",\"name\":\"Fundaci\u00f3n Cudeca\",\"description\":\"Cudeca Hospice\",\"publisher\":{\"@id\":\"https:\/\/www.cudeca.org\/#organization\"},\"potentialAction\":[{\"@type\":\"SearchAction\",\"target\":{\"@type\":\"EntryPoint\",\"urlTemplate\":\"https:\/\/www.cudeca.org\/?s={search_term_string}\"},\"query-input\":\"required name=search_term_string\"}],\"inLanguage\":\"en-US\"},{\"@type\":\"WebPage\",\"@id\":\"https:\/\/www.cudeca.org\/actualidad\/entrega-de-los-fondos-recaudados-en-el-ii-recital-lirico-una-notte-a-napoli\/\",\"url\":\"https:\/\/www.cudeca.org\/actualidad\/entrega-de-los-fondos-recaudados-en-el-ii-recital-lirico-una-notte-a-napoli\/\",\"name\":\"II Lyric Recital \\\"Una Notte a Napoli\\\" - Cudeca Cancer Care Hospice\",\"isPartOf\":{\"@id\":\"https:\/\/www.cudeca.org\/#website\"},\"datePublished\":\"2018-10-22T14:01:05+00:00\",\"dateModified\":\"2018-10-22T14:12:50+00:00\",\"breadcrumb\":{\"@id\":\"https:\/\/www.cudeca.org\/actualidad\/entrega-de-los-fondos-recaudados-en-el-ii-recital-lirico-una-notte-a-napoli\/#breadcrumb\"},\"inLanguage\":\"en-US\",\"potentialAction\":[{\"@type\":\"ReadAction\",\"target\":[\"https:\/\/www.cudeca.org\/actualidad\/entrega-de-los-fondos-recaudados-en-el-ii-recital-lirico-una-notte-a-napoli\/\"]}]},{\"@type\":\"BreadcrumbList\",\"@id\":\"https:\/\/www.cudeca.org\/actualidad\/entrega-de-los-fondos-recaudados-en-el-ii-recital-lirico-una-notte-a-napoli\/#breadcrumb\",\"itemListElement\":[{\"@type\":\"ListItem\",\"position\":1,\"name\":\"Portada\",\"item\":\"https:\/\/www.cudeca.org\/\"},{\"@type\":\"ListItem\",\"position\":2,\"name\":\"Entrega de los fondos recaudados en el II recital L\u00edrico \u00abUna Notte a Napoli\u00bb\"}]},{\"@type\":\"Article\",\"@id\":\"https:\/\/www.cudeca.org\/actualidad\/entrega-de-los-fondos-recaudados-en-el-ii-recital-lirico-una-notte-a-napoli\/#article\",\"isPartOf\":{\"@id\":\"https:\/\/www.cudeca.org\/actualidad\/entrega-de-los-fondos-recaudados-en-el-ii-recital-lirico-una-notte-a-napoli\/\"},\"author\":{\"name\":\"angel\",\"@id\":\"https:\/\/www.cudeca.org\/#\/schema\/person\/320934aa099c37e69d4148721ba3e4be\"},\"headline\":\"II Lyric Recital &#8220;Una Notte a Napoli&#8221;\",\"datePublished\":\"2018-10-22T14:01:05+00:00\",\"dateModified\":\"2018-10-22T14:12:50+00:00\",\"mainEntityOfPage\":{\"@id\":\"https:\/\/www.cudeca.org\/actualidad\/entrega-de-los-fondos-recaudados-en-el-ii-recital-lirico-una-notte-a-napoli\/\"},\"wordCount\":421,\"commentCount\":0,\"publisher\":{\"@id\":\"https:\/\/www.cudeca.org\/#organization\"},\"articleSection\":[\"\"],\"inLanguage\":\"en-US\",\"potentialAction\":[{\"@type\":\"CommentAction\",\"name\":\"Comment\",\"target\":[\"https:\/\/www.cudeca.org\/actualidad\/entrega-de-los-fondos-recaudados-en-el-ii-recital-lirico-una-notte-a-napoli\/#respond\"]}]},{\"@type\":\"Person\",\"@id\":\"https:\/\/www.cudeca.org\/#\/schema\/person\/320934aa099c37e69d4148721ba3e4be\",\"name\":\"angel\",\"image\":{\"@type\":\"ImageObject\",\"inLanguage\":\"en-US\",\"@id\":\"https:\/\/www.cudeca.org\/#\/schema\/person\/image\/\",\"url\":\"https:\/\/secure.gravatar.com\/avatar\/91b6f0e62d069005f36feb58e1ffda2c?s=96&d=mm&r=g\",\"contentUrl\":\"https:\/\/secure.gravatar.com\/avatar\/91b6f0e62d069005f36feb58e1ffda2c?s=96&d=mm&r=g\",\"caption\":\"angel\"}}]}<\/script>\n<!-- \/ Yoast SEO plugin. -->","yoast_head_json":{"title":"II Lyric Recital \"Una Notte a Napoli\" - Cudeca Cancer Care Hospice","robots":{"index":"index","follow":"follow","max-snippet":"max-snippet:-1","max-image-preview":"max-image-preview:large","max-video-preview":"max-video-preview:-1"},"canonical":"https:\/\/www.cudeca.org\/actualidad\/entrega-de-los-fondos-recaudados-en-el-ii-recital-lirico-una-notte-a-napoli\/","og_locale":"en_US","og_type":"article","og_title":"II Lyric Recital \"Una Notte a Napoli\" - Cudeca Cancer Care Hospice","og_description":"[vc_row][vc_column][vc_column_text]Today, October 22nd, we have received the funds raised in the II Lyric Recital &#8220;Una Notte a Napoli&#8221; in aid of CUDECA Hospice and Patronato Hogar de Nuestra Se\u00f1ora de los \u00c1ngeles. The II Lyric Recital &#8220;Una Notte a Napoli&#8221; was held last June 30th at the Unicaja Foundation Concert Hall Maria Cristina and featured [&hellip;]","og_url":"https:\/\/www.cudeca.org\/actualidad\/entrega-de-los-fondos-recaudados-en-el-ii-recital-lirico-una-notte-a-napoli\/","og_site_name":"Cudeca Cancer Care Hospice","article_publisher":"https:\/\/www.facebook.com\/AmigosDeCudeca","article_published_time":"2018-10-22T14:01:05+00:00","article_modified_time":"2018-10-22T14:12:50+00:00","og_image":[{"width":1024,"height":768,"url":"https:\/\/www.cudeca.org\/wp-content\/uploads\/2018\/10\/181022_Concierto-Rodrigo-Orrego-CUDECA-1024x768.jpg","type":"image\/jpeg"}],"author":"angel","twitter_card":"summary_large_image","twitter_creator":"@cudeca","twitter_site":"@cudeca","twitter_misc":{"Written by":"angel","Est. reading time":"2 minutes"},"schema":{"@context":"https:\/\/schema.org","@graph":[{"@type":"Organization","@id":"https:\/\/www.cudeca.org\/#organization","name":"Fundaci\u00f3n Cudeca","url":"https:\/\/www.cudeca.org\/","sameAs":["https:\/\/www.youtube.com\/c\/cudecamalaga","https:\/\/www.facebook.com\/AmigosDeCudeca","https:\/\/twitter.com\/cudeca"],"logo":{"@type":"ImageObject","inLanguage":"en-US","@id":"https:\/\/www.cudeca.org\/#\/schema\/logo\/image\/","url":"https:\/\/www.cudeca.org\/wp-content\/uploads\/2018\/02\/cudeca-logo.png","contentUrl":"https:\/\/www.cudeca.org\/wp-content\/uploads\/2018\/02\/cudeca-logo.png","width":2121,"height":984,"caption":"Fundaci\u00f3n Cudeca"},"image":{"@id":"https:\/\/www.cudeca.org\/#\/schema\/logo\/image\/"}},{"@type":"WebSite","@id":"https:\/\/www.cudeca.org\/#website","url":"https:\/\/www.cudeca.org\/","name":"Fundaci\u00f3n Cudeca","description":"Cudeca Hospice","publisher":{"@id":"https:\/\/www.cudeca.org\/#organization"},"potentialAction":[{"@type":"SearchAction","target":{"@type":"EntryPoint","urlTemplate":"https:\/\/www.cudeca.org\/?s={search_term_string}"},"query-input":"required name=search_term_string"}],"inLanguage":"en-US"},{"@type":"WebPage","@id":"https:\/\/www.cudeca.org\/actualidad\/entrega-de-los-fondos-recaudados-en-el-ii-recital-lirico-una-notte-a-napoli\/","url":"https:\/\/www.cudeca.org\/actualidad\/entrega-de-los-fondos-recaudados-en-el-ii-recital-lirico-una-notte-a-napoli\/","name":"II Lyric Recital \"Una Notte a Napoli\" - Cudeca Cancer Care Hospice","isPartOf":{"@id":"https:\/\/www.cudeca.org\/#website"},"datePublished":"2018-10-22T14:01:05+00:00","dateModified":"2018-10-22T14:12:50+00:00","breadcrumb":{"@id":"https:\/\/www.cudeca.org\/actualidad\/entrega-de-los-fondos-recaudados-en-el-ii-recital-lirico-una-notte-a-napoli\/#breadcrumb"},"inLanguage":"en-US","potentialAction":[{"@type":"ReadAction","target":["https:\/\/www.cudeca.org\/actualidad\/entrega-de-los-fondos-recaudados-en-el-ii-recital-lirico-una-notte-a-napoli\/"]}]},{"@type":"BreadcrumbList","@id":"https:\/\/www.cudeca.org\/actualidad\/entrega-de-los-fondos-recaudados-en-el-ii-recital-lirico-una-notte-a-napoli\/#breadcrumb","itemListElement":[{"@type":"ListItem","position":1,"name":"Portada","item":"https:\/\/www.cudeca.org\/"},{"@type":"ListItem","position":2,"name":"Entrega de los fondos recaudados en el II recital L\u00edrico \u00abUna Notte a Napoli\u00bb"}]},{"@type":"Article","@id":"https:\/\/www.cudeca.org\/actualidad\/entrega-de-los-fondos-recaudados-en-el-ii-recital-lirico-una-notte-a-napoli\/#article","isPartOf":{"@id":"https:\/\/www.cudeca.org\/actualidad\/entrega-de-los-fondos-recaudados-en-el-ii-recital-lirico-una-notte-a-napoli\/"},"author":{"name":"angel","@id":"https:\/\/www.cudeca.org\/#\/schema\/person\/320934aa099c37e69d4148721ba3e4be"},"headline":"II Lyric Recital &#8220;Una Notte a Napoli&#8221;","datePublished":"2018-10-22T14:01:05+00:00","dateModified":"2018-10-22T14:12:50+00:00","mainEntityOfPage":{"@id":"https:\/\/www.cudeca.org\/actualidad\/entrega-de-los-fondos-recaudados-en-el-ii-recital-lirico-una-notte-a-napoli\/"},"wordCount":421,"commentCount":0,"publisher":{"@id":"https:\/\/www.cudeca.org\/#organization"},"articleSection":[""],"inLanguage":"en-US","potentialAction":[{"@type":"CommentAction","name":"Comment","target":["https:\/\/www.cudeca.org\/actualidad\/entrega-de-los-fondos-recaudados-en-el-ii-recital-lirico-una-notte-a-napoli\/#respond"]}]},{"@type":"Person","@id":"https:\/\/www.cudeca.org\/#\/schema\/person\/320934aa099c37e69d4148721ba3e4be","name":"angel","image":{"@type":"ImageObject","inLanguage":"en-US","@id":"https:\/\/www.cudeca.org\/#\/schema\/person\/image\/","url":"https:\/\/secure.gravatar.com\/avatar\/91b6f0e62d069005f36feb58e1ffda2c?s=96&d=mm&r=g","contentUrl":"https:\/\/secure.gravatar.com\/avatar\/91b6f0e62d069005f36feb58e1ffda2c?s=96&d=mm&r=g","caption":"angel"}}]}},"_links":{"self":[{"href":"https:\/\/www.cudeca.org\/en\/wp-json\/wp\/v2\/posts\/18680"}],"collection":[{"href":"https:\/\/www.cudeca.org\/en\/wp-json\/wp\/v2\/posts"}],"about":[{"href":"https:\/\/www.cudeca.org\/en\/wp-json\/wp\/v2\/types\/post"}],"author":[{"embeddable":true,"href":"https:\/\/www.cudeca.org\/en\/wp-json\/wp\/v2\/users\/2"}],"replies":[{"embeddable":true,"href":"https:\/\/www.cudeca.org\/en\/wp-json\/wp\/v2\/comments?post=18680"}],"version-history":[{"count":1,"href":"https:\/\/www.cudeca.org\/en\/wp-json\/wp\/v2\/posts\/18680\/revisions"}],"predecessor-version":[{"id":18682,"href":"https:\/\/www.cudeca.org\/en\/wp-json\/wp\/v2\/posts\/18680\/revisions\/18682"}],"wp:featuredmedia":[{"embeddable":true,"href":"https:\/\/www.cudeca.org\/en\/wp-json\/wp\/v2\/media\/18681"}],"wp:attachment":[{"href":"https:\/\/www.cudeca.org\/en\/wp-json\/wp\/v2\/media?parent=18680"}],"wp:term":[{"taxonomy":"category","embeddable":true,"href":"https:\/\/www.cudeca.org\/en\/wp-json\/wp\/v2\/categories?post=18680"},{"taxonomy":"post_tag","embeddable":true,"href":"https:\/\/www.cudeca.org\/en\/wp-json\/wp\/v2\/tags?post=18680"}],"curies":[{"name":"wp","href":"https:\/\/api.w.org\/{rel}","templated":true}]}}