{"id":18632,"date":"2018-10-09T17:25:25","date_gmt":"2018-10-09T17:25:25","guid":{"rendered":"https:\/\/www.cudeca.org\/en\/?p=18632"},"modified":"2018-10-09T17:36:57","modified_gmt":"2018-10-09T17:36:57","slug":"emociones-a-flor-de-piel-en-el-iii-memorial-paco-carvajal","status":"publish","type":"post","link":"https:\/\/www.cudeca.org\/en\/actualidad\/emociones-a-flor-de-piel-en-el-iii-memorial-paco-carvajal\/","title":{"rendered":"Emotions to surface at the III Paco Carvajal Memorial for CUDECA"},"content":{"rendered":"<p><strong>On Saturday 15 September, for the third consecutive year, the III Paco Carvajal Memorial was held in the Francisco Mu\u00f1oz Perez Football Stadium in Estepona to help us.<\/strong><\/p>\n<p>&nbsp;<\/p>\n<p>The match and the closing ceremony were attended by the mayor of Estepona, <strong>Jos\u00e9 Mar\u00eda Garc\u00eda Urbano<\/strong>, and the Deputy Mayor, <strong>Ana M\u00aa Velasco Garrido<\/strong>, on behalf of the Estepona Town Hall; the head of the Local Police of Estepona, <strong>Alfredo Torres Rojas<\/strong>, the son of the remembered Paco Carvajal, <strong>Andr\u00e9s Carvajal<\/strong>, with his family, mother and sister were also present; as well as the <strong>president of the Real Betis Veterans Association<\/strong> and the <strong>president of the Association of Former Football Players of Malaga<\/strong>.<\/p>\n<p>&nbsp;<\/p>\n<p>In this third edition of the Paco Carvajal Memorial, a friendly triangular was held between the <strong>Real Betis de Veteranos, the M\u00e1laga C.F. Veteranos and the C.D. Estepona Veteranos<\/strong> joining forces and illusion to share with their fans this memorial by the figure of the beloved Paco Carvajal, emblematic personality of Estepona and its football. For his part, Andr\u00e9s Carvajal, organizer of the memorial, as well as player and son of the remembered Paco Carvajal, expressed his gratitude before &#8220;so many emotions together: sadness, on the one hand, and pride, on the other, since, at the same time, I am making happy all the ex-partners of my father to gather up again and, also, to collaborate with the cause of the Cudeca Hospice&#8221;. The anecdote of the day went to the winner of the raffle for the Iberian ham and two bottles of wine donated by Mercadona Supermercados, the driver of the Real Betis de Veteranos, a moment of celebration and congratulations from all those gathered there.<\/p>\n<p><img loading=\"lazy\" class=\"alignnone size-medium wp-image-18635\" src=\"https:\/\/www.cudeca.org\/wp-content\/uploads\/2018\/10\/WhatsApp-Image-2018-09-21-at-12.35.26-300x200.jpeg\" alt=\"\" width=\"300\" height=\"200\" srcset=\"https:\/\/www.cudeca.org\/wp-content\/uploads\/2018\/10\/WhatsApp-Image-2018-09-21-at-12.35.26-300x200.jpeg 300w, https:\/\/www.cudeca.org\/wp-content\/uploads\/2018\/10\/WhatsApp-Image-2018-09-21-at-12.35.26-768x511.jpeg 768w, https:\/\/www.cudeca.org\/wp-content\/uploads\/2018\/10\/WhatsApp-Image-2018-09-21-at-12.35.26.jpeg 1024w\" sizes=\"(max-width: 300px) 85vw, 300px\" \/><img loading=\"lazy\" class=\"alignnone size-medium wp-image-18634\" src=\"https:\/\/www.cudeca.org\/wp-content\/uploads\/2018\/10\/WhatsApp-Image-2018-09-21-at-12.35.12-300x200.jpeg\" alt=\"\" width=\"300\" height=\"200\" srcset=\"https:\/\/www.cudeca.org\/wp-content\/uploads\/2018\/10\/WhatsApp-Image-2018-09-21-at-12.35.12-300x200.jpeg 300w, https:\/\/www.cudeca.org\/wp-content\/uploads\/2018\/10\/WhatsApp-Image-2018-09-21-at-12.35.12-768x511.jpeg 768w, https:\/\/www.cudeca.org\/wp-content\/uploads\/2018\/10\/WhatsApp-Image-2018-09-21-at-12.35.12.jpeg 1024w\" sizes=\"(max-width: 300px) 85vw, 300px\" \/><\/p>\n<p>&nbsp;<\/p>\n<p>&nbsp;<\/p>\n<p>Thanks to the assistants and our volunteers, it was made possible to raise more than 362\u20ac which will be destined entirely to the care of patients.<\/p>\n<p>&nbsp;<\/p>\n<p>A special mention and thanks for the participation of all attendees and the City of Estepona to this charity event to support the cause of the Cudeca Foundation, as well as the collaboration of companies such as <strong>M\u00e1rmoles y Granitos Estepona, BP Los Reales, BP R\u00edo Padr\u00f3n, Nissan Concesol, Bar Macarena, Uniformes Estepona, Gentle maintenance and cleaning, La pepa Centro, Carrefour Estepona, Almac\u00e9nd e M\u00e1rmoles y granitos Valtidasa, Carpinter\u00eda Caravaca, Recreativos Jubelmar, Le Sud Copas Marbella, Costasol Deluxe transport, Peugeot L\u00f3pez Cano Talleres, Cinemaluxury, Construcciones Altapa, Renault Rombosol, Wood World Design, Carnicer\u00eda Sergio and Carpinter\u00eda M. L\u00f3pez Aguilar.<\/strong><\/p>","protected":false},"excerpt":{"rendered":"<p>On Saturday 15 September, for the third consecutive year, the III Paco Carvajal Memorial was held in the Francisco Mu\u00f1oz Perez Football Stadium in Estepona to help us. &nbsp; The match and the closing ceremony were attended by the mayor of Estepona, Jos\u00e9 Mar\u00eda Garc\u00eda Urbano, and the Deputy Mayor, Ana M\u00aa Velasco Garrido, on [&hellip;]<\/p>\n","protected":false},"author":6,"featured_media":18633,"comment_status":"open","ping_status":"open","sticky":false,"template":"","format":"standard","meta":[],"categories":[15],"tags":[],"yoast_head":"<!-- This site is optimized with the Yoast SEO plugin v19.4 - https:\/\/yoast.com\/wordpress\/plugins\/seo\/ -->\n<title>Emotions to surface at the III Paco Carvajal Memorial for CUDECA - Cudeca Cancer Care Hospice<\/title>\n<meta name=\"robots\" content=\"index, follow, max-snippet:-1, max-image-preview:large, max-video-preview:-1\" \/>\n<link rel=\"canonical\" href=\"https:\/\/www.cudeca.org\/actualidad\/emociones-a-flor-de-piel-en-el-iii-memorial-paco-carvajal\/\" \/>\n<meta property=\"og:locale\" content=\"en_US\" \/>\n<meta property=\"og:type\" content=\"article\" \/>\n<meta property=\"og:title\" content=\"Emotions to surface at the III Paco Carvajal Memorial for CUDECA - Cudeca Cancer Care Hospice\" \/>\n<meta property=\"og:description\" content=\"On Saturday 15 September, for the third consecutive year, the III Paco Carvajal Memorial was held in the Francisco Mu\u00f1oz Perez Football Stadium in Estepona to help us. &nbsp; The match and the closing ceremony were attended by the mayor of Estepona, Jos\u00e9 Mar\u00eda Garc\u00eda Urbano, and the Deputy Mayor, Ana M\u00aa Velasco Garrido, on [&hellip;]\" \/>\n<meta property=\"og:url\" content=\"https:\/\/www.cudeca.org\/actualidad\/emociones-a-flor-de-piel-en-el-iii-memorial-paco-carvajal\/\" \/>\n<meta property=\"og:site_name\" content=\"Cudeca Cancer Care Hospice\" \/>\n<meta property=\"article:publisher\" content=\"https:\/\/www.facebook.com\/AmigosDeCudeca\" \/>\n<meta property=\"article:published_time\" content=\"2018-10-09T17:25:25+00:00\" \/>\n<meta property=\"article:modified_time\" content=\"2018-10-09T17:36:57+00:00\" \/>\n<meta property=\"og:image\" content=\"https:\/\/www.cudeca.org\/wp-content\/uploads\/2018\/10\/WhatsApp-Image-2018-09-21-at-12.34.46.jpeg\" \/>\n\t<meta property=\"og:image:width\" content=\"1024\" \/>\n\t<meta property=\"og:image:height\" content=\"681\" \/>\n\t<meta property=\"og:image:type\" content=\"image\/jpeg\" \/>\n<meta name=\"author\" content=\"Esther\" \/>\n<meta name=\"twitter:card\" content=\"summary_large_image\" \/>\n<meta name=\"twitter:creator\" content=\"@cudeca\" \/>\n<meta name=\"twitter:site\" content=\"@cudeca\" \/>\n<meta name=\"twitter:label1\" content=\"Written by\" \/>\n\t<meta name=\"twitter:data1\" content=\"Esther\" \/>\n\t<meta name=\"twitter:label2\" content=\"Est. reading time\" \/>\n\t<meta name=\"twitter:data2\" content=\"4 minutes\" \/>\n<script type=\"application\/ld+json\" class=\"yoast-schema-graph\">{\"@context\":\"https:\/\/schema.org\",\"@graph\":[{\"@type\":\"Organization\",\"@id\":\"https:\/\/www.cudeca.org\/#organization\",\"name\":\"Fundaci\u00f3n Cudeca\",\"url\":\"https:\/\/www.cudeca.org\/\",\"sameAs\":[\"https:\/\/www.youtube.com\/c\/cudecamalaga\",\"https:\/\/www.facebook.com\/AmigosDeCudeca\",\"https:\/\/twitter.com\/cudeca\"],\"logo\":{\"@type\":\"ImageObject\",\"inLanguage\":\"en-US\",\"@id\":\"https:\/\/www.cudeca.org\/#\/schema\/logo\/image\/\",\"url\":\"https:\/\/www.cudeca.org\/wp-content\/uploads\/2018\/02\/cudeca-logo.png\",\"contentUrl\":\"https:\/\/www.cudeca.org\/wp-content\/uploads\/2018\/02\/cudeca-logo.png\",\"width\":2121,\"height\":984,\"caption\":\"Fundaci\u00f3n Cudeca\"},\"image\":{\"@id\":\"https:\/\/www.cudeca.org\/#\/schema\/logo\/image\/\"}},{\"@type\":\"WebSite\",\"@id\":\"https:\/\/www.cudeca.org\/#website\",\"url\":\"https:\/\/www.cudeca.org\/\",\"name\":\"Fundaci\u00f3n Cudeca\",\"description\":\"Cudeca Hospice\",\"publisher\":{\"@id\":\"https:\/\/www.cudeca.org\/#organization\"},\"potentialAction\":[{\"@type\":\"SearchAction\",\"target\":{\"@type\":\"EntryPoint\",\"urlTemplate\":\"https:\/\/www.cudeca.org\/?s={search_term_string}\"},\"query-input\":\"required name=search_term_string\"}],\"inLanguage\":\"en-US\"},{\"@type\":\"WebPage\",\"@id\":\"https:\/\/www.cudeca.org\/actualidad\/emociones-a-flor-de-piel-en-el-iii-memorial-paco-carvajal\/\",\"url\":\"https:\/\/www.cudeca.org\/actualidad\/emociones-a-flor-de-piel-en-el-iii-memorial-paco-carvajal\/\",\"name\":\"Emotions to surface at the III Paco Carvajal Memorial for CUDECA - Cudeca Cancer Care Hospice\",\"isPartOf\":{\"@id\":\"https:\/\/www.cudeca.org\/#website\"},\"datePublished\":\"2018-10-09T17:25:25+00:00\",\"dateModified\":\"2018-10-09T17:36:57+00:00\",\"breadcrumb\":{\"@id\":\"https:\/\/www.cudeca.org\/actualidad\/emociones-a-flor-de-piel-en-el-iii-memorial-paco-carvajal\/#breadcrumb\"},\"inLanguage\":\"en-US\",\"potentialAction\":[{\"@type\":\"ReadAction\",\"target\":[\"https:\/\/www.cudeca.org\/actualidad\/emociones-a-flor-de-piel-en-el-iii-memorial-paco-carvajal\/\"]}]},{\"@type\":\"BreadcrumbList\",\"@id\":\"https:\/\/www.cudeca.org\/actualidad\/emociones-a-flor-de-piel-en-el-iii-memorial-paco-carvajal\/#breadcrumb\",\"itemListElement\":[{\"@type\":\"ListItem\",\"position\":1,\"name\":\"Portada\",\"item\":\"https:\/\/www.cudeca.org\/\"},{\"@type\":\"ListItem\",\"position\":2,\"name\":\"Emociones a flor de piel en el III Memorial Paco Carvajal\"}]},{\"@type\":\"Article\",\"@id\":\"https:\/\/www.cudeca.org\/actualidad\/emociones-a-flor-de-piel-en-el-iii-memorial-paco-carvajal\/#article\",\"isPartOf\":{\"@id\":\"https:\/\/www.cudeca.org\/actualidad\/emociones-a-flor-de-piel-en-el-iii-memorial-paco-carvajal\/\"},\"author\":{\"name\":\"Esther\",\"@id\":\"https:\/\/www.cudeca.org\/#\/schema\/person\/0a250b4dd0c3a661b9e843eec8eb190f\"},\"headline\":\"Emotions to surface at the III Paco Carvajal Memorial for CUDECA\",\"datePublished\":\"2018-10-09T17:25:25+00:00\",\"dateModified\":\"2018-10-09T17:36:57+00:00\",\"mainEntityOfPage\":{\"@id\":\"https:\/\/www.cudeca.org\/actualidad\/emociones-a-flor-de-piel-en-el-iii-memorial-paco-carvajal\/\"},\"wordCount\":887,\"commentCount\":0,\"publisher\":{\"@id\":\"https:\/\/www.cudeca.org\/#organization\"},\"articleSection\":[\"\"],\"inLanguage\":\"en-US\",\"potentialAction\":[{\"@type\":\"CommentAction\",\"name\":\"Comment\",\"target\":[\"https:\/\/www.cudeca.org\/actualidad\/emociones-a-flor-de-piel-en-el-iii-memorial-paco-carvajal\/#respond\"]}]},{\"@type\":\"Person\",\"@id\":\"https:\/\/www.cudeca.org\/#\/schema\/person\/0a250b4dd0c3a661b9e843eec8eb190f\",\"name\":\"Esther\",\"image\":{\"@type\":\"ImageObject\",\"inLanguage\":\"en-US\",\"@id\":\"https:\/\/www.cudeca.org\/#\/schema\/person\/image\/\",\"url\":\"https:\/\/secure.gravatar.com\/avatar\/b4d1f8d9c1e0ea63e4c07e4fcefb9157?s=96&d=mm&r=g\",\"contentUrl\":\"https:\/\/secure.gravatar.com\/avatar\/b4d1f8d9c1e0ea63e4c07e4fcefb9157?s=96&d=mm&r=g\",\"caption\":\"Esther\"}}]}<\/script>\n<!-- \/ Yoast SEO plugin. -->","yoast_head_json":{"title":"Emotions to surface at the III Paco Carvajal Memorial for CUDECA - Cudeca Cancer Care Hospice","robots":{"index":"index","follow":"follow","max-snippet":"max-snippet:-1","max-image-preview":"max-image-preview:large","max-video-preview":"max-video-preview:-1"},"canonical":"https:\/\/www.cudeca.org\/actualidad\/emociones-a-flor-de-piel-en-el-iii-memorial-paco-carvajal\/","og_locale":"en_US","og_type":"article","og_title":"Emotions to surface at the III Paco Carvajal Memorial for CUDECA - Cudeca Cancer Care Hospice","og_description":"On Saturday 15 September, for the third consecutive year, the III Paco Carvajal Memorial was held in the Francisco Mu\u00f1oz Perez Football Stadium in Estepona to help us. &nbsp; The match and the closing ceremony were attended by the mayor of Estepona, Jos\u00e9 Mar\u00eda Garc\u00eda Urbano, and the Deputy Mayor, Ana M\u00aa Velasco Garrido, on [&hellip;]","og_url":"https:\/\/www.cudeca.org\/actualidad\/emociones-a-flor-de-piel-en-el-iii-memorial-paco-carvajal\/","og_site_name":"Cudeca Cancer Care Hospice","article_publisher":"https:\/\/www.facebook.com\/AmigosDeCudeca","article_published_time":"2018-10-09T17:25:25+00:00","article_modified_time":"2018-10-09T17:36:57+00:00","og_image":[{"width":1024,"height":681,"url":"https:\/\/www.cudeca.org\/wp-content\/uploads\/2018\/10\/WhatsApp-Image-2018-09-21-at-12.34.46.jpeg","type":"image\/jpeg"}],"author":"Esther","twitter_card":"summary_large_image","twitter_creator":"@cudeca","twitter_site":"@cudeca","twitter_misc":{"Written by":"Esther","Est. reading time":"4 minutes"},"schema":{"@context":"https:\/\/schema.org","@graph":[{"@type":"Organization","@id":"https:\/\/www.cudeca.org\/#organization","name":"Fundaci\u00f3n Cudeca","url":"https:\/\/www.cudeca.org\/","sameAs":["https:\/\/www.youtube.com\/c\/cudecamalaga","https:\/\/www.facebook.com\/AmigosDeCudeca","https:\/\/twitter.com\/cudeca"],"logo":{"@type":"ImageObject","inLanguage":"en-US","@id":"https:\/\/www.cudeca.org\/#\/schema\/logo\/image\/","url":"https:\/\/www.cudeca.org\/wp-content\/uploads\/2018\/02\/cudeca-logo.png","contentUrl":"https:\/\/www.cudeca.org\/wp-content\/uploads\/2018\/02\/cudeca-logo.png","width":2121,"height":984,"caption":"Fundaci\u00f3n Cudeca"},"image":{"@id":"https:\/\/www.cudeca.org\/#\/schema\/logo\/image\/"}},{"@type":"WebSite","@id":"https:\/\/www.cudeca.org\/#website","url":"https:\/\/www.cudeca.org\/","name":"Fundaci\u00f3n Cudeca","description":"Cudeca Hospice","publisher":{"@id":"https:\/\/www.cudeca.org\/#organization"},"potentialAction":[{"@type":"SearchAction","target":{"@type":"EntryPoint","urlTemplate":"https:\/\/www.cudeca.org\/?s={search_term_string}"},"query-input":"required name=search_term_string"}],"inLanguage":"en-US"},{"@type":"WebPage","@id":"https:\/\/www.cudeca.org\/actualidad\/emociones-a-flor-de-piel-en-el-iii-memorial-paco-carvajal\/","url":"https:\/\/www.cudeca.org\/actualidad\/emociones-a-flor-de-piel-en-el-iii-memorial-paco-carvajal\/","name":"Emotions to surface at the III Paco Carvajal Memorial for CUDECA - Cudeca Cancer Care Hospice","isPartOf":{"@id":"https:\/\/www.cudeca.org\/#website"},"datePublished":"2018-10-09T17:25:25+00:00","dateModified":"2018-10-09T17:36:57+00:00","breadcrumb":{"@id":"https:\/\/www.cudeca.org\/actualidad\/emociones-a-flor-de-piel-en-el-iii-memorial-paco-carvajal\/#breadcrumb"},"inLanguage":"en-US","potentialAction":[{"@type":"ReadAction","target":["https:\/\/www.cudeca.org\/actualidad\/emociones-a-flor-de-piel-en-el-iii-memorial-paco-carvajal\/"]}]},{"@type":"BreadcrumbList","@id":"https:\/\/www.cudeca.org\/actualidad\/emociones-a-flor-de-piel-en-el-iii-memorial-paco-carvajal\/#breadcrumb","itemListElement":[{"@type":"ListItem","position":1,"name":"Portada","item":"https:\/\/www.cudeca.org\/"},{"@type":"ListItem","position":2,"name":"Emociones a flor de piel en el III Memorial Paco Carvajal"}]},{"@type":"Article","@id":"https:\/\/www.cudeca.org\/actualidad\/emociones-a-flor-de-piel-en-el-iii-memorial-paco-carvajal\/#article","isPartOf":{"@id":"https:\/\/www.cudeca.org\/actualidad\/emociones-a-flor-de-piel-en-el-iii-memorial-paco-carvajal\/"},"author":{"name":"Esther","@id":"https:\/\/www.cudeca.org\/#\/schema\/person\/0a250b4dd0c3a661b9e843eec8eb190f"},"headline":"Emotions to surface at the III Paco Carvajal Memorial for CUDECA","datePublished":"2018-10-09T17:25:25+00:00","dateModified":"2018-10-09T17:36:57+00:00","mainEntityOfPage":{"@id":"https:\/\/www.cudeca.org\/actualidad\/emociones-a-flor-de-piel-en-el-iii-memorial-paco-carvajal\/"},"wordCount":887,"commentCount":0,"publisher":{"@id":"https:\/\/www.cudeca.org\/#organization"},"articleSection":[""],"inLanguage":"en-US","potentialAction":[{"@type":"CommentAction","name":"Comment","target":["https:\/\/www.cudeca.org\/actualidad\/emociones-a-flor-de-piel-en-el-iii-memorial-paco-carvajal\/#respond"]}]},{"@type":"Person","@id":"https:\/\/www.cudeca.org\/#\/schema\/person\/0a250b4dd0c3a661b9e843eec8eb190f","name":"Esther","image":{"@type":"ImageObject","inLanguage":"en-US","@id":"https:\/\/www.cudeca.org\/#\/schema\/person\/image\/","url":"https:\/\/secure.gravatar.com\/avatar\/b4d1f8d9c1e0ea63e4c07e4fcefb9157?s=96&d=mm&r=g","contentUrl":"https:\/\/secure.gravatar.com\/avatar\/b4d1f8d9c1e0ea63e4c07e4fcefb9157?s=96&d=mm&r=g","caption":"Esther"}}]}},"_links":{"self":[{"href":"https:\/\/www.cudeca.org\/en\/wp-json\/wp\/v2\/posts\/18632"}],"collection":[{"href":"https:\/\/www.cudeca.org\/en\/wp-json\/wp\/v2\/posts"}],"about":[{"href":"https:\/\/www.cudeca.org\/en\/wp-json\/wp\/v2\/types\/post"}],"author":[{"embeddable":true,"href":"https:\/\/www.cudeca.org\/en\/wp-json\/wp\/v2\/users\/6"}],"replies":[{"embeddable":true,"href":"https:\/\/www.cudeca.org\/en\/wp-json\/wp\/v2\/comments?post=18632"}],"version-history":[{"count":2,"href":"https:\/\/www.cudeca.org\/en\/wp-json\/wp\/v2\/posts\/18632\/revisions"}],"predecessor-version":[{"id":18638,"href":"https:\/\/www.cudeca.org\/en\/wp-json\/wp\/v2\/posts\/18632\/revisions\/18638"}],"wp:featuredmedia":[{"embeddable":true,"href":"https:\/\/www.cudeca.org\/en\/wp-json\/wp\/v2\/media\/18633"}],"wp:attachment":[{"href":"https:\/\/www.cudeca.org\/en\/wp-json\/wp\/v2\/media?parent=18632"}],"wp:term":[{"taxonomy":"category","embeddable":true,"href":"https:\/\/www.cudeca.org\/en\/wp-json\/wp\/v2\/categories?post=18632"},{"taxonomy":"post_tag","embeddable":true,"href":"https:\/\/www.cudeca.org\/en\/wp-json\/wp\/v2\/tags?post=18632"}],"curies":[{"name":"wp","href":"https:\/\/api.w.org\/{rel}","templated":true}]}}