{"id":18334,"date":"2018-09-06T10:30:06","date_gmt":"2018-09-06T10:30:06","guid":{"rendered":"https:\/\/www.cudeca.org\/en\/?p=18334"},"modified":"2018-09-13T10:27:11","modified_gmt":"2018-09-13T10:27:11","slug":"iii-memorial-paco-carvajal-en-estepona","status":"publish","type":"post","link":"https:\/\/www.cudeca.org\/en\/actualidad\/iii-memorial-paco-carvajal-en-estepona\/","title":{"rendered":"III Paco Carvajal Memorial &#8211; Triangular charity football match in Estepona!"},"content":{"rendered":"<div class=\"wpb-content-wrapper\"><p>[vc_row][vc_column][vc_column_text]On Saturday 15 September from 11.30am will be held for the third consecutive year the <a href=\"http:\/\/www.estepona.es\/turismo\/deportes-100\/195-estadio_fco_muoz_prez\"><strong>Paco Carvajal Memorial at the Francisco Mu\u00f1oz Perez Football Stadium in Estepona<\/strong><\/a> to help us.<\/p>\n<p>In this third edition of the Memorial Paco Carvajal, a friendly triangular will be held between <a href=\"http:\/\/realbetisbalompie.es\/es\/noticias\/real-betis-fsn\/tag\/Real%20Betis%20veteranos\/\">Real Betis de Veteranos<\/a>, <a href=\"https:\/\/www.malagacf.com\/club\/veteranos\">M\u00e1laga C.F. Veteranos<\/a> and <a href=\"http:\/\/cdestepona.blogspot.com\/p\/veteranos.html\">C.D. Estepona Veteranos<\/a> joining forces and enthusiasm to share with their fans this memorial for the figure of the beloved Paco Carvajal, emblematic figure of Estepona and its football. The solidarity ticket will be 2\u20ac per person entirely destined to help us.<\/p>\n<p>At the end, a commemorative and honorary frame will be presented to the family and an aperitif will be served among all the organizers, teams and families.<\/p>\n<p>Our staff will be present to provide information about who we are, what we do and how they can continue to help us.<\/p>\n<p>A special mention and thanks for the participation of all those attending this charity event to support our cause, as well as the collaboration of companies such as <strong>M\u00e1rmoles y Granitos Estepona, BP Los Reales, BP R\u00edo Padr\u00f3n, Nissan Concesol, Bar Macarena, Uniformes Estepona, Gentil maintenance and Cleaning, La pepa Centro, Carrefour Estepona, Almac\u00e9nd e M\u00e1rmoles y granitos Valtidasa, Carpinter\u00eda Caravaca, Recreativos Jubelmar, Le Sud Copas Marbella, Costasol Deluxe transport, Peugeot L\u00f3pez Cano Talleres, Cinemaluxury, Construcciones Altapa, Renault Rombosol, Wood World Design, Carnicer\u00eda Sergio and Carpinter\u00eda M. L\u00f3pez Aguilar.<\/strong><\/p>\n<p>[\/vc_column_text][\/vc_column][\/vc_row]<\/p>\n<\/div>","protected":false},"excerpt":{"rendered":"<p>[vc_row][vc_column][vc_column_text]On Saturday 15 September from 11.30am will be held for the third consecutive year the Paco Carvajal Memorial at the Francisco Mu\u00f1oz Perez Football Stadium in Estepona to help us. In this third edition of the Memorial Paco Carvajal, a friendly triangular will be held between Real Betis de Veteranos, M\u00e1laga C.F. Veteranos and C.D. [&hellip;]<\/p>\n","protected":false},"author":6,"featured_media":18415,"comment_status":"open","ping_status":"open","sticky":false,"template":"","format":"standard","meta":[],"categories":[12],"tags":[],"yoast_head":"<!-- This site is optimized with the Yoast SEO plugin v19.4 - https:\/\/yoast.com\/wordpress\/plugins\/seo\/ -->\n<title>III Paco Carvajal Memorial - Triangular charity football match in Estepona! - Cudeca Cancer Care Hospice<\/title>\n<meta name=\"robots\" content=\"index, follow, max-snippet:-1, max-image-preview:large, max-video-preview:-1\" \/>\n<link rel=\"canonical\" href=\"https:\/\/www.cudeca.org\/actualidad\/iii-memorial-paco-carvajal-en-estepona\/\" \/>\n<meta property=\"og:locale\" content=\"en_US\" \/>\n<meta property=\"og:type\" content=\"article\" \/>\n<meta property=\"og:title\" content=\"III Paco Carvajal Memorial - Triangular charity football match in Estepona! - Cudeca Cancer Care Hospice\" \/>\n<meta property=\"og:description\" content=\"[vc_row][vc_column][vc_column_text]On Saturday 15 September from 11.30am will be held for the third consecutive year the Paco Carvajal Memorial at the Francisco Mu\u00f1oz Perez Football Stadium in Estepona to help us. In this third edition of the Memorial Paco Carvajal, a friendly triangular will be held between Real Betis de Veteranos, M\u00e1laga C.F. Veteranos and C.D. [&hellip;]\" \/>\n<meta property=\"og:url\" content=\"https:\/\/www.cudeca.org\/actualidad\/iii-memorial-paco-carvajal-en-estepona\/\" \/>\n<meta property=\"og:site_name\" content=\"Cudeca Cancer Care Hospice\" \/>\n<meta property=\"article:publisher\" content=\"https:\/\/www.facebook.com\/AmigosDeCudeca\" \/>\n<meta property=\"article:published_time\" content=\"2018-09-06T10:30:06+00:00\" \/>\n<meta property=\"article:modified_time\" content=\"2018-09-13T10:27:11+00:00\" \/>\n<meta property=\"og:image\" content=\"https:\/\/www.cudeca.org\/wp-content\/uploads\/2018\/09\/Cartel-Paco-Carvajal-def.jpg\" \/>\n\t<meta property=\"og:image:width\" content=\"1131\" \/>\n\t<meta property=\"og:image:height\" content=\"1600\" \/>\n\t<meta property=\"og:image:type\" content=\"image\/jpeg\" \/>\n<meta name=\"author\" content=\"Esther\" \/>\n<meta name=\"twitter:card\" content=\"summary_large_image\" \/>\n<meta name=\"twitter:creator\" content=\"@cudeca\" \/>\n<meta name=\"twitter:site\" content=\"@cudeca\" \/>\n<meta name=\"twitter:label1\" content=\"Written by\" \/>\n\t<meta name=\"twitter:data1\" content=\"Esther\" \/>\n\t<meta name=\"twitter:label2\" content=\"Est. reading time\" \/>\n\t<meta name=\"twitter:data2\" content=\"3 minutes\" \/>\n<script type=\"application\/ld+json\" class=\"yoast-schema-graph\">{\"@context\":\"https:\/\/schema.org\",\"@graph\":[{\"@type\":\"Organization\",\"@id\":\"https:\/\/www.cudeca.org\/#organization\",\"name\":\"Fundaci\u00f3n Cudeca\",\"url\":\"https:\/\/www.cudeca.org\/\",\"sameAs\":[\"https:\/\/www.youtube.com\/c\/cudecamalaga\",\"https:\/\/www.facebook.com\/AmigosDeCudeca\",\"https:\/\/twitter.com\/cudeca\"],\"logo\":{\"@type\":\"ImageObject\",\"inLanguage\":\"en-US\",\"@id\":\"https:\/\/www.cudeca.org\/#\/schema\/logo\/image\/\",\"url\":\"https:\/\/www.cudeca.org\/wp-content\/uploads\/2018\/02\/cudeca-logo.png\",\"contentUrl\":\"https:\/\/www.cudeca.org\/wp-content\/uploads\/2018\/02\/cudeca-logo.png\",\"width\":2121,\"height\":984,\"caption\":\"Fundaci\u00f3n Cudeca\"},\"image\":{\"@id\":\"https:\/\/www.cudeca.org\/#\/schema\/logo\/image\/\"}},{\"@type\":\"WebSite\",\"@id\":\"https:\/\/www.cudeca.org\/#website\",\"url\":\"https:\/\/www.cudeca.org\/\",\"name\":\"Fundaci\u00f3n Cudeca\",\"description\":\"Cudeca Hospice\",\"publisher\":{\"@id\":\"https:\/\/www.cudeca.org\/#organization\"},\"potentialAction\":[{\"@type\":\"SearchAction\",\"target\":{\"@type\":\"EntryPoint\",\"urlTemplate\":\"https:\/\/www.cudeca.org\/?s={search_term_string}\"},\"query-input\":\"required name=search_term_string\"}],\"inLanguage\":\"en-US\"},{\"@type\":\"WebPage\",\"@id\":\"https:\/\/www.cudeca.org\/actualidad\/iii-memorial-paco-carvajal-en-estepona\/\",\"url\":\"https:\/\/www.cudeca.org\/actualidad\/iii-memorial-paco-carvajal-en-estepona\/\",\"name\":\"III Paco Carvajal Memorial - Triangular charity football match in Estepona! - Cudeca Cancer Care Hospice\",\"isPartOf\":{\"@id\":\"https:\/\/www.cudeca.org\/#website\"},\"datePublished\":\"2018-09-06T10:30:06+00:00\",\"dateModified\":\"2018-09-13T10:27:11+00:00\",\"breadcrumb\":{\"@id\":\"https:\/\/www.cudeca.org\/actualidad\/iii-memorial-paco-carvajal-en-estepona\/#breadcrumb\"},\"inLanguage\":\"en-US\",\"potentialAction\":[{\"@type\":\"ReadAction\",\"target\":[\"https:\/\/www.cudeca.org\/actualidad\/iii-memorial-paco-carvajal-en-estepona\/\"]}]},{\"@type\":\"BreadcrumbList\",\"@id\":\"https:\/\/www.cudeca.org\/actualidad\/iii-memorial-paco-carvajal-en-estepona\/#breadcrumb\",\"itemListElement\":[{\"@type\":\"ListItem\",\"position\":1,\"name\":\"Portada\",\"item\":\"https:\/\/www.cudeca.org\/\"},{\"@type\":\"ListItem\",\"position\":2,\"name\":\"III Memorial Paco Carvajal en Estepona\"}]},{\"@type\":\"Article\",\"@id\":\"https:\/\/www.cudeca.org\/actualidad\/iii-memorial-paco-carvajal-en-estepona\/#article\",\"isPartOf\":{\"@id\":\"https:\/\/www.cudeca.org\/actualidad\/iii-memorial-paco-carvajal-en-estepona\/\"},\"author\":{\"name\":\"Esther\",\"@id\":\"https:\/\/www.cudeca.org\/#\/schema\/person\/0a250b4dd0c3a661b9e843eec8eb190f\"},\"headline\":\"III Paco Carvajal Memorial &#8211; Triangular charity football match in Estepona!\",\"datePublished\":\"2018-09-06T10:30:06+00:00\",\"dateModified\":\"2018-09-13T10:27:11+00:00\",\"mainEntityOfPage\":{\"@id\":\"https:\/\/www.cudeca.org\/actualidad\/iii-memorial-paco-carvajal-en-estepona\/\"},\"wordCount\":582,\"commentCount\":0,\"publisher\":{\"@id\":\"https:\/\/www.cudeca.org\/#organization\"},\"articleSection\":[\"\"],\"inLanguage\":\"en-US\",\"potentialAction\":[{\"@type\":\"CommentAction\",\"name\":\"Comment\",\"target\":[\"https:\/\/www.cudeca.org\/actualidad\/iii-memorial-paco-carvajal-en-estepona\/#respond\"]}]},{\"@type\":\"Person\",\"@id\":\"https:\/\/www.cudeca.org\/#\/schema\/person\/0a250b4dd0c3a661b9e843eec8eb190f\",\"name\":\"Esther\",\"image\":{\"@type\":\"ImageObject\",\"inLanguage\":\"en-US\",\"@id\":\"https:\/\/www.cudeca.org\/#\/schema\/person\/image\/\",\"url\":\"https:\/\/secure.gravatar.com\/avatar\/b4d1f8d9c1e0ea63e4c07e4fcefb9157?s=96&d=mm&r=g\",\"contentUrl\":\"https:\/\/secure.gravatar.com\/avatar\/b4d1f8d9c1e0ea63e4c07e4fcefb9157?s=96&d=mm&r=g\",\"caption\":\"Esther\"}}]}<\/script>\n<!-- \/ Yoast SEO plugin. -->","yoast_head_json":{"title":"III Paco Carvajal Memorial - Triangular charity football match in Estepona! - Cudeca Cancer Care Hospice","robots":{"index":"index","follow":"follow","max-snippet":"max-snippet:-1","max-image-preview":"max-image-preview:large","max-video-preview":"max-video-preview:-1"},"canonical":"https:\/\/www.cudeca.org\/actualidad\/iii-memorial-paco-carvajal-en-estepona\/","og_locale":"en_US","og_type":"article","og_title":"III Paco Carvajal Memorial - Triangular charity football match in Estepona! - Cudeca Cancer Care Hospice","og_description":"[vc_row][vc_column][vc_column_text]On Saturday 15 September from 11.30am will be held for the third consecutive year the Paco Carvajal Memorial at the Francisco Mu\u00f1oz Perez Football Stadium in Estepona to help us. In this third edition of the Memorial Paco Carvajal, a friendly triangular will be held between Real Betis de Veteranos, M\u00e1laga C.F. Veteranos and C.D. [&hellip;]","og_url":"https:\/\/www.cudeca.org\/actualidad\/iii-memorial-paco-carvajal-en-estepona\/","og_site_name":"Cudeca Cancer Care Hospice","article_publisher":"https:\/\/www.facebook.com\/AmigosDeCudeca","article_published_time":"2018-09-06T10:30:06+00:00","article_modified_time":"2018-09-13T10:27:11+00:00","og_image":[{"width":1131,"height":1600,"url":"https:\/\/www.cudeca.org\/wp-content\/uploads\/2018\/09\/Cartel-Paco-Carvajal-def.jpg","type":"image\/jpeg"}],"author":"Esther","twitter_card":"summary_large_image","twitter_creator":"@cudeca","twitter_site":"@cudeca","twitter_misc":{"Written by":"Esther","Est. reading time":"3 minutes"},"schema":{"@context":"https:\/\/schema.org","@graph":[{"@type":"Organization","@id":"https:\/\/www.cudeca.org\/#organization","name":"Fundaci\u00f3n Cudeca","url":"https:\/\/www.cudeca.org\/","sameAs":["https:\/\/www.youtube.com\/c\/cudecamalaga","https:\/\/www.facebook.com\/AmigosDeCudeca","https:\/\/twitter.com\/cudeca"],"logo":{"@type":"ImageObject","inLanguage":"en-US","@id":"https:\/\/www.cudeca.org\/#\/schema\/logo\/image\/","url":"https:\/\/www.cudeca.org\/wp-content\/uploads\/2018\/02\/cudeca-logo.png","contentUrl":"https:\/\/www.cudeca.org\/wp-content\/uploads\/2018\/02\/cudeca-logo.png","width":2121,"height":984,"caption":"Fundaci\u00f3n Cudeca"},"image":{"@id":"https:\/\/www.cudeca.org\/#\/schema\/logo\/image\/"}},{"@type":"WebSite","@id":"https:\/\/www.cudeca.org\/#website","url":"https:\/\/www.cudeca.org\/","name":"Fundaci\u00f3n Cudeca","description":"Cudeca Hospice","publisher":{"@id":"https:\/\/www.cudeca.org\/#organization"},"potentialAction":[{"@type":"SearchAction","target":{"@type":"EntryPoint","urlTemplate":"https:\/\/www.cudeca.org\/?s={search_term_string}"},"query-input":"required name=search_term_string"}],"inLanguage":"en-US"},{"@type":"WebPage","@id":"https:\/\/www.cudeca.org\/actualidad\/iii-memorial-paco-carvajal-en-estepona\/","url":"https:\/\/www.cudeca.org\/actualidad\/iii-memorial-paco-carvajal-en-estepona\/","name":"III Paco Carvajal Memorial - Triangular charity football match in Estepona! - Cudeca Cancer Care Hospice","isPartOf":{"@id":"https:\/\/www.cudeca.org\/#website"},"datePublished":"2018-09-06T10:30:06+00:00","dateModified":"2018-09-13T10:27:11+00:00","breadcrumb":{"@id":"https:\/\/www.cudeca.org\/actualidad\/iii-memorial-paco-carvajal-en-estepona\/#breadcrumb"},"inLanguage":"en-US","potentialAction":[{"@type":"ReadAction","target":["https:\/\/www.cudeca.org\/actualidad\/iii-memorial-paco-carvajal-en-estepona\/"]}]},{"@type":"BreadcrumbList","@id":"https:\/\/www.cudeca.org\/actualidad\/iii-memorial-paco-carvajal-en-estepona\/#breadcrumb","itemListElement":[{"@type":"ListItem","position":1,"name":"Portada","item":"https:\/\/www.cudeca.org\/"},{"@type":"ListItem","position":2,"name":"III Memorial Paco Carvajal en Estepona"}]},{"@type":"Article","@id":"https:\/\/www.cudeca.org\/actualidad\/iii-memorial-paco-carvajal-en-estepona\/#article","isPartOf":{"@id":"https:\/\/www.cudeca.org\/actualidad\/iii-memorial-paco-carvajal-en-estepona\/"},"author":{"name":"Esther","@id":"https:\/\/www.cudeca.org\/#\/schema\/person\/0a250b4dd0c3a661b9e843eec8eb190f"},"headline":"III Paco Carvajal Memorial &#8211; Triangular charity football match in Estepona!","datePublished":"2018-09-06T10:30:06+00:00","dateModified":"2018-09-13T10:27:11+00:00","mainEntityOfPage":{"@id":"https:\/\/www.cudeca.org\/actualidad\/iii-memorial-paco-carvajal-en-estepona\/"},"wordCount":582,"commentCount":0,"publisher":{"@id":"https:\/\/www.cudeca.org\/#organization"},"articleSection":[""],"inLanguage":"en-US","potentialAction":[{"@type":"CommentAction","name":"Comment","target":["https:\/\/www.cudeca.org\/actualidad\/iii-memorial-paco-carvajal-en-estepona\/#respond"]}]},{"@type":"Person","@id":"https:\/\/www.cudeca.org\/#\/schema\/person\/0a250b4dd0c3a661b9e843eec8eb190f","name":"Esther","image":{"@type":"ImageObject","inLanguage":"en-US","@id":"https:\/\/www.cudeca.org\/#\/schema\/person\/image\/","url":"https:\/\/secure.gravatar.com\/avatar\/b4d1f8d9c1e0ea63e4c07e4fcefb9157?s=96&d=mm&r=g","contentUrl":"https:\/\/secure.gravatar.com\/avatar\/b4d1f8d9c1e0ea63e4c07e4fcefb9157?s=96&d=mm&r=g","caption":"Esther"}}]}},"_links":{"self":[{"href":"https:\/\/www.cudeca.org\/en\/wp-json\/wp\/v2\/posts\/18334"}],"collection":[{"href":"https:\/\/www.cudeca.org\/en\/wp-json\/wp\/v2\/posts"}],"about":[{"href":"https:\/\/www.cudeca.org\/en\/wp-json\/wp\/v2\/types\/post"}],"author":[{"embeddable":true,"href":"https:\/\/www.cudeca.org\/en\/wp-json\/wp\/v2\/users\/6"}],"replies":[{"embeddable":true,"href":"https:\/\/www.cudeca.org\/en\/wp-json\/wp\/v2\/comments?post=18334"}],"version-history":[{"count":2,"href":"https:\/\/www.cudeca.org\/en\/wp-json\/wp\/v2\/posts\/18334\/revisions"}],"predecessor-version":[{"id":18338,"href":"https:\/\/www.cudeca.org\/en\/wp-json\/wp\/v2\/posts\/18334\/revisions\/18338"}],"wp:featuredmedia":[{"embeddable":true,"href":"https:\/\/www.cudeca.org\/en\/wp-json\/wp\/v2\/media\/18415"}],"wp:attachment":[{"href":"https:\/\/www.cudeca.org\/en\/wp-json\/wp\/v2\/media?parent=18334"}],"wp:term":[{"taxonomy":"category","embeddable":true,"href":"https:\/\/www.cudeca.org\/en\/wp-json\/wp\/v2\/categories?post=18334"},{"taxonomy":"post_tag","embeddable":true,"href":"https:\/\/www.cudeca.org\/en\/wp-json\/wp\/v2\/tags?post=18334"}],"curies":[{"name":"wp","href":"https:\/\/api.w.org\/{rel}","templated":true}]}}