{"id":18315,"date":"2018-08-27T08:21:27","date_gmt":"2018-08-27T08:21:27","guid":{"rendered":"https:\/\/www.cudeca.org\/?p=18315"},"modified":"2018-09-04T15:15:11","modified_gmt":"2018-09-04T15:15:11","slug":"ii-festival-internacional-de-arte-textil-en-benalmadena-a-beneficio-de-cudeca","status":"publish","type":"post","link":"https:\/\/www.cudeca.org\/en\/actualidad\/ii-festival-internacional-de-arte-textil-en-benalmadena-a-beneficio-de-cudeca\/","title":{"rendered":"II International Textile Art Festival in Benalm\u00e1dena in aid of CUDECA."},"content":{"rendered":"<p>The cultural association Lucky Quilters International of Benalm\u00e1dena is organizing the II International Festival of Textile Art in the incomparable setting of the Bil-Bil Castle (Benalm\u00e1dena Costa) from the 7th to the 16th September to help the Cudeca Cancer Care Hospice.<\/p>\n<p>&nbsp;<\/p>\n<p>Last year, the I Edition was held in the same location and was very successful and well received by all who visited.<\/p>\n<p>&nbsp;<\/p>\n<p>The Exhibition counts on the collaboration of the Benalmadena City Council as well as Hospital Vithas Xanit, Distribuciones Gonz\u00e1lez Mart\u00edn, Costa Media, Cortinas Azahar and lovers of this artistic discipline.\u2028The participating artists are top European artists Ann Hill (UK), Jo Dennisson (UK), Anna Slawinska (PL), Amparo Ruiz Cillero (ES), Galla Grotto (FR), Lyubov Lezhanina (UK), Irina Shashilova (UZ) and Irina Chekini (UK), some of them have won prestigious international awards.<\/p>\n<p>&nbsp;<\/p>\n<p>The Lucky Quilters International\u00b4s motto is WITH ART WE IMPROVE OUR WORLD, and they also wish to transmit that this is the main idea of this II Festival.<\/p>\n<p>&nbsp;<\/p>\n<p>Free entrance to the festival at the Bil-Bil Castle from 7th to 16th September.\u2028This event is dedicated to the Cudeca Hospice (cancer care \u2013 Benalm\u00e1dena), K\u00f6lner Herzkissen (breast cancer &#8211; Germany) and Candelaria Centre (Alhaur\u00edn de la Torre &#8211; disability in all its stages).<\/p>\n<p>&nbsp;<\/p>\n<p>During the exhibition, raffle tickets for a patchwork work will be on sale whose proceeds will go to the Cudeca Hospice fully.\u2028There will also be an exhibition &#8211; competition called &#8220;Textile Art in La Paloma Park\u201d on the 8-9th September.<\/p>","protected":false},"excerpt":{"rendered":"<p>The cultural association Lucky Quilters International of Benalm\u00e1dena is organizing the II International Festival of Textile Art in the incomparable setting of the Bil-Bil Castle (Benalm\u00e1dena Costa) from the 7th to the 16th September to help the Cudeca Cancer Care Hospice. &nbsp; Last year, the I Edition was held in the same location and was [&hellip;]<\/p>\n","protected":false},"author":5,"featured_media":18316,"comment_status":"open","ping_status":"open","sticky":false,"template":"","format":"standard","meta":[],"categories":[12],"tags":[],"yoast_head":"<!-- This site is optimized with the Yoast SEO plugin v19.4 - https:\/\/yoast.com\/wordpress\/plugins\/seo\/ -->\n<title>II International Textile Art Festival in Benalm\u00e1dena in aid of CUDECA. - Cudeca Cancer Care Hospice<\/title>\n<meta name=\"robots\" content=\"index, follow, max-snippet:-1, max-image-preview:large, max-video-preview:-1\" \/>\n<link rel=\"canonical\" href=\"https:\/\/www.cudeca.org\/actualidad\/ii-festival-internacional-de-arte-textil-en-benalmadena-a-beneficio-de-cudeca\/\" \/>\n<meta property=\"og:locale\" content=\"en_US\" \/>\n<meta property=\"og:type\" content=\"article\" \/>\n<meta property=\"og:title\" content=\"II International Textile Art Festival in Benalm\u00e1dena in aid of CUDECA. - Cudeca Cancer Care Hospice\" \/>\n<meta property=\"og:description\" content=\"The cultural association Lucky Quilters International of Benalm\u00e1dena is organizing the II International Festival of Textile Art in the incomparable setting of the Bil-Bil Castle (Benalm\u00e1dena Costa) from the 7th to the 16th September to help the Cudeca Cancer Care Hospice. &nbsp; Last year, the I Edition was held in the same location and was [&hellip;]\" \/>\n<meta property=\"og:url\" content=\"https:\/\/www.cudeca.org\/actualidad\/ii-festival-internacional-de-arte-textil-en-benalmadena-a-beneficio-de-cudeca\/\" \/>\n<meta property=\"og:site_name\" content=\"Cudeca Cancer Care Hospice\" \/>\n<meta property=\"article:publisher\" content=\"https:\/\/www.facebook.com\/AmigosDeCudeca\" \/>\n<meta property=\"article:published_time\" content=\"2018-08-27T08:21:27+00:00\" \/>\n<meta property=\"article:modified_time\" content=\"2018-09-04T15:15:11+00:00\" \/>\n<meta property=\"og:image\" content=\"https:\/\/www.cudeca.org\/wp-content\/uploads\/2018\/08\/Unknown.jpeg\" \/>\n\t<meta property=\"og:image:width\" content=\"1078\" \/>\n\t<meta property=\"og:image:height\" content=\"1536\" \/>\n\t<meta property=\"og:image:type\" content=\"image\/jpeg\" \/>\n<meta name=\"author\" content=\"Jorge Lopez\" \/>\n<meta name=\"twitter:card\" content=\"summary_large_image\" \/>\n<meta name=\"twitter:creator\" content=\"@cudeca\" \/>\n<meta name=\"twitter:site\" content=\"@cudeca\" \/>\n<meta name=\"twitter:label1\" content=\"Written by\" \/>\n\t<meta name=\"twitter:data1\" content=\"Jorge Lopez\" \/>\n\t<meta name=\"twitter:label2\" content=\"Est. reading time\" \/>\n\t<meta name=\"twitter:data2\" content=\"3 minutes\" \/>\n<script type=\"application\/ld+json\" class=\"yoast-schema-graph\">{\"@context\":\"https:\/\/schema.org\",\"@graph\":[{\"@type\":\"Organization\",\"@id\":\"https:\/\/www.cudeca.org\/#organization\",\"name\":\"Fundaci\u00f3n Cudeca\",\"url\":\"https:\/\/www.cudeca.org\/\",\"sameAs\":[\"https:\/\/www.youtube.com\/c\/cudecamalaga\",\"https:\/\/www.facebook.com\/AmigosDeCudeca\",\"https:\/\/twitter.com\/cudeca\"],\"logo\":{\"@type\":\"ImageObject\",\"inLanguage\":\"en-US\",\"@id\":\"https:\/\/www.cudeca.org\/#\/schema\/logo\/image\/\",\"url\":\"https:\/\/www.cudeca.org\/wp-content\/uploads\/2018\/02\/cudeca-logo.png\",\"contentUrl\":\"https:\/\/www.cudeca.org\/wp-content\/uploads\/2018\/02\/cudeca-logo.png\",\"width\":2121,\"height\":984,\"caption\":\"Fundaci\u00f3n Cudeca\"},\"image\":{\"@id\":\"https:\/\/www.cudeca.org\/#\/schema\/logo\/image\/\"}},{\"@type\":\"WebSite\",\"@id\":\"https:\/\/www.cudeca.org\/#website\",\"url\":\"https:\/\/www.cudeca.org\/\",\"name\":\"Fundaci\u00f3n Cudeca\",\"description\":\"Cudeca Hospice\",\"publisher\":{\"@id\":\"https:\/\/www.cudeca.org\/#organization\"},\"potentialAction\":[{\"@type\":\"SearchAction\",\"target\":{\"@type\":\"EntryPoint\",\"urlTemplate\":\"https:\/\/www.cudeca.org\/?s={search_term_string}\"},\"query-input\":\"required name=search_term_string\"}],\"inLanguage\":\"en-US\"},{\"@type\":\"WebPage\",\"@id\":\"https:\/\/www.cudeca.org\/actualidad\/ii-festival-internacional-de-arte-textil-en-benalmadena-a-beneficio-de-cudeca\/\",\"url\":\"https:\/\/www.cudeca.org\/actualidad\/ii-festival-internacional-de-arte-textil-en-benalmadena-a-beneficio-de-cudeca\/\",\"name\":\"II International Textile Art Festival in Benalm\u00e1dena in aid of CUDECA. - Cudeca Cancer Care Hospice\",\"isPartOf\":{\"@id\":\"https:\/\/www.cudeca.org\/#website\"},\"datePublished\":\"2018-08-27T08:21:27+00:00\",\"dateModified\":\"2018-09-04T15:15:11+00:00\",\"breadcrumb\":{\"@id\":\"https:\/\/www.cudeca.org\/actualidad\/ii-festival-internacional-de-arte-textil-en-benalmadena-a-beneficio-de-cudeca\/#breadcrumb\"},\"inLanguage\":\"en-US\",\"potentialAction\":[{\"@type\":\"ReadAction\",\"target\":[\"https:\/\/www.cudeca.org\/actualidad\/ii-festival-internacional-de-arte-textil-en-benalmadena-a-beneficio-de-cudeca\/\"]}]},{\"@type\":\"BreadcrumbList\",\"@id\":\"https:\/\/www.cudeca.org\/actualidad\/ii-festival-internacional-de-arte-textil-en-benalmadena-a-beneficio-de-cudeca\/#breadcrumb\",\"itemListElement\":[{\"@type\":\"ListItem\",\"position\":1,\"name\":\"Portada\",\"item\":\"https:\/\/www.cudeca.org\/\"},{\"@type\":\"ListItem\",\"position\":2,\"name\":\"II Festival Internacional de Arte Textil en Benalm\u00e1dena, a beneficio de CUDECA.\"}]},{\"@type\":\"Article\",\"@id\":\"https:\/\/www.cudeca.org\/actualidad\/ii-festival-internacional-de-arte-textil-en-benalmadena-a-beneficio-de-cudeca\/#article\",\"isPartOf\":{\"@id\":\"https:\/\/www.cudeca.org\/actualidad\/ii-festival-internacional-de-arte-textil-en-benalmadena-a-beneficio-de-cudeca\/\"},\"author\":{\"name\":\"Jorge Lopez\",\"@id\":\"https:\/\/www.cudeca.org\/#\/schema\/person\/ef584faee50c55adf49de08e703741fd\"},\"headline\":\"II International Textile Art Festival in Benalm\u00e1dena in aid of CUDECA.\",\"datePublished\":\"2018-08-27T08:21:27+00:00\",\"dateModified\":\"2018-09-04T15:15:11+00:00\",\"mainEntityOfPage\":{\"@id\":\"https:\/\/www.cudeca.org\/actualidad\/ii-festival-internacional-de-arte-textil-en-benalmadena-a-beneficio-de-cudeca\/\"},\"wordCount\":580,\"commentCount\":0,\"publisher\":{\"@id\":\"https:\/\/www.cudeca.org\/#organization\"},\"articleSection\":[\"\"],\"inLanguage\":\"en-US\",\"potentialAction\":[{\"@type\":\"CommentAction\",\"name\":\"Comment\",\"target\":[\"https:\/\/www.cudeca.org\/actualidad\/ii-festival-internacional-de-arte-textil-en-benalmadena-a-beneficio-de-cudeca\/#respond\"]}]},{\"@type\":\"Person\",\"@id\":\"https:\/\/www.cudeca.org\/#\/schema\/person\/ef584faee50c55adf49de08e703741fd\",\"name\":\"Jorge Lopez\",\"image\":{\"@type\":\"ImageObject\",\"inLanguage\":\"en-US\",\"@id\":\"https:\/\/www.cudeca.org\/#\/schema\/person\/image\/\",\"url\":\"https:\/\/secure.gravatar.com\/avatar\/f861e8975d384d76728a2976bb1626da?s=96&d=mm&r=g\",\"contentUrl\":\"https:\/\/secure.gravatar.com\/avatar\/f861e8975d384d76728a2976bb1626da?s=96&d=mm&r=g\",\"caption\":\"Jorge Lopez\"}}]}<\/script>\n<!-- \/ Yoast SEO plugin. -->","yoast_head_json":{"title":"II International Textile Art Festival in Benalm\u00e1dena in aid of CUDECA. - Cudeca Cancer Care Hospice","robots":{"index":"index","follow":"follow","max-snippet":"max-snippet:-1","max-image-preview":"max-image-preview:large","max-video-preview":"max-video-preview:-1"},"canonical":"https:\/\/www.cudeca.org\/actualidad\/ii-festival-internacional-de-arte-textil-en-benalmadena-a-beneficio-de-cudeca\/","og_locale":"en_US","og_type":"article","og_title":"II International Textile Art Festival in Benalm\u00e1dena in aid of CUDECA. - Cudeca Cancer Care Hospice","og_description":"The cultural association Lucky Quilters International of Benalm\u00e1dena is organizing the II International Festival of Textile Art in the incomparable setting of the Bil-Bil Castle (Benalm\u00e1dena Costa) from the 7th to the 16th September to help the Cudeca Cancer Care Hospice. &nbsp; Last year, the I Edition was held in the same location and was [&hellip;]","og_url":"https:\/\/www.cudeca.org\/actualidad\/ii-festival-internacional-de-arte-textil-en-benalmadena-a-beneficio-de-cudeca\/","og_site_name":"Cudeca Cancer Care Hospice","article_publisher":"https:\/\/www.facebook.com\/AmigosDeCudeca","article_published_time":"2018-08-27T08:21:27+00:00","article_modified_time":"2018-09-04T15:15:11+00:00","og_image":[{"width":1078,"height":1536,"url":"https:\/\/www.cudeca.org\/wp-content\/uploads\/2018\/08\/Unknown.jpeg","type":"image\/jpeg"}],"author":"Jorge Lopez","twitter_card":"summary_large_image","twitter_creator":"@cudeca","twitter_site":"@cudeca","twitter_misc":{"Written by":"Jorge Lopez","Est. reading time":"3 minutes"},"schema":{"@context":"https:\/\/schema.org","@graph":[{"@type":"Organization","@id":"https:\/\/www.cudeca.org\/#organization","name":"Fundaci\u00f3n Cudeca","url":"https:\/\/www.cudeca.org\/","sameAs":["https:\/\/www.youtube.com\/c\/cudecamalaga","https:\/\/www.facebook.com\/AmigosDeCudeca","https:\/\/twitter.com\/cudeca"],"logo":{"@type":"ImageObject","inLanguage":"en-US","@id":"https:\/\/www.cudeca.org\/#\/schema\/logo\/image\/","url":"https:\/\/www.cudeca.org\/wp-content\/uploads\/2018\/02\/cudeca-logo.png","contentUrl":"https:\/\/www.cudeca.org\/wp-content\/uploads\/2018\/02\/cudeca-logo.png","width":2121,"height":984,"caption":"Fundaci\u00f3n Cudeca"},"image":{"@id":"https:\/\/www.cudeca.org\/#\/schema\/logo\/image\/"}},{"@type":"WebSite","@id":"https:\/\/www.cudeca.org\/#website","url":"https:\/\/www.cudeca.org\/","name":"Fundaci\u00f3n Cudeca","description":"Cudeca Hospice","publisher":{"@id":"https:\/\/www.cudeca.org\/#organization"},"potentialAction":[{"@type":"SearchAction","target":{"@type":"EntryPoint","urlTemplate":"https:\/\/www.cudeca.org\/?s={search_term_string}"},"query-input":"required name=search_term_string"}],"inLanguage":"en-US"},{"@type":"WebPage","@id":"https:\/\/www.cudeca.org\/actualidad\/ii-festival-internacional-de-arte-textil-en-benalmadena-a-beneficio-de-cudeca\/","url":"https:\/\/www.cudeca.org\/actualidad\/ii-festival-internacional-de-arte-textil-en-benalmadena-a-beneficio-de-cudeca\/","name":"II International Textile Art Festival in Benalm\u00e1dena in aid of CUDECA. - Cudeca Cancer Care Hospice","isPartOf":{"@id":"https:\/\/www.cudeca.org\/#website"},"datePublished":"2018-08-27T08:21:27+00:00","dateModified":"2018-09-04T15:15:11+00:00","breadcrumb":{"@id":"https:\/\/www.cudeca.org\/actualidad\/ii-festival-internacional-de-arte-textil-en-benalmadena-a-beneficio-de-cudeca\/#breadcrumb"},"inLanguage":"en-US","potentialAction":[{"@type":"ReadAction","target":["https:\/\/www.cudeca.org\/actualidad\/ii-festival-internacional-de-arte-textil-en-benalmadena-a-beneficio-de-cudeca\/"]}]},{"@type":"BreadcrumbList","@id":"https:\/\/www.cudeca.org\/actualidad\/ii-festival-internacional-de-arte-textil-en-benalmadena-a-beneficio-de-cudeca\/#breadcrumb","itemListElement":[{"@type":"ListItem","position":1,"name":"Portada","item":"https:\/\/www.cudeca.org\/"},{"@type":"ListItem","position":2,"name":"II Festival Internacional de Arte Textil en Benalm\u00e1dena, a beneficio de CUDECA."}]},{"@type":"Article","@id":"https:\/\/www.cudeca.org\/actualidad\/ii-festival-internacional-de-arte-textil-en-benalmadena-a-beneficio-de-cudeca\/#article","isPartOf":{"@id":"https:\/\/www.cudeca.org\/actualidad\/ii-festival-internacional-de-arte-textil-en-benalmadena-a-beneficio-de-cudeca\/"},"author":{"name":"Jorge Lopez","@id":"https:\/\/www.cudeca.org\/#\/schema\/person\/ef584faee50c55adf49de08e703741fd"},"headline":"II International Textile Art Festival in Benalm\u00e1dena in aid of CUDECA.","datePublished":"2018-08-27T08:21:27+00:00","dateModified":"2018-09-04T15:15:11+00:00","mainEntityOfPage":{"@id":"https:\/\/www.cudeca.org\/actualidad\/ii-festival-internacional-de-arte-textil-en-benalmadena-a-beneficio-de-cudeca\/"},"wordCount":580,"commentCount":0,"publisher":{"@id":"https:\/\/www.cudeca.org\/#organization"},"articleSection":[""],"inLanguage":"en-US","potentialAction":[{"@type":"CommentAction","name":"Comment","target":["https:\/\/www.cudeca.org\/actualidad\/ii-festival-internacional-de-arte-textil-en-benalmadena-a-beneficio-de-cudeca\/#respond"]}]},{"@type":"Person","@id":"https:\/\/www.cudeca.org\/#\/schema\/person\/ef584faee50c55adf49de08e703741fd","name":"Jorge Lopez","image":{"@type":"ImageObject","inLanguage":"en-US","@id":"https:\/\/www.cudeca.org\/#\/schema\/person\/image\/","url":"https:\/\/secure.gravatar.com\/avatar\/f861e8975d384d76728a2976bb1626da?s=96&d=mm&r=g","contentUrl":"https:\/\/secure.gravatar.com\/avatar\/f861e8975d384d76728a2976bb1626da?s=96&d=mm&r=g","caption":"Jorge Lopez"}}]}},"_links":{"self":[{"href":"https:\/\/www.cudeca.org\/en\/wp-json\/wp\/v2\/posts\/18315"}],"collection":[{"href":"https:\/\/www.cudeca.org\/en\/wp-json\/wp\/v2\/posts"}],"about":[{"href":"https:\/\/www.cudeca.org\/en\/wp-json\/wp\/v2\/types\/post"}],"author":[{"embeddable":true,"href":"https:\/\/www.cudeca.org\/en\/wp-json\/wp\/v2\/users\/5"}],"replies":[{"embeddable":true,"href":"https:\/\/www.cudeca.org\/en\/wp-json\/wp\/v2\/comments?post=18315"}],"version-history":[{"count":3,"href":"https:\/\/www.cudeca.org\/en\/wp-json\/wp\/v2\/posts\/18315\/revisions"}],"predecessor-version":[{"id":18330,"href":"https:\/\/www.cudeca.org\/en\/wp-json\/wp\/v2\/posts\/18315\/revisions\/18330"}],"wp:featuredmedia":[{"embeddable":true,"href":"https:\/\/www.cudeca.org\/en\/wp-json\/wp\/v2\/media\/18316"}],"wp:attachment":[{"href":"https:\/\/www.cudeca.org\/en\/wp-json\/wp\/v2\/media?parent=18315"}],"wp:term":[{"taxonomy":"category","embeddable":true,"href":"https:\/\/www.cudeca.org\/en\/wp-json\/wp\/v2\/categories?post=18315"},{"taxonomy":"post_tag","embeddable":true,"href":"https:\/\/www.cudeca.org\/en\/wp-json\/wp\/v2\/tags?post=18315"}],"curies":[{"name":"wp","href":"https:\/\/api.w.org\/{rel}","templated":true}]}}