{"id":18036,"date":"2018-07-12T10:44:50","date_gmt":"2018-07-12T10:44:50","guid":{"rendered":"https:\/\/www.cudeca.org\/en\/?p=18036"},"modified":"2018-07-27T07:30:47","modified_gmt":"2018-07-27T07:30:47","slug":"an-unrivalled-experience-at-the-daniel-casares-charity-concert-at-the-buchinger-wilhelmi-marbella-clinic","status":"publish","type":"post","link":"https:\/\/www.cudeca.org\/en\/actualidad\/an-unrivalled-experience-at-the-daniel-casares-charity-concert-at-the-buchinger-wilhelmi-marbella-clinic\/","title":{"rendered":"An unrivalled experience at the Daniel Casares charity concert  at the Buchinger Wilhelmi Marbella Clinic"},"content":{"rendered":"<div class=\"wpb-content-wrapper\"><p>[vc_row][vc_column][vc_column_text]On Saturday 7th July, more than a hundred people gathered in the beautiful gardens of the prestigious <a href=\"https:\/\/www.buchinger-wilhelmi.com\/en\">Buchinger Wilhelmi Marbella Clinic<\/a> to enjoy <a href=\"http:\/\/www.danielcasares.com\/\">Daniel Casares<\/a>&#8216; flamenco charity concert, raising more than \u20ac2,000 entirely to help us.<\/p>\n<p>&nbsp;<\/p>\n<p>On arrival, attendees were awarded our sunflower symbol. The event began with a welcome brief speech from the director of the clinic, Katharina Rohrer, who thanked the attendees for their support of the admirable work of the Cudeca Hospice.<\/p>\n<p>&nbsp;<\/p>\n<p><strong><img loading=\"lazy\" class=\"alignnone size-medium wp-image-18046\" src=\"https:\/\/www.cudeca.org\/wp-content\/uploads\/2018\/07\/36856031_838202859713446_7317589662007033856_o-300x200.jpg\" alt=\"\" width=\"300\" height=\"200\" srcset=\"https:\/\/www.cudeca.org\/wp-content\/uploads\/2018\/07\/36856031_838202859713446_7317589662007033856_o-300x200.jpg 300w, https:\/\/www.cudeca.org\/wp-content\/uploads\/2018\/07\/36856031_838202859713446_7317589662007033856_o-768x512.jpg 768w, https:\/\/www.cudeca.org\/wp-content\/uploads\/2018\/07\/36856031_838202859713446_7317589662007033856_o-1024x683.jpg 1024w, https:\/\/www.cudeca.org\/wp-content\/uploads\/2018\/07\/36856031_838202859713446_7317589662007033856_o.jpg 1500w\" sizes=\"(max-width: 300px) 85vw, 300px\" \/><img loading=\"lazy\" class=\"alignnone size-medium wp-image-18048\" src=\"https:\/\/www.cudeca.org\/wp-content\/uploads\/2018\/07\/36862002_838202239713508_3188673253438652416_o-300x200.jpg\" alt=\"\" width=\"300\" height=\"200\" srcset=\"https:\/\/www.cudeca.org\/wp-content\/uploads\/2018\/07\/36862002_838202239713508_3188673253438652416_o-300x200.jpg 300w, https:\/\/www.cudeca.org\/wp-content\/uploads\/2018\/07\/36862002_838202239713508_3188673253438652416_o-768x512.jpg 768w, https:\/\/www.cudeca.org\/wp-content\/uploads\/2018\/07\/36862002_838202239713508_3188673253438652416_o-1024x683.jpg 1024w, https:\/\/www.cudeca.org\/wp-content\/uploads\/2018\/07\/36862002_838202239713508_3188673253438652416_o.jpg 1500w\" sizes=\"(max-width: 300px) 85vw, 300px\" \/><img loading=\"lazy\" class=\"alignnone size-medium wp-image-18049\" src=\"https:\/\/www.cudeca.org\/wp-content\/uploads\/2018\/07\/36916360_838203363046729_4350327517479960576_o-300x200.jpg\" alt=\"\" width=\"300\" height=\"200\" srcset=\"https:\/\/www.cudeca.org\/wp-content\/uploads\/2018\/07\/36916360_838203363046729_4350327517479960576_o-300x200.jpg 300w, https:\/\/www.cudeca.org\/wp-content\/uploads\/2018\/07\/36916360_838203363046729_4350327517479960576_o-768x512.jpg 768w, https:\/\/www.cudeca.org\/wp-content\/uploads\/2018\/07\/36916360_838203363046729_4350327517479960576_o-1024x683.jpg 1024w, https:\/\/www.cudeca.org\/wp-content\/uploads\/2018\/07\/36916360_838203363046729_4350327517479960576_o.jpg 1500w\" sizes=\"(max-width: 300px) 85vw, 300px\" \/>\u00a0<\/strong>[\/vc_column_text][\/vc_column][\/vc_row][vc_row][vc_column][vc_column_text]The CUDECA representative, Assumpta Eceiza Nebreda, Financial and Facilities Manager of CUDECA, pointed out that there were many years of collaboration between CUDECA and the Buchinger Clinic and that &#8220;we hope that, with the help of Buchinger Wilhelmi Marbella, we can continue offering these excellent charity concerts for many more years&#8221;, stated she with enthusiasm.<\/p>\n<p>&nbsp;<\/p>\n<p>As for the musical repertoire offered by the artists, Daniel Casares&#8217; ensemble seduced the audience with themes from his new show, Palo Santo: &#8220;a mixture of feelings and musicality that makes this show a volcano of sensations&#8221;, according to the artist himself. Some other songs from his previous album, Picassares, were also performed during the evening. The spacious stage was set up in the centre of the main garden of the clinic surrounded by leafy cork oaks from which lanterns with candles were hung inside creating the right atmosphere to enjoy this charity recital. The attendees also had the opportunity to taste the exquisite natural juices of the Clinic.<\/p>\n<p>&nbsp;<\/p>\n<p>&nbsp;<\/p>\n<p><em>We would like to deeply thank the Buchinger Wilhelmi Marbella Clinic for organising this concert in a totally altruistic and supportive manner with the sole aim of raising funds to support the charity.<\/em><\/p>\n<p>&nbsp;<\/p>\n<p><a href=\"http:\/\/www.danielcasares.com\/\"><strong>About Daniel Casares<\/strong><\/a><\/p>\n<p>Daniel Casares&#8217; professional career is premature. At the age of 13, he took part in the recording of the collective album &#8220;A la Guitarra de Estepona&#8221;.<\/p>\n<p>&nbsp;<\/p>\n<p>At the age of 16, he was awarded the prestigious Bord\u00f3n minero de La Uni\u00f3n, becoming the youngest guitarist to date to achieve it. In addition, he won the Ja\u00e9n National Guitar Award and this made it possible for him to record his first album, Duende Flamenco, that same year, although it would not be released until 1999, when he was 19 years old. He was named &#8220;Musical Revelation&#8221; of 2005 in New York, recognition granted by the association of show chroniclers ACE. In 2010 he was chosen by an international delegation to represent European culture at the media launch gala at Expo 2010 in Shanghai.<\/p>\n<p>&nbsp;<\/p>\n<p>Daniel Casares has collaborated countless times with other artists such as Alejandro Sanz, Antonio Orozco, Jos\u00e9 Merc\u00e9, Pasi\u00f3n Vega, among many others. In addition, he attends the best guitar, jazz, flamenco and Worldmusic festivals every year. More information: <a href=\"http:\/\/www.danielcasares.com\/content\/biografia_daniel_casares\">http:\/\/www.danielcasares.com\/content\/biografia_daniel_casares<\/a><\/p>\n<p>&nbsp;<\/p>\n<p>&nbsp;<\/p>\n<p>[\/vc_column_text][\/vc_column][\/vc_row]<\/p>\n<\/div>","protected":false},"excerpt":{"rendered":"<p>[vc_row][vc_column][vc_column_text]On Saturday 7th July, more than a hundred people gathered in the beautiful gardens of the prestigious Buchinger Wilhelmi Marbella Clinic to enjoy Daniel Casares&#8216; flamenco charity concert, raising more than \u20ac2,000 entirely to help us. &nbsp; On arrival, attendees were awarded our sunflower symbol. The event began with a welcome brief speech from the [&hellip;]<\/p>\n","protected":false},"author":6,"featured_media":0,"comment_status":"open","ping_status":"open","sticky":false,"template":"","format":"standard","meta":[],"categories":[15],"tags":[],"yoast_head":"<!-- This site is optimized with the Yoast SEO plugin v19.4 - https:\/\/yoast.com\/wordpress\/plugins\/seo\/ -->\n<title>An unrivalled experience at the Daniel Casares charity concert at the Buchinger Wilhelmi Marbella Clinic - Cudeca Cancer Care Hospice<\/title>\n<meta name=\"robots\" content=\"index, follow, max-snippet:-1, max-image-preview:large, max-video-preview:-1\" \/>\n<link rel=\"canonical\" href=\"https:\/\/www.cudeca.org\/actualidad\/an-unrivalled-experience-at-the-daniel-casares-charity-concert-at-the-buchinger-wilhelmi-marbella-clinic\/\" \/>\n<meta property=\"og:locale\" content=\"en_US\" \/>\n<meta property=\"og:type\" content=\"article\" \/>\n<meta property=\"og:title\" content=\"An unrivalled experience at the Daniel Casares charity concert at the Buchinger Wilhelmi Marbella Clinic - Cudeca Cancer Care Hospice\" \/>\n<meta property=\"og:description\" content=\"[vc_row][vc_column][vc_column_text]On Saturday 7th July, more than a hundred people gathered in the beautiful gardens of the prestigious Buchinger Wilhelmi Marbella Clinic to enjoy Daniel Casares&#8216; flamenco charity concert, raising more than \u20ac2,000 entirely to help us. &nbsp; On arrival, attendees were awarded our sunflower symbol. The event began with a welcome brief speech from the [&hellip;]\" \/>\n<meta property=\"og:url\" content=\"https:\/\/www.cudeca.org\/actualidad\/an-unrivalled-experience-at-the-daniel-casares-charity-concert-at-the-buchinger-wilhelmi-marbella-clinic\/\" \/>\n<meta property=\"og:site_name\" content=\"Cudeca Cancer Care Hospice\" \/>\n<meta property=\"article:publisher\" content=\"https:\/\/www.facebook.com\/AmigosDeCudeca\" \/>\n<meta property=\"article:published_time\" content=\"2018-07-12T10:44:50+00:00\" \/>\n<meta property=\"article:modified_time\" content=\"2018-07-27T07:30:47+00:00\" \/>\n<meta property=\"og:image\" content=\"https:\/\/www.cudeca.org\/wp-content\/uploads\/2018\/07\/36856031_838202859713446_7317589662007033856_o-2-300x200.jpg\" \/>\n<meta name=\"author\" content=\"Esther\" \/>\n<meta name=\"twitter:card\" content=\"summary_large_image\" \/>\n<meta name=\"twitter:creator\" content=\"@cudeca\" \/>\n<meta name=\"twitter:site\" content=\"@cudeca\" \/>\n<meta name=\"twitter:label1\" content=\"Written by\" \/>\n\t<meta name=\"twitter:data1\" content=\"Esther\" \/>\n\t<meta name=\"twitter:label2\" content=\"Est. reading time\" \/>\n\t<meta name=\"twitter:data2\" content=\"5 minutes\" \/>\n<script type=\"application\/ld+json\" class=\"yoast-schema-graph\">{\"@context\":\"https:\/\/schema.org\",\"@graph\":[{\"@type\":\"Organization\",\"@id\":\"https:\/\/www.cudeca.org\/#organization\",\"name\":\"Fundaci\u00f3n Cudeca\",\"url\":\"https:\/\/www.cudeca.org\/\",\"sameAs\":[\"https:\/\/www.youtube.com\/c\/cudecamalaga\",\"https:\/\/www.facebook.com\/AmigosDeCudeca\",\"https:\/\/twitter.com\/cudeca\"],\"logo\":{\"@type\":\"ImageObject\",\"inLanguage\":\"en-US\",\"@id\":\"https:\/\/www.cudeca.org\/#\/schema\/logo\/image\/\",\"url\":\"https:\/\/www.cudeca.org\/wp-content\/uploads\/2018\/02\/cudeca-logo.png\",\"contentUrl\":\"https:\/\/www.cudeca.org\/wp-content\/uploads\/2018\/02\/cudeca-logo.png\",\"width\":2121,\"height\":984,\"caption\":\"Fundaci\u00f3n Cudeca\"},\"image\":{\"@id\":\"https:\/\/www.cudeca.org\/#\/schema\/logo\/image\/\"}},{\"@type\":\"WebSite\",\"@id\":\"https:\/\/www.cudeca.org\/#website\",\"url\":\"https:\/\/www.cudeca.org\/\",\"name\":\"Fundaci\u00f3n Cudeca\",\"description\":\"Cudeca Hospice\",\"publisher\":{\"@id\":\"https:\/\/www.cudeca.org\/#organization\"},\"potentialAction\":[{\"@type\":\"SearchAction\",\"target\":{\"@type\":\"EntryPoint\",\"urlTemplate\":\"https:\/\/www.cudeca.org\/?s={search_term_string}\"},\"query-input\":\"required name=search_term_string\"}],\"inLanguage\":\"en-US\"},{\"@type\":\"WebPage\",\"@id\":\"https:\/\/www.cudeca.org\/actualidad\/an-unrivalled-experience-at-the-daniel-casares-charity-concert-at-the-buchinger-wilhelmi-marbella-clinic\/\",\"url\":\"https:\/\/www.cudeca.org\/actualidad\/an-unrivalled-experience-at-the-daniel-casares-charity-concert-at-the-buchinger-wilhelmi-marbella-clinic\/\",\"name\":\"An unrivalled experience at the Daniel Casares charity concert at the Buchinger Wilhelmi Marbella Clinic - Cudeca Cancer Care Hospice\",\"isPartOf\":{\"@id\":\"https:\/\/www.cudeca.org\/#website\"},\"datePublished\":\"2018-07-12T10:44:50+00:00\",\"dateModified\":\"2018-07-27T07:30:47+00:00\",\"breadcrumb\":{\"@id\":\"https:\/\/www.cudeca.org\/actualidad\/an-unrivalled-experience-at-the-daniel-casares-charity-concert-at-the-buchinger-wilhelmi-marbella-clinic\/#breadcrumb\"},\"inLanguage\":\"en-US\",\"potentialAction\":[{\"@type\":\"ReadAction\",\"target\":[\"https:\/\/www.cudeca.org\/actualidad\/an-unrivalled-experience-at-the-daniel-casares-charity-concert-at-the-buchinger-wilhelmi-marbella-clinic\/\"]}]},{\"@type\":\"BreadcrumbList\",\"@id\":\"https:\/\/www.cudeca.org\/actualidad\/an-unrivalled-experience-at-the-daniel-casares-charity-concert-at-the-buchinger-wilhelmi-marbella-clinic\/#breadcrumb\",\"itemListElement\":[{\"@type\":\"ListItem\",\"position\":1,\"name\":\"Portada\",\"item\":\"https:\/\/www.cudeca.org\/\"},{\"@type\":\"ListItem\",\"position\":2,\"name\":\"Emociones a flor de piel en el concierto de Daniel Casares en Buchinger Wilhelmi Marbella\"}]},{\"@type\":\"Article\",\"@id\":\"https:\/\/www.cudeca.org\/actualidad\/an-unrivalled-experience-at-the-daniel-casares-charity-concert-at-the-buchinger-wilhelmi-marbella-clinic\/#article\",\"isPartOf\":{\"@id\":\"https:\/\/www.cudeca.org\/actualidad\/an-unrivalled-experience-at-the-daniel-casares-charity-concert-at-the-buchinger-wilhelmi-marbella-clinic\/\"},\"author\":{\"name\":\"Esther\",\"@id\":\"https:\/\/www.cudeca.org\/#\/schema\/person\/0a250b4dd0c3a661b9e843eec8eb190f\"},\"headline\":\"An unrivalled experience at the Daniel Casares charity concert at the Buchinger Wilhelmi Marbella Clinic\",\"datePublished\":\"2018-07-12T10:44:50+00:00\",\"dateModified\":\"2018-07-27T07:30:47+00:00\",\"mainEntityOfPage\":{\"@id\":\"https:\/\/www.cudeca.org\/actualidad\/an-unrivalled-experience-at-the-daniel-casares-charity-concert-at-the-buchinger-wilhelmi-marbella-clinic\/\"},\"wordCount\":1052,\"commentCount\":0,\"publisher\":{\"@id\":\"https:\/\/www.cudeca.org\/#organization\"},\"articleSection\":[\"\"],\"inLanguage\":\"en-US\",\"potentialAction\":[{\"@type\":\"CommentAction\",\"name\":\"Comment\",\"target\":[\"https:\/\/www.cudeca.org\/actualidad\/an-unrivalled-experience-at-the-daniel-casares-charity-concert-at-the-buchinger-wilhelmi-marbella-clinic\/#respond\"]}]},{\"@type\":\"Person\",\"@id\":\"https:\/\/www.cudeca.org\/#\/schema\/person\/0a250b4dd0c3a661b9e843eec8eb190f\",\"name\":\"Esther\",\"image\":{\"@type\":\"ImageObject\",\"inLanguage\":\"en-US\",\"@id\":\"https:\/\/www.cudeca.org\/#\/schema\/person\/image\/\",\"url\":\"https:\/\/secure.gravatar.com\/avatar\/b4d1f8d9c1e0ea63e4c07e4fcefb9157?s=96&d=mm&r=g\",\"contentUrl\":\"https:\/\/secure.gravatar.com\/avatar\/b4d1f8d9c1e0ea63e4c07e4fcefb9157?s=96&d=mm&r=g\",\"caption\":\"Esther\"}}]}<\/script>\n<!-- \/ Yoast SEO plugin. -->","yoast_head_json":{"title":"An unrivalled experience at the Daniel Casares charity concert at the Buchinger Wilhelmi Marbella Clinic - Cudeca Cancer Care Hospice","robots":{"index":"index","follow":"follow","max-snippet":"max-snippet:-1","max-image-preview":"max-image-preview:large","max-video-preview":"max-video-preview:-1"},"canonical":"https:\/\/www.cudeca.org\/actualidad\/an-unrivalled-experience-at-the-daniel-casares-charity-concert-at-the-buchinger-wilhelmi-marbella-clinic\/","og_locale":"en_US","og_type":"article","og_title":"An unrivalled experience at the Daniel Casares charity concert at the Buchinger Wilhelmi Marbella Clinic - Cudeca Cancer Care Hospice","og_description":"[vc_row][vc_column][vc_column_text]On Saturday 7th July, more than a hundred people gathered in the beautiful gardens of the prestigious Buchinger Wilhelmi Marbella Clinic to enjoy Daniel Casares&#8216; flamenco charity concert, raising more than \u20ac2,000 entirely to help us. &nbsp; On arrival, attendees were awarded our sunflower symbol. The event began with a welcome brief speech from the [&hellip;]","og_url":"https:\/\/www.cudeca.org\/actualidad\/an-unrivalled-experience-at-the-daniel-casares-charity-concert-at-the-buchinger-wilhelmi-marbella-clinic\/","og_site_name":"Cudeca Cancer Care Hospice","article_publisher":"https:\/\/www.facebook.com\/AmigosDeCudeca","article_published_time":"2018-07-12T10:44:50+00:00","article_modified_time":"2018-07-27T07:30:47+00:00","og_image":[{"url":"https:\/\/www.cudeca.org\/wp-content\/uploads\/2018\/07\/36856031_838202859713446_7317589662007033856_o-2-300x200.jpg"}],"author":"Esther","twitter_card":"summary_large_image","twitter_creator":"@cudeca","twitter_site":"@cudeca","twitter_misc":{"Written by":"Esther","Est. reading time":"5 minutes"},"schema":{"@context":"https:\/\/schema.org","@graph":[{"@type":"Organization","@id":"https:\/\/www.cudeca.org\/#organization","name":"Fundaci\u00f3n Cudeca","url":"https:\/\/www.cudeca.org\/","sameAs":["https:\/\/www.youtube.com\/c\/cudecamalaga","https:\/\/www.facebook.com\/AmigosDeCudeca","https:\/\/twitter.com\/cudeca"],"logo":{"@type":"ImageObject","inLanguage":"en-US","@id":"https:\/\/www.cudeca.org\/#\/schema\/logo\/image\/","url":"https:\/\/www.cudeca.org\/wp-content\/uploads\/2018\/02\/cudeca-logo.png","contentUrl":"https:\/\/www.cudeca.org\/wp-content\/uploads\/2018\/02\/cudeca-logo.png","width":2121,"height":984,"caption":"Fundaci\u00f3n Cudeca"},"image":{"@id":"https:\/\/www.cudeca.org\/#\/schema\/logo\/image\/"}},{"@type":"WebSite","@id":"https:\/\/www.cudeca.org\/#website","url":"https:\/\/www.cudeca.org\/","name":"Fundaci\u00f3n Cudeca","description":"Cudeca Hospice","publisher":{"@id":"https:\/\/www.cudeca.org\/#organization"},"potentialAction":[{"@type":"SearchAction","target":{"@type":"EntryPoint","urlTemplate":"https:\/\/www.cudeca.org\/?s={search_term_string}"},"query-input":"required name=search_term_string"}],"inLanguage":"en-US"},{"@type":"WebPage","@id":"https:\/\/www.cudeca.org\/actualidad\/an-unrivalled-experience-at-the-daniel-casares-charity-concert-at-the-buchinger-wilhelmi-marbella-clinic\/","url":"https:\/\/www.cudeca.org\/actualidad\/an-unrivalled-experience-at-the-daniel-casares-charity-concert-at-the-buchinger-wilhelmi-marbella-clinic\/","name":"An unrivalled experience at the Daniel Casares charity concert at the Buchinger Wilhelmi Marbella Clinic - Cudeca Cancer Care Hospice","isPartOf":{"@id":"https:\/\/www.cudeca.org\/#website"},"datePublished":"2018-07-12T10:44:50+00:00","dateModified":"2018-07-27T07:30:47+00:00","breadcrumb":{"@id":"https:\/\/www.cudeca.org\/actualidad\/an-unrivalled-experience-at-the-daniel-casares-charity-concert-at-the-buchinger-wilhelmi-marbella-clinic\/#breadcrumb"},"inLanguage":"en-US","potentialAction":[{"@type":"ReadAction","target":["https:\/\/www.cudeca.org\/actualidad\/an-unrivalled-experience-at-the-daniel-casares-charity-concert-at-the-buchinger-wilhelmi-marbella-clinic\/"]}]},{"@type":"BreadcrumbList","@id":"https:\/\/www.cudeca.org\/actualidad\/an-unrivalled-experience-at-the-daniel-casares-charity-concert-at-the-buchinger-wilhelmi-marbella-clinic\/#breadcrumb","itemListElement":[{"@type":"ListItem","position":1,"name":"Portada","item":"https:\/\/www.cudeca.org\/"},{"@type":"ListItem","position":2,"name":"Emociones a flor de piel en el concierto de Daniel Casares en Buchinger Wilhelmi Marbella"}]},{"@type":"Article","@id":"https:\/\/www.cudeca.org\/actualidad\/an-unrivalled-experience-at-the-daniel-casares-charity-concert-at-the-buchinger-wilhelmi-marbella-clinic\/#article","isPartOf":{"@id":"https:\/\/www.cudeca.org\/actualidad\/an-unrivalled-experience-at-the-daniel-casares-charity-concert-at-the-buchinger-wilhelmi-marbella-clinic\/"},"author":{"name":"Esther","@id":"https:\/\/www.cudeca.org\/#\/schema\/person\/0a250b4dd0c3a661b9e843eec8eb190f"},"headline":"An unrivalled experience at the Daniel Casares charity concert at the Buchinger Wilhelmi Marbella Clinic","datePublished":"2018-07-12T10:44:50+00:00","dateModified":"2018-07-27T07:30:47+00:00","mainEntityOfPage":{"@id":"https:\/\/www.cudeca.org\/actualidad\/an-unrivalled-experience-at-the-daniel-casares-charity-concert-at-the-buchinger-wilhelmi-marbella-clinic\/"},"wordCount":1052,"commentCount":0,"publisher":{"@id":"https:\/\/www.cudeca.org\/#organization"},"articleSection":[""],"inLanguage":"en-US","potentialAction":[{"@type":"CommentAction","name":"Comment","target":["https:\/\/www.cudeca.org\/actualidad\/an-unrivalled-experience-at-the-daniel-casares-charity-concert-at-the-buchinger-wilhelmi-marbella-clinic\/#respond"]}]},{"@type":"Person","@id":"https:\/\/www.cudeca.org\/#\/schema\/person\/0a250b4dd0c3a661b9e843eec8eb190f","name":"Esther","image":{"@type":"ImageObject","inLanguage":"en-US","@id":"https:\/\/www.cudeca.org\/#\/schema\/person\/image\/","url":"https:\/\/secure.gravatar.com\/avatar\/b4d1f8d9c1e0ea63e4c07e4fcefb9157?s=96&d=mm&r=g","contentUrl":"https:\/\/secure.gravatar.com\/avatar\/b4d1f8d9c1e0ea63e4c07e4fcefb9157?s=96&d=mm&r=g","caption":"Esther"}}]}},"_links":{"self":[{"href":"https:\/\/www.cudeca.org\/en\/wp-json\/wp\/v2\/posts\/18036"}],"collection":[{"href":"https:\/\/www.cudeca.org\/en\/wp-json\/wp\/v2\/posts"}],"about":[{"href":"https:\/\/www.cudeca.org\/en\/wp-json\/wp\/v2\/types\/post"}],"author":[{"embeddable":true,"href":"https:\/\/www.cudeca.org\/en\/wp-json\/wp\/v2\/users\/6"}],"replies":[{"embeddable":true,"href":"https:\/\/www.cudeca.org\/en\/wp-json\/wp\/v2\/comments?post=18036"}],"version-history":[{"count":9,"href":"https:\/\/www.cudeca.org\/en\/wp-json\/wp\/v2\/posts\/18036\/revisions"}],"predecessor-version":[{"id":18136,"href":"https:\/\/www.cudeca.org\/en\/wp-json\/wp\/v2\/posts\/18036\/revisions\/18136"}],"wp:attachment":[{"href":"https:\/\/www.cudeca.org\/en\/wp-json\/wp\/v2\/media?parent=18036"}],"wp:term":[{"taxonomy":"category","embeddable":true,"href":"https:\/\/www.cudeca.org\/en\/wp-json\/wp\/v2\/categories?post=18036"},{"taxonomy":"post_tag","embeddable":true,"href":"https:\/\/www.cudeca.org\/en\/wp-json\/wp\/v2\/tags?post=18036"}],"curies":[{"name":"wp","href":"https:\/\/api.w.org\/{rel}","templated":true}]}}