{"id":17134,"date":"2018-03-31T11:10:02","date_gmt":"2018-03-31T11:10:02","guid":{"rendered":"https:\/\/www.cudeca.org\/?p=17134"},"modified":"2018-04-02T14:08:01","modified_gmt":"2018-04-02T14:08:01","slug":"nuevo-apoyo-la-fundacion-lagrimas-favores","status":"publish","type":"post","link":"https:\/\/www.cudeca.org\/en\/actualidad\/nuevo-apoyo-de-la-fundacion-lagrimas-y-favores\/","title":{"rendered":"Lagrimas y Favores Foundation supporting us again"},"content":{"rendered":"<p>On Friday 23 March, the <strong><a href=\"http:\/\/www.fundacionlagrimasyfavores.org\/\">L\u00e1grimas y Favores Foundation<\/a><\/strong>, chaired by Antonio Banderas, presented a cheque to the Cudeca Hospice during a gala dinner organised in the Diputaci\u00f3n de M\u00e1laga.<\/p>\n<p>Dr. Marisa Mart\u00edn, Executive Chief &amp; Medical Director of CUDECA, received a cheque for 35,000\u20ac from Antonio Banderas.<\/p>\n<p>Likewise, \u20ac80,000 were given to the University of Malaga, \u20ac45,000 to Caritas, \u20ac20,000\u00a0to the Corinto Foundation and \u20ac10,000 in aid of the Diocesan Seminary.<\/p>\n<p>Numerous personalities from Malaga society accompanied us in this important event:\u00a0 The mayor of Malaga, Francisco de la Torre; the delegate of the Government of the Junta de Andaluc\u00eda, Jos\u00e9 Luis Ruiz Espejo; the vice-president of the Diputaci\u00f3n, Ana Carmen Mata; the national deputy, Carolina Espa\u00f1a; the president of the Agrupaci\u00f3n, Pablo Atencia; the president of the Cajasol Foundation, Antonio Pulido; the provincial deputy, Kika Caracuel and the councillor of Economy, Mar\u00eda del Mar Mart\u00edn Rojo; entertainners such as Sara Baras, David de Mar\u00eda and Nuria Ferg\u00f3, who also performed for all present, as for \u00a0well-known businessmen, Eldest Brothers from Brotherhoods and almost 300 people in the audience?<\/p>\n<p>The<strong> L\u00e1grimas y Favores Foundation<\/strong> was set up in 2010 as a social commitment to all the people of Malaga and as a project to materialize the work of the Malaga brotherhoods, highlighting their social dedication throughout the year as a model of Holy Week in the 21st century.<\/p>\n<p>There are three main objectives: education through a collaboration agreement with the University of Malaga that offers financial resources to university students via scholarship programmes; help for the terminally ill in collaboration with the Cudeca Hospice and support to underprivileged families through Caritas parishes and the Corinto Foundation.<\/p>\n<p>We are always grateful for the\u00a0L\u00e1grimas y Favores Foundation unconditional support, so welcome and necessary for our foundation.<\/p>","protected":false},"excerpt":{"rendered":"<p>On Friday 23 March, the L\u00e1grimas y Favores Foundation, chaired by Antonio Banderas, presented a cheque to the Cudeca Hospice during a gala dinner organised in the Diputaci\u00f3n de M\u00e1laga. Dr. Marisa Mart\u00edn, Executive Chief &amp; Medical Director of CUDECA, received a cheque for 35,000\u20ac from Antonio Banderas. Likewise, \u20ac80,000 were given to the University [&hellip;]<\/p>\n","protected":false},"author":2,"featured_media":17135,"comment_status":"open","ping_status":"open","sticky":false,"template":"","format":"standard","meta":[],"categories":[15],"tags":[],"yoast_head":"<!-- This site is optimized with the Yoast SEO plugin v19.4 - https:\/\/yoast.com\/wordpress\/plugins\/seo\/ -->\n<title>Lagrimas y Favores Foundation supporting us again - Cudeca Cancer Care Hospice<\/title>\n<meta name=\"robots\" content=\"index, follow, max-snippet:-1, max-image-preview:large, max-video-preview:-1\" \/>\n<link rel=\"canonical\" href=\"https:\/\/www.cudeca.org\/en\/actualidad\/nuevo-apoyo-de-la-fundacion-lagrimas-y-favores\/\" \/>\n<meta property=\"og:locale\" content=\"en_US\" \/>\n<meta property=\"og:type\" content=\"article\" \/>\n<meta property=\"og:title\" content=\"Lagrimas y Favores Foundation supporting us again - Cudeca Cancer Care Hospice\" \/>\n<meta property=\"og:description\" content=\"On Friday 23 March, the L\u00e1grimas y Favores Foundation, chaired by Antonio Banderas, presented a cheque to the Cudeca Hospice during a gala dinner organised in the Diputaci\u00f3n de M\u00e1laga. Dr. Marisa Mart\u00edn, Executive Chief &amp; Medical Director of CUDECA, received a cheque for 35,000\u20ac from Antonio Banderas. Likewise, \u20ac80,000 were given to the University [&hellip;]\" \/>\n<meta property=\"og:url\" content=\"https:\/\/www.cudeca.org\/en\/actualidad\/nuevo-apoyo-de-la-fundacion-lagrimas-y-favores\/\" \/>\n<meta property=\"og:site_name\" content=\"Cudeca Cancer Care Hospice\" \/>\n<meta property=\"article:publisher\" content=\"https:\/\/www.facebook.com\/AmigosDeCudeca\" \/>\n<meta property=\"article:published_time\" content=\"2018-03-31T11:10:02+00:00\" \/>\n<meta property=\"article:modified_time\" content=\"2018-04-02T14:08:01+00:00\" \/>\n<meta property=\"og:image\" content=\"https:\/\/www.cudeca.org\/wp-content\/uploads\/2018\/03\/Fundaci\u00f3n-L\u00e1grimas-y-Favores-2018.jpg\" \/>\n\t<meta property=\"og:image:width\" content=\"1200\" \/>\n\t<meta property=\"og:image:height\" content=\"800\" \/>\n\t<meta property=\"og:image:type\" content=\"image\/jpeg\" \/>\n<meta name=\"author\" content=\"angel\" \/>\n<meta name=\"twitter:card\" content=\"summary_large_image\" \/>\n<meta name=\"twitter:creator\" content=\"@cudeca\" \/>\n<meta name=\"twitter:site\" content=\"@cudeca\" \/>\n<meta name=\"twitter:label1\" content=\"Written by\" \/>\n\t<meta name=\"twitter:data1\" content=\"angel\" \/>\n\t<meta name=\"twitter:label2\" content=\"Est. reading time\" \/>\n\t<meta name=\"twitter:data2\" content=\"4 minutes\" \/>\n<script type=\"application\/ld+json\" class=\"yoast-schema-graph\">{\"@context\":\"https:\/\/schema.org\",\"@graph\":[{\"@type\":\"Organization\",\"@id\":\"https:\/\/www.cudeca.org\/#organization\",\"name\":\"Fundaci\u00f3n Cudeca\",\"url\":\"https:\/\/www.cudeca.org\/\",\"sameAs\":[\"https:\/\/www.youtube.com\/c\/cudecamalaga\",\"https:\/\/www.facebook.com\/AmigosDeCudeca\",\"https:\/\/twitter.com\/cudeca\"],\"logo\":{\"@type\":\"ImageObject\",\"inLanguage\":\"en-US\",\"@id\":\"https:\/\/www.cudeca.org\/#\/schema\/logo\/image\/\",\"url\":\"https:\/\/www.cudeca.org\/wp-content\/uploads\/2018\/02\/cudeca-logo.png\",\"contentUrl\":\"https:\/\/www.cudeca.org\/wp-content\/uploads\/2018\/02\/cudeca-logo.png\",\"width\":2121,\"height\":984,\"caption\":\"Fundaci\u00f3n Cudeca\"},\"image\":{\"@id\":\"https:\/\/www.cudeca.org\/#\/schema\/logo\/image\/\"}},{\"@type\":\"WebSite\",\"@id\":\"https:\/\/www.cudeca.org\/#website\",\"url\":\"https:\/\/www.cudeca.org\/\",\"name\":\"Fundaci\u00f3n Cudeca\",\"description\":\"Cudeca Hospice\",\"publisher\":{\"@id\":\"https:\/\/www.cudeca.org\/#organization\"},\"potentialAction\":[{\"@type\":\"SearchAction\",\"target\":{\"@type\":\"EntryPoint\",\"urlTemplate\":\"https:\/\/www.cudeca.org\/?s={search_term_string}\"},\"query-input\":\"required name=search_term_string\"}],\"inLanguage\":\"en-US\"},{\"@type\":\"WebPage\",\"@id\":\"https:\/\/www.cudeca.org\/en\/actualidad\/nuevo-apoyo-de-la-fundacion-lagrimas-y-favores\/\",\"url\":\"https:\/\/www.cudeca.org\/en\/actualidad\/nuevo-apoyo-de-la-fundacion-lagrimas-y-favores\/\",\"name\":\"Lagrimas y Favores Foundation supporting us again - Cudeca Cancer Care Hospice\",\"isPartOf\":{\"@id\":\"https:\/\/www.cudeca.org\/#website\"},\"datePublished\":\"2018-03-31T11:10:02+00:00\",\"dateModified\":\"2018-04-02T14:08:01+00:00\",\"breadcrumb\":{\"@id\":\"https:\/\/www.cudeca.org\/en\/actualidad\/nuevo-apoyo-de-la-fundacion-lagrimas-y-favores\/#breadcrumb\"},\"inLanguage\":\"en-US\",\"potentialAction\":[{\"@type\":\"ReadAction\",\"target\":[\"https:\/\/www.cudeca.org\/en\/actualidad\/nuevo-apoyo-de-la-fundacion-lagrimas-y-favores\/\"]}]},{\"@type\":\"BreadcrumbList\",\"@id\":\"https:\/\/www.cudeca.org\/en\/actualidad\/nuevo-apoyo-de-la-fundacion-lagrimas-y-favores\/#breadcrumb\",\"itemListElement\":[{\"@type\":\"ListItem\",\"position\":1,\"name\":\"Portada\",\"item\":\"https:\/\/www.cudeca.org\/\"},{\"@type\":\"ListItem\",\"position\":2,\"name\":\"Lagrimas y Favores Foundation supporting us again\"}]},{\"@type\":\"Article\",\"@id\":\"https:\/\/www.cudeca.org\/en\/actualidad\/nuevo-apoyo-de-la-fundacion-lagrimas-y-favores\/#article\",\"isPartOf\":{\"@id\":\"https:\/\/www.cudeca.org\/en\/actualidad\/nuevo-apoyo-de-la-fundacion-lagrimas-y-favores\/\"},\"author\":{\"name\":\"angel\",\"@id\":\"https:\/\/www.cudeca.org\/#\/schema\/person\/320934aa099c37e69d4148721ba3e4be\"},\"headline\":\"Lagrimas y Favores Foundation supporting us again\",\"datePublished\":\"2018-03-31T11:10:02+00:00\",\"dateModified\":\"2018-04-02T14:08:01+00:00\",\"mainEntityOfPage\":{\"@id\":\"https:\/\/www.cudeca.org\/en\/actualidad\/nuevo-apoyo-de-la-fundacion-lagrimas-y-favores\/\"},\"wordCount\":756,\"commentCount\":0,\"publisher\":{\"@id\":\"https:\/\/www.cudeca.org\/#organization\"},\"articleSection\":[\"\"],\"inLanguage\":\"en-US\",\"potentialAction\":[{\"@type\":\"CommentAction\",\"name\":\"Comment\",\"target\":[\"https:\/\/www.cudeca.org\/en\/actualidad\/nuevo-apoyo-de-la-fundacion-lagrimas-y-favores\/#respond\"]}]},{\"@type\":\"Person\",\"@id\":\"https:\/\/www.cudeca.org\/#\/schema\/person\/320934aa099c37e69d4148721ba3e4be\",\"name\":\"angel\",\"image\":{\"@type\":\"ImageObject\",\"inLanguage\":\"en-US\",\"@id\":\"https:\/\/www.cudeca.org\/#\/schema\/person\/image\/\",\"url\":\"https:\/\/secure.gravatar.com\/avatar\/91b6f0e62d069005f36feb58e1ffda2c?s=96&d=mm&r=g\",\"contentUrl\":\"https:\/\/secure.gravatar.com\/avatar\/91b6f0e62d069005f36feb58e1ffda2c?s=96&d=mm&r=g\",\"caption\":\"angel\"}}]}<\/script>\n<!-- \/ Yoast SEO plugin. -->","yoast_head_json":{"title":"Lagrimas y Favores Foundation supporting us again - Cudeca Cancer Care Hospice","robots":{"index":"index","follow":"follow","max-snippet":"max-snippet:-1","max-image-preview":"max-image-preview:large","max-video-preview":"max-video-preview:-1"},"canonical":"https:\/\/www.cudeca.org\/en\/actualidad\/nuevo-apoyo-de-la-fundacion-lagrimas-y-favores\/","og_locale":"en_US","og_type":"article","og_title":"Lagrimas y Favores Foundation supporting us again - Cudeca Cancer Care Hospice","og_description":"On Friday 23 March, the L\u00e1grimas y Favores Foundation, chaired by Antonio Banderas, presented a cheque to the Cudeca Hospice during a gala dinner organised in the Diputaci\u00f3n de M\u00e1laga. Dr. Marisa Mart\u00edn, Executive Chief &amp; Medical Director of CUDECA, received a cheque for 35,000\u20ac from Antonio Banderas. Likewise, \u20ac80,000 were given to the University [&hellip;]","og_url":"https:\/\/www.cudeca.org\/en\/actualidad\/nuevo-apoyo-de-la-fundacion-lagrimas-y-favores\/","og_site_name":"Cudeca Cancer Care Hospice","article_publisher":"https:\/\/www.facebook.com\/AmigosDeCudeca","article_published_time":"2018-03-31T11:10:02+00:00","article_modified_time":"2018-04-02T14:08:01+00:00","og_image":[{"width":1200,"height":800,"url":"https:\/\/www.cudeca.org\/wp-content\/uploads\/2018\/03\/Fundaci\u00f3n-L\u00e1grimas-y-Favores-2018.jpg","type":"image\/jpeg"}],"author":"angel","twitter_card":"summary_large_image","twitter_creator":"@cudeca","twitter_site":"@cudeca","twitter_misc":{"Written by":"angel","Est. reading time":"4 minutes"},"schema":{"@context":"https:\/\/schema.org","@graph":[{"@type":"Organization","@id":"https:\/\/www.cudeca.org\/#organization","name":"Fundaci\u00f3n Cudeca","url":"https:\/\/www.cudeca.org\/","sameAs":["https:\/\/www.youtube.com\/c\/cudecamalaga","https:\/\/www.facebook.com\/AmigosDeCudeca","https:\/\/twitter.com\/cudeca"],"logo":{"@type":"ImageObject","inLanguage":"en-US","@id":"https:\/\/www.cudeca.org\/#\/schema\/logo\/image\/","url":"https:\/\/www.cudeca.org\/wp-content\/uploads\/2018\/02\/cudeca-logo.png","contentUrl":"https:\/\/www.cudeca.org\/wp-content\/uploads\/2018\/02\/cudeca-logo.png","width":2121,"height":984,"caption":"Fundaci\u00f3n Cudeca"},"image":{"@id":"https:\/\/www.cudeca.org\/#\/schema\/logo\/image\/"}},{"@type":"WebSite","@id":"https:\/\/www.cudeca.org\/#website","url":"https:\/\/www.cudeca.org\/","name":"Fundaci\u00f3n Cudeca","description":"Cudeca Hospice","publisher":{"@id":"https:\/\/www.cudeca.org\/#organization"},"potentialAction":[{"@type":"SearchAction","target":{"@type":"EntryPoint","urlTemplate":"https:\/\/www.cudeca.org\/?s={search_term_string}"},"query-input":"required name=search_term_string"}],"inLanguage":"en-US"},{"@type":"WebPage","@id":"https:\/\/www.cudeca.org\/en\/actualidad\/nuevo-apoyo-de-la-fundacion-lagrimas-y-favores\/","url":"https:\/\/www.cudeca.org\/en\/actualidad\/nuevo-apoyo-de-la-fundacion-lagrimas-y-favores\/","name":"Lagrimas y Favores Foundation supporting us again - Cudeca Cancer Care Hospice","isPartOf":{"@id":"https:\/\/www.cudeca.org\/#website"},"datePublished":"2018-03-31T11:10:02+00:00","dateModified":"2018-04-02T14:08:01+00:00","breadcrumb":{"@id":"https:\/\/www.cudeca.org\/en\/actualidad\/nuevo-apoyo-de-la-fundacion-lagrimas-y-favores\/#breadcrumb"},"inLanguage":"en-US","potentialAction":[{"@type":"ReadAction","target":["https:\/\/www.cudeca.org\/en\/actualidad\/nuevo-apoyo-de-la-fundacion-lagrimas-y-favores\/"]}]},{"@type":"BreadcrumbList","@id":"https:\/\/www.cudeca.org\/en\/actualidad\/nuevo-apoyo-de-la-fundacion-lagrimas-y-favores\/#breadcrumb","itemListElement":[{"@type":"ListItem","position":1,"name":"Portada","item":"https:\/\/www.cudeca.org\/"},{"@type":"ListItem","position":2,"name":"Lagrimas y Favores Foundation supporting us again"}]},{"@type":"Article","@id":"https:\/\/www.cudeca.org\/en\/actualidad\/nuevo-apoyo-de-la-fundacion-lagrimas-y-favores\/#article","isPartOf":{"@id":"https:\/\/www.cudeca.org\/en\/actualidad\/nuevo-apoyo-de-la-fundacion-lagrimas-y-favores\/"},"author":{"name":"angel","@id":"https:\/\/www.cudeca.org\/#\/schema\/person\/320934aa099c37e69d4148721ba3e4be"},"headline":"Lagrimas y Favores Foundation supporting us again","datePublished":"2018-03-31T11:10:02+00:00","dateModified":"2018-04-02T14:08:01+00:00","mainEntityOfPage":{"@id":"https:\/\/www.cudeca.org\/en\/actualidad\/nuevo-apoyo-de-la-fundacion-lagrimas-y-favores\/"},"wordCount":756,"commentCount":0,"publisher":{"@id":"https:\/\/www.cudeca.org\/#organization"},"articleSection":[""],"inLanguage":"en-US","potentialAction":[{"@type":"CommentAction","name":"Comment","target":["https:\/\/www.cudeca.org\/en\/actualidad\/nuevo-apoyo-de-la-fundacion-lagrimas-y-favores\/#respond"]}]},{"@type":"Person","@id":"https:\/\/www.cudeca.org\/#\/schema\/person\/320934aa099c37e69d4148721ba3e4be","name":"angel","image":{"@type":"ImageObject","inLanguage":"en-US","@id":"https:\/\/www.cudeca.org\/#\/schema\/person\/image\/","url":"https:\/\/secure.gravatar.com\/avatar\/91b6f0e62d069005f36feb58e1ffda2c?s=96&d=mm&r=g","contentUrl":"https:\/\/secure.gravatar.com\/avatar\/91b6f0e62d069005f36feb58e1ffda2c?s=96&d=mm&r=g","caption":"angel"}}]}},"_links":{"self":[{"href":"https:\/\/www.cudeca.org\/en\/wp-json\/wp\/v2\/posts\/17134"}],"collection":[{"href":"https:\/\/www.cudeca.org\/en\/wp-json\/wp\/v2\/posts"}],"about":[{"href":"https:\/\/www.cudeca.org\/en\/wp-json\/wp\/v2\/types\/post"}],"author":[{"embeddable":true,"href":"https:\/\/www.cudeca.org\/en\/wp-json\/wp\/v2\/users\/2"}],"replies":[{"embeddable":true,"href":"https:\/\/www.cudeca.org\/en\/wp-json\/wp\/v2\/comments?post=17134"}],"version-history":[{"count":1,"href":"https:\/\/www.cudeca.org\/en\/wp-json\/wp\/v2\/posts\/17134\/revisions"}],"predecessor-version":[{"id":17154,"href":"https:\/\/www.cudeca.org\/en\/wp-json\/wp\/v2\/posts\/17134\/revisions\/17154"}],"wp:featuredmedia":[{"embeddable":true,"href":"https:\/\/www.cudeca.org\/en\/wp-json\/wp\/v2\/media\/17135"}],"wp:attachment":[{"href":"https:\/\/www.cudeca.org\/en\/wp-json\/wp\/v2\/media?parent=17134"}],"wp:term":[{"taxonomy":"category","embeddable":true,"href":"https:\/\/www.cudeca.org\/en\/wp-json\/wp\/v2\/categories?post=17134"},{"taxonomy":"post_tag","embeddable":true,"href":"https:\/\/www.cudeca.org\/en\/wp-json\/wp\/v2\/tags?post=17134"}],"curies":[{"name":"wp","href":"https:\/\/api.w.org\/{rel}","templated":true}]}}