{"id":17120,"date":"2018-03-26T13:44:15","date_gmt":"2018-03-26T13:44:15","guid":{"rendered":"https:\/\/www.cudeca.org\/?p=17120"},"modified":"2018-03-27T11:44:40","modified_gmt":"2018-03-27T11:44:40","slug":"vi-marcha-intercentros-beneficio-cudeca","status":"publish","type":"post","link":"https:\/\/www.cudeca.org\/en\/actualidad\/vi-marcha-intercentros-a-beneficio-de-cudeca\/","title":{"rendered":"VI Inter-Centre March in aid of CUDECA"},"content":{"rendered":"<p>On March 21, CUDECA held its 6th Inter-Centre March for the sixth consecutive year. Schoolchildren from schools Rafael Alberti, Blas Infante, \u00c1ngel Ganivet, Sagrada Familia, Alegr\u00eda de la Huerta, Cristo Rey, Benito P\u00e9rez Gald\u00f3s, IES Jard\u00edn de M\u00e1laga and Salvador Rueda, ages between 10 and 13 have organized and planned this charity initiative themselves. This action in favour of the Cudeca Foundation in Malaga represents the solidarity commitment of the schools of the area and has, once again, represented a year of putting into practice the values of solidarity and helping others they are taught in school during their academic year.<\/p>\n<p>The Ciudad Jard\u00edn neighborhood and the Sports Area of the City Council of Malaga together with some Malaga companies have participated of the celebration, organised by the public school Rafael Alberti. Nearly 800 schoolchildren (coming from more than 9 different schools) took part in the organization and celebration of the march, and was attended by the Malaga councillor, Carlos Conde.<\/p>\n<p>The march started at 11.00 a.m. from the San Telmo Aqueduct and ended at the Parque de La Alegr\u00eda in the city garden. There,\u00a0 each of the participating schools were recognized and the district councillor, Carlos Conde, handed over the cheque valued at 3,443 euros to the CUDECA team. The amount collected months ago in the different schools in Ciudad Jard\u00edn has been donated entirely to support the work of CUDECA.<\/p>\n<p>CUDECA wish to thank all the participants, organizers, sponsors and collaborators for this gesture of solidarity, thanks to them CUDECA will continue caring for more people.<\/p>\n<p>&nbsp;<\/p>","protected":false},"excerpt":{"rendered":"<p>On March 21, CUDECA held its 6th Inter-Centre March for the sixth consecutive year. Schoolchildren from schools Rafael Alberti, Blas Infante, \u00c1ngel Ganivet, Sagrada Familia, Alegr\u00eda de la Huerta, Cristo Rey, Benito P\u00e9rez Gald\u00f3s, IES Jard\u00edn de M\u00e1laga and Salvador Rueda, ages between 10 and 13 have organized and planned this charity initiative themselves. This [&hellip;]<\/p>\n","protected":false},"author":5,"featured_media":17122,"comment_status":"open","ping_status":"open","sticky":false,"template":"","format":"standard","meta":[],"categories":[15],"tags":[],"yoast_head":"<!-- This site is optimized with the Yoast SEO plugin v19.4 - https:\/\/yoast.com\/wordpress\/plugins\/seo\/ -->\n<title>VI Inter-Centre March in aid of CUDECA - Cudeca Cancer Care Hospice<\/title>\n<meta name=\"robots\" content=\"index, follow, max-snippet:-1, max-image-preview:large, max-video-preview:-1\" \/>\n<link rel=\"canonical\" href=\"https:\/\/www.cudeca.org\/actualidad\/vi-marcha-intercentros-a-beneficio-de-cudeca\/\" \/>\n<meta property=\"og:locale\" content=\"en_US\" \/>\n<meta property=\"og:type\" content=\"article\" \/>\n<meta property=\"og:title\" content=\"VI Inter-Centre March in aid of CUDECA - Cudeca Cancer Care Hospice\" \/>\n<meta property=\"og:description\" content=\"On March 21, CUDECA held its 6th Inter-Centre March for the sixth consecutive year. Schoolchildren from schools Rafael Alberti, Blas Infante, \u00c1ngel Ganivet, Sagrada Familia, Alegr\u00eda de la Huerta, Cristo Rey, Benito P\u00e9rez Gald\u00f3s, IES Jard\u00edn de M\u00e1laga and Salvador Rueda, ages between 10 and 13 have organized and planned this charity initiative themselves. This [&hellip;]\" \/>\n<meta property=\"og:url\" content=\"https:\/\/www.cudeca.org\/actualidad\/vi-marcha-intercentros-a-beneficio-de-cudeca\/\" \/>\n<meta property=\"og:site_name\" content=\"Cudeca Cancer Care Hospice\" \/>\n<meta property=\"article:publisher\" content=\"https:\/\/www.facebook.com\/AmigosDeCudeca\" \/>\n<meta property=\"article:published_time\" content=\"2018-03-26T13:44:15+00:00\" \/>\n<meta property=\"article:modified_time\" content=\"2018-03-27T11:44:40+00:00\" \/>\n<meta property=\"og:image\" content=\"https:\/\/www.cudeca.org\/wp-content\/uploads\/2018\/03\/MG_0964-1024x683.jpg\" \/>\n\t<meta property=\"og:image:width\" content=\"1024\" \/>\n\t<meta property=\"og:image:height\" content=\"683\" \/>\n\t<meta property=\"og:image:type\" content=\"image\/jpeg\" \/>\n<meta name=\"author\" content=\"Jorge Lopez\" \/>\n<meta name=\"twitter:card\" content=\"summary_large_image\" \/>\n<meta name=\"twitter:creator\" content=\"@cudeca\" \/>\n<meta name=\"twitter:site\" content=\"@cudeca\" \/>\n<meta name=\"twitter:label1\" content=\"Written by\" \/>\n\t<meta name=\"twitter:data1\" content=\"Jorge Lopez\" \/>\n\t<meta name=\"twitter:label2\" content=\"Est. reading time\" \/>\n\t<meta name=\"twitter:data2\" content=\"3 minutes\" \/>\n<script type=\"application\/ld+json\" class=\"yoast-schema-graph\">{\"@context\":\"https:\/\/schema.org\",\"@graph\":[{\"@type\":\"Organization\",\"@id\":\"https:\/\/www.cudeca.org\/#organization\",\"name\":\"Fundaci\u00f3n Cudeca\",\"url\":\"https:\/\/www.cudeca.org\/\",\"sameAs\":[\"https:\/\/www.youtube.com\/c\/cudecamalaga\",\"https:\/\/www.facebook.com\/AmigosDeCudeca\",\"https:\/\/twitter.com\/cudeca\"],\"logo\":{\"@type\":\"ImageObject\",\"inLanguage\":\"en-US\",\"@id\":\"https:\/\/www.cudeca.org\/#\/schema\/logo\/image\/\",\"url\":\"https:\/\/www.cudeca.org\/wp-content\/uploads\/2018\/02\/cudeca-logo.png\",\"contentUrl\":\"https:\/\/www.cudeca.org\/wp-content\/uploads\/2018\/02\/cudeca-logo.png\",\"width\":2121,\"height\":984,\"caption\":\"Fundaci\u00f3n Cudeca\"},\"image\":{\"@id\":\"https:\/\/www.cudeca.org\/#\/schema\/logo\/image\/\"}},{\"@type\":\"WebSite\",\"@id\":\"https:\/\/www.cudeca.org\/#website\",\"url\":\"https:\/\/www.cudeca.org\/\",\"name\":\"Fundaci\u00f3n Cudeca\",\"description\":\"Cudeca Hospice\",\"publisher\":{\"@id\":\"https:\/\/www.cudeca.org\/#organization\"},\"potentialAction\":[{\"@type\":\"SearchAction\",\"target\":{\"@type\":\"EntryPoint\",\"urlTemplate\":\"https:\/\/www.cudeca.org\/?s={search_term_string}\"},\"query-input\":\"required name=search_term_string\"}],\"inLanguage\":\"en-US\"},{\"@type\":\"WebPage\",\"@id\":\"https:\/\/www.cudeca.org\/actualidad\/vi-marcha-intercentros-a-beneficio-de-cudeca\/\",\"url\":\"https:\/\/www.cudeca.org\/actualidad\/vi-marcha-intercentros-a-beneficio-de-cudeca\/\",\"name\":\"VI Inter-Centre March in aid of CUDECA - Cudeca Cancer Care Hospice\",\"isPartOf\":{\"@id\":\"https:\/\/www.cudeca.org\/#website\"},\"datePublished\":\"2018-03-26T13:44:15+00:00\",\"dateModified\":\"2018-03-27T11:44:40+00:00\",\"breadcrumb\":{\"@id\":\"https:\/\/www.cudeca.org\/actualidad\/vi-marcha-intercentros-a-beneficio-de-cudeca\/#breadcrumb\"},\"inLanguage\":\"en-US\",\"potentialAction\":[{\"@type\":\"ReadAction\",\"target\":[\"https:\/\/www.cudeca.org\/actualidad\/vi-marcha-intercentros-a-beneficio-de-cudeca\/\"]}]},{\"@type\":\"BreadcrumbList\",\"@id\":\"https:\/\/www.cudeca.org\/actualidad\/vi-marcha-intercentros-a-beneficio-de-cudeca\/#breadcrumb\",\"itemListElement\":[{\"@type\":\"ListItem\",\"position\":1,\"name\":\"Portada\",\"item\":\"https:\/\/www.cudeca.org\/\"},{\"@type\":\"ListItem\",\"position\":2,\"name\":\"VI Marcha Intercentros a beneficio de CUDECA\"}]},{\"@type\":\"Article\",\"@id\":\"https:\/\/www.cudeca.org\/actualidad\/vi-marcha-intercentros-a-beneficio-de-cudeca\/#article\",\"isPartOf\":{\"@id\":\"https:\/\/www.cudeca.org\/actualidad\/vi-marcha-intercentros-a-beneficio-de-cudeca\/\"},\"author\":{\"name\":\"Jorge Lopez\",\"@id\":\"https:\/\/www.cudeca.org\/#\/schema\/person\/ef584faee50c55adf49de08e703741fd\"},\"headline\":\"VI Inter-Centre March in aid of CUDECA\",\"datePublished\":\"2018-03-26T13:44:15+00:00\",\"dateModified\":\"2018-03-27T11:44:40+00:00\",\"mainEntityOfPage\":{\"@id\":\"https:\/\/www.cudeca.org\/actualidad\/vi-marcha-intercentros-a-beneficio-de-cudeca\/\"},\"wordCount\":582,\"commentCount\":0,\"publisher\":{\"@id\":\"https:\/\/www.cudeca.org\/#organization\"},\"articleSection\":[\"\"],\"inLanguage\":\"en-US\",\"potentialAction\":[{\"@type\":\"CommentAction\",\"name\":\"Comment\",\"target\":[\"https:\/\/www.cudeca.org\/actualidad\/vi-marcha-intercentros-a-beneficio-de-cudeca\/#respond\"]}]},{\"@type\":\"Person\",\"@id\":\"https:\/\/www.cudeca.org\/#\/schema\/person\/ef584faee50c55adf49de08e703741fd\",\"name\":\"Jorge Lopez\",\"image\":{\"@type\":\"ImageObject\",\"inLanguage\":\"en-US\",\"@id\":\"https:\/\/www.cudeca.org\/#\/schema\/person\/image\/\",\"url\":\"https:\/\/secure.gravatar.com\/avatar\/f861e8975d384d76728a2976bb1626da?s=96&d=mm&r=g\",\"contentUrl\":\"https:\/\/secure.gravatar.com\/avatar\/f861e8975d384d76728a2976bb1626da?s=96&d=mm&r=g\",\"caption\":\"Jorge Lopez\"}}]}<\/script>\n<!-- \/ Yoast SEO plugin. -->","yoast_head_json":{"title":"VI Inter-Centre March in aid of CUDECA - Cudeca Cancer Care Hospice","robots":{"index":"index","follow":"follow","max-snippet":"max-snippet:-1","max-image-preview":"max-image-preview:large","max-video-preview":"max-video-preview:-1"},"canonical":"https:\/\/www.cudeca.org\/actualidad\/vi-marcha-intercentros-a-beneficio-de-cudeca\/","og_locale":"en_US","og_type":"article","og_title":"VI Inter-Centre March in aid of CUDECA - Cudeca Cancer Care Hospice","og_description":"On March 21, CUDECA held its 6th Inter-Centre March for the sixth consecutive year. Schoolchildren from schools Rafael Alberti, Blas Infante, \u00c1ngel Ganivet, Sagrada Familia, Alegr\u00eda de la Huerta, Cristo Rey, Benito P\u00e9rez Gald\u00f3s, IES Jard\u00edn de M\u00e1laga and Salvador Rueda, ages between 10 and 13 have organized and planned this charity initiative themselves. This [&hellip;]","og_url":"https:\/\/www.cudeca.org\/actualidad\/vi-marcha-intercentros-a-beneficio-de-cudeca\/","og_site_name":"Cudeca Cancer Care Hospice","article_publisher":"https:\/\/www.facebook.com\/AmigosDeCudeca","article_published_time":"2018-03-26T13:44:15+00:00","article_modified_time":"2018-03-27T11:44:40+00:00","og_image":[{"width":1024,"height":683,"url":"https:\/\/www.cudeca.org\/wp-content\/uploads\/2018\/03\/MG_0964-1024x683.jpg","type":"image\/jpeg"}],"author":"Jorge Lopez","twitter_card":"summary_large_image","twitter_creator":"@cudeca","twitter_site":"@cudeca","twitter_misc":{"Written by":"Jorge Lopez","Est. reading time":"3 minutes"},"schema":{"@context":"https:\/\/schema.org","@graph":[{"@type":"Organization","@id":"https:\/\/www.cudeca.org\/#organization","name":"Fundaci\u00f3n Cudeca","url":"https:\/\/www.cudeca.org\/","sameAs":["https:\/\/www.youtube.com\/c\/cudecamalaga","https:\/\/www.facebook.com\/AmigosDeCudeca","https:\/\/twitter.com\/cudeca"],"logo":{"@type":"ImageObject","inLanguage":"en-US","@id":"https:\/\/www.cudeca.org\/#\/schema\/logo\/image\/","url":"https:\/\/www.cudeca.org\/wp-content\/uploads\/2018\/02\/cudeca-logo.png","contentUrl":"https:\/\/www.cudeca.org\/wp-content\/uploads\/2018\/02\/cudeca-logo.png","width":2121,"height":984,"caption":"Fundaci\u00f3n Cudeca"},"image":{"@id":"https:\/\/www.cudeca.org\/#\/schema\/logo\/image\/"}},{"@type":"WebSite","@id":"https:\/\/www.cudeca.org\/#website","url":"https:\/\/www.cudeca.org\/","name":"Fundaci\u00f3n Cudeca","description":"Cudeca Hospice","publisher":{"@id":"https:\/\/www.cudeca.org\/#organization"},"potentialAction":[{"@type":"SearchAction","target":{"@type":"EntryPoint","urlTemplate":"https:\/\/www.cudeca.org\/?s={search_term_string}"},"query-input":"required name=search_term_string"}],"inLanguage":"en-US"},{"@type":"WebPage","@id":"https:\/\/www.cudeca.org\/actualidad\/vi-marcha-intercentros-a-beneficio-de-cudeca\/","url":"https:\/\/www.cudeca.org\/actualidad\/vi-marcha-intercentros-a-beneficio-de-cudeca\/","name":"VI Inter-Centre March in aid of CUDECA - Cudeca Cancer Care Hospice","isPartOf":{"@id":"https:\/\/www.cudeca.org\/#website"},"datePublished":"2018-03-26T13:44:15+00:00","dateModified":"2018-03-27T11:44:40+00:00","breadcrumb":{"@id":"https:\/\/www.cudeca.org\/actualidad\/vi-marcha-intercentros-a-beneficio-de-cudeca\/#breadcrumb"},"inLanguage":"en-US","potentialAction":[{"@type":"ReadAction","target":["https:\/\/www.cudeca.org\/actualidad\/vi-marcha-intercentros-a-beneficio-de-cudeca\/"]}]},{"@type":"BreadcrumbList","@id":"https:\/\/www.cudeca.org\/actualidad\/vi-marcha-intercentros-a-beneficio-de-cudeca\/#breadcrumb","itemListElement":[{"@type":"ListItem","position":1,"name":"Portada","item":"https:\/\/www.cudeca.org\/"},{"@type":"ListItem","position":2,"name":"VI Marcha Intercentros a beneficio de CUDECA"}]},{"@type":"Article","@id":"https:\/\/www.cudeca.org\/actualidad\/vi-marcha-intercentros-a-beneficio-de-cudeca\/#article","isPartOf":{"@id":"https:\/\/www.cudeca.org\/actualidad\/vi-marcha-intercentros-a-beneficio-de-cudeca\/"},"author":{"name":"Jorge Lopez","@id":"https:\/\/www.cudeca.org\/#\/schema\/person\/ef584faee50c55adf49de08e703741fd"},"headline":"VI Inter-Centre March in aid of CUDECA","datePublished":"2018-03-26T13:44:15+00:00","dateModified":"2018-03-27T11:44:40+00:00","mainEntityOfPage":{"@id":"https:\/\/www.cudeca.org\/actualidad\/vi-marcha-intercentros-a-beneficio-de-cudeca\/"},"wordCount":582,"commentCount":0,"publisher":{"@id":"https:\/\/www.cudeca.org\/#organization"},"articleSection":[""],"inLanguage":"en-US","potentialAction":[{"@type":"CommentAction","name":"Comment","target":["https:\/\/www.cudeca.org\/actualidad\/vi-marcha-intercentros-a-beneficio-de-cudeca\/#respond"]}]},{"@type":"Person","@id":"https:\/\/www.cudeca.org\/#\/schema\/person\/ef584faee50c55adf49de08e703741fd","name":"Jorge Lopez","image":{"@type":"ImageObject","inLanguage":"en-US","@id":"https:\/\/www.cudeca.org\/#\/schema\/person\/image\/","url":"https:\/\/secure.gravatar.com\/avatar\/f861e8975d384d76728a2976bb1626da?s=96&d=mm&r=g","contentUrl":"https:\/\/secure.gravatar.com\/avatar\/f861e8975d384d76728a2976bb1626da?s=96&d=mm&r=g","caption":"Jorge Lopez"}}]}},"_links":{"self":[{"href":"https:\/\/www.cudeca.org\/en\/wp-json\/wp\/v2\/posts\/17120"}],"collection":[{"href":"https:\/\/www.cudeca.org\/en\/wp-json\/wp\/v2\/posts"}],"about":[{"href":"https:\/\/www.cudeca.org\/en\/wp-json\/wp\/v2\/types\/post"}],"author":[{"embeddable":true,"href":"https:\/\/www.cudeca.org\/en\/wp-json\/wp\/v2\/users\/5"}],"replies":[{"embeddable":true,"href":"https:\/\/www.cudeca.org\/en\/wp-json\/wp\/v2\/comments?post=17120"}],"version-history":[{"count":2,"href":"https:\/\/www.cudeca.org\/en\/wp-json\/wp\/v2\/posts\/17120\/revisions"}],"predecessor-version":[{"id":17129,"href":"https:\/\/www.cudeca.org\/en\/wp-json\/wp\/v2\/posts\/17120\/revisions\/17129"}],"wp:featuredmedia":[{"embeddable":true,"href":"https:\/\/www.cudeca.org\/en\/wp-json\/wp\/v2\/media\/17122"}],"wp:attachment":[{"href":"https:\/\/www.cudeca.org\/en\/wp-json\/wp\/v2\/media?parent=17120"}],"wp:term":[{"taxonomy":"category","embeddable":true,"href":"https:\/\/www.cudeca.org\/en\/wp-json\/wp\/v2\/categories?post=17120"},{"taxonomy":"post_tag","embeddable":true,"href":"https:\/\/www.cudeca.org\/en\/wp-json\/wp\/v2\/tags?post=17120"}],"curies":[{"name":"wp","href":"https:\/\/api.w.org\/{rel}","templated":true}]}}