{"id":16560,"date":"2017-12-18T19:18:15","date_gmt":"2017-12-18T19:18:15","guid":{"rendered":"https:\/\/www.cudeca.org\/actualidad\/1st-caregivers-meeting-of-the-guadalhorce-valley\/"},"modified":"2017-12-18T19:18:15","modified_gmt":"2017-12-18T19:18:15","slug":"1st-caregivers-meeting-of-the-guadalhorce-valley","status":"publish","type":"post","link":"https:\/\/www.cudeca.org\/en\/actualidad\/1st-caregivers-meeting-of-the-guadalhorce-valley\/","title":{"rendered":"1st Caregivers Meeting of the Guadalhorce Valley"},"content":{"rendered":"<p><\/p>\n<div id=\"notCuerpo\">\n<div style=\"text-align: justify\">On December 14, we organized\u00a0the<strong> 1st Caregivers Meeting of the Guadalhorce Valley<\/strong> in C\u00e1rtama Estaci\u00f3n\u00a0in recognition of the valuable work that caregivers offer their relatives and loved ones in advanced stages of illnesses.<br \/>  \u00a0<br \/>  This meeting concludes the project to improve communication via videoconference providing advice with the nurses and psychologists expert in palliative care from the Cudeca Hospice in the Guadalhorce region. This project has been financed by the <strong><a href=\"http:\/\/www.malaga.es\" target=\"_blank\">Provincial Council of Malaga<\/a><\/strong> through a grant for technological and social innovation in our province of 17,000\u20ac. It has had the continued collaboration of the <strong>Malaga-Guadalhorce Health District<\/strong>.<br \/>  \u00a0<br \/>  <strong>The meeting was attended by:<\/strong><br \/>  \u00a0<br \/>  Cudeca Foundation Project Medical Manager: M\u00f3nica L\u00f3pez<br \/>  Cudeca Foundation Volunteer Project Manager: Aurea Peralta<br \/>  Deputy for Citizen Participation: F\u00e9lix Lozano<br \/>  Medical Director: Bernardo Herrera Garc\u00eda<br \/>  C\u00e1rtama Estaci\u00f3n Health Center Case Management Nurse: Lola Camu\u00f1ez<br \/>  Cudeca Home Care Team of the Guadalhorce Area: Luis Dom\u00ednguez (nurse) and Cristina Loring (psychologist)<br \/>  Caregivers and relatives of Cudeca patients by also attended the meeting.<br \/>  Cudeca Hospice welfare volunteers.<br \/>  \u00a0<br \/>  The project is known as <strong>\u201cVideo Communication and Counselling&#8221;<\/strong>. This provides high technology to care for caregivers&#039; of the Cudeca Hospice. It has been developed during 2017, aimed to facilitate the work of caregivers. Three very innovative strategies were presented:<br \/>  \u00a0<br \/>  1- The use of new technologies which improve the continuity and closeness of the advice in the care and emotional environment provided by nursing and psychology experts in palliative care of the Cudeca Foundation.<\/div>\n<div style=\"text-align: justify\">  2- Providing training for caregivers in both fields through Workshops on Practical Tips for better care and tools for emotional self-care.<\/div>\n<div style=\"text-align: justify\">  3- Bringing voluntary assistance and transport of Cudeca to the Guadalhorce Valley.<br \/>  \u00a0<br \/>  Communication and the sharing of experiences among\u00a0the participants, with their own testimonies enriched caregivers, volunteers and health professionals, facilitated at the Caregivers Meeting. It ended with the awarding of the Cudeca sunflower and a diploma to each of the caregivers in appreciation for their valuable work for society.<br \/>  \u00a0<br \/>  \u00a0<\/div><\/div>\n<p><\/p>","protected":false},"excerpt":{"rendered":"<p>On December 14, we organized\u00a0the 1st Caregivers Meeting of the Guadalhorce Valley in C\u00e1rtama Estaci\u00f3n\u00a0in recognition of the valuable work that caregivers offer their relatives and loved ones in advanced stages of illnesses. \u00a0 This meeting concludes the project to improve communication via videoconference providing advice with the nurses and psychologists expert in palliative care [&hellip;]<\/p>\n","protected":false},"author":0,"featured_media":0,"comment_status":"open","ping_status":"open","sticky":false,"template":"","format":"standard","meta":[],"categories":[15],"tags":[],"yoast_head":"<!-- This site is optimized with the Yoast SEO plugin v19.4 - https:\/\/yoast.com\/wordpress\/plugins\/seo\/ -->\n<title>1st Caregivers Meeting of the Guadalhorce Valley - Cudeca Cancer Care Hospice<\/title>\n<meta name=\"robots\" content=\"index, follow, max-snippet:-1, max-image-preview:large, max-video-preview:-1\" \/>\n<link rel=\"canonical\" href=\"https:\/\/www.cudeca.org\/en\/actualidad\/1st-caregivers-meeting-of-the-guadalhorce-valley\/\" \/>\n<meta property=\"og:locale\" content=\"en_US\" \/>\n<meta property=\"og:type\" content=\"article\" \/>\n<meta property=\"og:title\" content=\"1st Caregivers Meeting of the Guadalhorce Valley - Cudeca Cancer Care Hospice\" \/>\n<meta property=\"og:description\" content=\"On December 14, we organized\u00a0the 1st Caregivers Meeting of the Guadalhorce Valley in C\u00e1rtama Estaci\u00f3n\u00a0in recognition of the valuable work that caregivers offer their relatives and loved ones in advanced stages of illnesses. \u00a0 This meeting concludes the project to improve communication via videoconference providing advice with the nurses and psychologists expert in palliative care [&hellip;]\" \/>\n<meta property=\"og:url\" content=\"https:\/\/www.cudeca.org\/en\/actualidad\/1st-caregivers-meeting-of-the-guadalhorce-valley\/\" \/>\n<meta property=\"og:site_name\" content=\"Cudeca Cancer Care Hospice\" \/>\n<meta property=\"article:publisher\" content=\"https:\/\/www.facebook.com\/AmigosDeCudeca\" \/>\n<meta property=\"article:published_time\" content=\"2017-12-18T19:18:15+00:00\" \/>\n<meta name=\"twitter:card\" content=\"summary_large_image\" \/>\n<meta name=\"twitter:creator\" content=\"@cudeca\" \/>\n<meta name=\"twitter:site\" content=\"@cudeca\" \/>\n<meta name=\"twitter:label1\" content=\"Est. reading time\" \/>\n\t<meta name=\"twitter:data1\" content=\"2 minutes\" \/>\n<script type=\"application\/ld+json\" class=\"yoast-schema-graph\">{\"@context\":\"https:\/\/schema.org\",\"@graph\":[{\"@type\":\"Organization\",\"@id\":\"https:\/\/www.cudeca.org\/#organization\",\"name\":\"Fundaci\u00f3n Cudeca\",\"url\":\"https:\/\/www.cudeca.org\/\",\"sameAs\":[\"https:\/\/www.youtube.com\/c\/cudecamalaga\",\"https:\/\/www.facebook.com\/AmigosDeCudeca\",\"https:\/\/twitter.com\/cudeca\"],\"logo\":{\"@type\":\"ImageObject\",\"inLanguage\":\"en-US\",\"@id\":\"https:\/\/www.cudeca.org\/#\/schema\/logo\/image\/\",\"url\":\"https:\/\/www.cudeca.org\/wp-content\/uploads\/2018\/02\/cudeca-logo.png\",\"contentUrl\":\"https:\/\/www.cudeca.org\/wp-content\/uploads\/2018\/02\/cudeca-logo.png\",\"width\":2121,\"height\":984,\"caption\":\"Fundaci\u00f3n Cudeca\"},\"image\":{\"@id\":\"https:\/\/www.cudeca.org\/#\/schema\/logo\/image\/\"}},{\"@type\":\"WebSite\",\"@id\":\"https:\/\/www.cudeca.org\/#website\",\"url\":\"https:\/\/www.cudeca.org\/\",\"name\":\"Fundaci\u00f3n Cudeca\",\"description\":\"Cudeca Hospice\",\"publisher\":{\"@id\":\"https:\/\/www.cudeca.org\/#organization\"},\"potentialAction\":[{\"@type\":\"SearchAction\",\"target\":{\"@type\":\"EntryPoint\",\"urlTemplate\":\"https:\/\/www.cudeca.org\/?s={search_term_string}\"},\"query-input\":\"required name=search_term_string\"}],\"inLanguage\":\"en-US\"},{\"@type\":\"WebPage\",\"@id\":\"https:\/\/www.cudeca.org\/en\/actualidad\/1st-caregivers-meeting-of-the-guadalhorce-valley\/\",\"url\":\"https:\/\/www.cudeca.org\/en\/actualidad\/1st-caregivers-meeting-of-the-guadalhorce-valley\/\",\"name\":\"1st Caregivers Meeting of the Guadalhorce Valley - Cudeca Cancer Care Hospice\",\"isPartOf\":{\"@id\":\"https:\/\/www.cudeca.org\/#website\"},\"datePublished\":\"2017-12-18T19:18:15+00:00\",\"dateModified\":\"2017-12-18T19:18:15+00:00\",\"breadcrumb\":{\"@id\":\"https:\/\/www.cudeca.org\/en\/actualidad\/1st-caregivers-meeting-of-the-guadalhorce-valley\/#breadcrumb\"},\"inLanguage\":\"en-US\",\"potentialAction\":[{\"@type\":\"ReadAction\",\"target\":[\"https:\/\/www.cudeca.org\/en\/actualidad\/1st-caregivers-meeting-of-the-guadalhorce-valley\/\"]}]},{\"@type\":\"BreadcrumbList\",\"@id\":\"https:\/\/www.cudeca.org\/en\/actualidad\/1st-caregivers-meeting-of-the-guadalhorce-valley\/#breadcrumb\",\"itemListElement\":[{\"@type\":\"ListItem\",\"position\":1,\"name\":\"Portada\",\"item\":\"https:\/\/www.cudeca.org\/\"},{\"@type\":\"ListItem\",\"position\":2,\"name\":\"1st Caregivers Meeting of the Guadalhorce Valley\"}]},{\"@type\":\"Article\",\"@id\":\"https:\/\/www.cudeca.org\/en\/actualidad\/1st-caregivers-meeting-of-the-guadalhorce-valley\/#article\",\"isPartOf\":{\"@id\":\"https:\/\/www.cudeca.org\/en\/actualidad\/1st-caregivers-meeting-of-the-guadalhorce-valley\/\"},\"author\":{\"name\":\"\",\"@id\":\"\"},\"headline\":\"1st Caregivers Meeting of the Guadalhorce Valley\",\"datePublished\":\"2017-12-18T19:18:15+00:00\",\"dateModified\":\"2017-12-18T19:18:15+00:00\",\"mainEntityOfPage\":{\"@id\":\"https:\/\/www.cudeca.org\/en\/actualidad\/1st-caregivers-meeting-of-the-guadalhorce-valley\/\"},\"wordCount\":340,\"commentCount\":0,\"publisher\":{\"@id\":\"https:\/\/www.cudeca.org\/#organization\"},\"articleSection\":[\"\"],\"inLanguage\":\"en-US\",\"potentialAction\":[{\"@type\":\"CommentAction\",\"name\":\"Comment\",\"target\":[\"https:\/\/www.cudeca.org\/en\/actualidad\/1st-caregivers-meeting-of-the-guadalhorce-valley\/#respond\"]}]}]}<\/script>\n<!-- \/ Yoast SEO plugin. -->","yoast_head_json":{"title":"1st Caregivers Meeting of the Guadalhorce Valley - Cudeca Cancer Care Hospice","robots":{"index":"index","follow":"follow","max-snippet":"max-snippet:-1","max-image-preview":"max-image-preview:large","max-video-preview":"max-video-preview:-1"},"canonical":"https:\/\/www.cudeca.org\/en\/actualidad\/1st-caregivers-meeting-of-the-guadalhorce-valley\/","og_locale":"en_US","og_type":"article","og_title":"1st Caregivers Meeting of the Guadalhorce Valley - Cudeca Cancer Care Hospice","og_description":"On December 14, we organized\u00a0the 1st Caregivers Meeting of the Guadalhorce Valley in C\u00e1rtama Estaci\u00f3n\u00a0in recognition of the valuable work that caregivers offer their relatives and loved ones in advanced stages of illnesses. \u00a0 This meeting concludes the project to improve communication via videoconference providing advice with the nurses and psychologists expert in palliative care [&hellip;]","og_url":"https:\/\/www.cudeca.org\/en\/actualidad\/1st-caregivers-meeting-of-the-guadalhorce-valley\/","og_site_name":"Cudeca Cancer Care Hospice","article_publisher":"https:\/\/www.facebook.com\/AmigosDeCudeca","article_published_time":"2017-12-18T19:18:15+00:00","twitter_card":"summary_large_image","twitter_creator":"@cudeca","twitter_site":"@cudeca","twitter_misc":{"Est. reading time":"2 minutes"},"schema":{"@context":"https:\/\/schema.org","@graph":[{"@type":"Organization","@id":"https:\/\/www.cudeca.org\/#organization","name":"Fundaci\u00f3n Cudeca","url":"https:\/\/www.cudeca.org\/","sameAs":["https:\/\/www.youtube.com\/c\/cudecamalaga","https:\/\/www.facebook.com\/AmigosDeCudeca","https:\/\/twitter.com\/cudeca"],"logo":{"@type":"ImageObject","inLanguage":"en-US","@id":"https:\/\/www.cudeca.org\/#\/schema\/logo\/image\/","url":"https:\/\/www.cudeca.org\/wp-content\/uploads\/2018\/02\/cudeca-logo.png","contentUrl":"https:\/\/www.cudeca.org\/wp-content\/uploads\/2018\/02\/cudeca-logo.png","width":2121,"height":984,"caption":"Fundaci\u00f3n Cudeca"},"image":{"@id":"https:\/\/www.cudeca.org\/#\/schema\/logo\/image\/"}},{"@type":"WebSite","@id":"https:\/\/www.cudeca.org\/#website","url":"https:\/\/www.cudeca.org\/","name":"Fundaci\u00f3n Cudeca","description":"Cudeca Hospice","publisher":{"@id":"https:\/\/www.cudeca.org\/#organization"},"potentialAction":[{"@type":"SearchAction","target":{"@type":"EntryPoint","urlTemplate":"https:\/\/www.cudeca.org\/?s={search_term_string}"},"query-input":"required name=search_term_string"}],"inLanguage":"en-US"},{"@type":"WebPage","@id":"https:\/\/www.cudeca.org\/en\/actualidad\/1st-caregivers-meeting-of-the-guadalhorce-valley\/","url":"https:\/\/www.cudeca.org\/en\/actualidad\/1st-caregivers-meeting-of-the-guadalhorce-valley\/","name":"1st Caregivers Meeting of the Guadalhorce Valley - Cudeca Cancer Care Hospice","isPartOf":{"@id":"https:\/\/www.cudeca.org\/#website"},"datePublished":"2017-12-18T19:18:15+00:00","dateModified":"2017-12-18T19:18:15+00:00","breadcrumb":{"@id":"https:\/\/www.cudeca.org\/en\/actualidad\/1st-caregivers-meeting-of-the-guadalhorce-valley\/#breadcrumb"},"inLanguage":"en-US","potentialAction":[{"@type":"ReadAction","target":["https:\/\/www.cudeca.org\/en\/actualidad\/1st-caregivers-meeting-of-the-guadalhorce-valley\/"]}]},{"@type":"BreadcrumbList","@id":"https:\/\/www.cudeca.org\/en\/actualidad\/1st-caregivers-meeting-of-the-guadalhorce-valley\/#breadcrumb","itemListElement":[{"@type":"ListItem","position":1,"name":"Portada","item":"https:\/\/www.cudeca.org\/"},{"@type":"ListItem","position":2,"name":"1st Caregivers Meeting of the Guadalhorce Valley"}]},{"@type":"Article","@id":"https:\/\/www.cudeca.org\/en\/actualidad\/1st-caregivers-meeting-of-the-guadalhorce-valley\/#article","isPartOf":{"@id":"https:\/\/www.cudeca.org\/en\/actualidad\/1st-caregivers-meeting-of-the-guadalhorce-valley\/"},"author":{"name":"","@id":""},"headline":"1st Caregivers Meeting of the Guadalhorce Valley","datePublished":"2017-12-18T19:18:15+00:00","dateModified":"2017-12-18T19:18:15+00:00","mainEntityOfPage":{"@id":"https:\/\/www.cudeca.org\/en\/actualidad\/1st-caregivers-meeting-of-the-guadalhorce-valley\/"},"wordCount":340,"commentCount":0,"publisher":{"@id":"https:\/\/www.cudeca.org\/#organization"},"articleSection":[""],"inLanguage":"en-US","potentialAction":[{"@type":"CommentAction","name":"Comment","target":["https:\/\/www.cudeca.org\/en\/actualidad\/1st-caregivers-meeting-of-the-guadalhorce-valley\/#respond"]}]}]}},"_links":{"self":[{"href":"https:\/\/www.cudeca.org\/en\/wp-json\/wp\/v2\/posts\/16560"}],"collection":[{"href":"https:\/\/www.cudeca.org\/en\/wp-json\/wp\/v2\/posts"}],"about":[{"href":"https:\/\/www.cudeca.org\/en\/wp-json\/wp\/v2\/types\/post"}],"replies":[{"embeddable":true,"href":"https:\/\/www.cudeca.org\/en\/wp-json\/wp\/v2\/comments?post=16560"}],"version-history":[{"count":0,"href":"https:\/\/www.cudeca.org\/en\/wp-json\/wp\/v2\/posts\/16560\/revisions"}],"wp:attachment":[{"href":"https:\/\/www.cudeca.org\/en\/wp-json\/wp\/v2\/media?parent=16560"}],"wp:term":[{"taxonomy":"category","embeddable":true,"href":"https:\/\/www.cudeca.org\/en\/wp-json\/wp\/v2\/categories?post=16560"},{"taxonomy":"post_tag","embeddable":true,"href":"https:\/\/www.cudeca.org\/en\/wp-json\/wp\/v2\/tags?post=16560"}],"curies":[{"name":"wp","href":"https:\/\/api.w.org\/{rel}","templated":true}]}}