{"id":16556,"date":"2017-12-01T19:18:02","date_gmt":"2017-12-01T19:18:02","guid":{"rendered":"https:\/\/www.cudeca.org\/actualidad\/successful-1st-coffee-morning-at-mam-carmen-caf\/"},"modified":"2017-12-01T19:18:02","modified_gmt":"2017-12-01T19:18:02","slug":"successful-1st-coffee-morning-at-mam-carmen-caf","status":"publish","type":"post","link":"https:\/\/www.cudeca.org\/en\/actualidad\/successful-1st-coffee-morning-at-mam-carmen-caf\/","title":{"rendered":"Successful 1st Coffee Morning at Mam&#225; Carmen Caf&#233;"},"content":{"rendered":"<p><\/p>\n<div id=\"notCuerpo\">\n<div>The 1st Edition of the <strong>Coffee Mornings at Mam\u00e1 Carmen Caf\u00e9 <\/strong>was launched in Torremolinos last 28th October at the Mam\u00e1 Carmen Caf\u00e9 in Torremolinos from 11am till 1pm to help us.<br \/>  \u00a0<br \/>  This has been the first time for the Mam\u00e1 Carmen Caf\u00e9 in organizing this wonderful morning and they were delighted receiving all guests for a nice and delicious breakfast. They all had a great time with the fun \u2013 raffle and the funny prizes, and almost 85\u20ac were raised.<br \/>  \u00a0<br \/>  <em><strong>Special thanks go to the organizer, John Hennessy, and all the Cudeca volunteers who attended such a beautiful morning to help us continue caring for more patients.<br \/>  \u00a0<\/strong><\/em><br \/>  \u00a0<br \/>  \u00a0<\/div><\/div>\n<p><\/p>","protected":false},"excerpt":{"rendered":"<p>The 1st Edition of the Coffee Mornings at Mam\u00e1 Carmen Caf\u00e9 was launched in Torremolinos last 28th October at the Mam\u00e1 Carmen Caf\u00e9 in Torremolinos from 11am till 1pm to help us. \u00a0 This has been the first time for the Mam\u00e1 Carmen Caf\u00e9 in organizing this wonderful morning and they were delighted receiving all [&hellip;]<\/p>\n","protected":false},"author":0,"featured_media":0,"comment_status":"open","ping_status":"open","sticky":false,"template":"","format":"standard","meta":[],"categories":[15],"tags":[],"yoast_head":"<!-- This site is optimized with the Yoast SEO plugin v19.4 - https:\/\/yoast.com\/wordpress\/plugins\/seo\/ -->\n<title>Successful 1st Coffee Morning at Mam&#225; Carmen Caf&#233; - Cudeca Cancer Care Hospice<\/title>\n<meta name=\"robots\" content=\"index, follow, max-snippet:-1, max-image-preview:large, max-video-preview:-1\" \/>\n<link rel=\"canonical\" href=\"https:\/\/www.cudeca.org\/en\/actualidad\/successful-1st-coffee-morning-at-mam-carmen-caf\/\" \/>\n<meta property=\"og:locale\" content=\"en_US\" \/>\n<meta property=\"og:type\" content=\"article\" \/>\n<meta property=\"og:title\" content=\"Successful 1st Coffee Morning at Mam&#225; Carmen Caf&#233; - Cudeca Cancer Care Hospice\" \/>\n<meta property=\"og:description\" content=\"The 1st Edition of the Coffee Mornings at Mam\u00e1 Carmen Caf\u00e9 was launched in Torremolinos last 28th October at the Mam\u00e1 Carmen Caf\u00e9 in Torremolinos from 11am till 1pm to help us. \u00a0 This has been the first time for the Mam\u00e1 Carmen Caf\u00e9 in organizing this wonderful morning and they were delighted receiving all [&hellip;]\" \/>\n<meta property=\"og:url\" content=\"https:\/\/www.cudeca.org\/en\/actualidad\/successful-1st-coffee-morning-at-mam-carmen-caf\/\" \/>\n<meta property=\"og:site_name\" content=\"Cudeca Cancer Care Hospice\" \/>\n<meta property=\"article:publisher\" content=\"https:\/\/www.facebook.com\/AmigosDeCudeca\" \/>\n<meta property=\"article:published_time\" content=\"2017-12-01T19:18:02+00:00\" \/>\n<meta name=\"twitter:card\" content=\"summary_large_image\" \/>\n<meta name=\"twitter:creator\" content=\"@cudeca\" \/>\n<meta name=\"twitter:site\" content=\"@cudeca\" \/>\n<meta name=\"twitter:label1\" content=\"Est. reading time\" \/>\n\t<meta name=\"twitter:data1\" content=\"1 minute\" \/>\n<script type=\"application\/ld+json\" class=\"yoast-schema-graph\">{\"@context\":\"https:\/\/schema.org\",\"@graph\":[{\"@type\":\"Organization\",\"@id\":\"https:\/\/www.cudeca.org\/#organization\",\"name\":\"Fundaci\u00f3n Cudeca\",\"url\":\"https:\/\/www.cudeca.org\/\",\"sameAs\":[\"https:\/\/www.youtube.com\/c\/cudecamalaga\",\"https:\/\/www.facebook.com\/AmigosDeCudeca\",\"https:\/\/twitter.com\/cudeca\"],\"logo\":{\"@type\":\"ImageObject\",\"inLanguage\":\"en-US\",\"@id\":\"https:\/\/www.cudeca.org\/#\/schema\/logo\/image\/\",\"url\":\"https:\/\/www.cudeca.org\/wp-content\/uploads\/2018\/02\/cudeca-logo.png\",\"contentUrl\":\"https:\/\/www.cudeca.org\/wp-content\/uploads\/2018\/02\/cudeca-logo.png\",\"width\":2121,\"height\":984,\"caption\":\"Fundaci\u00f3n Cudeca\"},\"image\":{\"@id\":\"https:\/\/www.cudeca.org\/#\/schema\/logo\/image\/\"}},{\"@type\":\"WebSite\",\"@id\":\"https:\/\/www.cudeca.org\/#website\",\"url\":\"https:\/\/www.cudeca.org\/\",\"name\":\"Fundaci\u00f3n Cudeca\",\"description\":\"Cudeca Hospice\",\"publisher\":{\"@id\":\"https:\/\/www.cudeca.org\/#organization\"},\"potentialAction\":[{\"@type\":\"SearchAction\",\"target\":{\"@type\":\"EntryPoint\",\"urlTemplate\":\"https:\/\/www.cudeca.org\/?s={search_term_string}\"},\"query-input\":\"required name=search_term_string\"}],\"inLanguage\":\"en-US\"},{\"@type\":\"WebPage\",\"@id\":\"https:\/\/www.cudeca.org\/en\/actualidad\/successful-1st-coffee-morning-at-mam-carmen-caf\/\",\"url\":\"https:\/\/www.cudeca.org\/en\/actualidad\/successful-1st-coffee-morning-at-mam-carmen-caf\/\",\"name\":\"Successful 1st Coffee Morning at Mam&#225; Carmen Caf&#233; - Cudeca Cancer Care Hospice\",\"isPartOf\":{\"@id\":\"https:\/\/www.cudeca.org\/#website\"},\"datePublished\":\"2017-12-01T19:18:02+00:00\",\"dateModified\":\"2017-12-01T19:18:02+00:00\",\"breadcrumb\":{\"@id\":\"https:\/\/www.cudeca.org\/en\/actualidad\/successful-1st-coffee-morning-at-mam-carmen-caf\/#breadcrumb\"},\"inLanguage\":\"en-US\",\"potentialAction\":[{\"@type\":\"ReadAction\",\"target\":[\"https:\/\/www.cudeca.org\/en\/actualidad\/successful-1st-coffee-morning-at-mam-carmen-caf\/\"]}]},{\"@type\":\"BreadcrumbList\",\"@id\":\"https:\/\/www.cudeca.org\/en\/actualidad\/successful-1st-coffee-morning-at-mam-carmen-caf\/#breadcrumb\",\"itemListElement\":[{\"@type\":\"ListItem\",\"position\":1,\"name\":\"Portada\",\"item\":\"https:\/\/www.cudeca.org\/\"},{\"@type\":\"ListItem\",\"position\":2,\"name\":\"Successful 1st Coffee Morning at Mam&#225; Carmen Caf&#233;\"}]},{\"@type\":\"Article\",\"@id\":\"https:\/\/www.cudeca.org\/en\/actualidad\/successful-1st-coffee-morning-at-mam-carmen-caf\/#article\",\"isPartOf\":{\"@id\":\"https:\/\/www.cudeca.org\/en\/actualidad\/successful-1st-coffee-morning-at-mam-carmen-caf\/\"},\"author\":{\"name\":\"\",\"@id\":\"\"},\"headline\":\"Successful 1st Coffee Morning at Mam&#225; Carmen Caf&#233;\",\"datePublished\":\"2017-12-01T19:18:02+00:00\",\"dateModified\":\"2017-12-01T19:18:02+00:00\",\"mainEntityOfPage\":{\"@id\":\"https:\/\/www.cudeca.org\/en\/actualidad\/successful-1st-coffee-morning-at-mam-carmen-caf\/\"},\"wordCount\":116,\"commentCount\":0,\"publisher\":{\"@id\":\"https:\/\/www.cudeca.org\/#organization\"},\"articleSection\":[\"\"],\"inLanguage\":\"en-US\",\"potentialAction\":[{\"@type\":\"CommentAction\",\"name\":\"Comment\",\"target\":[\"https:\/\/www.cudeca.org\/en\/actualidad\/successful-1st-coffee-morning-at-mam-carmen-caf\/#respond\"]}]}]}<\/script>\n<!-- \/ Yoast SEO plugin. -->","yoast_head_json":{"title":"Successful 1st Coffee Morning at Mam&#225; Carmen Caf&#233; - Cudeca Cancer Care Hospice","robots":{"index":"index","follow":"follow","max-snippet":"max-snippet:-1","max-image-preview":"max-image-preview:large","max-video-preview":"max-video-preview:-1"},"canonical":"https:\/\/www.cudeca.org\/en\/actualidad\/successful-1st-coffee-morning-at-mam-carmen-caf\/","og_locale":"en_US","og_type":"article","og_title":"Successful 1st Coffee Morning at Mam&#225; Carmen Caf&#233; - Cudeca Cancer Care Hospice","og_description":"The 1st Edition of the Coffee Mornings at Mam\u00e1 Carmen Caf\u00e9 was launched in Torremolinos last 28th October at the Mam\u00e1 Carmen Caf\u00e9 in Torremolinos from 11am till 1pm to help us. \u00a0 This has been the first time for the Mam\u00e1 Carmen Caf\u00e9 in organizing this wonderful morning and they were delighted receiving all [&hellip;]","og_url":"https:\/\/www.cudeca.org\/en\/actualidad\/successful-1st-coffee-morning-at-mam-carmen-caf\/","og_site_name":"Cudeca Cancer Care Hospice","article_publisher":"https:\/\/www.facebook.com\/AmigosDeCudeca","article_published_time":"2017-12-01T19:18:02+00:00","twitter_card":"summary_large_image","twitter_creator":"@cudeca","twitter_site":"@cudeca","twitter_misc":{"Est. reading time":"1 minute"},"schema":{"@context":"https:\/\/schema.org","@graph":[{"@type":"Organization","@id":"https:\/\/www.cudeca.org\/#organization","name":"Fundaci\u00f3n Cudeca","url":"https:\/\/www.cudeca.org\/","sameAs":["https:\/\/www.youtube.com\/c\/cudecamalaga","https:\/\/www.facebook.com\/AmigosDeCudeca","https:\/\/twitter.com\/cudeca"],"logo":{"@type":"ImageObject","inLanguage":"en-US","@id":"https:\/\/www.cudeca.org\/#\/schema\/logo\/image\/","url":"https:\/\/www.cudeca.org\/wp-content\/uploads\/2018\/02\/cudeca-logo.png","contentUrl":"https:\/\/www.cudeca.org\/wp-content\/uploads\/2018\/02\/cudeca-logo.png","width":2121,"height":984,"caption":"Fundaci\u00f3n Cudeca"},"image":{"@id":"https:\/\/www.cudeca.org\/#\/schema\/logo\/image\/"}},{"@type":"WebSite","@id":"https:\/\/www.cudeca.org\/#website","url":"https:\/\/www.cudeca.org\/","name":"Fundaci\u00f3n Cudeca","description":"Cudeca Hospice","publisher":{"@id":"https:\/\/www.cudeca.org\/#organization"},"potentialAction":[{"@type":"SearchAction","target":{"@type":"EntryPoint","urlTemplate":"https:\/\/www.cudeca.org\/?s={search_term_string}"},"query-input":"required name=search_term_string"}],"inLanguage":"en-US"},{"@type":"WebPage","@id":"https:\/\/www.cudeca.org\/en\/actualidad\/successful-1st-coffee-morning-at-mam-carmen-caf\/","url":"https:\/\/www.cudeca.org\/en\/actualidad\/successful-1st-coffee-morning-at-mam-carmen-caf\/","name":"Successful 1st Coffee Morning at Mam&#225; Carmen Caf&#233; - Cudeca Cancer Care Hospice","isPartOf":{"@id":"https:\/\/www.cudeca.org\/#website"},"datePublished":"2017-12-01T19:18:02+00:00","dateModified":"2017-12-01T19:18:02+00:00","breadcrumb":{"@id":"https:\/\/www.cudeca.org\/en\/actualidad\/successful-1st-coffee-morning-at-mam-carmen-caf\/#breadcrumb"},"inLanguage":"en-US","potentialAction":[{"@type":"ReadAction","target":["https:\/\/www.cudeca.org\/en\/actualidad\/successful-1st-coffee-morning-at-mam-carmen-caf\/"]}]},{"@type":"BreadcrumbList","@id":"https:\/\/www.cudeca.org\/en\/actualidad\/successful-1st-coffee-morning-at-mam-carmen-caf\/#breadcrumb","itemListElement":[{"@type":"ListItem","position":1,"name":"Portada","item":"https:\/\/www.cudeca.org\/"},{"@type":"ListItem","position":2,"name":"Successful 1st Coffee Morning at Mam&#225; Carmen Caf&#233;"}]},{"@type":"Article","@id":"https:\/\/www.cudeca.org\/en\/actualidad\/successful-1st-coffee-morning-at-mam-carmen-caf\/#article","isPartOf":{"@id":"https:\/\/www.cudeca.org\/en\/actualidad\/successful-1st-coffee-morning-at-mam-carmen-caf\/"},"author":{"name":"","@id":""},"headline":"Successful 1st Coffee Morning at Mam&#225; Carmen Caf&#233;","datePublished":"2017-12-01T19:18:02+00:00","dateModified":"2017-12-01T19:18:02+00:00","mainEntityOfPage":{"@id":"https:\/\/www.cudeca.org\/en\/actualidad\/successful-1st-coffee-morning-at-mam-carmen-caf\/"},"wordCount":116,"commentCount":0,"publisher":{"@id":"https:\/\/www.cudeca.org\/#organization"},"articleSection":[""],"inLanguage":"en-US","potentialAction":[{"@type":"CommentAction","name":"Comment","target":["https:\/\/www.cudeca.org\/en\/actualidad\/successful-1st-coffee-morning-at-mam-carmen-caf\/#respond"]}]}]}},"_links":{"self":[{"href":"https:\/\/www.cudeca.org\/en\/wp-json\/wp\/v2\/posts\/16556"}],"collection":[{"href":"https:\/\/www.cudeca.org\/en\/wp-json\/wp\/v2\/posts"}],"about":[{"href":"https:\/\/www.cudeca.org\/en\/wp-json\/wp\/v2\/types\/post"}],"replies":[{"embeddable":true,"href":"https:\/\/www.cudeca.org\/en\/wp-json\/wp\/v2\/comments?post=16556"}],"version-history":[{"count":0,"href":"https:\/\/www.cudeca.org\/en\/wp-json\/wp\/v2\/posts\/16556\/revisions"}],"wp:attachment":[{"href":"https:\/\/www.cudeca.org\/en\/wp-json\/wp\/v2\/media?parent=16556"}],"wp:term":[{"taxonomy":"category","embeddable":true,"href":"https:\/\/www.cudeca.org\/en\/wp-json\/wp\/v2\/categories?post=16556"},{"taxonomy":"post_tag","embeddable":true,"href":"https:\/\/www.cudeca.org\/en\/wp-json\/wp\/v2\/tags?post=16556"}],"curies":[{"name":"wp","href":"https:\/\/api.w.org\/{rel}","templated":true}]}}