{"id":16539,"date":"2017-07-21T19:15:12","date_gmt":"2017-07-21T19:15:12","guid":{"rendered":"https:\/\/www.cudeca.org\/actualidad\/verbena-solidaria-santa-ana-estepona\/"},"modified":"2017-07-21T19:15:12","modified_gmt":"2017-07-21T19:15:12","slug":"verbena-solidaria-santa-ana-estepona","status":"publish","type":"post","link":"https:\/\/www.cudeca.org\/en\/actualidad\/verbena-solidaria-santa-ana-estepona\/","title":{"rendered":"Verbena Solidaria Santa Ana Estepona"},"content":{"rendered":"<p><\/p>\n<div id=\"notCuerpo\">\n<div>On July 12 the <strong>Presentation of the Verbena Solidaria Vecinos Santa Ana<\/strong> took place in the <strong><a href=\"http:\/\/www.estepona.es\" target=\"_blank\">Estepona Town Hall.<\/a><\/strong><br \/>  \u00a0<br \/>  At the presentation were present; from the City Council,<strong> the mayor Jos\u00e9 Mar\u00eda Garc\u00eda Urbano<\/strong> and the Councilor for Citizen Participation, <strong>Susana Casta\u00f1o;<\/strong> the organizers,<strong> Gustavo Corrales <\/strong>and <strong>Ver\u00f3nica M\u00e9rida <\/strong>(owner of the clothing store Kylie Modas in Estepona); And from Cudeca, <strong>Esther R\u00e1ez<\/strong>, Communication and Fundraising department.<br \/>  \u00a0<br \/>  The verbena will begin on <strong>Friday, July 28 <\/strong>with a fashion show by the local clothing store Modas Kylie in the same square starting at <strong>21.30h<\/strong> and the solidarity bar will be inaugurated. The following day, <strong>on Saturday, July 29<\/strong>, in the street of Santa Ana, performances by Alma Flamenca, Guarache Flamenco, Iv\u00e1n Ben\u00edtez, pepito &#8220;El Caja&#8221;, Alicia and Bel\u00e9n Ben\u00edtez, Miguel Rovira and La Tata, Ra\u00fal D\u00edaz Fern\u00e1ndez and DJ Carrasco will be enjoyed by all audiences at <strong>20.00h.<\/strong><br \/>  \u00a0<br \/>  Thanks to the collaboration of all the neighbors the charity bar will be available to all assistants. All funds raised in this bar will go to the special way of caring of Cudeca.<br \/>  \u00a0<br \/>  Thank you very much for your support and solidarity!<br \/>  \u00a0<br \/>  \u00a0<\/p>\n<p>  Date: <strong>Friday 28 and Saturday 29 July<\/strong><br \/>  Time: f<strong>rom 21.30h and 20.00h respectively<\/strong><br \/>  Location:<strong> Santa Ana Square (Estepona)<\/strong><br \/>  Contact details: <strong>Gustavo Corrales 633 79 47 52<\/strong><br \/>  \u00a0<br \/>  \u00a0<br \/>  \u00a0<\/div><\/div>\n<p><\/p>","protected":false},"excerpt":{"rendered":"<p>On July 12 the Presentation of the Verbena Solidaria Vecinos Santa Ana took place in the Estepona Town Hall. \u00a0 At the presentation were present; from the City Council, the mayor Jos\u00e9 Mar\u00eda Garc\u00eda Urbano and the Councilor for Citizen Participation, Susana Casta\u00f1o; the organizers, Gustavo Corrales and Ver\u00f3nica M\u00e9rida (owner of the clothing store [&hellip;]<\/p>\n","protected":false},"author":0,"featured_media":0,"comment_status":"open","ping_status":"open","sticky":false,"template":"","format":"standard","meta":[],"categories":[15],"tags":[],"yoast_head":"<!-- This site is optimized with the Yoast SEO plugin v19.4 - https:\/\/yoast.com\/wordpress\/plugins\/seo\/ -->\n<title>Verbena Solidaria Santa Ana Estepona - Cudeca Cancer Care Hospice<\/title>\n<meta name=\"robots\" content=\"index, follow, max-snippet:-1, max-image-preview:large, max-video-preview:-1\" \/>\n<link rel=\"canonical\" href=\"https:\/\/www.cudeca.org\/en\/actualidad\/verbena-solidaria-santa-ana-estepona\/\" \/>\n<meta property=\"og:locale\" content=\"en_US\" \/>\n<meta property=\"og:type\" content=\"article\" \/>\n<meta property=\"og:title\" content=\"Verbena Solidaria Santa Ana Estepona - Cudeca Cancer Care Hospice\" \/>\n<meta property=\"og:description\" content=\"On July 12 the Presentation of the Verbena Solidaria Vecinos Santa Ana took place in the Estepona Town Hall. \u00a0 At the presentation were present; from the City Council, the mayor Jos\u00e9 Mar\u00eda Garc\u00eda Urbano and the Councilor for Citizen Participation, Susana Casta\u00f1o; the organizers, Gustavo Corrales and Ver\u00f3nica M\u00e9rida (owner of the clothing store [&hellip;]\" \/>\n<meta property=\"og:url\" content=\"https:\/\/www.cudeca.org\/en\/actualidad\/verbena-solidaria-santa-ana-estepona\/\" \/>\n<meta property=\"og:site_name\" content=\"Cudeca Cancer Care Hospice\" \/>\n<meta property=\"article:publisher\" content=\"https:\/\/www.facebook.com\/AmigosDeCudeca\" \/>\n<meta property=\"article:published_time\" content=\"2017-07-21T19:15:12+00:00\" \/>\n<meta name=\"twitter:card\" content=\"summary_large_image\" \/>\n<meta name=\"twitter:creator\" content=\"@cudeca\" \/>\n<meta name=\"twitter:site\" content=\"@cudeca\" \/>\n<meta name=\"twitter:label1\" content=\"Est. reading time\" \/>\n\t<meta name=\"twitter:data1\" content=\"1 minute\" \/>\n<script type=\"application\/ld+json\" class=\"yoast-schema-graph\">{\"@context\":\"https:\/\/schema.org\",\"@graph\":[{\"@type\":\"Organization\",\"@id\":\"https:\/\/www.cudeca.org\/#organization\",\"name\":\"Fundaci\u00f3n Cudeca\",\"url\":\"https:\/\/www.cudeca.org\/\",\"sameAs\":[\"https:\/\/www.youtube.com\/c\/cudecamalaga\",\"https:\/\/www.facebook.com\/AmigosDeCudeca\",\"https:\/\/twitter.com\/cudeca\"],\"logo\":{\"@type\":\"ImageObject\",\"inLanguage\":\"en-US\",\"@id\":\"https:\/\/www.cudeca.org\/#\/schema\/logo\/image\/\",\"url\":\"https:\/\/www.cudeca.org\/wp-content\/uploads\/2018\/02\/cudeca-logo.png\",\"contentUrl\":\"https:\/\/www.cudeca.org\/wp-content\/uploads\/2018\/02\/cudeca-logo.png\",\"width\":2121,\"height\":984,\"caption\":\"Fundaci\u00f3n Cudeca\"},\"image\":{\"@id\":\"https:\/\/www.cudeca.org\/#\/schema\/logo\/image\/\"}},{\"@type\":\"WebSite\",\"@id\":\"https:\/\/www.cudeca.org\/#website\",\"url\":\"https:\/\/www.cudeca.org\/\",\"name\":\"Fundaci\u00f3n Cudeca\",\"description\":\"Cudeca Hospice\",\"publisher\":{\"@id\":\"https:\/\/www.cudeca.org\/#organization\"},\"potentialAction\":[{\"@type\":\"SearchAction\",\"target\":{\"@type\":\"EntryPoint\",\"urlTemplate\":\"https:\/\/www.cudeca.org\/?s={search_term_string}\"},\"query-input\":\"required name=search_term_string\"}],\"inLanguage\":\"en-US\"},{\"@type\":\"WebPage\",\"@id\":\"https:\/\/www.cudeca.org\/en\/actualidad\/verbena-solidaria-santa-ana-estepona\/\",\"url\":\"https:\/\/www.cudeca.org\/en\/actualidad\/verbena-solidaria-santa-ana-estepona\/\",\"name\":\"Verbena Solidaria Santa Ana Estepona - Cudeca Cancer Care Hospice\",\"isPartOf\":{\"@id\":\"https:\/\/www.cudeca.org\/#website\"},\"datePublished\":\"2017-07-21T19:15:12+00:00\",\"dateModified\":\"2017-07-21T19:15:12+00:00\",\"breadcrumb\":{\"@id\":\"https:\/\/www.cudeca.org\/en\/actualidad\/verbena-solidaria-santa-ana-estepona\/#breadcrumb\"},\"inLanguage\":\"en-US\",\"potentialAction\":[{\"@type\":\"ReadAction\",\"target\":[\"https:\/\/www.cudeca.org\/en\/actualidad\/verbena-solidaria-santa-ana-estepona\/\"]}]},{\"@type\":\"BreadcrumbList\",\"@id\":\"https:\/\/www.cudeca.org\/en\/actualidad\/verbena-solidaria-santa-ana-estepona\/#breadcrumb\",\"itemListElement\":[{\"@type\":\"ListItem\",\"position\":1,\"name\":\"Portada\",\"item\":\"https:\/\/www.cudeca.org\/\"},{\"@type\":\"ListItem\",\"position\":2,\"name\":\"Verbena Solidaria Santa Ana Estepona\"}]},{\"@type\":\"Article\",\"@id\":\"https:\/\/www.cudeca.org\/en\/actualidad\/verbena-solidaria-santa-ana-estepona\/#article\",\"isPartOf\":{\"@id\":\"https:\/\/www.cudeca.org\/en\/actualidad\/verbena-solidaria-santa-ana-estepona\/\"},\"author\":{\"name\":\"\",\"@id\":\"\"},\"headline\":\"Verbena Solidaria Santa Ana Estepona\",\"datePublished\":\"2017-07-21T19:15:12+00:00\",\"dateModified\":\"2017-07-21T19:15:12+00:00\",\"mainEntityOfPage\":{\"@id\":\"https:\/\/www.cudeca.org\/en\/actualidad\/verbena-solidaria-santa-ana-estepona\/\"},\"wordCount\":226,\"commentCount\":0,\"publisher\":{\"@id\":\"https:\/\/www.cudeca.org\/#organization\"},\"articleSection\":[\"\"],\"inLanguage\":\"en-US\",\"potentialAction\":[{\"@type\":\"CommentAction\",\"name\":\"Comment\",\"target\":[\"https:\/\/www.cudeca.org\/en\/actualidad\/verbena-solidaria-santa-ana-estepona\/#respond\"]}]}]}<\/script>\n<!-- \/ Yoast SEO plugin. -->","yoast_head_json":{"title":"Verbena Solidaria Santa Ana Estepona - Cudeca Cancer Care Hospice","robots":{"index":"index","follow":"follow","max-snippet":"max-snippet:-1","max-image-preview":"max-image-preview:large","max-video-preview":"max-video-preview:-1"},"canonical":"https:\/\/www.cudeca.org\/en\/actualidad\/verbena-solidaria-santa-ana-estepona\/","og_locale":"en_US","og_type":"article","og_title":"Verbena Solidaria Santa Ana Estepona - Cudeca Cancer Care Hospice","og_description":"On July 12 the Presentation of the Verbena Solidaria Vecinos Santa Ana took place in the Estepona Town Hall. \u00a0 At the presentation were present; from the City Council, the mayor Jos\u00e9 Mar\u00eda Garc\u00eda Urbano and the Councilor for Citizen Participation, Susana Casta\u00f1o; the organizers, Gustavo Corrales and Ver\u00f3nica M\u00e9rida (owner of the clothing store [&hellip;]","og_url":"https:\/\/www.cudeca.org\/en\/actualidad\/verbena-solidaria-santa-ana-estepona\/","og_site_name":"Cudeca Cancer Care Hospice","article_publisher":"https:\/\/www.facebook.com\/AmigosDeCudeca","article_published_time":"2017-07-21T19:15:12+00:00","twitter_card":"summary_large_image","twitter_creator":"@cudeca","twitter_site":"@cudeca","twitter_misc":{"Est. reading time":"1 minute"},"schema":{"@context":"https:\/\/schema.org","@graph":[{"@type":"Organization","@id":"https:\/\/www.cudeca.org\/#organization","name":"Fundaci\u00f3n Cudeca","url":"https:\/\/www.cudeca.org\/","sameAs":["https:\/\/www.youtube.com\/c\/cudecamalaga","https:\/\/www.facebook.com\/AmigosDeCudeca","https:\/\/twitter.com\/cudeca"],"logo":{"@type":"ImageObject","inLanguage":"en-US","@id":"https:\/\/www.cudeca.org\/#\/schema\/logo\/image\/","url":"https:\/\/www.cudeca.org\/wp-content\/uploads\/2018\/02\/cudeca-logo.png","contentUrl":"https:\/\/www.cudeca.org\/wp-content\/uploads\/2018\/02\/cudeca-logo.png","width":2121,"height":984,"caption":"Fundaci\u00f3n Cudeca"},"image":{"@id":"https:\/\/www.cudeca.org\/#\/schema\/logo\/image\/"}},{"@type":"WebSite","@id":"https:\/\/www.cudeca.org\/#website","url":"https:\/\/www.cudeca.org\/","name":"Fundaci\u00f3n Cudeca","description":"Cudeca Hospice","publisher":{"@id":"https:\/\/www.cudeca.org\/#organization"},"potentialAction":[{"@type":"SearchAction","target":{"@type":"EntryPoint","urlTemplate":"https:\/\/www.cudeca.org\/?s={search_term_string}"},"query-input":"required name=search_term_string"}],"inLanguage":"en-US"},{"@type":"WebPage","@id":"https:\/\/www.cudeca.org\/en\/actualidad\/verbena-solidaria-santa-ana-estepona\/","url":"https:\/\/www.cudeca.org\/en\/actualidad\/verbena-solidaria-santa-ana-estepona\/","name":"Verbena Solidaria Santa Ana Estepona - Cudeca Cancer Care Hospice","isPartOf":{"@id":"https:\/\/www.cudeca.org\/#website"},"datePublished":"2017-07-21T19:15:12+00:00","dateModified":"2017-07-21T19:15:12+00:00","breadcrumb":{"@id":"https:\/\/www.cudeca.org\/en\/actualidad\/verbena-solidaria-santa-ana-estepona\/#breadcrumb"},"inLanguage":"en-US","potentialAction":[{"@type":"ReadAction","target":["https:\/\/www.cudeca.org\/en\/actualidad\/verbena-solidaria-santa-ana-estepona\/"]}]},{"@type":"BreadcrumbList","@id":"https:\/\/www.cudeca.org\/en\/actualidad\/verbena-solidaria-santa-ana-estepona\/#breadcrumb","itemListElement":[{"@type":"ListItem","position":1,"name":"Portada","item":"https:\/\/www.cudeca.org\/"},{"@type":"ListItem","position":2,"name":"Verbena Solidaria Santa Ana Estepona"}]},{"@type":"Article","@id":"https:\/\/www.cudeca.org\/en\/actualidad\/verbena-solidaria-santa-ana-estepona\/#article","isPartOf":{"@id":"https:\/\/www.cudeca.org\/en\/actualidad\/verbena-solidaria-santa-ana-estepona\/"},"author":{"name":"","@id":""},"headline":"Verbena Solidaria Santa Ana Estepona","datePublished":"2017-07-21T19:15:12+00:00","dateModified":"2017-07-21T19:15:12+00:00","mainEntityOfPage":{"@id":"https:\/\/www.cudeca.org\/en\/actualidad\/verbena-solidaria-santa-ana-estepona\/"},"wordCount":226,"commentCount":0,"publisher":{"@id":"https:\/\/www.cudeca.org\/#organization"},"articleSection":[""],"inLanguage":"en-US","potentialAction":[{"@type":"CommentAction","name":"Comment","target":["https:\/\/www.cudeca.org\/en\/actualidad\/verbena-solidaria-santa-ana-estepona\/#respond"]}]}]}},"_links":{"self":[{"href":"https:\/\/www.cudeca.org\/en\/wp-json\/wp\/v2\/posts\/16539"}],"collection":[{"href":"https:\/\/www.cudeca.org\/en\/wp-json\/wp\/v2\/posts"}],"about":[{"href":"https:\/\/www.cudeca.org\/en\/wp-json\/wp\/v2\/types\/post"}],"replies":[{"embeddable":true,"href":"https:\/\/www.cudeca.org\/en\/wp-json\/wp\/v2\/comments?post=16539"}],"version-history":[{"count":0,"href":"https:\/\/www.cudeca.org\/en\/wp-json\/wp\/v2\/posts\/16539\/revisions"}],"wp:attachment":[{"href":"https:\/\/www.cudeca.org\/en\/wp-json\/wp\/v2\/media?parent=16539"}],"wp:term":[{"taxonomy":"category","embeddable":true,"href":"https:\/\/www.cudeca.org\/en\/wp-json\/wp\/v2\/categories?post=16539"},{"taxonomy":"post_tag","embeddable":true,"href":"https:\/\/www.cudeca.org\/en\/wp-json\/wp\/v2\/tags?post=16539"}],"curies":[{"name":"wp","href":"https:\/\/api.w.org\/{rel}","templated":true}]}}