{"id":16534,"date":"2017-06-14T19:12:32","date_gmt":"2017-06-14T19:12:32","guid":{"rendered":"https:\/\/www.cudeca.org\/actualidad\/1st-international-scientific-congress-of-palliative-care\/"},"modified":"2017-06-14T19:12:32","modified_gmt":"2017-06-14T19:12:32","slug":"1st-international-scientific-congress-of-palliative-care","status":"publish","type":"post","link":"https:\/\/www.cudeca.org\/en\/actualidad\/1st-international-scientific-congress-of-palliative-care\/","title":{"rendered":"1st International Scientific Congress of Palliative Care"},"content":{"rendered":"<p><\/p>\n<div id=\"notCuerpo\">\n<div>\n<div>To celebrate its 25th anniversary year, on 14 June we organize the 1st International Scientific Conference on Palliative Care &#8220;Summer School&#8221; at the Rectory of the University of Malaga.<\/div>\n<div>  We organized the workshops as a member of the International Collaboration for Best Care for the Dying Person, promoted by Marie Curie Palliative Care Institute of Liverpool of Liverpool University.<\/div>\n<div>  The closing ceremony was chaired by <strong>M\u00aa Angeles Li\u00f1an<\/strong>, <strong>Subdelegate of Equality and Social Action of the University of M\u00e1laga<\/strong>, who spoke on behalf of the rector of the University, Jos\u00e9 \u00c1ngel Narv\u00e1ez, during which she thanked all participants and speakers who had attended this important international event.<\/div>\n<div>  Opening the ceremony, the <strong>Mayor of M\u00e1laga, D. Francisco de la Torre<\/strong>, despite having a busy schedule, said he wanted to be present to congratulated the Founder Joan Hunt and the entire team of the Cudeca Foundation, for their 25 years of success taking care of the people of Malaga.\u00a0 He emphasized that these scientific events endorse the high scientific and reference level of the Cudeca Foundation in the field of Palliative Care.<\/div>\n<div>\u00a0<\/div>\n<div><strong>Remedios Martel, General Director of Public Health and Pharmaceutical Management of the Regional Government of Andalusia<\/strong>, took the chair and commented that Cudeca celebrates 25 years of effort, sustained growth, commitment and solidarity through volunteering; and added that Cudeca was formed in 1992 thanks to the strength of Joan Hunt and Marisa Mart\u00edn, who developed a different model within the scope of palliative care, integrated into the public network of Palliative Care of our Ministry of Health.<\/div>\n<div>\u00a0<\/div>\n<div><strong>F\u00e9lix Lozano, Deputy Participation and International Cooperation of the Diputaci\u00f3n de M\u00e1laga<\/strong>, said that public institutions should support initiatives such as that of Cudeca independent of any political party.<\/div>\n<div>  Finally, <strong>Joan Hunt<\/strong> recalled her participation in the start of the Cudeca project in the Red Cross hospital in 1991, saying that it was the care received in that unit that prompted her to extend such specialized and human care to the rest of the population of Malaga. She concluded once again thanking the whole community for being part of the Cudeca project.<\/div>\n<div>  Our Chief Executive and Medical Director of Cudeca, <strong>Marisa Mart\u00edn<\/strong>, evaluated the results of the conference as a great success of participation with 10 different nationalities from 3 different continents from Australia to Argentina including many countries of northern Europe. She thanked the support in the organization from the M\u00e1laga City Council, Diputaci\u00f3n de M\u00e1laga, Universidad de M\u00e1laga and AC Hotel M\u00e1laga Palacio as well as the participation of the speakers who attended the conference.<\/div>\n<div>  To conclude the conference, the renowned, reputed and referring <strong>doctor in oncology and coordinator of the Program of Palliative Care of the Health Service of the Balearic Islands, Enric Benito<\/strong>, made his presentation to the conference entitled &#8220;The values \u200b\u200bthat constitute our identity&#8221; in which he identified the 7 &#8220;Cs&#8221; in spanish that constitute the fundamental values \u200b\u200bof Palliative Care (Consciousness, Awareness (Conciencia), Compassion, Competence, Commitment, Companionship and Courage).<\/div><\/div><\/div>\n<p><\/p>","protected":false},"excerpt":{"rendered":"<p>To celebrate its 25th anniversary year, on 14 June we organize the 1st International Scientific Conference on Palliative Care &#8220;Summer School&#8221; at the Rectory of the University of Malaga. We organized the workshops as a member of the International Collaboration for Best Care for the Dying Person, promoted by Marie Curie Palliative Care Institute of [&hellip;]<\/p>\n","protected":false},"author":0,"featured_media":0,"comment_status":"open","ping_status":"open","sticky":false,"template":"","format":"standard","meta":[],"categories":[15],"tags":[],"yoast_head":"<!-- This site is optimized with the Yoast SEO plugin v19.4 - https:\/\/yoast.com\/wordpress\/plugins\/seo\/ -->\n<title>1st International Scientific Congress of Palliative Care - Cudeca Cancer Care Hospice<\/title>\n<meta name=\"robots\" content=\"index, follow, max-snippet:-1, max-image-preview:large, max-video-preview:-1\" \/>\n<link rel=\"canonical\" href=\"https:\/\/www.cudeca.org\/en\/actualidad\/1st-international-scientific-congress-of-palliative-care\/\" \/>\n<meta property=\"og:locale\" content=\"en_US\" \/>\n<meta property=\"og:type\" content=\"article\" \/>\n<meta property=\"og:title\" content=\"1st International Scientific Congress of Palliative Care - Cudeca Cancer Care Hospice\" \/>\n<meta property=\"og:description\" content=\"To celebrate its 25th anniversary year, on 14 June we organize the 1st International Scientific Conference on Palliative Care &#8220;Summer School&#8221; at the Rectory of the University of Malaga. We organized the workshops as a member of the International Collaboration for Best Care for the Dying Person, promoted by Marie Curie Palliative Care Institute of [&hellip;]\" \/>\n<meta property=\"og:url\" content=\"https:\/\/www.cudeca.org\/en\/actualidad\/1st-international-scientific-congress-of-palliative-care\/\" \/>\n<meta property=\"og:site_name\" content=\"Cudeca Cancer Care Hospice\" \/>\n<meta property=\"article:publisher\" content=\"https:\/\/www.facebook.com\/AmigosDeCudeca\" \/>\n<meta property=\"article:published_time\" content=\"2017-06-14T19:12:32+00:00\" \/>\n<meta name=\"twitter:card\" content=\"summary_large_image\" \/>\n<meta name=\"twitter:creator\" content=\"@cudeca\" \/>\n<meta name=\"twitter:site\" content=\"@cudeca\" \/>\n<meta name=\"twitter:label1\" content=\"Est. reading time\" \/>\n\t<meta name=\"twitter:data1\" content=\"3 minutes\" \/>\n<script type=\"application\/ld+json\" class=\"yoast-schema-graph\">{\"@context\":\"https:\/\/schema.org\",\"@graph\":[{\"@type\":\"Organization\",\"@id\":\"https:\/\/www.cudeca.org\/#organization\",\"name\":\"Fundaci\u00f3n Cudeca\",\"url\":\"https:\/\/www.cudeca.org\/\",\"sameAs\":[\"https:\/\/www.youtube.com\/c\/cudecamalaga\",\"https:\/\/www.facebook.com\/AmigosDeCudeca\",\"https:\/\/twitter.com\/cudeca\"],\"logo\":{\"@type\":\"ImageObject\",\"inLanguage\":\"en-US\",\"@id\":\"https:\/\/www.cudeca.org\/#\/schema\/logo\/image\/\",\"url\":\"https:\/\/www.cudeca.org\/wp-content\/uploads\/2018\/02\/cudeca-logo.png\",\"contentUrl\":\"https:\/\/www.cudeca.org\/wp-content\/uploads\/2018\/02\/cudeca-logo.png\",\"width\":2121,\"height\":984,\"caption\":\"Fundaci\u00f3n Cudeca\"},\"image\":{\"@id\":\"https:\/\/www.cudeca.org\/#\/schema\/logo\/image\/\"}},{\"@type\":\"WebSite\",\"@id\":\"https:\/\/www.cudeca.org\/#website\",\"url\":\"https:\/\/www.cudeca.org\/\",\"name\":\"Fundaci\u00f3n Cudeca\",\"description\":\"Cudeca Hospice\",\"publisher\":{\"@id\":\"https:\/\/www.cudeca.org\/#organization\"},\"potentialAction\":[{\"@type\":\"SearchAction\",\"target\":{\"@type\":\"EntryPoint\",\"urlTemplate\":\"https:\/\/www.cudeca.org\/?s={search_term_string}\"},\"query-input\":\"required name=search_term_string\"}],\"inLanguage\":\"en-US\"},{\"@type\":\"WebPage\",\"@id\":\"https:\/\/www.cudeca.org\/en\/actualidad\/1st-international-scientific-congress-of-palliative-care\/\",\"url\":\"https:\/\/www.cudeca.org\/en\/actualidad\/1st-international-scientific-congress-of-palliative-care\/\",\"name\":\"1st International Scientific Congress of Palliative Care - Cudeca Cancer Care Hospice\",\"isPartOf\":{\"@id\":\"https:\/\/www.cudeca.org\/#website\"},\"datePublished\":\"2017-06-14T19:12:32+00:00\",\"dateModified\":\"2017-06-14T19:12:32+00:00\",\"breadcrumb\":{\"@id\":\"https:\/\/www.cudeca.org\/en\/actualidad\/1st-international-scientific-congress-of-palliative-care\/#breadcrumb\"},\"inLanguage\":\"en-US\",\"potentialAction\":[{\"@type\":\"ReadAction\",\"target\":[\"https:\/\/www.cudeca.org\/en\/actualidad\/1st-international-scientific-congress-of-palliative-care\/\"]}]},{\"@type\":\"BreadcrumbList\",\"@id\":\"https:\/\/www.cudeca.org\/en\/actualidad\/1st-international-scientific-congress-of-palliative-care\/#breadcrumb\",\"itemListElement\":[{\"@type\":\"ListItem\",\"position\":1,\"name\":\"Portada\",\"item\":\"https:\/\/www.cudeca.org\/\"},{\"@type\":\"ListItem\",\"position\":2,\"name\":\"1st International Scientific Congress of Palliative Care\"}]},{\"@type\":\"Article\",\"@id\":\"https:\/\/www.cudeca.org\/en\/actualidad\/1st-international-scientific-congress-of-palliative-care\/#article\",\"isPartOf\":{\"@id\":\"https:\/\/www.cudeca.org\/en\/actualidad\/1st-international-scientific-congress-of-palliative-care\/\"},\"author\":{\"name\":\"\",\"@id\":\"\"},\"headline\":\"1st International Scientific Congress of Palliative Care\",\"datePublished\":\"2017-06-14T19:12:32+00:00\",\"dateModified\":\"2017-06-14T19:12:32+00:00\",\"mainEntityOfPage\":{\"@id\":\"https:\/\/www.cudeca.org\/en\/actualidad\/1st-international-scientific-congress-of-palliative-care\/\"},\"wordCount\":508,\"commentCount\":0,\"publisher\":{\"@id\":\"https:\/\/www.cudeca.org\/#organization\"},\"articleSection\":[\"\"],\"inLanguage\":\"en-US\",\"potentialAction\":[{\"@type\":\"CommentAction\",\"name\":\"Comment\",\"target\":[\"https:\/\/www.cudeca.org\/en\/actualidad\/1st-international-scientific-congress-of-palliative-care\/#respond\"]}]}]}<\/script>\n<!-- \/ Yoast SEO plugin. -->","yoast_head_json":{"title":"1st International Scientific Congress of Palliative Care - Cudeca Cancer Care Hospice","robots":{"index":"index","follow":"follow","max-snippet":"max-snippet:-1","max-image-preview":"max-image-preview:large","max-video-preview":"max-video-preview:-1"},"canonical":"https:\/\/www.cudeca.org\/en\/actualidad\/1st-international-scientific-congress-of-palliative-care\/","og_locale":"en_US","og_type":"article","og_title":"1st International Scientific Congress of Palliative Care - Cudeca Cancer Care Hospice","og_description":"To celebrate its 25th anniversary year, on 14 June we organize the 1st International Scientific Conference on Palliative Care &#8220;Summer School&#8221; at the Rectory of the University of Malaga. We organized the workshops as a member of the International Collaboration for Best Care for the Dying Person, promoted by Marie Curie Palliative Care Institute of [&hellip;]","og_url":"https:\/\/www.cudeca.org\/en\/actualidad\/1st-international-scientific-congress-of-palliative-care\/","og_site_name":"Cudeca Cancer Care Hospice","article_publisher":"https:\/\/www.facebook.com\/AmigosDeCudeca","article_published_time":"2017-06-14T19:12:32+00:00","twitter_card":"summary_large_image","twitter_creator":"@cudeca","twitter_site":"@cudeca","twitter_misc":{"Est. reading time":"3 minutes"},"schema":{"@context":"https:\/\/schema.org","@graph":[{"@type":"Organization","@id":"https:\/\/www.cudeca.org\/#organization","name":"Fundaci\u00f3n Cudeca","url":"https:\/\/www.cudeca.org\/","sameAs":["https:\/\/www.youtube.com\/c\/cudecamalaga","https:\/\/www.facebook.com\/AmigosDeCudeca","https:\/\/twitter.com\/cudeca"],"logo":{"@type":"ImageObject","inLanguage":"en-US","@id":"https:\/\/www.cudeca.org\/#\/schema\/logo\/image\/","url":"https:\/\/www.cudeca.org\/wp-content\/uploads\/2018\/02\/cudeca-logo.png","contentUrl":"https:\/\/www.cudeca.org\/wp-content\/uploads\/2018\/02\/cudeca-logo.png","width":2121,"height":984,"caption":"Fundaci\u00f3n Cudeca"},"image":{"@id":"https:\/\/www.cudeca.org\/#\/schema\/logo\/image\/"}},{"@type":"WebSite","@id":"https:\/\/www.cudeca.org\/#website","url":"https:\/\/www.cudeca.org\/","name":"Fundaci\u00f3n Cudeca","description":"Cudeca Hospice","publisher":{"@id":"https:\/\/www.cudeca.org\/#organization"},"potentialAction":[{"@type":"SearchAction","target":{"@type":"EntryPoint","urlTemplate":"https:\/\/www.cudeca.org\/?s={search_term_string}"},"query-input":"required name=search_term_string"}],"inLanguage":"en-US"},{"@type":"WebPage","@id":"https:\/\/www.cudeca.org\/en\/actualidad\/1st-international-scientific-congress-of-palliative-care\/","url":"https:\/\/www.cudeca.org\/en\/actualidad\/1st-international-scientific-congress-of-palliative-care\/","name":"1st International Scientific Congress of Palliative Care - Cudeca Cancer Care Hospice","isPartOf":{"@id":"https:\/\/www.cudeca.org\/#website"},"datePublished":"2017-06-14T19:12:32+00:00","dateModified":"2017-06-14T19:12:32+00:00","breadcrumb":{"@id":"https:\/\/www.cudeca.org\/en\/actualidad\/1st-international-scientific-congress-of-palliative-care\/#breadcrumb"},"inLanguage":"en-US","potentialAction":[{"@type":"ReadAction","target":["https:\/\/www.cudeca.org\/en\/actualidad\/1st-international-scientific-congress-of-palliative-care\/"]}]},{"@type":"BreadcrumbList","@id":"https:\/\/www.cudeca.org\/en\/actualidad\/1st-international-scientific-congress-of-palliative-care\/#breadcrumb","itemListElement":[{"@type":"ListItem","position":1,"name":"Portada","item":"https:\/\/www.cudeca.org\/"},{"@type":"ListItem","position":2,"name":"1st International Scientific Congress of Palliative Care"}]},{"@type":"Article","@id":"https:\/\/www.cudeca.org\/en\/actualidad\/1st-international-scientific-congress-of-palliative-care\/#article","isPartOf":{"@id":"https:\/\/www.cudeca.org\/en\/actualidad\/1st-international-scientific-congress-of-palliative-care\/"},"author":{"name":"","@id":""},"headline":"1st International Scientific Congress of Palliative Care","datePublished":"2017-06-14T19:12:32+00:00","dateModified":"2017-06-14T19:12:32+00:00","mainEntityOfPage":{"@id":"https:\/\/www.cudeca.org\/en\/actualidad\/1st-international-scientific-congress-of-palliative-care\/"},"wordCount":508,"commentCount":0,"publisher":{"@id":"https:\/\/www.cudeca.org\/#organization"},"articleSection":[""],"inLanguage":"en-US","potentialAction":[{"@type":"CommentAction","name":"Comment","target":["https:\/\/www.cudeca.org\/en\/actualidad\/1st-international-scientific-congress-of-palliative-care\/#respond"]}]}]}},"_links":{"self":[{"href":"https:\/\/www.cudeca.org\/en\/wp-json\/wp\/v2\/posts\/16534"}],"collection":[{"href":"https:\/\/www.cudeca.org\/en\/wp-json\/wp\/v2\/posts"}],"about":[{"href":"https:\/\/www.cudeca.org\/en\/wp-json\/wp\/v2\/types\/post"}],"replies":[{"embeddable":true,"href":"https:\/\/www.cudeca.org\/en\/wp-json\/wp\/v2\/comments?post=16534"}],"version-history":[{"count":0,"href":"https:\/\/www.cudeca.org\/en\/wp-json\/wp\/v2\/posts\/16534\/revisions"}],"wp:attachment":[{"href":"https:\/\/www.cudeca.org\/en\/wp-json\/wp\/v2\/media?parent=16534"}],"wp:term":[{"taxonomy":"category","embeddable":true,"href":"https:\/\/www.cudeca.org\/en\/wp-json\/wp\/v2\/categories?post=16534"},{"taxonomy":"post_tag","embeddable":true,"href":"https:\/\/www.cudeca.org\/en\/wp-json\/wp\/v2\/tags?post=16534"}],"curies":[{"name":"wp","href":"https:\/\/api.w.org\/{rel}","templated":true}]}}