{"id":16528,"date":"2017-06-02T19:12:24","date_gmt":"2017-06-02T19:12:24","guid":{"rendered":"https:\/\/www.cudeca.org\/actualidad\/the-mayor-of-ojen-visits-us\/"},"modified":"2017-06-02T19:12:24","modified_gmt":"2017-06-02T19:12:24","slug":"the-mayor-of-ojen-visits-us","status":"publish","type":"post","link":"https:\/\/www.cudeca.org\/en\/actualidad\/the-mayor-of-ojen-visits-us\/","title":{"rendered":"The Mayor of Ojen visits us"},"content":{"rendered":"<p><\/p>\n<div id=\"notCuerpo\">\n<div>On Tuesday, May 30th, we received the visit of the <strong><a href=\"http:\/\/www.ojen.es\/es\/Ayuntamiento\/Saluda_del_alcalde\/\" target=\"_blank\">Mayor of Oj\u00e9n, Mr Jos\u00e9 Antonio G\u00f3mez Sanchez, <\/a><\/strong>together with the<strong> first deputy mayor, Mr Jos\u00e9 Gonz\u00e1lez Fern\u00e1ndez<\/strong>, to see our Center for Palliative Care in Benalm\u00e1dena as well as the different Assistance Programs; And discuss different forms of collaboration to help us (tins, charity concerts, etc). \u00a0<\/div>\n<div>\u00a0<\/div>\n<div>Thank you, Mayor, for such a generous initiative.<br \/>  \u00a0<\/div><\/div>\n<p><\/p>","protected":false},"excerpt":{"rendered":"<p>On Tuesday, May 30th, we received the visit of the Mayor of Oj\u00e9n, Mr Jos\u00e9 Antonio G\u00f3mez Sanchez, together with the first deputy mayor, Mr Jos\u00e9 Gonz\u00e1lez Fern\u00e1ndez, to see our Center for Palliative Care in Benalm\u00e1dena as well as the different Assistance Programs; And discuss different forms of collaboration to help us (tins, charity [&hellip;]<\/p>\n","protected":false},"author":0,"featured_media":0,"comment_status":"open","ping_status":"open","sticky":false,"template":"","format":"standard","meta":[],"categories":[15],"tags":[],"yoast_head":"<!-- This site is optimized with the Yoast SEO plugin v19.4 - https:\/\/yoast.com\/wordpress\/plugins\/seo\/ -->\n<title>The Mayor of Ojen visits us - Cudeca Cancer Care Hospice<\/title>\n<meta name=\"robots\" content=\"index, follow, max-snippet:-1, max-image-preview:large, max-video-preview:-1\" \/>\n<link rel=\"canonical\" href=\"https:\/\/www.cudeca.org\/en\/actualidad\/the-mayor-of-ojen-visits-us\/\" \/>\n<meta property=\"og:locale\" content=\"en_US\" \/>\n<meta property=\"og:type\" content=\"article\" \/>\n<meta property=\"og:title\" content=\"The Mayor of Ojen visits us - Cudeca Cancer Care Hospice\" \/>\n<meta property=\"og:description\" content=\"On Tuesday, May 30th, we received the visit of the Mayor of Oj\u00e9n, Mr Jos\u00e9 Antonio G\u00f3mez Sanchez, together with the first deputy mayor, Mr Jos\u00e9 Gonz\u00e1lez Fern\u00e1ndez, to see our Center for Palliative Care in Benalm\u00e1dena as well as the different Assistance Programs; And discuss different forms of collaboration to help us (tins, charity [&hellip;]\" \/>\n<meta property=\"og:url\" content=\"https:\/\/www.cudeca.org\/en\/actualidad\/the-mayor-of-ojen-visits-us\/\" \/>\n<meta property=\"og:site_name\" content=\"Cudeca Cancer Care Hospice\" \/>\n<meta property=\"article:publisher\" content=\"https:\/\/www.facebook.com\/AmigosDeCudeca\" \/>\n<meta property=\"article:published_time\" content=\"2017-06-02T19:12:24+00:00\" \/>\n<meta name=\"twitter:card\" content=\"summary_large_image\" \/>\n<meta name=\"twitter:creator\" content=\"@cudeca\" \/>\n<meta name=\"twitter:site\" content=\"@cudeca\" \/>\n<script type=\"application\/ld+json\" class=\"yoast-schema-graph\">{\"@context\":\"https:\/\/schema.org\",\"@graph\":[{\"@type\":\"Organization\",\"@id\":\"https:\/\/www.cudeca.org\/#organization\",\"name\":\"Fundaci\u00f3n Cudeca\",\"url\":\"https:\/\/www.cudeca.org\/\",\"sameAs\":[\"https:\/\/www.youtube.com\/c\/cudecamalaga\",\"https:\/\/www.facebook.com\/AmigosDeCudeca\",\"https:\/\/twitter.com\/cudeca\"],\"logo\":{\"@type\":\"ImageObject\",\"inLanguage\":\"en-US\",\"@id\":\"https:\/\/www.cudeca.org\/#\/schema\/logo\/image\/\",\"url\":\"https:\/\/www.cudeca.org\/wp-content\/uploads\/2018\/02\/cudeca-logo.png\",\"contentUrl\":\"https:\/\/www.cudeca.org\/wp-content\/uploads\/2018\/02\/cudeca-logo.png\",\"width\":2121,\"height\":984,\"caption\":\"Fundaci\u00f3n Cudeca\"},\"image\":{\"@id\":\"https:\/\/www.cudeca.org\/#\/schema\/logo\/image\/\"}},{\"@type\":\"WebSite\",\"@id\":\"https:\/\/www.cudeca.org\/#website\",\"url\":\"https:\/\/www.cudeca.org\/\",\"name\":\"Fundaci\u00f3n Cudeca\",\"description\":\"Cudeca Hospice\",\"publisher\":{\"@id\":\"https:\/\/www.cudeca.org\/#organization\"},\"potentialAction\":[{\"@type\":\"SearchAction\",\"target\":{\"@type\":\"EntryPoint\",\"urlTemplate\":\"https:\/\/www.cudeca.org\/?s={search_term_string}\"},\"query-input\":\"required name=search_term_string\"}],\"inLanguage\":\"en-US\"},{\"@type\":\"WebPage\",\"@id\":\"https:\/\/www.cudeca.org\/en\/actualidad\/the-mayor-of-ojen-visits-us\/\",\"url\":\"https:\/\/www.cudeca.org\/en\/actualidad\/the-mayor-of-ojen-visits-us\/\",\"name\":\"The Mayor of Ojen visits us - Cudeca Cancer Care Hospice\",\"isPartOf\":{\"@id\":\"https:\/\/www.cudeca.org\/#website\"},\"datePublished\":\"2017-06-02T19:12:24+00:00\",\"dateModified\":\"2017-06-02T19:12:24+00:00\",\"breadcrumb\":{\"@id\":\"https:\/\/www.cudeca.org\/en\/actualidad\/the-mayor-of-ojen-visits-us\/#breadcrumb\"},\"inLanguage\":\"en-US\",\"potentialAction\":[{\"@type\":\"ReadAction\",\"target\":[\"https:\/\/www.cudeca.org\/en\/actualidad\/the-mayor-of-ojen-visits-us\/\"]}]},{\"@type\":\"BreadcrumbList\",\"@id\":\"https:\/\/www.cudeca.org\/en\/actualidad\/the-mayor-of-ojen-visits-us\/#breadcrumb\",\"itemListElement\":[{\"@type\":\"ListItem\",\"position\":1,\"name\":\"Portada\",\"item\":\"https:\/\/www.cudeca.org\/\"},{\"@type\":\"ListItem\",\"position\":2,\"name\":\"The Mayor of Ojen visits us\"}]},{\"@type\":\"Article\",\"@id\":\"https:\/\/www.cudeca.org\/en\/actualidad\/the-mayor-of-ojen-visits-us\/#article\",\"isPartOf\":{\"@id\":\"https:\/\/www.cudeca.org\/en\/actualidad\/the-mayor-of-ojen-visits-us\/\"},\"author\":{\"name\":\"\",\"@id\":\"\"},\"headline\":\"The Mayor of Ojen visits us\",\"datePublished\":\"2017-06-02T19:12:24+00:00\",\"dateModified\":\"2017-06-02T19:12:24+00:00\",\"mainEntityOfPage\":{\"@id\":\"https:\/\/www.cudeca.org\/en\/actualidad\/the-mayor-of-ojen-visits-us\/\"},\"wordCount\":78,\"commentCount\":0,\"publisher\":{\"@id\":\"https:\/\/www.cudeca.org\/#organization\"},\"articleSection\":[\"\"],\"inLanguage\":\"en-US\",\"potentialAction\":[{\"@type\":\"CommentAction\",\"name\":\"Comment\",\"target\":[\"https:\/\/www.cudeca.org\/en\/actualidad\/the-mayor-of-ojen-visits-us\/#respond\"]}]}]}<\/script>\n<!-- \/ Yoast SEO plugin. -->","yoast_head_json":{"title":"The Mayor of Ojen visits us - Cudeca Cancer Care Hospice","robots":{"index":"index","follow":"follow","max-snippet":"max-snippet:-1","max-image-preview":"max-image-preview:large","max-video-preview":"max-video-preview:-1"},"canonical":"https:\/\/www.cudeca.org\/en\/actualidad\/the-mayor-of-ojen-visits-us\/","og_locale":"en_US","og_type":"article","og_title":"The Mayor of Ojen visits us - Cudeca Cancer Care Hospice","og_description":"On Tuesday, May 30th, we received the visit of the Mayor of Oj\u00e9n, Mr Jos\u00e9 Antonio G\u00f3mez Sanchez, together with the first deputy mayor, Mr Jos\u00e9 Gonz\u00e1lez Fern\u00e1ndez, to see our Center for Palliative Care in Benalm\u00e1dena as well as the different Assistance Programs; And discuss different forms of collaboration to help us (tins, charity [&hellip;]","og_url":"https:\/\/www.cudeca.org\/en\/actualidad\/the-mayor-of-ojen-visits-us\/","og_site_name":"Cudeca Cancer Care Hospice","article_publisher":"https:\/\/www.facebook.com\/AmigosDeCudeca","article_published_time":"2017-06-02T19:12:24+00:00","twitter_card":"summary_large_image","twitter_creator":"@cudeca","twitter_site":"@cudeca","schema":{"@context":"https:\/\/schema.org","@graph":[{"@type":"Organization","@id":"https:\/\/www.cudeca.org\/#organization","name":"Fundaci\u00f3n Cudeca","url":"https:\/\/www.cudeca.org\/","sameAs":["https:\/\/www.youtube.com\/c\/cudecamalaga","https:\/\/www.facebook.com\/AmigosDeCudeca","https:\/\/twitter.com\/cudeca"],"logo":{"@type":"ImageObject","inLanguage":"en-US","@id":"https:\/\/www.cudeca.org\/#\/schema\/logo\/image\/","url":"https:\/\/www.cudeca.org\/wp-content\/uploads\/2018\/02\/cudeca-logo.png","contentUrl":"https:\/\/www.cudeca.org\/wp-content\/uploads\/2018\/02\/cudeca-logo.png","width":2121,"height":984,"caption":"Fundaci\u00f3n Cudeca"},"image":{"@id":"https:\/\/www.cudeca.org\/#\/schema\/logo\/image\/"}},{"@type":"WebSite","@id":"https:\/\/www.cudeca.org\/#website","url":"https:\/\/www.cudeca.org\/","name":"Fundaci\u00f3n Cudeca","description":"Cudeca Hospice","publisher":{"@id":"https:\/\/www.cudeca.org\/#organization"},"potentialAction":[{"@type":"SearchAction","target":{"@type":"EntryPoint","urlTemplate":"https:\/\/www.cudeca.org\/?s={search_term_string}"},"query-input":"required name=search_term_string"}],"inLanguage":"en-US"},{"@type":"WebPage","@id":"https:\/\/www.cudeca.org\/en\/actualidad\/the-mayor-of-ojen-visits-us\/","url":"https:\/\/www.cudeca.org\/en\/actualidad\/the-mayor-of-ojen-visits-us\/","name":"The Mayor of Ojen visits us - Cudeca Cancer Care Hospice","isPartOf":{"@id":"https:\/\/www.cudeca.org\/#website"},"datePublished":"2017-06-02T19:12:24+00:00","dateModified":"2017-06-02T19:12:24+00:00","breadcrumb":{"@id":"https:\/\/www.cudeca.org\/en\/actualidad\/the-mayor-of-ojen-visits-us\/#breadcrumb"},"inLanguage":"en-US","potentialAction":[{"@type":"ReadAction","target":["https:\/\/www.cudeca.org\/en\/actualidad\/the-mayor-of-ojen-visits-us\/"]}]},{"@type":"BreadcrumbList","@id":"https:\/\/www.cudeca.org\/en\/actualidad\/the-mayor-of-ojen-visits-us\/#breadcrumb","itemListElement":[{"@type":"ListItem","position":1,"name":"Portada","item":"https:\/\/www.cudeca.org\/"},{"@type":"ListItem","position":2,"name":"The Mayor of Ojen visits us"}]},{"@type":"Article","@id":"https:\/\/www.cudeca.org\/en\/actualidad\/the-mayor-of-ojen-visits-us\/#article","isPartOf":{"@id":"https:\/\/www.cudeca.org\/en\/actualidad\/the-mayor-of-ojen-visits-us\/"},"author":{"name":"","@id":""},"headline":"The Mayor of Ojen visits us","datePublished":"2017-06-02T19:12:24+00:00","dateModified":"2017-06-02T19:12:24+00:00","mainEntityOfPage":{"@id":"https:\/\/www.cudeca.org\/en\/actualidad\/the-mayor-of-ojen-visits-us\/"},"wordCount":78,"commentCount":0,"publisher":{"@id":"https:\/\/www.cudeca.org\/#organization"},"articleSection":[""],"inLanguage":"en-US","potentialAction":[{"@type":"CommentAction","name":"Comment","target":["https:\/\/www.cudeca.org\/en\/actualidad\/the-mayor-of-ojen-visits-us\/#respond"]}]}]}},"_links":{"self":[{"href":"https:\/\/www.cudeca.org\/en\/wp-json\/wp\/v2\/posts\/16528"}],"collection":[{"href":"https:\/\/www.cudeca.org\/en\/wp-json\/wp\/v2\/posts"}],"about":[{"href":"https:\/\/www.cudeca.org\/en\/wp-json\/wp\/v2\/types\/post"}],"replies":[{"embeddable":true,"href":"https:\/\/www.cudeca.org\/en\/wp-json\/wp\/v2\/comments?post=16528"}],"version-history":[{"count":0,"href":"https:\/\/www.cudeca.org\/en\/wp-json\/wp\/v2\/posts\/16528\/revisions"}],"wp:attachment":[{"href":"https:\/\/www.cudeca.org\/en\/wp-json\/wp\/v2\/media?parent=16528"}],"wp:term":[{"taxonomy":"category","embeddable":true,"href":"https:\/\/www.cudeca.org\/en\/wp-json\/wp\/v2\/categories?post=16528"},{"taxonomy":"post_tag","embeddable":true,"href":"https:\/\/www.cudeca.org\/en\/wp-json\/wp\/v2\/tags?post=16528"}],"curies":[{"name":"wp","href":"https:\/\/api.w.org\/{rel}","templated":true}]}}